{"id":49401,"date":"2024-02-28T23:59:19","date_gmt":"2024-02-29T05:59:19","guid":{"rendered":"https:\/\/elinformativotam.com\/?p=49401"},"modified":"2024-02-28T23:59:19","modified_gmt":"2024-02-29T05:59:19","slug":"designan-a-armando-martinez-como-candidato-de-morena-a-la-alcaldia-de-altamira","status":"publish","type":"post","link":"https:\/\/elinformativotam.com\/index.php\/2024\/02\/28\/designan-a-armando-martinez-como-candidato-de-morena-a-la-alcaldia-de-altamira\/","title":{"rendered":"DESIGNAN A ARMANDO MART\u00cdNEZ COMO CANDIDATO DE MORENA A LA ALCALD\u00cdA DE ALTAMIRA"},"content":{"rendered":"<p>Es Armando Mart\u00ednez Manr\u00edquez, quien encabezar\u00e1 la f\u00f3rmula\u00a0 en el municipio de Altamira por el Partido Regeneraci\u00f3n Nacional, asi lo dieron a conocer en rueda de prensa por la Delegaci\u00f3n de Morena, Mario Llergo Latournerie y la Presidenta de Morena Yuriria Iturbe Vazquez .<\/p>\n<p>&nbsp;<\/p>\n<p>En la mesa tambi\u00e9n estuvieron presentes, Marcelo Abundis quien tambi\u00e9n Figur\u00f3 en la encuesta; sin embargo, el resultado favoreci\u00f3 al actual alcalde y qui\u00e9n ahora va a la reelecci\u00f3n.<\/p>\n<p>&nbsp;<\/p>\n<p>Mart\u00ednez Manr\u00edquez, expuso que este jueves 29 de febrero convoc\u00f3 a su cabildo para solicitar licencia y que a partir del 1 de marzo sea un ciudadano normal.<\/p>\n<p>&nbsp;<\/p>\n<p>Se\u00f1al\u00f3 que esto es necesario tomando en cuenta que haya legalidad en el proceso, porque aunque la campa\u00f1a inicia hasta en el mes de abril, por tema moral lo har\u00e1 para que haya democracia, que es algo en lo que \u00e9l cree.<\/p>\n<p>&nbsp;<\/p>\n<p>Asegur\u00f3 que para que realmente haya democracia esta debe de haber justa y participativa y por ello la competencia debe ser en t\u00e9rminos iguales, por ello es que se separar\u00e1 del cargo.<\/p>\n<p>&nbsp;<\/p>\n","protected":false},"excerpt":{"rendered":"<p>Es Armando Mart\u00ednez Manr\u00edquez, quien encabezar\u00e1 la f\u00f3rmula\u00a0 en el municipio de Altamira por el Partido Regeneraci\u00f3n Nacional, asi lo&hellip;<\/p>\n","protected":false},"author":1,"featured_media":48831,"comment_status":"open","ping_status":"open","sticky":false,"template":"","format":"standard","meta":{"footnotes":""},"categories":[5],"tags":[],"class_list":["post-49401","post","type-post","status-publish","format-standard","has-post-thumbnail","hentry","category-altamira"],"yoast_head":"<!-- This site is optimized with the Yoast SEO plugin v27.5 - https:\/\/yoast.com\/product\/yoast-seo-wordpress\/ -->\n<title>DESIGNAN A ARMANDO MART\u00cdNEZ COMO CANDIDATO DE MORENA A LA ALCALD\u00cdA DE ALTAMIRA - EL INFORMATIVO DE TAMAULIPAS<\/title>\n<meta name=\"description\" content=\"Es Armando Mart\u00ednez Manr\u00edquez, quien encabezar\u00e1 la f\u00f3rmula\u00a0 en el municipio de Altamira por el Partido Regeneraci\u00f3n Nacional, asi lo dieron a conocer en\" \/>\n<meta name=\"robots\" content=\"index, follow, max-snippet:-1, max-image-preview:large, max-video-preview:-1\" \/>\n<link rel=\"canonical\" href=\"https:\/\/elinformativotam.com\/index.php\/2024\/02\/28\/designan-a-armando-martinez-como-candidato-de-morena-a-la-alcaldia-de-altamira\/\" \/>\n<meta property=\"og:locale\" content=\"es_MX\" \/>\n<meta property=\"og:type\" content=\"article\" \/>\n<meta property=\"og:title\" content=\"DESIGNAN A ARMANDO MART\u00cdNEZ COMO CANDIDATO DE MORENA A LA ALCALD\u00cdA DE ALTAMIRA - EL INFORMATIVO DE TAMAULIPAS\" \/>\n<meta property=\"og:description\" content=\"Es Armando Mart\u00ednez Manr\u00edquez, quien encabezar\u00e1 la f\u00f3rmula\u00a0 en el municipio de Altamira por el Partido Regeneraci\u00f3n Nacional, asi lo dieron a conocer en\" \/>\n<meta property=\"og:url\" content=\"https:\/\/elinformativotam.com\/index.php\/2024\/02\/28\/designan-a-armando-martinez-como-candidato-de-morena-a-la-alcaldia-de-altamira\/\" \/>\n<meta property=\"og:site_name\" content=\"EL INFORMATIVO DE TAMAULIPAS\" \/>\n<meta property=\"article:published_time\" content=\"2024-02-29T05:59:19+00:00\" \/>\n<meta property=\"og:image\" content=\"https:\/\/elinformativotam.com\/wp-content\/uploads\/2024\/02\/Armando-Martinez.jpeg\" \/>\n\t<meta property=\"og:image:width\" content=\"1280\" \/>\n\t<meta property=\"og:image:height\" content=\"961\" \/>\n\t<meta property=\"og:image:type\" content=\"image\/jpeg\" \/>\n<meta name=\"author\" content=\"El Informativo Tam\" \/>\n<meta name=\"twitter:card\" content=\"summary_large_image\" \/>\n<meta name=\"twitter:label1\" content=\"Escrito por\" \/>\n\t<meta name=\"twitter:data1\" content=\"El Informativo Tam\" \/>\n\t<meta name=\"twitter:label2\" content=\"Tiempo de lectura\" \/>\n\t<meta name=\"twitter:data2\" content=\"1 minuto\" \/>\n<script type=\"application\/ld+json\" class=\"yoast-schema-graph\">{\"@context\":\"https:\\\/\\\/schema.org\",\"@graph\":[{\"@type\":\"Article\",\"@id\":\"https:\\\/\\\/elinformativotam.com\\\/index.php\\\/2024\\\/02\\\/28\\\/designan-a-armando-martinez-como-candidato-de-morena-a-la-alcaldia-de-altamira\\\/#article\",\"isPartOf\":{\"@id\":\"https:\\\/\\\/elinformativotam.com\\\/index.php\\\/2024\\\/02\\\/28\\\/designan-a-armando-martinez-como-candidato-de-morena-a-la-alcaldia-de-altamira\\\/\"},\"author\":{\"name\":\"El Informativo Tam\",\"@id\":\"https:\\\/\\\/elinformativotam.com\\\/#\\\/schema\\\/person\\\/78e08040eed0f6110f0c5f83b6153590\"},\"headline\":\"DESIGNAN A ARMANDO MART\u00cdNEZ COMO CANDIDATO DE MORENA A LA ALCALD\u00cdA DE ALTAMIRA\",\"datePublished\":\"2024-02-29T05:59:19+00:00\",\"mainEntityOfPage\":{\"@id\":\"https:\\\/\\\/elinformativotam.com\\\/index.php\\\/2024\\\/02\\\/28\\\/designan-a-armando-martinez-como-candidato-de-morena-a-la-alcaldia-de-altamira\\\/\"},\"wordCount\":206,\"commentCount\":0,\"publisher\":{\"@id\":\"https:\\\/\\\/elinformativotam.com\\\/#organization\"},\"image\":{\"@id\":\"https:\\\/\\\/elinformativotam.com\\\/index.php\\\/2024\\\/02\\\/28\\\/designan-a-armando-martinez-como-candidato-de-morena-a-la-alcaldia-de-altamira\\\/#primaryimage\"},\"thumbnailUrl\":\"https:\\\/\\\/elinformativotam.com\\\/wp-content\\\/uploads\\\/2024\\\/02\\\/Armando-Martinez.jpeg\",\"articleSection\":[\"Altamira\"],\"inLanguage\":\"es\",\"potentialAction\":[{\"@type\":\"CommentAction\",\"name\":\"Comment\",\"target\":[\"https:\\\/\\\/elinformativotam.com\\\/index.php\\\/2024\\\/02\\\/28\\\/designan-a-armando-martinez-como-candidato-de-morena-a-la-alcaldia-de-altamira\\\/#respond\"]}]},{\"@type\":\"WebPage\",\"@id\":\"https:\\\/\\\/elinformativotam.com\\\/index.php\\\/2024\\\/02\\\/28\\\/designan-a-armando-martinez-como-candidato-de-morena-a-la-alcaldia-de-altamira\\\/\",\"url\":\"https:\\\/\\\/elinformativotam.com\\\/index.php\\\/2024\\\/02\\\/28\\\/designan-a-armando-martinez-como-candidato-de-morena-a-la-alcaldia-de-altamira\\\/\",\"name\":\"DESIGNAN A ARMANDO MART\u00cdNEZ COMO CANDIDATO DE MORENA A LA ALCALD\u00cdA DE ALTAMIRA - EL INFORMATIVO DE TAMAULIPAS\",\"isPartOf\":{\"@id\":\"https:\\\/\\\/elinformativotam.com\\\/#website\"},\"primaryImageOfPage\":{\"@id\":\"https:\\\/\\\/elinformativotam.com\\\/index.php\\\/2024\\\/02\\\/28\\\/designan-a-armando-martinez-como-candidato-de-morena-a-la-alcaldia-de-altamira\\\/#primaryimage\"},\"image\":{\"@id\":\"https:\\\/\\\/elinformativotam.com\\\/index.php\\\/2024\\\/02\\\/28\\\/designan-a-armando-martinez-como-candidato-de-morena-a-la-alcaldia-de-altamira\\\/#primaryimage\"},\"thumbnailUrl\":\"https:\\\/\\\/elinformativotam.com\\\/wp-content\\\/uploads\\\/2024\\\/02\\\/Armando-Martinez.jpeg\",\"datePublished\":\"2024-02-29T05:59:19+00:00\",\"description\":\"Es Armando Mart\u00ednez Manr\u00edquez, quien encabezar\u00e1 la f\u00f3rmula\u00a0 en el municipio de Altamira por el Partido Regeneraci\u00f3n Nacional, asi lo dieron a conocer en\",\"inLanguage\":\"es\",\"potentialAction\":[{\"@type\":\"ReadAction\",\"target\":[\"https:\\\/\\\/elinformativotam.com\\\/index.php\\\/2024\\\/02\\\/28\\\/designan-a-armando-martinez-como-candidato-de-morena-a-la-alcaldia-de-altamira\\\/\"]}]},{\"@type\":\"ImageObject\",\"inLanguage\":\"es\",\"@id\":\"https:\\\/\\\/elinformativotam.com\\\/index.php\\\/2024\\\/02\\\/28\\\/designan-a-armando-martinez-como-candidato-de-morena-a-la-alcaldia-de-altamira\\\/#primaryimage\",\"url\":\"https:\\\/\\\/elinformativotam.com\\\/wp-content\\\/uploads\\\/2024\\\/02\\\/Armando-Martinez.jpeg\",\"contentUrl\":\"https:\\\/\\\/elinformativotam.com\\\/wp-content\\\/uploads\\\/2024\\\/02\\\/Armando-Martinez.jpeg\",\"width\":1280,\"height\":961},{\"@type\":\"WebSite\",\"@id\":\"https:\\\/\\\/elinformativotam.com\\\/#website\",\"url\":\"https:\\\/\\\/elinformativotam.com\\\/\",\"name\":\"EL INFORMATIVO DE TAMAULIPAS\",\"description\":\"Desde la Zona Metropolitana Para Todo M\u00e9xico\",\"publisher\":{\"@id\":\"https:\\\/\\\/elinformativotam.com\\\/#organization\"},\"potentialAction\":[{\"@type\":\"SearchAction\",\"target\":{\"@type\":\"EntryPoint\",\"urlTemplate\":\"https:\\\/\\\/elinformativotam.com\\\/?s={search_term_string}\"},\"query-input\":{\"@type\":\"PropertyValueSpecification\",\"valueRequired\":true,\"valueName\":\"search_term_string\"}}],\"inLanguage\":\"es\"},{\"@type\":\"Organization\",\"@id\":\"https:\\\/\\\/elinformativotam.com\\\/#organization\",\"name\":\"EL INFORMATIVO DE TAMAULIPAS\",\"url\":\"https:\\\/\\\/elinformativotam.com\\\/\",\"logo\":{\"@type\":\"ImageObject\",\"inLanguage\":\"es\",\"@id\":\"https:\\\/\\\/elinformativotam.com\\\/#\\\/schema\\\/logo\\\/image\\\/\",\"url\":\"https:\\\/\\\/elinformativotam.com\\\/wp-content\\\/uploads\\\/2026\\\/02\\\/Cabezal.png\",\"contentUrl\":\"https:\\\/\\\/elinformativotam.com\\\/wp-content\\\/uploads\\\/2026\\\/02\\\/Cabezal.png\",\"width\":960,\"height\":640,\"caption\":\"EL INFORMATIVO DE TAMAULIPAS\"},\"image\":{\"@id\":\"https:\\\/\\\/elinformativotam.com\\\/#\\\/schema\\\/logo\\\/image\\\/\"}},{\"@type\":\"Person\",\"@id\":\"https:\\\/\\\/elinformativotam.com\\\/#\\\/schema\\\/person\\\/78e08040eed0f6110f0c5f83b6153590\",\"name\":\"El Informativo Tam\",\"image\":{\"@type\":\"ImageObject\",\"inLanguage\":\"es\",\"@id\":\"https:\\\/\\\/secure.gravatar.com\\\/avatar\\\/f3b7ad3af540688955925ac610647be00b0cf41feea9c4978b73a707ee86bc53?s=96&d=mm&r=g\",\"url\":\"https:\\\/\\\/secure.gravatar.com\\\/avatar\\\/f3b7ad3af540688955925ac610647be00b0cf41feea9c4978b73a707ee86bc53?s=96&d=mm&r=g\",\"contentUrl\":\"https:\\\/\\\/secure.gravatar.com\\\/avatar\\\/f3b7ad3af540688955925ac610647be00b0cf41feea9c4978b73a707ee86bc53?s=96&d=mm&r=g\",\"caption\":\"El Informativo Tam\"}}]}<\/script>\n<!-- \/ Yoast SEO plugin. -->","yoast_head_json":{"title":"DESIGNAN A ARMANDO MART\u00cdNEZ COMO CANDIDATO DE MORENA A LA ALCALD\u00cdA DE ALTAMIRA - EL INFORMATIVO DE TAMAULIPAS","description":"Es Armando Mart\u00ednez Manr\u00edquez, quien encabezar\u00e1 la f\u00f3rmula\u00a0 en el municipio de Altamira por el Partido Regeneraci\u00f3n Nacional, asi lo dieron a conocer en","robots":{"index":"index","follow":"follow","max-snippet":"max-snippet:-1","max-image-preview":"max-image-preview:large","max-video-preview":"max-video-preview:-1"},"canonical":"https:\/\/elinformativotam.com\/index.php\/2024\/02\/28\/designan-a-armando-martinez-como-candidato-de-morena-a-la-alcaldia-de-altamira\/","og_locale":"es_MX","og_type":"article","og_title":"DESIGNAN A ARMANDO MART\u00cdNEZ COMO CANDIDATO DE MORENA A LA ALCALD\u00cdA DE ALTAMIRA - EL INFORMATIVO DE TAMAULIPAS","og_description":"Es Armando Mart\u00ednez Manr\u00edquez, quien encabezar\u00e1 la f\u00f3rmula\u00a0 en el municipio de Altamira por el Partido Regeneraci\u00f3n Nacional, asi lo dieron a conocer en","og_url":"https:\/\/elinformativotam.com\/index.php\/2024\/02\/28\/designan-a-armando-martinez-como-candidato-de-morena-a-la-alcaldia-de-altamira\/","og_site_name":"EL INFORMATIVO DE TAMAULIPAS","article_published_time":"2024-02-29T05:59:19+00:00","og_image":[{"width":1280,"height":961,"url":"https:\/\/elinformativotam.com\/wp-content\/uploads\/2024\/02\/Armando-Martinez.jpeg","type":"image\/jpeg"}],"author":"El Informativo Tam","twitter_card":"summary_large_image","twitter_misc":{"Escrito por":"El Informativo Tam","Tiempo de lectura":"1 minuto"},"schema":{"@context":"https:\/\/schema.org","@graph":[{"@type":"Article","@id":"https:\/\/elinformativotam.com\/index.php\/2024\/02\/28\/designan-a-armando-martinez-como-candidato-de-morena-a-la-alcaldia-de-altamira\/#article","isPartOf":{"@id":"https:\/\/elinformativotam.com\/index.php\/2024\/02\/28\/designan-a-armando-martinez-como-candidato-de-morena-a-la-alcaldia-de-altamira\/"},"author":{"name":"El Informativo Tam","@id":"https:\/\/elinformativotam.com\/#\/schema\/person\/78e08040eed0f6110f0c5f83b6153590"},"headline":"DESIGNAN A ARMANDO MART\u00cdNEZ COMO CANDIDATO DE MORENA A LA ALCALD\u00cdA DE ALTAMIRA","datePublished":"2024-02-29T05:59:19+00:00","mainEntityOfPage":{"@id":"https:\/\/elinformativotam.com\/index.php\/2024\/02\/28\/designan-a-armando-martinez-como-candidato-de-morena-a-la-alcaldia-de-altamira\/"},"wordCount":206,"commentCount":0,"publisher":{"@id":"https:\/\/elinformativotam.com\/#organization"},"image":{"@id":"https:\/\/elinformativotam.com\/index.php\/2024\/02\/28\/designan-a-armando-martinez-como-candidato-de-morena-a-la-alcaldia-de-altamira\/#primaryimage"},"thumbnailUrl":"https:\/\/elinformativotam.com\/wp-content\/uploads\/2024\/02\/Armando-Martinez.jpeg","articleSection":["Altamira"],"inLanguage":"es","potentialAction":[{"@type":"CommentAction","name":"Comment","target":["https:\/\/elinformativotam.com\/index.php\/2024\/02\/28\/designan-a-armando-martinez-como-candidato-de-morena-a-la-alcaldia-de-altamira\/#respond"]}]},{"@type":"WebPage","@id":"https:\/\/elinformativotam.com\/index.php\/2024\/02\/28\/designan-a-armando-martinez-como-candidato-de-morena-a-la-alcaldia-de-altamira\/","url":"https:\/\/elinformativotam.com\/index.php\/2024\/02\/28\/designan-a-armando-martinez-como-candidato-de-morena-a-la-alcaldia-de-altamira\/","name":"DESIGNAN A ARMANDO MART\u00cdNEZ COMO CANDIDATO DE MORENA A LA ALCALD\u00cdA DE ALTAMIRA - EL INFORMATIVO DE TAMAULIPAS","isPartOf":{"@id":"https:\/\/elinformativotam.com\/#website"},"primaryImageOfPage":{"@id":"https:\/\/elinformativotam.com\/index.php\/2024\/02\/28\/designan-a-armando-martinez-como-candidato-de-morena-a-la-alcaldia-de-altamira\/#primaryimage"},"image":{"@id":"https:\/\/elinformativotam.com\/index.php\/2024\/02\/28\/designan-a-armando-martinez-como-candidato-de-morena-a-la-alcaldia-de-altamira\/#primaryimage"},"thumbnailUrl":"https:\/\/elinformativotam.com\/wp-content\/uploads\/2024\/02\/Armando-Martinez.jpeg","datePublished":"2024-02-29T05:59:19+00:00","description":"Es Armando Mart\u00ednez Manr\u00edquez, quien encabezar\u00e1 la f\u00f3rmula\u00a0 en el municipio de Altamira por el Partido Regeneraci\u00f3n Nacional, asi lo dieron a conocer en","inLanguage":"es","potentialAction":[{"@type":"ReadAction","target":["https:\/\/elinformativotam.com\/index.php\/2024\/02\/28\/designan-a-armando-martinez-como-candidato-de-morena-a-la-alcaldia-de-altamira\/"]}]},{"@type":"ImageObject","inLanguage":"es","@id":"https:\/\/elinformativotam.com\/index.php\/2024\/02\/28\/designan-a-armando-martinez-como-candidato-de-morena-a-la-alcaldia-de-altamira\/#primaryimage","url":"https:\/\/elinformativotam.com\/wp-content\/uploads\/2024\/02\/Armando-Martinez.jpeg","contentUrl":"https:\/\/elinformativotam.com\/wp-content\/uploads\/2024\/02\/Armando-Martinez.jpeg","width":1280,"height":961},{"@type":"WebSite","@id":"https:\/\/elinformativotam.com\/#website","url":"https:\/\/elinformativotam.com\/","name":"EL INFORMATIVO DE TAMAULIPAS","description":"Desde la Zona Metropolitana Para Todo M\u00e9xico","publisher":{"@id":"https:\/\/elinformativotam.com\/#organization"},"potentialAction":[{"@type":"SearchAction","target":{"@type":"EntryPoint","urlTemplate":"https:\/\/elinformativotam.com\/?s={search_term_string}"},"query-input":{"@type":"PropertyValueSpecification","valueRequired":true,"valueName":"search_term_string"}}],"inLanguage":"es"},{"@type":"Organization","@id":"https:\/\/elinformativotam.com\/#organization","name":"EL INFORMATIVO DE TAMAULIPAS","url":"https:\/\/elinformativotam.com\/","logo":{"@type":"ImageObject","inLanguage":"es","@id":"https:\/\/elinformativotam.com\/#\/schema\/logo\/image\/","url":"https:\/\/elinformativotam.com\/wp-content\/uploads\/2026\/02\/Cabezal.png","contentUrl":"https:\/\/elinformativotam.com\/wp-content\/uploads\/2026\/02\/Cabezal.png","width":960,"height":640,"caption":"EL INFORMATIVO DE TAMAULIPAS"},"image":{"@id":"https:\/\/elinformativotam.com\/#\/schema\/logo\/image\/"}},{"@type":"Person","@id":"https:\/\/elinformativotam.com\/#\/schema\/person\/78e08040eed0f6110f0c5f83b6153590","name":"El Informativo Tam","image":{"@type":"ImageObject","inLanguage":"es","@id":"https:\/\/secure.gravatar.com\/avatar\/f3b7ad3af540688955925ac610647be00b0cf41feea9c4978b73a707ee86bc53?s=96&d=mm&r=g","url":"https:\/\/secure.gravatar.com\/avatar\/f3b7ad3af540688955925ac610647be00b0cf41feea9c4978b73a707ee86bc53?s=96&d=mm&r=g","contentUrl":"https:\/\/secure.gravatar.com\/avatar\/f3b7ad3af540688955925ac610647be00b0cf41feea9c4978b73a707ee86bc53?s=96&d=mm&r=g","caption":"El Informativo Tam"}}]}},"_links":{"self":[{"href":"https:\/\/elinformativotam.com\/index.php\/wp-json\/wp\/v2\/posts\/49401","targetHints":{"allow":["GET"]}}],"collection":[{"href":"https:\/\/elinformativotam.com\/index.php\/wp-json\/wp\/v2\/posts"}],"about":[{"href":"https:\/\/elinformativotam.com\/index.php\/wp-json\/wp\/v2\/types\/post"}],"author":[{"embeddable":true,"href":"https:\/\/elinformativotam.com\/index.php\/wp-json\/wp\/v2\/users\/1"}],"replies":[{"embeddable":true,"href":"https:\/\/elinformativotam.com\/index.php\/wp-json\/wp\/v2\/comments?post=49401"}],"version-history":[{"count":1,"href":"https:\/\/elinformativotam.com\/index.php\/wp-json\/wp\/v2\/posts\/49401\/revisions"}],"predecessor-version":[{"id":49402,"href":"https:\/\/elinformativotam.com\/index.php\/wp-json\/wp\/v2\/posts\/49401\/revisions\/49402"}],"wp:featuredmedia":[{"embeddable":true,"href":"https:\/\/elinformativotam.com\/index.php\/wp-json\/wp\/v2\/media\/48831"}],"wp:attachment":[{"href":"https:\/\/elinformativotam.com\/index.php\/wp-json\/wp\/v2\/media?parent=49401"}],"wp:term":[{"taxonomy":"category","embeddable":true,"href":"https:\/\/elinformativotam.com\/index.php\/wp-json\/wp\/v2\/categories?post=49401"},{"taxonomy":"post_tag","embeddable":true,"href":"https:\/\/elinformativotam.com\/index.php\/wp-json\/wp\/v2\/tags?post=49401"}],"curies":[{"name":"wp","href":"https:\/\/api.w.org\/{rel}","templated":true}]}}