{"id":49395,"date":"2024-02-28T23:42:58","date_gmt":"2024-02-29T05:42:58","guid":{"rendered":"https:\/\/elinformativotam.com\/?p=49395"},"modified":"2024-02-28T23:42:58","modified_gmt":"2024-02-29T05:42:58","slug":"armando-martinez-manriquez-candidato-de-morena-a-la-alcaldia-de-altamira","status":"publish","type":"post","link":"https:\/\/elinformativotam.com\/index.php\/2024\/02\/28\/armando-martinez-manriquez-candidato-de-morena-a-la-alcaldia-de-altamira\/","title":{"rendered":"ARMANDO MART\u00cdNEZ MANR\u00cdQUEZ, CANDIDATO DE MORENA A LA ALCALD\u00cdA DE ALTAMIRA"},"content":{"rendered":"<h2 style=\"text-align: center;\"><em><span style=\"font-family: 'times new roman', times;\">*El Jefe Edilicio Va Por La Reelecci\u00f3n<\/span><\/em><\/h2>\n<p>&nbsp;<\/p>\n<p>Mediante rueda de prensa se dio a conocer la designaci\u00f3n del Dr. Armando Mart\u00ednez Manr\u00edquez como candidato de MORENA a la alcald\u00eda de Altamira, tras resultar favorecido en el proceso interno de este partido pol\u00edtico para elegir la<\/p>\n<p>mejor opci\u00f3n a dicha candidatura.<\/p>\n<p>&nbsp;<\/p>\n<p>El anuncio estuvo a cargo del delegado de MORENA responsable del proceso interno de candidaturas en Tamaulipas, Mario Llergo Latournerie, detallando que de acuerdo a la voluntad del pueblo de Altamira, ser\u00e1 Armando Mart\u00ednez Manr\u00edquez quien encabezar\u00e1 los esfuerzos para continuar la cuarta transformaci\u00f3n en este municipio.<\/p>\n<p>&nbsp;<\/p>\n<p>\u201cEl candidato en el municipio de Altamira ser\u00e1 Armando Mart\u00ednez de los tres perfiles que la Comisi\u00f3n Nacional de Elecciones con base en sus facultades someti\u00f3 al escrutinio de los ciudadanos\u201d, indic\u00f3.<\/p>\n<p>&nbsp;<\/p>\n<p>Cabe se\u00f1alar que los tres perfiles contemplados para esta designaci\u00f3n fueron el alcalde altamirense, Armando Mart\u00ednez Manr\u00edquez, Nadia Saenz y Marcelo Abundiz.<\/p>\n<p>&nbsp;<\/p>\n<p>Atributos como honestidad, conocimiento del municipio y un contacto directo con la gente, favorecieron absolutamente en este proceso interno al Dr. Armando Mart\u00ednez Manr\u00edquez para que contienda por la reelecci\u00f3n como presidente municipal de Altamira.<\/p>\n<p>&nbsp;<\/p>\n<p>Al respecto, Armando Mart\u00ednez Manr\u00edquez refiri\u00f3 que convencido firmemente que la democracia debe ser justa, equitativa y participativa, proceder\u00e1 a separarse de su cargo.<\/p>\n<p>&nbsp;<\/p>\n<p>\u201cAtendiendo ese principio moral me voy a separar del cargo, en nuestro movimiento no hay apego al dinero, no hay apego a los cargos p\u00fablicos, lo que hay es moralidad, eso es lo que ha distinguido a nuestro gobierno. A partir del primero de marzo que inician las campa\u00f1as federales voy a ser un ciudadano m\u00e1s que va a estar participando activamente sin cargo\u201d, se\u00f1al\u00f3.<\/p>\n","protected":false},"excerpt":{"rendered":"<p>*El Jefe Edilicio Va Por La Reelecci\u00f3n &nbsp; Mediante rueda de prensa se dio a conocer la designaci\u00f3n del Dr.&hellip;<\/p>\n","protected":false},"author":1,"featured_media":49396,"comment_status":"open","ping_status":"open","sticky":false,"template":"","format":"standard","meta":{"footnotes":""},"categories":[5],"tags":[],"class_list":["post-49395","post","type-post","status-publish","format-standard","has-post-thumbnail","hentry","category-altamira"],"yoast_head":"<!-- This site is optimized with the Yoast SEO plugin v27.5 - https:\/\/yoast.com\/product\/yoast-seo-wordpress\/ -->\n<title>ARMANDO MART\u00cdNEZ MANR\u00cdQUEZ, CANDIDATO DE MORENA A LA ALCALD\u00cdA DE ALTAMIRA - EL INFORMATIVO DE TAMAULIPAS<\/title>\n<meta name=\"description\" content=\"*El Jefe Edilicio Va Por La Reelecci\u00f3n &nbsp; Mediante rueda de prensa se dio a conocer la designaci\u00f3n del Dr. Armando Mart\u00ednez Manr\u00edquez como candidato\" \/>\n<meta name=\"robots\" content=\"index, follow, max-snippet:-1, max-image-preview:large, max-video-preview:-1\" \/>\n<link rel=\"canonical\" href=\"https:\/\/elinformativotam.com\/index.php\/2024\/02\/28\/armando-martinez-manriquez-candidato-de-morena-a-la-alcaldia-de-altamira\/\" \/>\n<meta property=\"og:locale\" content=\"es_MX\" \/>\n<meta property=\"og:type\" content=\"article\" \/>\n<meta property=\"og:title\" content=\"ARMANDO MART\u00cdNEZ MANR\u00cdQUEZ, CANDIDATO DE MORENA A LA ALCALD\u00cdA DE ALTAMIRA - EL INFORMATIVO DE TAMAULIPAS\" \/>\n<meta property=\"og:description\" content=\"*El Jefe Edilicio Va Por La Reelecci\u00f3n &nbsp; Mediante rueda de prensa se dio a conocer la designaci\u00f3n del Dr. Armando Mart\u00ednez Manr\u00edquez como candidato\" \/>\n<meta property=\"og:url\" content=\"https:\/\/elinformativotam.com\/index.php\/2024\/02\/28\/armando-martinez-manriquez-candidato-de-morena-a-la-alcaldia-de-altamira\/\" \/>\n<meta property=\"og:site_name\" content=\"EL INFORMATIVO DE TAMAULIPAS\" \/>\n<meta property=\"article:published_time\" content=\"2024-02-29T05:42:58+00:00\" \/>\n<meta property=\"og:image\" content=\"https:\/\/elinformativotam.com\/wp-content\/uploads\/2024\/02\/ArmaNDO-RE.jpeg\" \/>\n\t<meta property=\"og:image:width\" content=\"1600\" \/>\n\t<meta property=\"og:image:height\" content=\"725\" \/>\n\t<meta property=\"og:image:type\" content=\"image\/jpeg\" \/>\n<meta name=\"author\" content=\"El Informativo Tam\" \/>\n<meta name=\"twitter:card\" content=\"summary_large_image\" \/>\n<meta name=\"twitter:label1\" content=\"Escrito por\" \/>\n\t<meta name=\"twitter:data1\" content=\"El Informativo Tam\" \/>\n\t<meta name=\"twitter:label2\" content=\"Tiempo de lectura\" \/>\n\t<meta name=\"twitter:data2\" content=\"2 minutos\" \/>\n<script type=\"application\/ld+json\" class=\"yoast-schema-graph\">{\"@context\":\"https:\\\/\\\/schema.org\",\"@graph\":[{\"@type\":\"Article\",\"@id\":\"https:\\\/\\\/elinformativotam.com\\\/index.php\\\/2024\\\/02\\\/28\\\/armando-martinez-manriquez-candidato-de-morena-a-la-alcaldia-de-altamira\\\/#article\",\"isPartOf\":{\"@id\":\"https:\\\/\\\/elinformativotam.com\\\/index.php\\\/2024\\\/02\\\/28\\\/armando-martinez-manriquez-candidato-de-morena-a-la-alcaldia-de-altamira\\\/\"},\"author\":{\"name\":\"El Informativo Tam\",\"@id\":\"https:\\\/\\\/elinformativotam.com\\\/#\\\/schema\\\/person\\\/78e08040eed0f6110f0c5f83b6153590\"},\"headline\":\"ARMANDO MART\u00cdNEZ MANR\u00cdQUEZ, CANDIDATO DE MORENA A LA ALCALD\u00cdA DE ALTAMIRA\",\"datePublished\":\"2024-02-29T05:42:58+00:00\",\"mainEntityOfPage\":{\"@id\":\"https:\\\/\\\/elinformativotam.com\\\/index.php\\\/2024\\\/02\\\/28\\\/armando-martinez-manriquez-candidato-de-morena-a-la-alcaldia-de-altamira\\\/\"},\"wordCount\":321,\"commentCount\":0,\"publisher\":{\"@id\":\"https:\\\/\\\/elinformativotam.com\\\/#organization\"},\"image\":{\"@id\":\"https:\\\/\\\/elinformativotam.com\\\/index.php\\\/2024\\\/02\\\/28\\\/armando-martinez-manriquez-candidato-de-morena-a-la-alcaldia-de-altamira\\\/#primaryimage\"},\"thumbnailUrl\":\"https:\\\/\\\/elinformativotam.com\\\/wp-content\\\/uploads\\\/2024\\\/02\\\/ArmaNDO-RE.jpeg\",\"articleSection\":[\"Altamira\"],\"inLanguage\":\"es\",\"potentialAction\":[{\"@type\":\"CommentAction\",\"name\":\"Comment\",\"target\":[\"https:\\\/\\\/elinformativotam.com\\\/index.php\\\/2024\\\/02\\\/28\\\/armando-martinez-manriquez-candidato-de-morena-a-la-alcaldia-de-altamira\\\/#respond\"]}]},{\"@type\":\"WebPage\",\"@id\":\"https:\\\/\\\/elinformativotam.com\\\/index.php\\\/2024\\\/02\\\/28\\\/armando-martinez-manriquez-candidato-de-morena-a-la-alcaldia-de-altamira\\\/\",\"url\":\"https:\\\/\\\/elinformativotam.com\\\/index.php\\\/2024\\\/02\\\/28\\\/armando-martinez-manriquez-candidato-de-morena-a-la-alcaldia-de-altamira\\\/\",\"name\":\"ARMANDO MART\u00cdNEZ MANR\u00cdQUEZ, CANDIDATO DE MORENA A LA ALCALD\u00cdA DE ALTAMIRA - EL INFORMATIVO DE TAMAULIPAS\",\"isPartOf\":{\"@id\":\"https:\\\/\\\/elinformativotam.com\\\/#website\"},\"primaryImageOfPage\":{\"@id\":\"https:\\\/\\\/elinformativotam.com\\\/index.php\\\/2024\\\/02\\\/28\\\/armando-martinez-manriquez-candidato-de-morena-a-la-alcaldia-de-altamira\\\/#primaryimage\"},\"image\":{\"@id\":\"https:\\\/\\\/elinformativotam.com\\\/index.php\\\/2024\\\/02\\\/28\\\/armando-martinez-manriquez-candidato-de-morena-a-la-alcaldia-de-altamira\\\/#primaryimage\"},\"thumbnailUrl\":\"https:\\\/\\\/elinformativotam.com\\\/wp-content\\\/uploads\\\/2024\\\/02\\\/ArmaNDO-RE.jpeg\",\"datePublished\":\"2024-02-29T05:42:58+00:00\",\"description\":\"*El Jefe Edilicio Va Por La Reelecci\u00f3n &nbsp; Mediante rueda de prensa se dio a conocer la designaci\u00f3n del Dr. Armando Mart\u00ednez Manr\u00edquez como candidato\",\"inLanguage\":\"es\",\"potentialAction\":[{\"@type\":\"ReadAction\",\"target\":[\"https:\\\/\\\/elinformativotam.com\\\/index.php\\\/2024\\\/02\\\/28\\\/armando-martinez-manriquez-candidato-de-morena-a-la-alcaldia-de-altamira\\\/\"]}]},{\"@type\":\"ImageObject\",\"inLanguage\":\"es\",\"@id\":\"https:\\\/\\\/elinformativotam.com\\\/index.php\\\/2024\\\/02\\\/28\\\/armando-martinez-manriquez-candidato-de-morena-a-la-alcaldia-de-altamira\\\/#primaryimage\",\"url\":\"https:\\\/\\\/elinformativotam.com\\\/wp-content\\\/uploads\\\/2024\\\/02\\\/ArmaNDO-RE.jpeg\",\"contentUrl\":\"https:\\\/\\\/elinformativotam.com\\\/wp-content\\\/uploads\\\/2024\\\/02\\\/ArmaNDO-RE.jpeg\",\"width\":1600,\"height\":725},{\"@type\":\"WebSite\",\"@id\":\"https:\\\/\\\/elinformativotam.com\\\/#website\",\"url\":\"https:\\\/\\\/elinformativotam.com\\\/\",\"name\":\"EL INFORMATIVO DE TAMAULIPAS\",\"description\":\"Desde la Zona Metropolitana Para Todo M\u00e9xico\",\"publisher\":{\"@id\":\"https:\\\/\\\/elinformativotam.com\\\/#organization\"},\"potentialAction\":[{\"@type\":\"SearchAction\",\"target\":{\"@type\":\"EntryPoint\",\"urlTemplate\":\"https:\\\/\\\/elinformativotam.com\\\/?s={search_term_string}\"},\"query-input\":{\"@type\":\"PropertyValueSpecification\",\"valueRequired\":true,\"valueName\":\"search_term_string\"}}],\"inLanguage\":\"es\"},{\"@type\":\"Organization\",\"@id\":\"https:\\\/\\\/elinformativotam.com\\\/#organization\",\"name\":\"EL INFORMATIVO DE TAMAULIPAS\",\"url\":\"https:\\\/\\\/elinformativotam.com\\\/\",\"logo\":{\"@type\":\"ImageObject\",\"inLanguage\":\"es\",\"@id\":\"https:\\\/\\\/elinformativotam.com\\\/#\\\/schema\\\/logo\\\/image\\\/\",\"url\":\"https:\\\/\\\/elinformativotam.com\\\/wp-content\\\/uploads\\\/2026\\\/02\\\/Cabezal.png\",\"contentUrl\":\"https:\\\/\\\/elinformativotam.com\\\/wp-content\\\/uploads\\\/2026\\\/02\\\/Cabezal.png\",\"width\":960,\"height\":640,\"caption\":\"EL INFORMATIVO DE TAMAULIPAS\"},\"image\":{\"@id\":\"https:\\\/\\\/elinformativotam.com\\\/#\\\/schema\\\/logo\\\/image\\\/\"}},{\"@type\":\"Person\",\"@id\":\"https:\\\/\\\/elinformativotam.com\\\/#\\\/schema\\\/person\\\/78e08040eed0f6110f0c5f83b6153590\",\"name\":\"El Informativo Tam\",\"image\":{\"@type\":\"ImageObject\",\"inLanguage\":\"es\",\"@id\":\"https:\\\/\\\/secure.gravatar.com\\\/avatar\\\/f3b7ad3af540688955925ac610647be00b0cf41feea9c4978b73a707ee86bc53?s=96&d=mm&r=g\",\"url\":\"https:\\\/\\\/secure.gravatar.com\\\/avatar\\\/f3b7ad3af540688955925ac610647be00b0cf41feea9c4978b73a707ee86bc53?s=96&d=mm&r=g\",\"contentUrl\":\"https:\\\/\\\/secure.gravatar.com\\\/avatar\\\/f3b7ad3af540688955925ac610647be00b0cf41feea9c4978b73a707ee86bc53?s=96&d=mm&r=g\",\"caption\":\"El Informativo Tam\"}}]}<\/script>\n<!-- \/ Yoast SEO plugin. -->","yoast_head_json":{"title":"ARMANDO MART\u00cdNEZ MANR\u00cdQUEZ, CANDIDATO DE MORENA A LA ALCALD\u00cdA DE ALTAMIRA - EL INFORMATIVO DE TAMAULIPAS","description":"*El Jefe Edilicio Va Por La Reelecci\u00f3n &nbsp; Mediante rueda de prensa se dio a conocer la designaci\u00f3n del Dr. Armando Mart\u00ednez Manr\u00edquez como candidato","robots":{"index":"index","follow":"follow","max-snippet":"max-snippet:-1","max-image-preview":"max-image-preview:large","max-video-preview":"max-video-preview:-1"},"canonical":"https:\/\/elinformativotam.com\/index.php\/2024\/02\/28\/armando-martinez-manriquez-candidato-de-morena-a-la-alcaldia-de-altamira\/","og_locale":"es_MX","og_type":"article","og_title":"ARMANDO MART\u00cdNEZ MANR\u00cdQUEZ, CANDIDATO DE MORENA A LA ALCALD\u00cdA DE ALTAMIRA - EL INFORMATIVO DE TAMAULIPAS","og_description":"*El Jefe Edilicio Va Por La Reelecci\u00f3n &nbsp; Mediante rueda de prensa se dio a conocer la designaci\u00f3n del Dr. Armando Mart\u00ednez Manr\u00edquez como candidato","og_url":"https:\/\/elinformativotam.com\/index.php\/2024\/02\/28\/armando-martinez-manriquez-candidato-de-morena-a-la-alcaldia-de-altamira\/","og_site_name":"EL INFORMATIVO DE TAMAULIPAS","article_published_time":"2024-02-29T05:42:58+00:00","og_image":[{"width":1600,"height":725,"url":"https:\/\/elinformativotam.com\/wp-content\/uploads\/2024\/02\/ArmaNDO-RE.jpeg","type":"image\/jpeg"}],"author":"El Informativo Tam","twitter_card":"summary_large_image","twitter_misc":{"Escrito por":"El Informativo Tam","Tiempo de lectura":"2 minutos"},"schema":{"@context":"https:\/\/schema.org","@graph":[{"@type":"Article","@id":"https:\/\/elinformativotam.com\/index.php\/2024\/02\/28\/armando-martinez-manriquez-candidato-de-morena-a-la-alcaldia-de-altamira\/#article","isPartOf":{"@id":"https:\/\/elinformativotam.com\/index.php\/2024\/02\/28\/armando-martinez-manriquez-candidato-de-morena-a-la-alcaldia-de-altamira\/"},"author":{"name":"El Informativo Tam","@id":"https:\/\/elinformativotam.com\/#\/schema\/person\/78e08040eed0f6110f0c5f83b6153590"},"headline":"ARMANDO MART\u00cdNEZ MANR\u00cdQUEZ, CANDIDATO DE MORENA A LA ALCALD\u00cdA DE ALTAMIRA","datePublished":"2024-02-29T05:42:58+00:00","mainEntityOfPage":{"@id":"https:\/\/elinformativotam.com\/index.php\/2024\/02\/28\/armando-martinez-manriquez-candidato-de-morena-a-la-alcaldia-de-altamira\/"},"wordCount":321,"commentCount":0,"publisher":{"@id":"https:\/\/elinformativotam.com\/#organization"},"image":{"@id":"https:\/\/elinformativotam.com\/index.php\/2024\/02\/28\/armando-martinez-manriquez-candidato-de-morena-a-la-alcaldia-de-altamira\/#primaryimage"},"thumbnailUrl":"https:\/\/elinformativotam.com\/wp-content\/uploads\/2024\/02\/ArmaNDO-RE.jpeg","articleSection":["Altamira"],"inLanguage":"es","potentialAction":[{"@type":"CommentAction","name":"Comment","target":["https:\/\/elinformativotam.com\/index.php\/2024\/02\/28\/armando-martinez-manriquez-candidato-de-morena-a-la-alcaldia-de-altamira\/#respond"]}]},{"@type":"WebPage","@id":"https:\/\/elinformativotam.com\/index.php\/2024\/02\/28\/armando-martinez-manriquez-candidato-de-morena-a-la-alcaldia-de-altamira\/","url":"https:\/\/elinformativotam.com\/index.php\/2024\/02\/28\/armando-martinez-manriquez-candidato-de-morena-a-la-alcaldia-de-altamira\/","name":"ARMANDO MART\u00cdNEZ MANR\u00cdQUEZ, CANDIDATO DE MORENA A LA ALCALD\u00cdA DE ALTAMIRA - EL INFORMATIVO DE TAMAULIPAS","isPartOf":{"@id":"https:\/\/elinformativotam.com\/#website"},"primaryImageOfPage":{"@id":"https:\/\/elinformativotam.com\/index.php\/2024\/02\/28\/armando-martinez-manriquez-candidato-de-morena-a-la-alcaldia-de-altamira\/#primaryimage"},"image":{"@id":"https:\/\/elinformativotam.com\/index.php\/2024\/02\/28\/armando-martinez-manriquez-candidato-de-morena-a-la-alcaldia-de-altamira\/#primaryimage"},"thumbnailUrl":"https:\/\/elinformativotam.com\/wp-content\/uploads\/2024\/02\/ArmaNDO-RE.jpeg","datePublished":"2024-02-29T05:42:58+00:00","description":"*El Jefe Edilicio Va Por La Reelecci\u00f3n &nbsp; Mediante rueda de prensa se dio a conocer la designaci\u00f3n del Dr. Armando Mart\u00ednez Manr\u00edquez como candidato","inLanguage":"es","potentialAction":[{"@type":"ReadAction","target":["https:\/\/elinformativotam.com\/index.php\/2024\/02\/28\/armando-martinez-manriquez-candidato-de-morena-a-la-alcaldia-de-altamira\/"]}]},{"@type":"ImageObject","inLanguage":"es","@id":"https:\/\/elinformativotam.com\/index.php\/2024\/02\/28\/armando-martinez-manriquez-candidato-de-morena-a-la-alcaldia-de-altamira\/#primaryimage","url":"https:\/\/elinformativotam.com\/wp-content\/uploads\/2024\/02\/ArmaNDO-RE.jpeg","contentUrl":"https:\/\/elinformativotam.com\/wp-content\/uploads\/2024\/02\/ArmaNDO-RE.jpeg","width":1600,"height":725},{"@type":"WebSite","@id":"https:\/\/elinformativotam.com\/#website","url":"https:\/\/elinformativotam.com\/","name":"EL INFORMATIVO DE TAMAULIPAS","description":"Desde la Zona Metropolitana Para Todo M\u00e9xico","publisher":{"@id":"https:\/\/elinformativotam.com\/#organization"},"potentialAction":[{"@type":"SearchAction","target":{"@type":"EntryPoint","urlTemplate":"https:\/\/elinformativotam.com\/?s={search_term_string}"},"query-input":{"@type":"PropertyValueSpecification","valueRequired":true,"valueName":"search_term_string"}}],"inLanguage":"es"},{"@type":"Organization","@id":"https:\/\/elinformativotam.com\/#organization","name":"EL INFORMATIVO DE TAMAULIPAS","url":"https:\/\/elinformativotam.com\/","logo":{"@type":"ImageObject","inLanguage":"es","@id":"https:\/\/elinformativotam.com\/#\/schema\/logo\/image\/","url":"https:\/\/elinformativotam.com\/wp-content\/uploads\/2026\/02\/Cabezal.png","contentUrl":"https:\/\/elinformativotam.com\/wp-content\/uploads\/2026\/02\/Cabezal.png","width":960,"height":640,"caption":"EL INFORMATIVO DE TAMAULIPAS"},"image":{"@id":"https:\/\/elinformativotam.com\/#\/schema\/logo\/image\/"}},{"@type":"Person","@id":"https:\/\/elinformativotam.com\/#\/schema\/person\/78e08040eed0f6110f0c5f83b6153590","name":"El Informativo Tam","image":{"@type":"ImageObject","inLanguage":"es","@id":"https:\/\/secure.gravatar.com\/avatar\/f3b7ad3af540688955925ac610647be00b0cf41feea9c4978b73a707ee86bc53?s=96&d=mm&r=g","url":"https:\/\/secure.gravatar.com\/avatar\/f3b7ad3af540688955925ac610647be00b0cf41feea9c4978b73a707ee86bc53?s=96&d=mm&r=g","contentUrl":"https:\/\/secure.gravatar.com\/avatar\/f3b7ad3af540688955925ac610647be00b0cf41feea9c4978b73a707ee86bc53?s=96&d=mm&r=g","caption":"El Informativo Tam"}}]}},"_links":{"self":[{"href":"https:\/\/elinformativotam.com\/index.php\/wp-json\/wp\/v2\/posts\/49395","targetHints":{"allow":["GET"]}}],"collection":[{"href":"https:\/\/elinformativotam.com\/index.php\/wp-json\/wp\/v2\/posts"}],"about":[{"href":"https:\/\/elinformativotam.com\/index.php\/wp-json\/wp\/v2\/types\/post"}],"author":[{"embeddable":true,"href":"https:\/\/elinformativotam.com\/index.php\/wp-json\/wp\/v2\/users\/1"}],"replies":[{"embeddable":true,"href":"https:\/\/elinformativotam.com\/index.php\/wp-json\/wp\/v2\/comments?post=49395"}],"version-history":[{"count":1,"href":"https:\/\/elinformativotam.com\/index.php\/wp-json\/wp\/v2\/posts\/49395\/revisions"}],"predecessor-version":[{"id":49397,"href":"https:\/\/elinformativotam.com\/index.php\/wp-json\/wp\/v2\/posts\/49395\/revisions\/49397"}],"wp:featuredmedia":[{"embeddable":true,"href":"https:\/\/elinformativotam.com\/index.php\/wp-json\/wp\/v2\/media\/49396"}],"wp:attachment":[{"href":"https:\/\/elinformativotam.com\/index.php\/wp-json\/wp\/v2\/media?parent=49395"}],"wp:term":[{"taxonomy":"category","embeddable":true,"href":"https:\/\/elinformativotam.com\/index.php\/wp-json\/wp\/v2\/categories?post=49395"},{"taxonomy":"post_tag","embeddable":true,"href":"https:\/\/elinformativotam.com\/index.php\/wp-json\/wp\/v2\/tags?post=49395"}],"curies":[{"name":"wp","href":"https:\/\/api.w.org\/{rel}","templated":true}]}}