{"id":49386,"date":"2024-02-28T23:36:06","date_gmt":"2024-02-29T05:36:06","guid":{"rendered":"https:\/\/elinformativotam.com\/?p=49386"},"modified":"2024-02-28T23:36:06","modified_gmt":"2024-02-29T05:36:06","slug":"sera-monica-villarreal-la-candidata-a-la-alcaldia-de-tampico-por-morena","status":"publish","type":"post","link":"https:\/\/elinformativotam.com\/index.php\/2024\/02\/28\/sera-monica-villarreal-la-candidata-a-la-alcaldia-de-tampico-por-morena\/","title":{"rendered":"SER\u00c1 M\u00d3NICA VILLARREAL LA CANDIDATA A LA ALCALD\u00cdA DE TAMPICO POR MORENA"},"content":{"rendered":"<h2 style=\"text-align: center;\"><em><span style=\"font-family: 'times new roman', times;\">*Afirma Que No Hay Nepotismo Ni Beneficio A Ese Importante Cargo P\u00fablico Que Estar\u00e1 En Disputa A Partir Del 15 De Abril<\/span><\/em><\/h2>\n<p>&nbsp;<\/p>\n<p>&nbsp;<\/p>\n<p>En una conferencia de prensa celebrada, hoy mi\u00e9rcoles en Tampico, el delegado especial de Morena, Mario Llergo Latournerie, revel\u00f3 que la ganadora de la encuesta para la Presidencia Municipal de Tampico es la regidora M\u00f3nica Villarreal Anaya, qui\u00e9n neg\u00f3 que su candidatura sea una imposici\u00f3n de su hermano el Gobernador del Estado.<\/p>\n<p>&nbsp;<\/p>\n<p>Acompa\u00f1ado de la Presidenta del CDE Yuriria Iturbe V\u00e1zquez, el representante del CEN de Morena, dijo que tanto M\u00f3nica Villarreal como la tambi\u00e9n aspirante \u00darsula Salazar Mojica, son cuadros competitivos, sin embargo la legisladora no estuvo en la conferencia de prensa, aunque s\u00ed, dijo, en la reuni\u00f3n privada donde se inform\u00f3 de los resultados de dicha encuesta.<\/p>\n<p>&nbsp;<\/p>\n<p>El delegado especial dijo que la comisi\u00f3n nacional de encuestas del CEN evalu\u00f3 a los dos perfiles en diez puntos, como honestidad, percepci\u00f3n, opini\u00f3n positiva, conocedora del municipio, buen candidato, disposici\u00f3n a votar, entre otros.<\/p>\n<p>&nbsp;<\/p>\n<p>&#8220;M\u00f3nica Villarreal no es ninguna improvisada, ha trabajado muchos a\u00f1os en el servicio p\u00fablico, en la actividad pol\u00edtica. M\u00e1s all\u00e1 de la consanguinidad(hermana del gobernador) hay en ella un perfil competitivo que lo refleja la voluntad del tampique\u00f1o&#8221;.<\/p>\n<p>&nbsp;<\/p>\n<p>Por su parte la ganadora de la encuesta, M\u00f3nica Villarreal Anaya, extern\u00f3 que la encuesta fue pulcra, donde se refleja, dijo, el compromiso que lleva por la ciudad desempe\u00f1ado cargos p\u00fablicos en varios a\u00f1os.<\/p>\n<p>&nbsp;<\/p>\n<p>La regidora porte\u00f1a sostuvo que ha partir de hoy se separa de la regidur\u00eda y reiter\u00f3 que la candidatura &#8220;No es una imposici\u00f3n, ni tampoco es nepotismo, como mujer tengo una aspiraci\u00f3n y es legitimo que me inscribiera a una candidatura a elecci\u00f3n popular, y hoy el gobernador no me va a dar una posici\u00f3n, sino el pueblo de Tampico que a trav\u00e9s de su voto va a elegir a qui\u00e9n gobierne en los pr\u00f3ximos tres a\u00f1os en el municipio&#8221;.<\/p>\n<p>&nbsp;<\/p>\n<p>La edil porte\u00f1a extern\u00f3 que en Tampico la poblaci\u00f3n &#8220;medita su voto, donde la gente sabe qu\u00e9 es lo qu\u00e9 quiere, aqu\u00ed se ha dado la alternancia y se ha dado de manera sistem\u00e1tica, y hoy hay bases y razones para que la ciudad contin\u00fae con esa transformaci\u00f3n&#8221;.<\/p>\n<p>&nbsp;<\/p>\n<p>Remarc\u00f3 que la ciudad puede lograr tener una mejor relaci\u00f3n con el Gobierno del Estado y la Federaci\u00f3n &#8220;por medio de las buenas relaciones, la vida es de relaciones y aqu\u00ed eso cuenta&#8221;, advirti\u00f3<\/p>\n<p>&nbsp;<\/p>\n<p>Reiter\u00f3 que la Comisi\u00f3n Nacional de Elecciones es &#8220;qui\u00e9n le dio la candidatura&#8221; y un partido pol\u00edtico al que est\u00e1 afiliada<\/p>\n<p>&nbsp;<\/p>\n<p>Puntualiz\u00f3 que hay condiciones para que salga airosa en las elecciones del 2 de Junio, pues un aspecto, dijo, son aquellos &#8220;vientos de cambio&#8221; que nunca se concretaron, la gente crey\u00f3 en algo que no se hizo hoy, y yo tengo una experiencia mayor y una congruencia mayor, no soy la primera que pierde una elecci\u00f3n con anterioridad, y hoy tengo un compromiso mayor con mi municipio&#8221;.<\/p>\n<p>&nbsp;<\/p>\n<p>Finalmente, recalc\u00f3 que habr\u00e1 de encabezar una pr\u00f3xima campa\u00f1a &#8220;alegre, transparente y de propuesta&#8221;.<\/p>\n<p>&nbsp;<\/p>\n<p>El delegado especial dijo que la encuesta para determinar a la ganadora se llev\u00f3 a cabo en dos d\u00edas(9 y 10 de Febrero) entre personas mayores de 18 a\u00f1os, con 457 entrevistas personales y con una aplicaci\u00f3n electr\u00f3nica.<\/p>\n","protected":false},"excerpt":{"rendered":"<p>*Afirma Que No Hay Nepotismo Ni Beneficio A Ese Importante Cargo P\u00fablico Que Estar\u00e1 En Disputa A Partir Del 15&hellip;<\/p>\n","protected":false},"author":1,"featured_media":49387,"comment_status":"open","ping_status":"open","sticky":false,"template":"","format":"standard","meta":{"footnotes":""},"categories":[3],"tags":[],"class_list":["post-49386","post","type-post","status-publish","format-standard","has-post-thumbnail","hentry","category-tampico"],"yoast_head":"<!-- This site is optimized with the Yoast SEO plugin v27.5 - https:\/\/yoast.com\/product\/yoast-seo-wordpress\/ -->\n<title>SER\u00c1 M\u00d3NICA VILLARREAL LA CANDIDATA A LA ALCALD\u00cdA DE TAMPICO POR MORENA - EL INFORMATIVO DE TAMAULIPAS<\/title>\n<meta name=\"description\" content=\"*Afirma Que No Hay Nepotismo Ni Beneficio A Ese Importante Cargo P\u00fablico Que Estar\u00e1 En Disputa A Partir Del 15 De Abril &nbsp; &nbsp; En una conferencia\" \/>\n<meta name=\"robots\" content=\"index, follow, max-snippet:-1, max-image-preview:large, max-video-preview:-1\" \/>\n<link rel=\"canonical\" href=\"https:\/\/elinformativotam.com\/index.php\/2024\/02\/28\/sera-monica-villarreal-la-candidata-a-la-alcaldia-de-tampico-por-morena\/\" \/>\n<meta property=\"og:locale\" content=\"es_MX\" \/>\n<meta property=\"og:type\" content=\"article\" \/>\n<meta property=\"og:title\" content=\"SER\u00c1 M\u00d3NICA VILLARREAL LA CANDIDATA A LA ALCALD\u00cdA DE TAMPICO POR MORENA - EL INFORMATIVO DE TAMAULIPAS\" \/>\n<meta property=\"og:description\" content=\"*Afirma Que No Hay Nepotismo Ni Beneficio A Ese Importante Cargo P\u00fablico Que Estar\u00e1 En Disputa A Partir Del 15 De Abril &nbsp; &nbsp; En una conferencia\" \/>\n<meta property=\"og:url\" content=\"https:\/\/elinformativotam.com\/index.php\/2024\/02\/28\/sera-monica-villarreal-la-candidata-a-la-alcaldia-de-tampico-por-morena\/\" \/>\n<meta property=\"og:site_name\" content=\"EL INFORMATIVO DE TAMAULIPAS\" \/>\n<meta property=\"article:published_time\" content=\"2024-02-29T05:36:06+00:00\" \/>\n<meta property=\"og:image\" content=\"https:\/\/elinformativotam.com\/wp-content\/uploads\/2024\/02\/Monica.jpeg\" \/>\n\t<meta property=\"og:image:width\" content=\"1600\" \/>\n\t<meta property=\"og:image:height\" content=\"1204\" \/>\n\t<meta property=\"og:image:type\" content=\"image\/jpeg\" \/>\n<meta name=\"author\" content=\"El Informativo Tam\" \/>\n<meta name=\"twitter:card\" content=\"summary_large_image\" \/>\n<meta name=\"twitter:label1\" content=\"Escrito por\" \/>\n\t<meta name=\"twitter:data1\" content=\"El Informativo Tam\" \/>\n\t<meta name=\"twitter:label2\" content=\"Tiempo de lectura\" \/>\n\t<meta name=\"twitter:data2\" content=\"3 minutos\" \/>\n<script type=\"application\/ld+json\" class=\"yoast-schema-graph\">{\"@context\":\"https:\\\/\\\/schema.org\",\"@graph\":[{\"@type\":\"Article\",\"@id\":\"https:\\\/\\\/elinformativotam.com\\\/index.php\\\/2024\\\/02\\\/28\\\/sera-monica-villarreal-la-candidata-a-la-alcaldia-de-tampico-por-morena\\\/#article\",\"isPartOf\":{\"@id\":\"https:\\\/\\\/elinformativotam.com\\\/index.php\\\/2024\\\/02\\\/28\\\/sera-monica-villarreal-la-candidata-a-la-alcaldia-de-tampico-por-morena\\\/\"},\"author\":{\"name\":\"El Informativo Tam\",\"@id\":\"https:\\\/\\\/elinformativotam.com\\\/#\\\/schema\\\/person\\\/78e08040eed0f6110f0c5f83b6153590\"},\"headline\":\"SER\u00c1 M\u00d3NICA VILLARREAL LA CANDIDATA A LA ALCALD\u00cdA DE TAMPICO POR MORENA\",\"datePublished\":\"2024-02-29T05:36:06+00:00\",\"mainEntityOfPage\":{\"@id\":\"https:\\\/\\\/elinformativotam.com\\\/index.php\\\/2024\\\/02\\\/28\\\/sera-monica-villarreal-la-candidata-a-la-alcaldia-de-tampico-por-morena\\\/\"},\"wordCount\":614,\"commentCount\":0,\"publisher\":{\"@id\":\"https:\\\/\\\/elinformativotam.com\\\/#organization\"},\"image\":{\"@id\":\"https:\\\/\\\/elinformativotam.com\\\/index.php\\\/2024\\\/02\\\/28\\\/sera-monica-villarreal-la-candidata-a-la-alcaldia-de-tampico-por-morena\\\/#primaryimage\"},\"thumbnailUrl\":\"https:\\\/\\\/elinformativotam.com\\\/wp-content\\\/uploads\\\/2024\\\/02\\\/Monica.jpeg\",\"articleSection\":[\"Tampico\"],\"inLanguage\":\"es\",\"potentialAction\":[{\"@type\":\"CommentAction\",\"name\":\"Comment\",\"target\":[\"https:\\\/\\\/elinformativotam.com\\\/index.php\\\/2024\\\/02\\\/28\\\/sera-monica-villarreal-la-candidata-a-la-alcaldia-de-tampico-por-morena\\\/#respond\"]}]},{\"@type\":\"WebPage\",\"@id\":\"https:\\\/\\\/elinformativotam.com\\\/index.php\\\/2024\\\/02\\\/28\\\/sera-monica-villarreal-la-candidata-a-la-alcaldia-de-tampico-por-morena\\\/\",\"url\":\"https:\\\/\\\/elinformativotam.com\\\/index.php\\\/2024\\\/02\\\/28\\\/sera-monica-villarreal-la-candidata-a-la-alcaldia-de-tampico-por-morena\\\/\",\"name\":\"SER\u00c1 M\u00d3NICA VILLARREAL LA CANDIDATA A LA ALCALD\u00cdA DE TAMPICO POR MORENA - EL INFORMATIVO DE TAMAULIPAS\",\"isPartOf\":{\"@id\":\"https:\\\/\\\/elinformativotam.com\\\/#website\"},\"primaryImageOfPage\":{\"@id\":\"https:\\\/\\\/elinformativotam.com\\\/index.php\\\/2024\\\/02\\\/28\\\/sera-monica-villarreal-la-candidata-a-la-alcaldia-de-tampico-por-morena\\\/#primaryimage\"},\"image\":{\"@id\":\"https:\\\/\\\/elinformativotam.com\\\/index.php\\\/2024\\\/02\\\/28\\\/sera-monica-villarreal-la-candidata-a-la-alcaldia-de-tampico-por-morena\\\/#primaryimage\"},\"thumbnailUrl\":\"https:\\\/\\\/elinformativotam.com\\\/wp-content\\\/uploads\\\/2024\\\/02\\\/Monica.jpeg\",\"datePublished\":\"2024-02-29T05:36:06+00:00\",\"description\":\"*Afirma Que No Hay Nepotismo Ni Beneficio A Ese Importante Cargo P\u00fablico Que Estar\u00e1 En Disputa A Partir Del 15 De Abril &nbsp; &nbsp; En una conferencia\",\"inLanguage\":\"es\",\"potentialAction\":[{\"@type\":\"ReadAction\",\"target\":[\"https:\\\/\\\/elinformativotam.com\\\/index.php\\\/2024\\\/02\\\/28\\\/sera-monica-villarreal-la-candidata-a-la-alcaldia-de-tampico-por-morena\\\/\"]}]},{\"@type\":\"ImageObject\",\"inLanguage\":\"es\",\"@id\":\"https:\\\/\\\/elinformativotam.com\\\/index.php\\\/2024\\\/02\\\/28\\\/sera-monica-villarreal-la-candidata-a-la-alcaldia-de-tampico-por-morena\\\/#primaryimage\",\"url\":\"https:\\\/\\\/elinformativotam.com\\\/wp-content\\\/uploads\\\/2024\\\/02\\\/Monica.jpeg\",\"contentUrl\":\"https:\\\/\\\/elinformativotam.com\\\/wp-content\\\/uploads\\\/2024\\\/02\\\/Monica.jpeg\",\"width\":1600,\"height\":1204},{\"@type\":\"WebSite\",\"@id\":\"https:\\\/\\\/elinformativotam.com\\\/#website\",\"url\":\"https:\\\/\\\/elinformativotam.com\\\/\",\"name\":\"EL INFORMATIVO DE TAMAULIPAS\",\"description\":\"Desde la Zona Metropolitana Para Todo M\u00e9xico\",\"publisher\":{\"@id\":\"https:\\\/\\\/elinformativotam.com\\\/#organization\"},\"potentialAction\":[{\"@type\":\"SearchAction\",\"target\":{\"@type\":\"EntryPoint\",\"urlTemplate\":\"https:\\\/\\\/elinformativotam.com\\\/?s={search_term_string}\"},\"query-input\":{\"@type\":\"PropertyValueSpecification\",\"valueRequired\":true,\"valueName\":\"search_term_string\"}}],\"inLanguage\":\"es\"},{\"@type\":\"Organization\",\"@id\":\"https:\\\/\\\/elinformativotam.com\\\/#organization\",\"name\":\"EL INFORMATIVO DE TAMAULIPAS\",\"url\":\"https:\\\/\\\/elinformativotam.com\\\/\",\"logo\":{\"@type\":\"ImageObject\",\"inLanguage\":\"es\",\"@id\":\"https:\\\/\\\/elinformativotam.com\\\/#\\\/schema\\\/logo\\\/image\\\/\",\"url\":\"https:\\\/\\\/elinformativotam.com\\\/wp-content\\\/uploads\\\/2026\\\/02\\\/Cabezal.png\",\"contentUrl\":\"https:\\\/\\\/elinformativotam.com\\\/wp-content\\\/uploads\\\/2026\\\/02\\\/Cabezal.png\",\"width\":960,\"height\":640,\"caption\":\"EL INFORMATIVO DE TAMAULIPAS\"},\"image\":{\"@id\":\"https:\\\/\\\/elinformativotam.com\\\/#\\\/schema\\\/logo\\\/image\\\/\"}},{\"@type\":\"Person\",\"@id\":\"https:\\\/\\\/elinformativotam.com\\\/#\\\/schema\\\/person\\\/78e08040eed0f6110f0c5f83b6153590\",\"name\":\"El Informativo Tam\",\"image\":{\"@type\":\"ImageObject\",\"inLanguage\":\"es\",\"@id\":\"https:\\\/\\\/secure.gravatar.com\\\/avatar\\\/f3b7ad3af540688955925ac610647be00b0cf41feea9c4978b73a707ee86bc53?s=96&d=mm&r=g\",\"url\":\"https:\\\/\\\/secure.gravatar.com\\\/avatar\\\/f3b7ad3af540688955925ac610647be00b0cf41feea9c4978b73a707ee86bc53?s=96&d=mm&r=g\",\"contentUrl\":\"https:\\\/\\\/secure.gravatar.com\\\/avatar\\\/f3b7ad3af540688955925ac610647be00b0cf41feea9c4978b73a707ee86bc53?s=96&d=mm&r=g\",\"caption\":\"El Informativo Tam\"}}]}<\/script>\n<!-- \/ Yoast SEO plugin. -->","yoast_head_json":{"title":"SER\u00c1 M\u00d3NICA VILLARREAL LA CANDIDATA A LA ALCALD\u00cdA DE TAMPICO POR MORENA - EL INFORMATIVO DE TAMAULIPAS","description":"*Afirma Que No Hay Nepotismo Ni Beneficio A Ese Importante Cargo P\u00fablico Que Estar\u00e1 En Disputa A Partir Del 15 De Abril &nbsp; &nbsp; En una conferencia","robots":{"index":"index","follow":"follow","max-snippet":"max-snippet:-1","max-image-preview":"max-image-preview:large","max-video-preview":"max-video-preview:-1"},"canonical":"https:\/\/elinformativotam.com\/index.php\/2024\/02\/28\/sera-monica-villarreal-la-candidata-a-la-alcaldia-de-tampico-por-morena\/","og_locale":"es_MX","og_type":"article","og_title":"SER\u00c1 M\u00d3NICA VILLARREAL LA CANDIDATA A LA ALCALD\u00cdA DE TAMPICO POR MORENA - EL INFORMATIVO DE TAMAULIPAS","og_description":"*Afirma Que No Hay Nepotismo Ni Beneficio A Ese Importante Cargo P\u00fablico Que Estar\u00e1 En Disputa A Partir Del 15 De Abril &nbsp; &nbsp; En una conferencia","og_url":"https:\/\/elinformativotam.com\/index.php\/2024\/02\/28\/sera-monica-villarreal-la-candidata-a-la-alcaldia-de-tampico-por-morena\/","og_site_name":"EL INFORMATIVO DE TAMAULIPAS","article_published_time":"2024-02-29T05:36:06+00:00","og_image":[{"width":1600,"height":1204,"url":"https:\/\/elinformativotam.com\/wp-content\/uploads\/2024\/02\/Monica.jpeg","type":"image\/jpeg"}],"author":"El Informativo Tam","twitter_card":"summary_large_image","twitter_misc":{"Escrito por":"El Informativo Tam","Tiempo de lectura":"3 minutos"},"schema":{"@context":"https:\/\/schema.org","@graph":[{"@type":"Article","@id":"https:\/\/elinformativotam.com\/index.php\/2024\/02\/28\/sera-monica-villarreal-la-candidata-a-la-alcaldia-de-tampico-por-morena\/#article","isPartOf":{"@id":"https:\/\/elinformativotam.com\/index.php\/2024\/02\/28\/sera-monica-villarreal-la-candidata-a-la-alcaldia-de-tampico-por-morena\/"},"author":{"name":"El Informativo Tam","@id":"https:\/\/elinformativotam.com\/#\/schema\/person\/78e08040eed0f6110f0c5f83b6153590"},"headline":"SER\u00c1 M\u00d3NICA VILLARREAL LA CANDIDATA A LA ALCALD\u00cdA DE TAMPICO POR MORENA","datePublished":"2024-02-29T05:36:06+00:00","mainEntityOfPage":{"@id":"https:\/\/elinformativotam.com\/index.php\/2024\/02\/28\/sera-monica-villarreal-la-candidata-a-la-alcaldia-de-tampico-por-morena\/"},"wordCount":614,"commentCount":0,"publisher":{"@id":"https:\/\/elinformativotam.com\/#organization"},"image":{"@id":"https:\/\/elinformativotam.com\/index.php\/2024\/02\/28\/sera-monica-villarreal-la-candidata-a-la-alcaldia-de-tampico-por-morena\/#primaryimage"},"thumbnailUrl":"https:\/\/elinformativotam.com\/wp-content\/uploads\/2024\/02\/Monica.jpeg","articleSection":["Tampico"],"inLanguage":"es","potentialAction":[{"@type":"CommentAction","name":"Comment","target":["https:\/\/elinformativotam.com\/index.php\/2024\/02\/28\/sera-monica-villarreal-la-candidata-a-la-alcaldia-de-tampico-por-morena\/#respond"]}]},{"@type":"WebPage","@id":"https:\/\/elinformativotam.com\/index.php\/2024\/02\/28\/sera-monica-villarreal-la-candidata-a-la-alcaldia-de-tampico-por-morena\/","url":"https:\/\/elinformativotam.com\/index.php\/2024\/02\/28\/sera-monica-villarreal-la-candidata-a-la-alcaldia-de-tampico-por-morena\/","name":"SER\u00c1 M\u00d3NICA VILLARREAL LA CANDIDATA A LA ALCALD\u00cdA DE TAMPICO POR MORENA - EL INFORMATIVO DE TAMAULIPAS","isPartOf":{"@id":"https:\/\/elinformativotam.com\/#website"},"primaryImageOfPage":{"@id":"https:\/\/elinformativotam.com\/index.php\/2024\/02\/28\/sera-monica-villarreal-la-candidata-a-la-alcaldia-de-tampico-por-morena\/#primaryimage"},"image":{"@id":"https:\/\/elinformativotam.com\/index.php\/2024\/02\/28\/sera-monica-villarreal-la-candidata-a-la-alcaldia-de-tampico-por-morena\/#primaryimage"},"thumbnailUrl":"https:\/\/elinformativotam.com\/wp-content\/uploads\/2024\/02\/Monica.jpeg","datePublished":"2024-02-29T05:36:06+00:00","description":"*Afirma Que No Hay Nepotismo Ni Beneficio A Ese Importante Cargo P\u00fablico Que Estar\u00e1 En Disputa A Partir Del 15 De Abril &nbsp; &nbsp; En una conferencia","inLanguage":"es","potentialAction":[{"@type":"ReadAction","target":["https:\/\/elinformativotam.com\/index.php\/2024\/02\/28\/sera-monica-villarreal-la-candidata-a-la-alcaldia-de-tampico-por-morena\/"]}]},{"@type":"ImageObject","inLanguage":"es","@id":"https:\/\/elinformativotam.com\/index.php\/2024\/02\/28\/sera-monica-villarreal-la-candidata-a-la-alcaldia-de-tampico-por-morena\/#primaryimage","url":"https:\/\/elinformativotam.com\/wp-content\/uploads\/2024\/02\/Monica.jpeg","contentUrl":"https:\/\/elinformativotam.com\/wp-content\/uploads\/2024\/02\/Monica.jpeg","width":1600,"height":1204},{"@type":"WebSite","@id":"https:\/\/elinformativotam.com\/#website","url":"https:\/\/elinformativotam.com\/","name":"EL INFORMATIVO DE TAMAULIPAS","description":"Desde la Zona Metropolitana Para Todo M\u00e9xico","publisher":{"@id":"https:\/\/elinformativotam.com\/#organization"},"potentialAction":[{"@type":"SearchAction","target":{"@type":"EntryPoint","urlTemplate":"https:\/\/elinformativotam.com\/?s={search_term_string}"},"query-input":{"@type":"PropertyValueSpecification","valueRequired":true,"valueName":"search_term_string"}}],"inLanguage":"es"},{"@type":"Organization","@id":"https:\/\/elinformativotam.com\/#organization","name":"EL INFORMATIVO DE TAMAULIPAS","url":"https:\/\/elinformativotam.com\/","logo":{"@type":"ImageObject","inLanguage":"es","@id":"https:\/\/elinformativotam.com\/#\/schema\/logo\/image\/","url":"https:\/\/elinformativotam.com\/wp-content\/uploads\/2026\/02\/Cabezal.png","contentUrl":"https:\/\/elinformativotam.com\/wp-content\/uploads\/2026\/02\/Cabezal.png","width":960,"height":640,"caption":"EL INFORMATIVO DE TAMAULIPAS"},"image":{"@id":"https:\/\/elinformativotam.com\/#\/schema\/logo\/image\/"}},{"@type":"Person","@id":"https:\/\/elinformativotam.com\/#\/schema\/person\/78e08040eed0f6110f0c5f83b6153590","name":"El Informativo Tam","image":{"@type":"ImageObject","inLanguage":"es","@id":"https:\/\/secure.gravatar.com\/avatar\/f3b7ad3af540688955925ac610647be00b0cf41feea9c4978b73a707ee86bc53?s=96&d=mm&r=g","url":"https:\/\/secure.gravatar.com\/avatar\/f3b7ad3af540688955925ac610647be00b0cf41feea9c4978b73a707ee86bc53?s=96&d=mm&r=g","contentUrl":"https:\/\/secure.gravatar.com\/avatar\/f3b7ad3af540688955925ac610647be00b0cf41feea9c4978b73a707ee86bc53?s=96&d=mm&r=g","caption":"El Informativo Tam"}}]}},"_links":{"self":[{"href":"https:\/\/elinformativotam.com\/index.php\/wp-json\/wp\/v2\/posts\/49386","targetHints":{"allow":["GET"]}}],"collection":[{"href":"https:\/\/elinformativotam.com\/index.php\/wp-json\/wp\/v2\/posts"}],"about":[{"href":"https:\/\/elinformativotam.com\/index.php\/wp-json\/wp\/v2\/types\/post"}],"author":[{"embeddable":true,"href":"https:\/\/elinformativotam.com\/index.php\/wp-json\/wp\/v2\/users\/1"}],"replies":[{"embeddable":true,"href":"https:\/\/elinformativotam.com\/index.php\/wp-json\/wp\/v2\/comments?post=49386"}],"version-history":[{"count":1,"href":"https:\/\/elinformativotam.com\/index.php\/wp-json\/wp\/v2\/posts\/49386\/revisions"}],"predecessor-version":[{"id":49388,"href":"https:\/\/elinformativotam.com\/index.php\/wp-json\/wp\/v2\/posts\/49386\/revisions\/49388"}],"wp:featuredmedia":[{"embeddable":true,"href":"https:\/\/elinformativotam.com\/index.php\/wp-json\/wp\/v2\/media\/49387"}],"wp:attachment":[{"href":"https:\/\/elinformativotam.com\/index.php\/wp-json\/wp\/v2\/media?parent=49386"}],"wp:term":[{"taxonomy":"category","embeddable":true,"href":"https:\/\/elinformativotam.com\/index.php\/wp-json\/wp\/v2\/categories?post=49386"},{"taxonomy":"post_tag","embeddable":true,"href":"https:\/\/elinformativotam.com\/index.php\/wp-json\/wp\/v2\/tags?post=49386"}],"curies":[{"name":"wp","href":"https:\/\/api.w.org\/{rel}","templated":true}]}}