{"id":49383,"date":"2024-02-28T23:27:32","date_gmt":"2024-02-29T05:27:32","guid":{"rendered":"https:\/\/elinformativotam.com\/?p=49383"},"modified":"2024-02-28T23:27:32","modified_gmt":"2024-02-29T05:27:32","slug":"gobierno-de-ciudad-madero-refuerza-programa-de-limpieza-en-playa-miramar","status":"publish","type":"post","link":"https:\/\/elinformativotam.com\/index.php\/2024\/02\/28\/gobierno-de-ciudad-madero-refuerza-programa-de-limpieza-en-playa-miramar\/","title":{"rendered":"GOBIERNO DE CIUDAD MADERO REFUERZA PROGRAMA DE LIMPIEZA EN PLAYA MIRAMAR"},"content":{"rendered":"<p>El Gobierno de Ciudad Madero, que preside el alcalde Adri\u00e1n Oseguera Kernion, ha intensificado los trabajos de limpieza en playa Miramar a fin de evitar la acumulaci\u00f3n de desechos durante la pr\u00f3xima temporada vacacional de Semana Santa.<\/p>\n<p>&nbsp;<\/p>\n<p>En este sentido, el director de Servicios P\u00fablicos, Zamir Shahin Zamudio, coment\u00f3 que dicha estrategia se lleva a cabo para que los paseantes disfruten de este destino de sol y playa no s\u00f3lo en las temporadas vacacionales, sino todo el a\u00f1o.<\/p>\n<p>&nbsp;<\/p>\n<p>\u201cNos estamos coordinando junto con el personal de la Direcci\u00f3n de Turismo para las acciones de limpieza que se efectuar\u00e1 en el m\u00e1ximo paseo tur\u00edstico, donde pretendemos destinar otra unidad de recolecci\u00f3n y un cami\u00f3n de volteo para darle mayor rapidez al acumulamiento de basura\u201d coment\u00f3.<\/p>\n<p>&nbsp;<\/p>\n<p>Asimismo, dijo, que se trabajar\u00e1 en tres turnos a fin de ofrecer a los paseantes un destino limpio y seguro, as\u00ed como a los deportistas que de manera cotidiana acuden a ejercitarse.<\/p>\n<p>&nbsp;<\/p>\n<p>Cabe se\u00f1alar, que la direcci\u00f3n de Playa cuenta con una cuadrilla integrada por 20 elementos, que de manera permanente realizan labores de mantenimiento y limpieza\u00a0 en este espacio de recreaci\u00f3n.<\/p>\n<p>&nbsp;<\/p>\n<p>Por \u00faltimo, el funcionario municipal se\u00f1al\u00f3 que es importante que los visitantes coadyuven con las acciones que realiza la administraci\u00f3n municipal, depositando la basura en los contenedores instalados en los distintos puntos de playa Miramar.<\/p>\n","protected":false},"excerpt":{"rendered":"<p>El Gobierno de Ciudad Madero, que preside el alcalde Adri\u00e1n Oseguera Kernion, ha intensificado los trabajos de limpieza en playa&hellip;<\/p>\n","protected":false},"author":1,"featured_media":49384,"comment_status":"open","ping_status":"open","sticky":false,"template":"","format":"standard","meta":{"footnotes":""},"categories":[4],"tags":[],"class_list":["post-49383","post","type-post","status-publish","format-standard","has-post-thumbnail","hentry","category-madero"],"yoast_head":"<!-- This site is optimized with the Yoast SEO plugin v27.5 - https:\/\/yoast.com\/product\/yoast-seo-wordpress\/ -->\n<title>GOBIERNO DE CIUDAD MADERO REFUERZA PROGRAMA DE LIMPIEZA EN PLAYA MIRAMAR - EL INFORMATIVO DE TAMAULIPAS<\/title>\n<meta name=\"description\" content=\"El Gobierno de Ciudad Madero, que preside el alcalde Adri\u00e1n Oseguera Kernion, ha intensificado los trabajos de limpieza en playa Miramar a fin de evitar\" \/>\n<meta name=\"robots\" content=\"index, follow, max-snippet:-1, max-image-preview:large, max-video-preview:-1\" \/>\n<link rel=\"canonical\" href=\"https:\/\/elinformativotam.com\/index.php\/2024\/02\/28\/gobierno-de-ciudad-madero-refuerza-programa-de-limpieza-en-playa-miramar\/\" \/>\n<meta property=\"og:locale\" content=\"es_MX\" \/>\n<meta property=\"og:type\" content=\"article\" \/>\n<meta property=\"og:title\" content=\"GOBIERNO DE CIUDAD MADERO REFUERZA PROGRAMA DE LIMPIEZA EN PLAYA MIRAMAR - EL INFORMATIVO DE TAMAULIPAS\" \/>\n<meta property=\"og:description\" content=\"El Gobierno de Ciudad Madero, que preside el alcalde Adri\u00e1n Oseguera Kernion, ha intensificado los trabajos de limpieza en playa Miramar a fin de evitar\" \/>\n<meta property=\"og:url\" content=\"https:\/\/elinformativotam.com\/index.php\/2024\/02\/28\/gobierno-de-ciudad-madero-refuerza-programa-de-limpieza-en-playa-miramar\/\" \/>\n<meta property=\"og:site_name\" content=\"EL INFORMATIVO DE TAMAULIPAS\" \/>\n<meta property=\"article:published_time\" content=\"2024-02-29T05:27:32+00:00\" \/>\n<meta property=\"og:image\" content=\"https:\/\/elinformativotam.com\/wp-content\/uploads\/2024\/02\/3-scaled.jpg\" \/>\n\t<meta property=\"og:image:width\" content=\"2560\" \/>\n\t<meta property=\"og:image:height\" content=\"1707\" \/>\n\t<meta property=\"og:image:type\" content=\"image\/jpeg\" \/>\n<meta name=\"author\" content=\"El Informativo Tam\" \/>\n<meta name=\"twitter:card\" content=\"summary_large_image\" \/>\n<meta name=\"twitter:label1\" content=\"Escrito por\" \/>\n\t<meta name=\"twitter:data1\" content=\"El Informativo Tam\" \/>\n\t<meta name=\"twitter:label2\" content=\"Tiempo de lectura\" \/>\n\t<meta name=\"twitter:data2\" content=\"2 minutos\" \/>\n<script type=\"application\/ld+json\" class=\"yoast-schema-graph\">{\"@context\":\"https:\\\/\\\/schema.org\",\"@graph\":[{\"@type\":\"Article\",\"@id\":\"https:\\\/\\\/elinformativotam.com\\\/index.php\\\/2024\\\/02\\\/28\\\/gobierno-de-ciudad-madero-refuerza-programa-de-limpieza-en-playa-miramar\\\/#article\",\"isPartOf\":{\"@id\":\"https:\\\/\\\/elinformativotam.com\\\/index.php\\\/2024\\\/02\\\/28\\\/gobierno-de-ciudad-madero-refuerza-programa-de-limpieza-en-playa-miramar\\\/\"},\"author\":{\"name\":\"El Informativo Tam\",\"@id\":\"https:\\\/\\\/elinformativotam.com\\\/#\\\/schema\\\/person\\\/78e08040eed0f6110f0c5f83b6153590\"},\"headline\":\"GOBIERNO DE CIUDAD MADERO REFUERZA PROGRAMA DE LIMPIEZA EN PLAYA MIRAMAR\",\"datePublished\":\"2024-02-29T05:27:32+00:00\",\"mainEntityOfPage\":{\"@id\":\"https:\\\/\\\/elinformativotam.com\\\/index.php\\\/2024\\\/02\\\/28\\\/gobierno-de-ciudad-madero-refuerza-programa-de-limpieza-en-playa-miramar\\\/\"},\"wordCount\":252,\"commentCount\":0,\"publisher\":{\"@id\":\"https:\\\/\\\/elinformativotam.com\\\/#organization\"},\"image\":{\"@id\":\"https:\\\/\\\/elinformativotam.com\\\/index.php\\\/2024\\\/02\\\/28\\\/gobierno-de-ciudad-madero-refuerza-programa-de-limpieza-en-playa-miramar\\\/#primaryimage\"},\"thumbnailUrl\":\"https:\\\/\\\/elinformativotam.com\\\/wp-content\\\/uploads\\\/2024\\\/02\\\/3-scaled.jpg\",\"articleSection\":[\"Cd Madero\"],\"inLanguage\":\"es\",\"potentialAction\":[{\"@type\":\"CommentAction\",\"name\":\"Comment\",\"target\":[\"https:\\\/\\\/elinformativotam.com\\\/index.php\\\/2024\\\/02\\\/28\\\/gobierno-de-ciudad-madero-refuerza-programa-de-limpieza-en-playa-miramar\\\/#respond\"]}]},{\"@type\":\"WebPage\",\"@id\":\"https:\\\/\\\/elinformativotam.com\\\/index.php\\\/2024\\\/02\\\/28\\\/gobierno-de-ciudad-madero-refuerza-programa-de-limpieza-en-playa-miramar\\\/\",\"url\":\"https:\\\/\\\/elinformativotam.com\\\/index.php\\\/2024\\\/02\\\/28\\\/gobierno-de-ciudad-madero-refuerza-programa-de-limpieza-en-playa-miramar\\\/\",\"name\":\"GOBIERNO DE CIUDAD MADERO REFUERZA PROGRAMA DE LIMPIEZA EN PLAYA MIRAMAR - EL INFORMATIVO DE TAMAULIPAS\",\"isPartOf\":{\"@id\":\"https:\\\/\\\/elinformativotam.com\\\/#website\"},\"primaryImageOfPage\":{\"@id\":\"https:\\\/\\\/elinformativotam.com\\\/index.php\\\/2024\\\/02\\\/28\\\/gobierno-de-ciudad-madero-refuerza-programa-de-limpieza-en-playa-miramar\\\/#primaryimage\"},\"image\":{\"@id\":\"https:\\\/\\\/elinformativotam.com\\\/index.php\\\/2024\\\/02\\\/28\\\/gobierno-de-ciudad-madero-refuerza-programa-de-limpieza-en-playa-miramar\\\/#primaryimage\"},\"thumbnailUrl\":\"https:\\\/\\\/elinformativotam.com\\\/wp-content\\\/uploads\\\/2024\\\/02\\\/3-scaled.jpg\",\"datePublished\":\"2024-02-29T05:27:32+00:00\",\"description\":\"El Gobierno de Ciudad Madero, que preside el alcalde Adri\u00e1n Oseguera Kernion, ha intensificado los trabajos de limpieza en playa Miramar a fin de evitar\",\"inLanguage\":\"es\",\"potentialAction\":[{\"@type\":\"ReadAction\",\"target\":[\"https:\\\/\\\/elinformativotam.com\\\/index.php\\\/2024\\\/02\\\/28\\\/gobierno-de-ciudad-madero-refuerza-programa-de-limpieza-en-playa-miramar\\\/\"]}]},{\"@type\":\"ImageObject\",\"inLanguage\":\"es\",\"@id\":\"https:\\\/\\\/elinformativotam.com\\\/index.php\\\/2024\\\/02\\\/28\\\/gobierno-de-ciudad-madero-refuerza-programa-de-limpieza-en-playa-miramar\\\/#primaryimage\",\"url\":\"https:\\\/\\\/elinformativotam.com\\\/wp-content\\\/uploads\\\/2024\\\/02\\\/3-scaled.jpg\",\"contentUrl\":\"https:\\\/\\\/elinformativotam.com\\\/wp-content\\\/uploads\\\/2024\\\/02\\\/3-scaled.jpg\",\"width\":2560,\"height\":1707},{\"@type\":\"WebSite\",\"@id\":\"https:\\\/\\\/elinformativotam.com\\\/#website\",\"url\":\"https:\\\/\\\/elinformativotam.com\\\/\",\"name\":\"EL INFORMATIVO DE TAMAULIPAS\",\"description\":\"Desde la Zona Metropolitana Para Todo M\u00e9xico\",\"publisher\":{\"@id\":\"https:\\\/\\\/elinformativotam.com\\\/#organization\"},\"potentialAction\":[{\"@type\":\"SearchAction\",\"target\":{\"@type\":\"EntryPoint\",\"urlTemplate\":\"https:\\\/\\\/elinformativotam.com\\\/?s={search_term_string}\"},\"query-input\":{\"@type\":\"PropertyValueSpecification\",\"valueRequired\":true,\"valueName\":\"search_term_string\"}}],\"inLanguage\":\"es\"},{\"@type\":\"Organization\",\"@id\":\"https:\\\/\\\/elinformativotam.com\\\/#organization\",\"name\":\"EL INFORMATIVO DE TAMAULIPAS\",\"url\":\"https:\\\/\\\/elinformativotam.com\\\/\",\"logo\":{\"@type\":\"ImageObject\",\"inLanguage\":\"es\",\"@id\":\"https:\\\/\\\/elinformativotam.com\\\/#\\\/schema\\\/logo\\\/image\\\/\",\"url\":\"https:\\\/\\\/elinformativotam.com\\\/wp-content\\\/uploads\\\/2026\\\/02\\\/Cabezal.png\",\"contentUrl\":\"https:\\\/\\\/elinformativotam.com\\\/wp-content\\\/uploads\\\/2026\\\/02\\\/Cabezal.png\",\"width\":960,\"height\":640,\"caption\":\"EL INFORMATIVO DE TAMAULIPAS\"},\"image\":{\"@id\":\"https:\\\/\\\/elinformativotam.com\\\/#\\\/schema\\\/logo\\\/image\\\/\"}},{\"@type\":\"Person\",\"@id\":\"https:\\\/\\\/elinformativotam.com\\\/#\\\/schema\\\/person\\\/78e08040eed0f6110f0c5f83b6153590\",\"name\":\"El Informativo Tam\",\"image\":{\"@type\":\"ImageObject\",\"inLanguage\":\"es\",\"@id\":\"https:\\\/\\\/secure.gravatar.com\\\/avatar\\\/f3b7ad3af540688955925ac610647be00b0cf41feea9c4978b73a707ee86bc53?s=96&d=mm&r=g\",\"url\":\"https:\\\/\\\/secure.gravatar.com\\\/avatar\\\/f3b7ad3af540688955925ac610647be00b0cf41feea9c4978b73a707ee86bc53?s=96&d=mm&r=g\",\"contentUrl\":\"https:\\\/\\\/secure.gravatar.com\\\/avatar\\\/f3b7ad3af540688955925ac610647be00b0cf41feea9c4978b73a707ee86bc53?s=96&d=mm&r=g\",\"caption\":\"El Informativo Tam\"}}]}<\/script>\n<!-- \/ Yoast SEO plugin. -->","yoast_head_json":{"title":"GOBIERNO DE CIUDAD MADERO REFUERZA PROGRAMA DE LIMPIEZA EN PLAYA MIRAMAR - EL INFORMATIVO DE TAMAULIPAS","description":"El Gobierno de Ciudad Madero, que preside el alcalde Adri\u00e1n Oseguera Kernion, ha intensificado los trabajos de limpieza en playa Miramar a fin de evitar","robots":{"index":"index","follow":"follow","max-snippet":"max-snippet:-1","max-image-preview":"max-image-preview:large","max-video-preview":"max-video-preview:-1"},"canonical":"https:\/\/elinformativotam.com\/index.php\/2024\/02\/28\/gobierno-de-ciudad-madero-refuerza-programa-de-limpieza-en-playa-miramar\/","og_locale":"es_MX","og_type":"article","og_title":"GOBIERNO DE CIUDAD MADERO REFUERZA PROGRAMA DE LIMPIEZA EN PLAYA MIRAMAR - EL INFORMATIVO DE TAMAULIPAS","og_description":"El Gobierno de Ciudad Madero, que preside el alcalde Adri\u00e1n Oseguera Kernion, ha intensificado los trabajos de limpieza en playa Miramar a fin de evitar","og_url":"https:\/\/elinformativotam.com\/index.php\/2024\/02\/28\/gobierno-de-ciudad-madero-refuerza-programa-de-limpieza-en-playa-miramar\/","og_site_name":"EL INFORMATIVO DE TAMAULIPAS","article_published_time":"2024-02-29T05:27:32+00:00","og_image":[{"width":2560,"height":1707,"url":"https:\/\/elinformativotam.com\/wp-content\/uploads\/2024\/02\/3-scaled.jpg","type":"image\/jpeg"}],"author":"El Informativo Tam","twitter_card":"summary_large_image","twitter_misc":{"Escrito por":"El Informativo Tam","Tiempo de lectura":"2 minutos"},"schema":{"@context":"https:\/\/schema.org","@graph":[{"@type":"Article","@id":"https:\/\/elinformativotam.com\/index.php\/2024\/02\/28\/gobierno-de-ciudad-madero-refuerza-programa-de-limpieza-en-playa-miramar\/#article","isPartOf":{"@id":"https:\/\/elinformativotam.com\/index.php\/2024\/02\/28\/gobierno-de-ciudad-madero-refuerza-programa-de-limpieza-en-playa-miramar\/"},"author":{"name":"El Informativo Tam","@id":"https:\/\/elinformativotam.com\/#\/schema\/person\/78e08040eed0f6110f0c5f83b6153590"},"headline":"GOBIERNO DE CIUDAD MADERO REFUERZA PROGRAMA DE LIMPIEZA EN PLAYA MIRAMAR","datePublished":"2024-02-29T05:27:32+00:00","mainEntityOfPage":{"@id":"https:\/\/elinformativotam.com\/index.php\/2024\/02\/28\/gobierno-de-ciudad-madero-refuerza-programa-de-limpieza-en-playa-miramar\/"},"wordCount":252,"commentCount":0,"publisher":{"@id":"https:\/\/elinformativotam.com\/#organization"},"image":{"@id":"https:\/\/elinformativotam.com\/index.php\/2024\/02\/28\/gobierno-de-ciudad-madero-refuerza-programa-de-limpieza-en-playa-miramar\/#primaryimage"},"thumbnailUrl":"https:\/\/elinformativotam.com\/wp-content\/uploads\/2024\/02\/3-scaled.jpg","articleSection":["Cd Madero"],"inLanguage":"es","potentialAction":[{"@type":"CommentAction","name":"Comment","target":["https:\/\/elinformativotam.com\/index.php\/2024\/02\/28\/gobierno-de-ciudad-madero-refuerza-programa-de-limpieza-en-playa-miramar\/#respond"]}]},{"@type":"WebPage","@id":"https:\/\/elinformativotam.com\/index.php\/2024\/02\/28\/gobierno-de-ciudad-madero-refuerza-programa-de-limpieza-en-playa-miramar\/","url":"https:\/\/elinformativotam.com\/index.php\/2024\/02\/28\/gobierno-de-ciudad-madero-refuerza-programa-de-limpieza-en-playa-miramar\/","name":"GOBIERNO DE CIUDAD MADERO REFUERZA PROGRAMA DE LIMPIEZA EN PLAYA MIRAMAR - EL INFORMATIVO DE TAMAULIPAS","isPartOf":{"@id":"https:\/\/elinformativotam.com\/#website"},"primaryImageOfPage":{"@id":"https:\/\/elinformativotam.com\/index.php\/2024\/02\/28\/gobierno-de-ciudad-madero-refuerza-programa-de-limpieza-en-playa-miramar\/#primaryimage"},"image":{"@id":"https:\/\/elinformativotam.com\/index.php\/2024\/02\/28\/gobierno-de-ciudad-madero-refuerza-programa-de-limpieza-en-playa-miramar\/#primaryimage"},"thumbnailUrl":"https:\/\/elinformativotam.com\/wp-content\/uploads\/2024\/02\/3-scaled.jpg","datePublished":"2024-02-29T05:27:32+00:00","description":"El Gobierno de Ciudad Madero, que preside el alcalde Adri\u00e1n Oseguera Kernion, ha intensificado los trabajos de limpieza en playa Miramar a fin de evitar","inLanguage":"es","potentialAction":[{"@type":"ReadAction","target":["https:\/\/elinformativotam.com\/index.php\/2024\/02\/28\/gobierno-de-ciudad-madero-refuerza-programa-de-limpieza-en-playa-miramar\/"]}]},{"@type":"ImageObject","inLanguage":"es","@id":"https:\/\/elinformativotam.com\/index.php\/2024\/02\/28\/gobierno-de-ciudad-madero-refuerza-programa-de-limpieza-en-playa-miramar\/#primaryimage","url":"https:\/\/elinformativotam.com\/wp-content\/uploads\/2024\/02\/3-scaled.jpg","contentUrl":"https:\/\/elinformativotam.com\/wp-content\/uploads\/2024\/02\/3-scaled.jpg","width":2560,"height":1707},{"@type":"WebSite","@id":"https:\/\/elinformativotam.com\/#website","url":"https:\/\/elinformativotam.com\/","name":"EL INFORMATIVO DE TAMAULIPAS","description":"Desde la Zona Metropolitana Para Todo M\u00e9xico","publisher":{"@id":"https:\/\/elinformativotam.com\/#organization"},"potentialAction":[{"@type":"SearchAction","target":{"@type":"EntryPoint","urlTemplate":"https:\/\/elinformativotam.com\/?s={search_term_string}"},"query-input":{"@type":"PropertyValueSpecification","valueRequired":true,"valueName":"search_term_string"}}],"inLanguage":"es"},{"@type":"Organization","@id":"https:\/\/elinformativotam.com\/#organization","name":"EL INFORMATIVO DE TAMAULIPAS","url":"https:\/\/elinformativotam.com\/","logo":{"@type":"ImageObject","inLanguage":"es","@id":"https:\/\/elinformativotam.com\/#\/schema\/logo\/image\/","url":"https:\/\/elinformativotam.com\/wp-content\/uploads\/2026\/02\/Cabezal.png","contentUrl":"https:\/\/elinformativotam.com\/wp-content\/uploads\/2026\/02\/Cabezal.png","width":960,"height":640,"caption":"EL INFORMATIVO DE TAMAULIPAS"},"image":{"@id":"https:\/\/elinformativotam.com\/#\/schema\/logo\/image\/"}},{"@type":"Person","@id":"https:\/\/elinformativotam.com\/#\/schema\/person\/78e08040eed0f6110f0c5f83b6153590","name":"El Informativo Tam","image":{"@type":"ImageObject","inLanguage":"es","@id":"https:\/\/secure.gravatar.com\/avatar\/f3b7ad3af540688955925ac610647be00b0cf41feea9c4978b73a707ee86bc53?s=96&d=mm&r=g","url":"https:\/\/secure.gravatar.com\/avatar\/f3b7ad3af540688955925ac610647be00b0cf41feea9c4978b73a707ee86bc53?s=96&d=mm&r=g","contentUrl":"https:\/\/secure.gravatar.com\/avatar\/f3b7ad3af540688955925ac610647be00b0cf41feea9c4978b73a707ee86bc53?s=96&d=mm&r=g","caption":"El Informativo Tam"}}]}},"_links":{"self":[{"href":"https:\/\/elinformativotam.com\/index.php\/wp-json\/wp\/v2\/posts\/49383","targetHints":{"allow":["GET"]}}],"collection":[{"href":"https:\/\/elinformativotam.com\/index.php\/wp-json\/wp\/v2\/posts"}],"about":[{"href":"https:\/\/elinformativotam.com\/index.php\/wp-json\/wp\/v2\/types\/post"}],"author":[{"embeddable":true,"href":"https:\/\/elinformativotam.com\/index.php\/wp-json\/wp\/v2\/users\/1"}],"replies":[{"embeddable":true,"href":"https:\/\/elinformativotam.com\/index.php\/wp-json\/wp\/v2\/comments?post=49383"}],"version-history":[{"count":1,"href":"https:\/\/elinformativotam.com\/index.php\/wp-json\/wp\/v2\/posts\/49383\/revisions"}],"predecessor-version":[{"id":49385,"href":"https:\/\/elinformativotam.com\/index.php\/wp-json\/wp\/v2\/posts\/49383\/revisions\/49385"}],"wp:featuredmedia":[{"embeddable":true,"href":"https:\/\/elinformativotam.com\/index.php\/wp-json\/wp\/v2\/media\/49384"}],"wp:attachment":[{"href":"https:\/\/elinformativotam.com\/index.php\/wp-json\/wp\/v2\/media?parent=49383"}],"wp:term":[{"taxonomy":"category","embeddable":true,"href":"https:\/\/elinformativotam.com\/index.php\/wp-json\/wp\/v2\/categories?post=49383"},{"taxonomy":"post_tag","embeddable":true,"href":"https:\/\/elinformativotam.com\/index.php\/wp-json\/wp\/v2\/tags?post=49383"}],"curies":[{"name":"wp","href":"https:\/\/api.w.org\/{rel}","templated":true}]}}