{"id":49380,"date":"2024-02-27T22:14:10","date_gmt":"2024-02-28T04:14:10","guid":{"rendered":"https:\/\/elinformativotam.com\/?p=49380"},"modified":"2024-02-27T22:14:10","modified_gmt":"2024-02-28T04:14:10","slug":"reconocen-a-armando-martinez-manriquez-como-mejor-alcalde-de-tamaulipas","status":"publish","type":"post","link":"https:\/\/elinformativotam.com\/index.php\/2024\/02\/27\/reconocen-a-armando-martinez-manriquez-como-mejor-alcalde-de-tamaulipas\/","title":{"rendered":"RECONOCEN A ARMANDO MART\u00cdNEZ MANR\u00cdQUEZ COMO MEJOR ALCALDE DE TAMAULIPAS"},"content":{"rendered":"<h2><span style=\"font-family: 'times new roman', times;\">*Recibi\u00f3 Esta Distinci\u00f3n Por Parte De La Asociaci\u00f3n Civil Fuerzas Unidas Por Tampico<\/span><\/h2>\n<p>&nbsp;<\/p>\n<p>Gracias al trabajo desarrollado en beneficio de las familias de Altamira mediante diferentes acciones sociales, el presidente municipal, Dr. Armando Mart\u00ednez Manr\u00edquez, fue reconocido como mejor alcalde de Tamaulipas por la asociaci\u00f3n civil Fuerzas Unidas por Tampico, esto tras un an\u00e1lisis de los 43 alcaldes de la entidad, resultando la administraci\u00f3n municipal de Altamira con la mejor evaluaci\u00f3n.<\/p>\n<p>&nbsp;<\/p>\n<p>Teniendo como marco el patio central del palacio municipal, el presidente de Fuerzas Unidas por Tampico, Jaime D\u00edaz Castillo, hizo entrega de esta distinci\u00f3n al presidente municipal, Dr. Armando Mart\u00ednez Manr\u00edquez, por su extraordinario trabajo en favor de los altamirenses, mediante un actuar humanista siendo un ejemplo estatal de gobierno.<\/p>\n<p>&nbsp;<\/p>\n<p>Tras recibir este importante y significativo reconocimiento, el alcalde Dr. Armando Mart\u00ednez Manr\u00edquez, expres\u00f3 que a casi dos a\u00f1os y medio de haber iniciado la actual administraci\u00f3n municipal, es muy satisfactorio recibir la aprobaci\u00f3n del pueblo altamirense.<\/p>\n<p>&nbsp;<\/p>\n<p>\u201cMe siento muy feliz de recibir las muestras de afecto de todos los ciudadanos altamirenses que nos motiva para seguir trabajando por esta hermosa ciudad\u201d, indic\u00f3.<\/p>\n<p>&nbsp;<\/p>\n<p>Fuerzas Unidas por Tampico es una agrupaci\u00f3n con m\u00e1s de 15 a\u00f1os constituida, dedicada a la ayuda humanitaria y al fomento del deporte y la cultura, que ha distinguido a las glorias del deporte, l\u00edderes educativos y culturales, as\u00ed como a deportistas destacados a nivel local, estatal, nacional, e internacional; en esta ocasi\u00f3n otorgando por primera vez desde su creaci\u00f3n el \u201cReconocimiento al Mejor Presidente Municipal de Tamaulipas\u201d.<\/p>\n<p>&nbsp;<\/p>\n<p>\u201cEstamos recibiendo los frutos de todo el esfuerzo que hemos realizado durante este tiempo; nos da mucho gusto que de acuerdo al an\u00e1lisis que hicieron hayan reconocido al gobierno municipal de Altamira como el m\u00e1s destacado de Tamaulipas\u201d, concluy\u00f3 Mart\u00ednez Manr\u00edquez.<\/p>\n<p>&nbsp;<\/p>\n<p>En esta ceremonia, el alcalde estuvo acompa\u00f1ado por la presidenta del sistema DIF Altamira, C.P. Rossy Luque de Mart\u00ednez, e hijos; acudiendo adem\u00e1s los integrantes de la citada asociaci\u00f3n: Lic. Jos\u00e9 Olivares Calvo, asesor jur\u00eddico; V\u00edctor Manuel L\u00f3pez Araujo, coordinador de eventos especiales; Pedro Rivera Mart\u00ednez, secretario de Deportes; Evaristo Rodr\u00edguez, coordinador de Relaciones P\u00fablicas y vocero, y Jos\u00e9 \u00c1ngel Heftye Hern\u00e1ndez, asesor y coordinador del Comit\u00e9 de Reconocimientos, as\u00ed como integrantes del cuerpo edilicio y funcionarios municipales.<\/p>\n<p>&nbsp;<\/p>\n<p>&nbsp;<\/p>\n","protected":false},"excerpt":{"rendered":"<p>*Recibi\u00f3 Esta Distinci\u00f3n Por Parte De La Asociaci\u00f3n Civil Fuerzas Unidas Por Tampico &nbsp; Gracias al trabajo desarrollado en beneficio&hellip;<\/p>\n","protected":false},"author":1,"featured_media":49381,"comment_status":"open","ping_status":"open","sticky":false,"template":"","format":"standard","meta":{"footnotes":""},"categories":[5],"tags":[],"class_list":["post-49380","post","type-post","status-publish","format-standard","has-post-thumbnail","hentry","category-altamira"],"yoast_head":"<!-- This site is optimized with the Yoast SEO plugin v27.5 - https:\/\/yoast.com\/product\/yoast-seo-wordpress\/ -->\n<title>RECONOCEN A ARMANDO MART\u00cdNEZ MANR\u00cdQUEZ COMO MEJOR ALCALDE DE TAMAULIPAS - EL INFORMATIVO DE TAMAULIPAS<\/title>\n<meta name=\"description\" content=\"*Recibi\u00f3 Esta Distinci\u00f3n Por Parte De La Asociaci\u00f3n Civil Fuerzas Unidas Por Tampico &nbsp; Gracias al trabajo desarrollado en beneficio de las familias\" \/>\n<meta name=\"robots\" content=\"index, follow, max-snippet:-1, max-image-preview:large, max-video-preview:-1\" \/>\n<link rel=\"canonical\" href=\"https:\/\/elinformativotam.com\/index.php\/2024\/02\/27\/reconocen-a-armando-martinez-manriquez-como-mejor-alcalde-de-tamaulipas\/\" \/>\n<meta property=\"og:locale\" content=\"es_MX\" \/>\n<meta property=\"og:type\" content=\"article\" \/>\n<meta property=\"og:title\" content=\"RECONOCEN A ARMANDO MART\u00cdNEZ MANR\u00cdQUEZ COMO MEJOR ALCALDE DE TAMAULIPAS - EL INFORMATIVO DE TAMAULIPAS\" \/>\n<meta property=\"og:description\" content=\"*Recibi\u00f3 Esta Distinci\u00f3n Por Parte De La Asociaci\u00f3n Civil Fuerzas Unidas Por Tampico &nbsp; Gracias al trabajo desarrollado en beneficio de las familias\" \/>\n<meta property=\"og:url\" content=\"https:\/\/elinformativotam.com\/index.php\/2024\/02\/27\/reconocen-a-armando-martinez-manriquez-como-mejor-alcalde-de-tamaulipas\/\" \/>\n<meta property=\"og:site_name\" content=\"EL INFORMATIVO DE TAMAULIPAS\" \/>\n<meta property=\"article:published_time\" content=\"2024-02-28T04:14:10+00:00\" \/>\n<meta property=\"og:image\" content=\"https:\/\/elinformativotam.com\/wp-content\/uploads\/2024\/02\/Reconocimiento.jpeg\" \/>\n\t<meta property=\"og:image:width\" content=\"1280\" \/>\n\t<meta property=\"og:image:height\" content=\"961\" \/>\n\t<meta property=\"og:image:type\" content=\"image\/jpeg\" \/>\n<meta name=\"author\" content=\"El Informativo Tam\" \/>\n<meta name=\"twitter:card\" content=\"summary_large_image\" \/>\n<meta name=\"twitter:label1\" content=\"Escrito por\" \/>\n\t<meta name=\"twitter:data1\" content=\"El Informativo Tam\" \/>\n\t<meta name=\"twitter:label2\" content=\"Tiempo de lectura\" \/>\n\t<meta name=\"twitter:data2\" content=\"2 minutos\" \/>\n<script type=\"application\/ld+json\" class=\"yoast-schema-graph\">{\"@context\":\"https:\\\/\\\/schema.org\",\"@graph\":[{\"@type\":\"Article\",\"@id\":\"https:\\\/\\\/elinformativotam.com\\\/index.php\\\/2024\\\/02\\\/27\\\/reconocen-a-armando-martinez-manriquez-como-mejor-alcalde-de-tamaulipas\\\/#article\",\"isPartOf\":{\"@id\":\"https:\\\/\\\/elinformativotam.com\\\/index.php\\\/2024\\\/02\\\/27\\\/reconocen-a-armando-martinez-manriquez-como-mejor-alcalde-de-tamaulipas\\\/\"},\"author\":{\"name\":\"El Informativo Tam\",\"@id\":\"https:\\\/\\\/elinformativotam.com\\\/#\\\/schema\\\/person\\\/78e08040eed0f6110f0c5f83b6153590\"},\"headline\":\"RECONOCEN A ARMANDO MART\u00cdNEZ MANR\u00cdQUEZ COMO MEJOR ALCALDE DE TAMAULIPAS\",\"datePublished\":\"2024-02-28T04:14:10+00:00\",\"mainEntityOfPage\":{\"@id\":\"https:\\\/\\\/elinformativotam.com\\\/index.php\\\/2024\\\/02\\\/27\\\/reconocen-a-armando-martinez-manriquez-como-mejor-alcalde-de-tamaulipas\\\/\"},\"wordCount\":429,\"commentCount\":0,\"publisher\":{\"@id\":\"https:\\\/\\\/elinformativotam.com\\\/#organization\"},\"image\":{\"@id\":\"https:\\\/\\\/elinformativotam.com\\\/index.php\\\/2024\\\/02\\\/27\\\/reconocen-a-armando-martinez-manriquez-como-mejor-alcalde-de-tamaulipas\\\/#primaryimage\"},\"thumbnailUrl\":\"https:\\\/\\\/elinformativotam.com\\\/wp-content\\\/uploads\\\/2024\\\/02\\\/Reconocimiento.jpeg\",\"articleSection\":[\"Altamira\"],\"inLanguage\":\"es\",\"potentialAction\":[{\"@type\":\"CommentAction\",\"name\":\"Comment\",\"target\":[\"https:\\\/\\\/elinformativotam.com\\\/index.php\\\/2024\\\/02\\\/27\\\/reconocen-a-armando-martinez-manriquez-como-mejor-alcalde-de-tamaulipas\\\/#respond\"]}]},{\"@type\":\"WebPage\",\"@id\":\"https:\\\/\\\/elinformativotam.com\\\/index.php\\\/2024\\\/02\\\/27\\\/reconocen-a-armando-martinez-manriquez-como-mejor-alcalde-de-tamaulipas\\\/\",\"url\":\"https:\\\/\\\/elinformativotam.com\\\/index.php\\\/2024\\\/02\\\/27\\\/reconocen-a-armando-martinez-manriquez-como-mejor-alcalde-de-tamaulipas\\\/\",\"name\":\"RECONOCEN A ARMANDO MART\u00cdNEZ MANR\u00cdQUEZ COMO MEJOR ALCALDE DE TAMAULIPAS - EL INFORMATIVO DE TAMAULIPAS\",\"isPartOf\":{\"@id\":\"https:\\\/\\\/elinformativotam.com\\\/#website\"},\"primaryImageOfPage\":{\"@id\":\"https:\\\/\\\/elinformativotam.com\\\/index.php\\\/2024\\\/02\\\/27\\\/reconocen-a-armando-martinez-manriquez-como-mejor-alcalde-de-tamaulipas\\\/#primaryimage\"},\"image\":{\"@id\":\"https:\\\/\\\/elinformativotam.com\\\/index.php\\\/2024\\\/02\\\/27\\\/reconocen-a-armando-martinez-manriquez-como-mejor-alcalde-de-tamaulipas\\\/#primaryimage\"},\"thumbnailUrl\":\"https:\\\/\\\/elinformativotam.com\\\/wp-content\\\/uploads\\\/2024\\\/02\\\/Reconocimiento.jpeg\",\"datePublished\":\"2024-02-28T04:14:10+00:00\",\"description\":\"*Recibi\u00f3 Esta Distinci\u00f3n Por Parte De La Asociaci\u00f3n Civil Fuerzas Unidas Por Tampico &nbsp; Gracias al trabajo desarrollado en beneficio de las familias\",\"inLanguage\":\"es\",\"potentialAction\":[{\"@type\":\"ReadAction\",\"target\":[\"https:\\\/\\\/elinformativotam.com\\\/index.php\\\/2024\\\/02\\\/27\\\/reconocen-a-armando-martinez-manriquez-como-mejor-alcalde-de-tamaulipas\\\/\"]}]},{\"@type\":\"ImageObject\",\"inLanguage\":\"es\",\"@id\":\"https:\\\/\\\/elinformativotam.com\\\/index.php\\\/2024\\\/02\\\/27\\\/reconocen-a-armando-martinez-manriquez-como-mejor-alcalde-de-tamaulipas\\\/#primaryimage\",\"url\":\"https:\\\/\\\/elinformativotam.com\\\/wp-content\\\/uploads\\\/2024\\\/02\\\/Reconocimiento.jpeg\",\"contentUrl\":\"https:\\\/\\\/elinformativotam.com\\\/wp-content\\\/uploads\\\/2024\\\/02\\\/Reconocimiento.jpeg\",\"width\":1280,\"height\":961},{\"@type\":\"WebSite\",\"@id\":\"https:\\\/\\\/elinformativotam.com\\\/#website\",\"url\":\"https:\\\/\\\/elinformativotam.com\\\/\",\"name\":\"EL INFORMATIVO DE TAMAULIPAS\",\"description\":\"Desde la Zona Metropolitana Para Todo M\u00e9xico\",\"publisher\":{\"@id\":\"https:\\\/\\\/elinformativotam.com\\\/#organization\"},\"potentialAction\":[{\"@type\":\"SearchAction\",\"target\":{\"@type\":\"EntryPoint\",\"urlTemplate\":\"https:\\\/\\\/elinformativotam.com\\\/?s={search_term_string}\"},\"query-input\":{\"@type\":\"PropertyValueSpecification\",\"valueRequired\":true,\"valueName\":\"search_term_string\"}}],\"inLanguage\":\"es\"},{\"@type\":\"Organization\",\"@id\":\"https:\\\/\\\/elinformativotam.com\\\/#organization\",\"name\":\"EL INFORMATIVO DE TAMAULIPAS\",\"url\":\"https:\\\/\\\/elinformativotam.com\\\/\",\"logo\":{\"@type\":\"ImageObject\",\"inLanguage\":\"es\",\"@id\":\"https:\\\/\\\/elinformativotam.com\\\/#\\\/schema\\\/logo\\\/image\\\/\",\"url\":\"https:\\\/\\\/elinformativotam.com\\\/wp-content\\\/uploads\\\/2026\\\/02\\\/Cabezal.png\",\"contentUrl\":\"https:\\\/\\\/elinformativotam.com\\\/wp-content\\\/uploads\\\/2026\\\/02\\\/Cabezal.png\",\"width\":960,\"height\":640,\"caption\":\"EL INFORMATIVO DE TAMAULIPAS\"},\"image\":{\"@id\":\"https:\\\/\\\/elinformativotam.com\\\/#\\\/schema\\\/logo\\\/image\\\/\"}},{\"@type\":\"Person\",\"@id\":\"https:\\\/\\\/elinformativotam.com\\\/#\\\/schema\\\/person\\\/78e08040eed0f6110f0c5f83b6153590\",\"name\":\"El Informativo Tam\",\"image\":{\"@type\":\"ImageObject\",\"inLanguage\":\"es\",\"@id\":\"https:\\\/\\\/secure.gravatar.com\\\/avatar\\\/f3b7ad3af540688955925ac610647be00b0cf41feea9c4978b73a707ee86bc53?s=96&d=mm&r=g\",\"url\":\"https:\\\/\\\/secure.gravatar.com\\\/avatar\\\/f3b7ad3af540688955925ac610647be00b0cf41feea9c4978b73a707ee86bc53?s=96&d=mm&r=g\",\"contentUrl\":\"https:\\\/\\\/secure.gravatar.com\\\/avatar\\\/f3b7ad3af540688955925ac610647be00b0cf41feea9c4978b73a707ee86bc53?s=96&d=mm&r=g\",\"caption\":\"El Informativo Tam\"}}]}<\/script>\n<!-- \/ Yoast SEO plugin. -->","yoast_head_json":{"title":"RECONOCEN A ARMANDO MART\u00cdNEZ MANR\u00cdQUEZ COMO MEJOR ALCALDE DE TAMAULIPAS - EL INFORMATIVO DE TAMAULIPAS","description":"*Recibi\u00f3 Esta Distinci\u00f3n Por Parte De La Asociaci\u00f3n Civil Fuerzas Unidas Por Tampico &nbsp; Gracias al trabajo desarrollado en beneficio de las familias","robots":{"index":"index","follow":"follow","max-snippet":"max-snippet:-1","max-image-preview":"max-image-preview:large","max-video-preview":"max-video-preview:-1"},"canonical":"https:\/\/elinformativotam.com\/index.php\/2024\/02\/27\/reconocen-a-armando-martinez-manriquez-como-mejor-alcalde-de-tamaulipas\/","og_locale":"es_MX","og_type":"article","og_title":"RECONOCEN A ARMANDO MART\u00cdNEZ MANR\u00cdQUEZ COMO MEJOR ALCALDE DE TAMAULIPAS - EL INFORMATIVO DE TAMAULIPAS","og_description":"*Recibi\u00f3 Esta Distinci\u00f3n Por Parte De La Asociaci\u00f3n Civil Fuerzas Unidas Por Tampico &nbsp; Gracias al trabajo desarrollado en beneficio de las familias","og_url":"https:\/\/elinformativotam.com\/index.php\/2024\/02\/27\/reconocen-a-armando-martinez-manriquez-como-mejor-alcalde-de-tamaulipas\/","og_site_name":"EL INFORMATIVO DE TAMAULIPAS","article_published_time":"2024-02-28T04:14:10+00:00","og_image":[{"width":1280,"height":961,"url":"https:\/\/elinformativotam.com\/wp-content\/uploads\/2024\/02\/Reconocimiento.jpeg","type":"image\/jpeg"}],"author":"El Informativo Tam","twitter_card":"summary_large_image","twitter_misc":{"Escrito por":"El Informativo Tam","Tiempo de lectura":"2 minutos"},"schema":{"@context":"https:\/\/schema.org","@graph":[{"@type":"Article","@id":"https:\/\/elinformativotam.com\/index.php\/2024\/02\/27\/reconocen-a-armando-martinez-manriquez-como-mejor-alcalde-de-tamaulipas\/#article","isPartOf":{"@id":"https:\/\/elinformativotam.com\/index.php\/2024\/02\/27\/reconocen-a-armando-martinez-manriquez-como-mejor-alcalde-de-tamaulipas\/"},"author":{"name":"El Informativo Tam","@id":"https:\/\/elinformativotam.com\/#\/schema\/person\/78e08040eed0f6110f0c5f83b6153590"},"headline":"RECONOCEN A ARMANDO MART\u00cdNEZ MANR\u00cdQUEZ COMO MEJOR ALCALDE DE TAMAULIPAS","datePublished":"2024-02-28T04:14:10+00:00","mainEntityOfPage":{"@id":"https:\/\/elinformativotam.com\/index.php\/2024\/02\/27\/reconocen-a-armando-martinez-manriquez-como-mejor-alcalde-de-tamaulipas\/"},"wordCount":429,"commentCount":0,"publisher":{"@id":"https:\/\/elinformativotam.com\/#organization"},"image":{"@id":"https:\/\/elinformativotam.com\/index.php\/2024\/02\/27\/reconocen-a-armando-martinez-manriquez-como-mejor-alcalde-de-tamaulipas\/#primaryimage"},"thumbnailUrl":"https:\/\/elinformativotam.com\/wp-content\/uploads\/2024\/02\/Reconocimiento.jpeg","articleSection":["Altamira"],"inLanguage":"es","potentialAction":[{"@type":"CommentAction","name":"Comment","target":["https:\/\/elinformativotam.com\/index.php\/2024\/02\/27\/reconocen-a-armando-martinez-manriquez-como-mejor-alcalde-de-tamaulipas\/#respond"]}]},{"@type":"WebPage","@id":"https:\/\/elinformativotam.com\/index.php\/2024\/02\/27\/reconocen-a-armando-martinez-manriquez-como-mejor-alcalde-de-tamaulipas\/","url":"https:\/\/elinformativotam.com\/index.php\/2024\/02\/27\/reconocen-a-armando-martinez-manriquez-como-mejor-alcalde-de-tamaulipas\/","name":"RECONOCEN A ARMANDO MART\u00cdNEZ MANR\u00cdQUEZ COMO MEJOR ALCALDE DE TAMAULIPAS - EL INFORMATIVO DE TAMAULIPAS","isPartOf":{"@id":"https:\/\/elinformativotam.com\/#website"},"primaryImageOfPage":{"@id":"https:\/\/elinformativotam.com\/index.php\/2024\/02\/27\/reconocen-a-armando-martinez-manriquez-como-mejor-alcalde-de-tamaulipas\/#primaryimage"},"image":{"@id":"https:\/\/elinformativotam.com\/index.php\/2024\/02\/27\/reconocen-a-armando-martinez-manriquez-como-mejor-alcalde-de-tamaulipas\/#primaryimage"},"thumbnailUrl":"https:\/\/elinformativotam.com\/wp-content\/uploads\/2024\/02\/Reconocimiento.jpeg","datePublished":"2024-02-28T04:14:10+00:00","description":"*Recibi\u00f3 Esta Distinci\u00f3n Por Parte De La Asociaci\u00f3n Civil Fuerzas Unidas Por Tampico &nbsp; Gracias al trabajo desarrollado en beneficio de las familias","inLanguage":"es","potentialAction":[{"@type":"ReadAction","target":["https:\/\/elinformativotam.com\/index.php\/2024\/02\/27\/reconocen-a-armando-martinez-manriquez-como-mejor-alcalde-de-tamaulipas\/"]}]},{"@type":"ImageObject","inLanguage":"es","@id":"https:\/\/elinformativotam.com\/index.php\/2024\/02\/27\/reconocen-a-armando-martinez-manriquez-como-mejor-alcalde-de-tamaulipas\/#primaryimage","url":"https:\/\/elinformativotam.com\/wp-content\/uploads\/2024\/02\/Reconocimiento.jpeg","contentUrl":"https:\/\/elinformativotam.com\/wp-content\/uploads\/2024\/02\/Reconocimiento.jpeg","width":1280,"height":961},{"@type":"WebSite","@id":"https:\/\/elinformativotam.com\/#website","url":"https:\/\/elinformativotam.com\/","name":"EL INFORMATIVO DE TAMAULIPAS","description":"Desde la Zona Metropolitana Para Todo M\u00e9xico","publisher":{"@id":"https:\/\/elinformativotam.com\/#organization"},"potentialAction":[{"@type":"SearchAction","target":{"@type":"EntryPoint","urlTemplate":"https:\/\/elinformativotam.com\/?s={search_term_string}"},"query-input":{"@type":"PropertyValueSpecification","valueRequired":true,"valueName":"search_term_string"}}],"inLanguage":"es"},{"@type":"Organization","@id":"https:\/\/elinformativotam.com\/#organization","name":"EL INFORMATIVO DE TAMAULIPAS","url":"https:\/\/elinformativotam.com\/","logo":{"@type":"ImageObject","inLanguage":"es","@id":"https:\/\/elinformativotam.com\/#\/schema\/logo\/image\/","url":"https:\/\/elinformativotam.com\/wp-content\/uploads\/2026\/02\/Cabezal.png","contentUrl":"https:\/\/elinformativotam.com\/wp-content\/uploads\/2026\/02\/Cabezal.png","width":960,"height":640,"caption":"EL INFORMATIVO DE TAMAULIPAS"},"image":{"@id":"https:\/\/elinformativotam.com\/#\/schema\/logo\/image\/"}},{"@type":"Person","@id":"https:\/\/elinformativotam.com\/#\/schema\/person\/78e08040eed0f6110f0c5f83b6153590","name":"El Informativo Tam","image":{"@type":"ImageObject","inLanguage":"es","@id":"https:\/\/secure.gravatar.com\/avatar\/f3b7ad3af540688955925ac610647be00b0cf41feea9c4978b73a707ee86bc53?s=96&d=mm&r=g","url":"https:\/\/secure.gravatar.com\/avatar\/f3b7ad3af540688955925ac610647be00b0cf41feea9c4978b73a707ee86bc53?s=96&d=mm&r=g","contentUrl":"https:\/\/secure.gravatar.com\/avatar\/f3b7ad3af540688955925ac610647be00b0cf41feea9c4978b73a707ee86bc53?s=96&d=mm&r=g","caption":"El Informativo Tam"}}]}},"_links":{"self":[{"href":"https:\/\/elinformativotam.com\/index.php\/wp-json\/wp\/v2\/posts\/49380","targetHints":{"allow":["GET"]}}],"collection":[{"href":"https:\/\/elinformativotam.com\/index.php\/wp-json\/wp\/v2\/posts"}],"about":[{"href":"https:\/\/elinformativotam.com\/index.php\/wp-json\/wp\/v2\/types\/post"}],"author":[{"embeddable":true,"href":"https:\/\/elinformativotam.com\/index.php\/wp-json\/wp\/v2\/users\/1"}],"replies":[{"embeddable":true,"href":"https:\/\/elinformativotam.com\/index.php\/wp-json\/wp\/v2\/comments?post=49380"}],"version-history":[{"count":1,"href":"https:\/\/elinformativotam.com\/index.php\/wp-json\/wp\/v2\/posts\/49380\/revisions"}],"predecessor-version":[{"id":49382,"href":"https:\/\/elinformativotam.com\/index.php\/wp-json\/wp\/v2\/posts\/49380\/revisions\/49382"}],"wp:featuredmedia":[{"embeddable":true,"href":"https:\/\/elinformativotam.com\/index.php\/wp-json\/wp\/v2\/media\/49381"}],"wp:attachment":[{"href":"https:\/\/elinformativotam.com\/index.php\/wp-json\/wp\/v2\/media?parent=49380"}],"wp:term":[{"taxonomy":"category","embeddable":true,"href":"https:\/\/elinformativotam.com\/index.php\/wp-json\/wp\/v2\/categories?post=49380"},{"taxonomy":"post_tag","embeddable":true,"href":"https:\/\/elinformativotam.com\/index.php\/wp-json\/wp\/v2\/tags?post=49380"}],"curies":[{"name":"wp","href":"https:\/\/api.w.org\/{rel}","templated":true}]}}