{"id":49374,"date":"2024-02-27T22:08:42","date_gmt":"2024-02-28T04:08:42","guid":{"rendered":"https:\/\/elinformativotam.com\/?p=49374"},"modified":"2024-02-27T22:08:42","modified_gmt":"2024-02-28T04:08:42","slug":"exhorta-chucho-a-trabajadores-no-descuidar-labores-por-su-ausencia","status":"publish","type":"post","link":"https:\/\/elinformativotam.com\/index.php\/2024\/02\/27\/exhorta-chucho-a-trabajadores-no-descuidar-labores-por-su-ausencia\/","title":{"rendered":"EXHORTA CHUCHO A TRABAJADORES NO DESCUIDAR LABORES POR SU AUSENCIA"},"content":{"rendered":"<h2 style=\"text-align: center;\"><em><span style=\"font-family: 'times new roman', times;\">*El Trabajo Hacia La Poblaci\u00f3n No Se Detendr\u00e1 En Los Pr\u00f3ximos Tres Meses<\/span><\/em><\/h2>\n<p>&nbsp;<\/p>\n<p>&nbsp;<\/p>\n<p>El alcalde de Tampico, Jes\u00fas Nader Nasrrallah, exhort\u00f3 a todos los trabajadores municipales a no relajarse en sus labores a partir del pr\u00f3ximo 29 de Febrero, esto luego de que el cabildo aprobara su licencia temporal para ir a la campa\u00f1a constitucional.<\/p>\n<p>&nbsp;<\/p>\n<p>Se\u00f1al\u00f3 que habr\u00e1 de cumplir con un nuevo reto pol\u00edtico en su carrera como servidor p\u00fablico, y dej\u00f3 en claro que la labor del trienio no debe detenerse ni relajarse.<\/p>\n<p>&nbsp;<\/p>\n<p>&#8220;El llamado es a qu\u00e9 sigan trabajo como hasta ahora lo han hecho, el gobierno no se detendr\u00e1 y deben seguir laborando los siete d\u00edas de la semana&#8221;, dijo<\/p>\n<p>&nbsp;<\/p>\n<p>Nader, enfatiz\u00f3 que tiene una amplia responsabilidad que cumplir con los tampique\u00f1os hasta el \u00faltimo d\u00eda de su gobierno, pues confi\u00f3 en que el alcalde suplente Fernando Alzaga Madaria, har\u00e1 un buen trabajo en los pr\u00f3ximos 3 meses.<\/p>\n<p>&nbsp;<\/p>\n<p>&#8220;Y en ese sentido debemos de cumplir con esa responsabilidad. Yo estar\u00e9 de regreso un d\u00eda despu\u00e9s de la elecci\u00f3n&#8221;, acot\u00f3<\/p>\n<p>&nbsp;<\/p>\n<p>El Presidente Municipal del PAN record\u00f3 que ser\u00e1 su sexta campa\u00f1a electoral y reiter\u00f3 que encabezar\u00e1 &#8220;una contienda limpia y de mucha propuesta en el 8 distrito&#8221;.<\/p>\n<p>&nbsp;<\/p>\n<p>Finalmente, expuso que su registro lo llev\u00f3 a cabo en el INE de la CDMX, en d\u00edas pasados.<\/p>\n","protected":false},"excerpt":{"rendered":"<p>*El Trabajo Hacia La Poblaci\u00f3n No Se Detendr\u00e1 En Los Pr\u00f3ximos Tres Meses &nbsp; &nbsp; El alcalde de Tampico, Jes\u00fas&hellip;<\/p>\n","protected":false},"author":1,"featured_media":49375,"comment_status":"open","ping_status":"open","sticky":false,"template":"","format":"standard","meta":{"footnotes":""},"categories":[3],"tags":[],"class_list":["post-49374","post","type-post","status-publish","format-standard","has-post-thumbnail","hentry","category-tampico"],"yoast_head":"<!-- This site is optimized with the Yoast SEO plugin v27.5 - https:\/\/yoast.com\/product\/yoast-seo-wordpress\/ -->\n<title>EXHORTA CHUCHO A TRABAJADORES NO DESCUIDAR LABORES POR SU AUSENCIA - EL INFORMATIVO DE TAMAULIPAS<\/title>\n<meta name=\"description\" content=\"*El Trabajo Hacia La Poblaci\u00f3n No Se Detendr\u00e1 En Los Pr\u00f3ximos Tres Meses &nbsp; &nbsp; El alcalde de Tampico, Jes\u00fas Nader Nasrrallah, exhort\u00f3 a todos los\" \/>\n<meta name=\"robots\" content=\"index, follow, max-snippet:-1, max-image-preview:large, max-video-preview:-1\" \/>\n<link rel=\"canonical\" href=\"https:\/\/elinformativotam.com\/index.php\/2024\/02\/27\/exhorta-chucho-a-trabajadores-no-descuidar-labores-por-su-ausencia\/\" \/>\n<meta property=\"og:locale\" content=\"es_MX\" \/>\n<meta property=\"og:type\" content=\"article\" \/>\n<meta property=\"og:title\" content=\"EXHORTA CHUCHO A TRABAJADORES NO DESCUIDAR LABORES POR SU AUSENCIA - EL INFORMATIVO DE TAMAULIPAS\" \/>\n<meta property=\"og:description\" content=\"*El Trabajo Hacia La Poblaci\u00f3n No Se Detendr\u00e1 En Los Pr\u00f3ximos Tres Meses &nbsp; &nbsp; El alcalde de Tampico, Jes\u00fas Nader Nasrrallah, exhort\u00f3 a todos los\" \/>\n<meta property=\"og:url\" content=\"https:\/\/elinformativotam.com\/index.php\/2024\/02\/27\/exhorta-chucho-a-trabajadores-no-descuidar-labores-por-su-ausencia\/\" \/>\n<meta property=\"og:site_name\" content=\"EL INFORMATIVO DE TAMAULIPAS\" \/>\n<meta property=\"article:published_time\" content=\"2024-02-28T04:08:42+00:00\" \/>\n<meta property=\"og:image\" content=\"https:\/\/elinformativotam.com\/wp-content\/uploads\/2024\/02\/Chucho.jpeg\" \/>\n\t<meta property=\"og:image:width\" content=\"1600\" \/>\n\t<meta property=\"og:image:height\" content=\"1204\" \/>\n\t<meta property=\"og:image:type\" content=\"image\/jpeg\" \/>\n<meta name=\"author\" content=\"El Informativo Tam\" \/>\n<meta name=\"twitter:card\" content=\"summary_large_image\" \/>\n<meta name=\"twitter:label1\" content=\"Escrito por\" \/>\n\t<meta name=\"twitter:data1\" content=\"El Informativo Tam\" \/>\n\t<meta name=\"twitter:label2\" content=\"Tiempo de lectura\" \/>\n\t<meta name=\"twitter:data2\" content=\"2 minutos\" \/>\n<script type=\"application\/ld+json\" class=\"yoast-schema-graph\">{\"@context\":\"https:\\\/\\\/schema.org\",\"@graph\":[{\"@type\":\"Article\",\"@id\":\"https:\\\/\\\/elinformativotam.com\\\/index.php\\\/2024\\\/02\\\/27\\\/exhorta-chucho-a-trabajadores-no-descuidar-labores-por-su-ausencia\\\/#article\",\"isPartOf\":{\"@id\":\"https:\\\/\\\/elinformativotam.com\\\/index.php\\\/2024\\\/02\\\/27\\\/exhorta-chucho-a-trabajadores-no-descuidar-labores-por-su-ausencia\\\/\"},\"author\":{\"name\":\"El Informativo Tam\",\"@id\":\"https:\\\/\\\/elinformativotam.com\\\/#\\\/schema\\\/person\\\/78e08040eed0f6110f0c5f83b6153590\"},\"headline\":\"EXHORTA CHUCHO A TRABAJADORES NO DESCUIDAR LABORES POR SU AUSENCIA\",\"datePublished\":\"2024-02-28T04:08:42+00:00\",\"mainEntityOfPage\":{\"@id\":\"https:\\\/\\\/elinformativotam.com\\\/index.php\\\/2024\\\/02\\\/27\\\/exhorta-chucho-a-trabajadores-no-descuidar-labores-por-su-ausencia\\\/\"},\"wordCount\":250,\"commentCount\":0,\"publisher\":{\"@id\":\"https:\\\/\\\/elinformativotam.com\\\/#organization\"},\"image\":{\"@id\":\"https:\\\/\\\/elinformativotam.com\\\/index.php\\\/2024\\\/02\\\/27\\\/exhorta-chucho-a-trabajadores-no-descuidar-labores-por-su-ausencia\\\/#primaryimage\"},\"thumbnailUrl\":\"https:\\\/\\\/elinformativotam.com\\\/wp-content\\\/uploads\\\/2024\\\/02\\\/Chucho.jpeg\",\"articleSection\":[\"Tampico\"],\"inLanguage\":\"es\",\"potentialAction\":[{\"@type\":\"CommentAction\",\"name\":\"Comment\",\"target\":[\"https:\\\/\\\/elinformativotam.com\\\/index.php\\\/2024\\\/02\\\/27\\\/exhorta-chucho-a-trabajadores-no-descuidar-labores-por-su-ausencia\\\/#respond\"]}]},{\"@type\":\"WebPage\",\"@id\":\"https:\\\/\\\/elinformativotam.com\\\/index.php\\\/2024\\\/02\\\/27\\\/exhorta-chucho-a-trabajadores-no-descuidar-labores-por-su-ausencia\\\/\",\"url\":\"https:\\\/\\\/elinformativotam.com\\\/index.php\\\/2024\\\/02\\\/27\\\/exhorta-chucho-a-trabajadores-no-descuidar-labores-por-su-ausencia\\\/\",\"name\":\"EXHORTA CHUCHO A TRABAJADORES NO DESCUIDAR LABORES POR SU AUSENCIA - EL INFORMATIVO DE TAMAULIPAS\",\"isPartOf\":{\"@id\":\"https:\\\/\\\/elinformativotam.com\\\/#website\"},\"primaryImageOfPage\":{\"@id\":\"https:\\\/\\\/elinformativotam.com\\\/index.php\\\/2024\\\/02\\\/27\\\/exhorta-chucho-a-trabajadores-no-descuidar-labores-por-su-ausencia\\\/#primaryimage\"},\"image\":{\"@id\":\"https:\\\/\\\/elinformativotam.com\\\/index.php\\\/2024\\\/02\\\/27\\\/exhorta-chucho-a-trabajadores-no-descuidar-labores-por-su-ausencia\\\/#primaryimage\"},\"thumbnailUrl\":\"https:\\\/\\\/elinformativotam.com\\\/wp-content\\\/uploads\\\/2024\\\/02\\\/Chucho.jpeg\",\"datePublished\":\"2024-02-28T04:08:42+00:00\",\"description\":\"*El Trabajo Hacia La Poblaci\u00f3n No Se Detendr\u00e1 En Los Pr\u00f3ximos Tres Meses &nbsp; &nbsp; El alcalde de Tampico, Jes\u00fas Nader Nasrrallah, exhort\u00f3 a todos los\",\"inLanguage\":\"es\",\"potentialAction\":[{\"@type\":\"ReadAction\",\"target\":[\"https:\\\/\\\/elinformativotam.com\\\/index.php\\\/2024\\\/02\\\/27\\\/exhorta-chucho-a-trabajadores-no-descuidar-labores-por-su-ausencia\\\/\"]}]},{\"@type\":\"ImageObject\",\"inLanguage\":\"es\",\"@id\":\"https:\\\/\\\/elinformativotam.com\\\/index.php\\\/2024\\\/02\\\/27\\\/exhorta-chucho-a-trabajadores-no-descuidar-labores-por-su-ausencia\\\/#primaryimage\",\"url\":\"https:\\\/\\\/elinformativotam.com\\\/wp-content\\\/uploads\\\/2024\\\/02\\\/Chucho.jpeg\",\"contentUrl\":\"https:\\\/\\\/elinformativotam.com\\\/wp-content\\\/uploads\\\/2024\\\/02\\\/Chucho.jpeg\",\"width\":1600,\"height\":1204},{\"@type\":\"WebSite\",\"@id\":\"https:\\\/\\\/elinformativotam.com\\\/#website\",\"url\":\"https:\\\/\\\/elinformativotam.com\\\/\",\"name\":\"EL INFORMATIVO DE TAMAULIPAS\",\"description\":\"Desde la Zona Metropolitana Para Todo M\u00e9xico\",\"publisher\":{\"@id\":\"https:\\\/\\\/elinformativotam.com\\\/#organization\"},\"potentialAction\":[{\"@type\":\"SearchAction\",\"target\":{\"@type\":\"EntryPoint\",\"urlTemplate\":\"https:\\\/\\\/elinformativotam.com\\\/?s={search_term_string}\"},\"query-input\":{\"@type\":\"PropertyValueSpecification\",\"valueRequired\":true,\"valueName\":\"search_term_string\"}}],\"inLanguage\":\"es\"},{\"@type\":\"Organization\",\"@id\":\"https:\\\/\\\/elinformativotam.com\\\/#organization\",\"name\":\"EL INFORMATIVO DE TAMAULIPAS\",\"url\":\"https:\\\/\\\/elinformativotam.com\\\/\",\"logo\":{\"@type\":\"ImageObject\",\"inLanguage\":\"es\",\"@id\":\"https:\\\/\\\/elinformativotam.com\\\/#\\\/schema\\\/logo\\\/image\\\/\",\"url\":\"https:\\\/\\\/elinformativotam.com\\\/wp-content\\\/uploads\\\/2026\\\/02\\\/Cabezal.png\",\"contentUrl\":\"https:\\\/\\\/elinformativotam.com\\\/wp-content\\\/uploads\\\/2026\\\/02\\\/Cabezal.png\",\"width\":960,\"height\":640,\"caption\":\"EL INFORMATIVO DE TAMAULIPAS\"},\"image\":{\"@id\":\"https:\\\/\\\/elinformativotam.com\\\/#\\\/schema\\\/logo\\\/image\\\/\"}},{\"@type\":\"Person\",\"@id\":\"https:\\\/\\\/elinformativotam.com\\\/#\\\/schema\\\/person\\\/78e08040eed0f6110f0c5f83b6153590\",\"name\":\"El Informativo Tam\",\"image\":{\"@type\":\"ImageObject\",\"inLanguage\":\"es\",\"@id\":\"https:\\\/\\\/secure.gravatar.com\\\/avatar\\\/f3b7ad3af540688955925ac610647be00b0cf41feea9c4978b73a707ee86bc53?s=96&d=mm&r=g\",\"url\":\"https:\\\/\\\/secure.gravatar.com\\\/avatar\\\/f3b7ad3af540688955925ac610647be00b0cf41feea9c4978b73a707ee86bc53?s=96&d=mm&r=g\",\"contentUrl\":\"https:\\\/\\\/secure.gravatar.com\\\/avatar\\\/f3b7ad3af540688955925ac610647be00b0cf41feea9c4978b73a707ee86bc53?s=96&d=mm&r=g\",\"caption\":\"El Informativo Tam\"}}]}<\/script>\n<!-- \/ Yoast SEO plugin. -->","yoast_head_json":{"title":"EXHORTA CHUCHO A TRABAJADORES NO DESCUIDAR LABORES POR SU AUSENCIA - EL INFORMATIVO DE TAMAULIPAS","description":"*El Trabajo Hacia La Poblaci\u00f3n No Se Detendr\u00e1 En Los Pr\u00f3ximos Tres Meses &nbsp; &nbsp; El alcalde de Tampico, Jes\u00fas Nader Nasrrallah, exhort\u00f3 a todos los","robots":{"index":"index","follow":"follow","max-snippet":"max-snippet:-1","max-image-preview":"max-image-preview:large","max-video-preview":"max-video-preview:-1"},"canonical":"https:\/\/elinformativotam.com\/index.php\/2024\/02\/27\/exhorta-chucho-a-trabajadores-no-descuidar-labores-por-su-ausencia\/","og_locale":"es_MX","og_type":"article","og_title":"EXHORTA CHUCHO A TRABAJADORES NO DESCUIDAR LABORES POR SU AUSENCIA - EL INFORMATIVO DE TAMAULIPAS","og_description":"*El Trabajo Hacia La Poblaci\u00f3n No Se Detendr\u00e1 En Los Pr\u00f3ximos Tres Meses &nbsp; &nbsp; El alcalde de Tampico, Jes\u00fas Nader Nasrrallah, exhort\u00f3 a todos los","og_url":"https:\/\/elinformativotam.com\/index.php\/2024\/02\/27\/exhorta-chucho-a-trabajadores-no-descuidar-labores-por-su-ausencia\/","og_site_name":"EL INFORMATIVO DE TAMAULIPAS","article_published_time":"2024-02-28T04:08:42+00:00","og_image":[{"width":1600,"height":1204,"url":"https:\/\/elinformativotam.com\/wp-content\/uploads\/2024\/02\/Chucho.jpeg","type":"image\/jpeg"}],"author":"El Informativo Tam","twitter_card":"summary_large_image","twitter_misc":{"Escrito por":"El Informativo Tam","Tiempo de lectura":"2 minutos"},"schema":{"@context":"https:\/\/schema.org","@graph":[{"@type":"Article","@id":"https:\/\/elinformativotam.com\/index.php\/2024\/02\/27\/exhorta-chucho-a-trabajadores-no-descuidar-labores-por-su-ausencia\/#article","isPartOf":{"@id":"https:\/\/elinformativotam.com\/index.php\/2024\/02\/27\/exhorta-chucho-a-trabajadores-no-descuidar-labores-por-su-ausencia\/"},"author":{"name":"El Informativo Tam","@id":"https:\/\/elinformativotam.com\/#\/schema\/person\/78e08040eed0f6110f0c5f83b6153590"},"headline":"EXHORTA CHUCHO A TRABAJADORES NO DESCUIDAR LABORES POR SU AUSENCIA","datePublished":"2024-02-28T04:08:42+00:00","mainEntityOfPage":{"@id":"https:\/\/elinformativotam.com\/index.php\/2024\/02\/27\/exhorta-chucho-a-trabajadores-no-descuidar-labores-por-su-ausencia\/"},"wordCount":250,"commentCount":0,"publisher":{"@id":"https:\/\/elinformativotam.com\/#organization"},"image":{"@id":"https:\/\/elinformativotam.com\/index.php\/2024\/02\/27\/exhorta-chucho-a-trabajadores-no-descuidar-labores-por-su-ausencia\/#primaryimage"},"thumbnailUrl":"https:\/\/elinformativotam.com\/wp-content\/uploads\/2024\/02\/Chucho.jpeg","articleSection":["Tampico"],"inLanguage":"es","potentialAction":[{"@type":"CommentAction","name":"Comment","target":["https:\/\/elinformativotam.com\/index.php\/2024\/02\/27\/exhorta-chucho-a-trabajadores-no-descuidar-labores-por-su-ausencia\/#respond"]}]},{"@type":"WebPage","@id":"https:\/\/elinformativotam.com\/index.php\/2024\/02\/27\/exhorta-chucho-a-trabajadores-no-descuidar-labores-por-su-ausencia\/","url":"https:\/\/elinformativotam.com\/index.php\/2024\/02\/27\/exhorta-chucho-a-trabajadores-no-descuidar-labores-por-su-ausencia\/","name":"EXHORTA CHUCHO A TRABAJADORES NO DESCUIDAR LABORES POR SU AUSENCIA - EL INFORMATIVO DE TAMAULIPAS","isPartOf":{"@id":"https:\/\/elinformativotam.com\/#website"},"primaryImageOfPage":{"@id":"https:\/\/elinformativotam.com\/index.php\/2024\/02\/27\/exhorta-chucho-a-trabajadores-no-descuidar-labores-por-su-ausencia\/#primaryimage"},"image":{"@id":"https:\/\/elinformativotam.com\/index.php\/2024\/02\/27\/exhorta-chucho-a-trabajadores-no-descuidar-labores-por-su-ausencia\/#primaryimage"},"thumbnailUrl":"https:\/\/elinformativotam.com\/wp-content\/uploads\/2024\/02\/Chucho.jpeg","datePublished":"2024-02-28T04:08:42+00:00","description":"*El Trabajo Hacia La Poblaci\u00f3n No Se Detendr\u00e1 En Los Pr\u00f3ximos Tres Meses &nbsp; &nbsp; El alcalde de Tampico, Jes\u00fas Nader Nasrrallah, exhort\u00f3 a todos los","inLanguage":"es","potentialAction":[{"@type":"ReadAction","target":["https:\/\/elinformativotam.com\/index.php\/2024\/02\/27\/exhorta-chucho-a-trabajadores-no-descuidar-labores-por-su-ausencia\/"]}]},{"@type":"ImageObject","inLanguage":"es","@id":"https:\/\/elinformativotam.com\/index.php\/2024\/02\/27\/exhorta-chucho-a-trabajadores-no-descuidar-labores-por-su-ausencia\/#primaryimage","url":"https:\/\/elinformativotam.com\/wp-content\/uploads\/2024\/02\/Chucho.jpeg","contentUrl":"https:\/\/elinformativotam.com\/wp-content\/uploads\/2024\/02\/Chucho.jpeg","width":1600,"height":1204},{"@type":"WebSite","@id":"https:\/\/elinformativotam.com\/#website","url":"https:\/\/elinformativotam.com\/","name":"EL INFORMATIVO DE TAMAULIPAS","description":"Desde la Zona Metropolitana Para Todo M\u00e9xico","publisher":{"@id":"https:\/\/elinformativotam.com\/#organization"},"potentialAction":[{"@type":"SearchAction","target":{"@type":"EntryPoint","urlTemplate":"https:\/\/elinformativotam.com\/?s={search_term_string}"},"query-input":{"@type":"PropertyValueSpecification","valueRequired":true,"valueName":"search_term_string"}}],"inLanguage":"es"},{"@type":"Organization","@id":"https:\/\/elinformativotam.com\/#organization","name":"EL INFORMATIVO DE TAMAULIPAS","url":"https:\/\/elinformativotam.com\/","logo":{"@type":"ImageObject","inLanguage":"es","@id":"https:\/\/elinformativotam.com\/#\/schema\/logo\/image\/","url":"https:\/\/elinformativotam.com\/wp-content\/uploads\/2026\/02\/Cabezal.png","contentUrl":"https:\/\/elinformativotam.com\/wp-content\/uploads\/2026\/02\/Cabezal.png","width":960,"height":640,"caption":"EL INFORMATIVO DE TAMAULIPAS"},"image":{"@id":"https:\/\/elinformativotam.com\/#\/schema\/logo\/image\/"}},{"@type":"Person","@id":"https:\/\/elinformativotam.com\/#\/schema\/person\/78e08040eed0f6110f0c5f83b6153590","name":"El Informativo Tam","image":{"@type":"ImageObject","inLanguage":"es","@id":"https:\/\/secure.gravatar.com\/avatar\/f3b7ad3af540688955925ac610647be00b0cf41feea9c4978b73a707ee86bc53?s=96&d=mm&r=g","url":"https:\/\/secure.gravatar.com\/avatar\/f3b7ad3af540688955925ac610647be00b0cf41feea9c4978b73a707ee86bc53?s=96&d=mm&r=g","contentUrl":"https:\/\/secure.gravatar.com\/avatar\/f3b7ad3af540688955925ac610647be00b0cf41feea9c4978b73a707ee86bc53?s=96&d=mm&r=g","caption":"El Informativo Tam"}}]}},"_links":{"self":[{"href":"https:\/\/elinformativotam.com\/index.php\/wp-json\/wp\/v2\/posts\/49374","targetHints":{"allow":["GET"]}}],"collection":[{"href":"https:\/\/elinformativotam.com\/index.php\/wp-json\/wp\/v2\/posts"}],"about":[{"href":"https:\/\/elinformativotam.com\/index.php\/wp-json\/wp\/v2\/types\/post"}],"author":[{"embeddable":true,"href":"https:\/\/elinformativotam.com\/index.php\/wp-json\/wp\/v2\/users\/1"}],"replies":[{"embeddable":true,"href":"https:\/\/elinformativotam.com\/index.php\/wp-json\/wp\/v2\/comments?post=49374"}],"version-history":[{"count":1,"href":"https:\/\/elinformativotam.com\/index.php\/wp-json\/wp\/v2\/posts\/49374\/revisions"}],"predecessor-version":[{"id":49376,"href":"https:\/\/elinformativotam.com\/index.php\/wp-json\/wp\/v2\/posts\/49374\/revisions\/49376"}],"wp:featuredmedia":[{"embeddable":true,"href":"https:\/\/elinformativotam.com\/index.php\/wp-json\/wp\/v2\/media\/49375"}],"wp:attachment":[{"href":"https:\/\/elinformativotam.com\/index.php\/wp-json\/wp\/v2\/media?parent=49374"}],"wp:term":[{"taxonomy":"category","embeddable":true,"href":"https:\/\/elinformativotam.com\/index.php\/wp-json\/wp\/v2\/categories?post=49374"},{"taxonomy":"post_tag","embeddable":true,"href":"https:\/\/elinformativotam.com\/index.php\/wp-json\/wp\/v2\/tags?post=49374"}],"curies":[{"name":"wp","href":"https:\/\/api.w.org\/{rel}","templated":true}]}}