{"id":49371,"date":"2024-02-27T22:07:39","date_gmt":"2024-02-28T04:07:39","guid":{"rendered":"https:\/\/elinformativotam.com\/?p=49371"},"modified":"2024-02-27T22:07:39","modified_gmt":"2024-02-28T04:07:39","slug":"dia-o-sin-agua-puede-llegar-al-sur-de-continuar-con-su-desperdicio","status":"publish","type":"post","link":"https:\/\/elinformativotam.com\/index.php\/2024\/02\/27\/dia-o-sin-agua-puede-llegar-al-sur-de-continuar-con-su-desperdicio\/","title":{"rendered":"&#8220;D\u00cdA O&#8221; SIN AGUA PUEDE LLEGAR AL SUR DE CONTINUAR CON SU DESPERDICIO"},"content":{"rendered":"<h2 style=\"text-align: center;\"><em><span style=\"font-family: 'times new roman', times;\">*Desde Ahora La Poblaci\u00f3n Debe Usar El Vital Liquido De Manera Racional<\/span><\/em><\/h2>\n<p>&nbsp;<\/p>\n<p>&nbsp;<\/p>\n<p>Ante el grave problema de la escasez del agua en muchas partes del pa\u00eds, la Coparmex de la zona sur exhort\u00f3 a las autoridades y ciudadan\u00eda a evitar desde ahora la llegada del &#8220;d\u00eda 0&#8221; catalogado como el momento en qu\u00e9 el vital l\u00edquido acab\u00f3 y d\u00f3nde ya no hay nada m\u00e1s que hacer, y para ello se requiere una disciplina en el uso del vital l\u00edquido.<\/p>\n<p>&nbsp;<\/p>\n<p>Arturo Narro Villase\u00f1or, ex Presidente del Centro Empresarial de la Zona Sur, detall\u00f3 que el denominado &#8220;d\u00eda 0&#8221; no es otra cosa que el d\u00eda que el abasto del agua acab\u00f3 &#8220;y es cuando ya no se arregla con tandeos, ni racionando&#8230;hoy podemos decir que varios puntos del pa\u00eds ya est\u00e1n llegando a ese d\u00eda&#8221;, expuso<\/p>\n<p>&nbsp;<\/p>\n<p>El empresario de la regi\u00f3n dej\u00f3 en claro que un ejemplo claro es la CDMX, donde en muchas colonias el desabasto es de d\u00edas, meses y hasta a\u00f1os, o como en ciudades como Le\u00f3n, Guanajuato que lograron adquirir una cultura de racionarla.<\/p>\n<p>&nbsp;<\/p>\n<p>Detall\u00f3, que la zona metropolitana s\u00f3lo estar\u00e1 a expensas de que caigan algunas precipitaciones pluviales en las pr\u00f3ximas semanas o siguentes meses, el transvase de la Presa &#8216;Las \u00c1nimas&#8221; al sistema lagunario y el impacto de alg\u00fan fen\u00f3meno hidrometeorol\u00f3gico en la temporada de huracanes, que ayude a la recuperaci\u00f3n del principal vaso captador.<\/p>\n<p>&nbsp;<\/p>\n<p>Narro, dej\u00f3 en claro que una ciudad con poblaci\u00f3n importante consume de manera normal 330 litros de agua por vivienda o persona al d\u00eda, pues con la disciplina h\u00eddrica se pretende ajustar el uso a 150 litros.<\/p>\n<p>&nbsp;<\/p>\n<p>&#8220;Incluso bajar un poco m\u00e1s al consumo diario, como Le\u00f3n, Guanajuato donde ya lograron racionar el agua a 123 litros por persona&#8221;, apunt\u00f3<\/p>\n<p>&nbsp;<\/p>\n<p>El ex Presidente de Coparmex subray\u00f3 que s\u00ed se logra la conjunci\u00f3n responsable entre todas las dependencias y autoridades involucradas en el tema y la poblaci\u00f3n, la zona sur podr\u00eda aplazar por mucho tiempo m\u00e1s la sequ\u00eda total del sistema lagunario, con la llegada a la par de la infraestructura h\u00eddrica que se necesita.<\/p>\n<p>&nbsp;<\/p>\n<p>&#8220;El pasado 29 de Octubre fue el \u00faltimo d\u00eda que tuvimos lluvias importantes que provocaron que el nivel del Chairel se situara en 35cms. Con la temporada de lluvias pasada debimos de haber comenzado el a\u00f1o con un nivel de poco m\u00e1s de 1 metro, y no fue as\u00ed&#8221;, concluy\u00f3.<\/p>\n<p>&nbsp;<\/p>\n","protected":false},"excerpt":{"rendered":"<p>*Desde Ahora La Poblaci\u00f3n Debe Usar El Vital Liquido De Manera Racional &nbsp; &nbsp; Ante el grave problema de la&hellip;<\/p>\n","protected":false},"author":1,"featured_media":49372,"comment_status":"open","ping_status":"open","sticky":false,"template":"","format":"standard","meta":{"footnotes":""},"categories":[3],"tags":[],"class_list":["post-49371","post","type-post","status-publish","format-standard","has-post-thumbnail","hentry","category-tampico"],"yoast_head":"<!-- This site is optimized with the Yoast SEO plugin v27.5 - https:\/\/yoast.com\/product\/yoast-seo-wordpress\/ -->\n<title>&quot;D\u00cdA O&quot; SIN AGUA PUEDE LLEGAR AL SUR DE CONTINUAR CON SU DESPERDICIO - EL INFORMATIVO DE TAMAULIPAS<\/title>\n<meta name=\"description\" content=\"*Desde Ahora La Poblaci\u00f3n Debe Usar El Vital Liquido De Manera Racional &nbsp; &nbsp; Ante el grave problema de la escasez del agua en muchas partes del\" \/>\n<meta name=\"robots\" content=\"index, follow, max-snippet:-1, max-image-preview:large, max-video-preview:-1\" \/>\n<link rel=\"canonical\" href=\"https:\/\/elinformativotam.com\/index.php\/2024\/02\/27\/dia-o-sin-agua-puede-llegar-al-sur-de-continuar-con-su-desperdicio\/\" \/>\n<meta property=\"og:locale\" content=\"es_MX\" \/>\n<meta property=\"og:type\" content=\"article\" \/>\n<meta property=\"og:title\" content=\"&quot;D\u00cdA O&quot; SIN AGUA PUEDE LLEGAR AL SUR DE CONTINUAR CON SU DESPERDICIO - EL INFORMATIVO DE TAMAULIPAS\" \/>\n<meta property=\"og:description\" content=\"*Desde Ahora La Poblaci\u00f3n Debe Usar El Vital Liquido De Manera Racional &nbsp; &nbsp; Ante el grave problema de la escasez del agua en muchas partes del\" \/>\n<meta property=\"og:url\" content=\"https:\/\/elinformativotam.com\/index.php\/2024\/02\/27\/dia-o-sin-agua-puede-llegar-al-sur-de-continuar-con-su-desperdicio\/\" \/>\n<meta property=\"og:site_name\" content=\"EL INFORMATIVO DE TAMAULIPAS\" \/>\n<meta property=\"article:published_time\" content=\"2024-02-28T04:07:39+00:00\" \/>\n<meta property=\"og:image\" content=\"https:\/\/elinformativotam.com\/wp-content\/uploads\/2024\/02\/Arturo-Narro.jpeg\" \/>\n\t<meta property=\"og:image:width\" content=\"1280\" \/>\n\t<meta property=\"og:image:height\" content=\"963\" \/>\n\t<meta property=\"og:image:type\" content=\"image\/jpeg\" \/>\n<meta name=\"author\" content=\"El Informativo Tam\" \/>\n<meta name=\"twitter:card\" content=\"summary_large_image\" \/>\n<meta name=\"twitter:label1\" content=\"Escrito por\" \/>\n\t<meta name=\"twitter:data1\" content=\"El Informativo Tam\" \/>\n\t<meta name=\"twitter:label2\" content=\"Tiempo de lectura\" \/>\n\t<meta name=\"twitter:data2\" content=\"3 minutos\" \/>\n<script type=\"application\/ld+json\" class=\"yoast-schema-graph\">{\"@context\":\"https:\\\/\\\/schema.org\",\"@graph\":[{\"@type\":\"Article\",\"@id\":\"https:\\\/\\\/elinformativotam.com\\\/index.php\\\/2024\\\/02\\\/27\\\/dia-o-sin-agua-puede-llegar-al-sur-de-continuar-con-su-desperdicio\\\/#article\",\"isPartOf\":{\"@id\":\"https:\\\/\\\/elinformativotam.com\\\/index.php\\\/2024\\\/02\\\/27\\\/dia-o-sin-agua-puede-llegar-al-sur-de-continuar-con-su-desperdicio\\\/\"},\"author\":{\"name\":\"El Informativo Tam\",\"@id\":\"https:\\\/\\\/elinformativotam.com\\\/#\\\/schema\\\/person\\\/78e08040eed0f6110f0c5f83b6153590\"},\"headline\":\"&#8220;D\u00cdA O&#8221; SIN AGUA PUEDE LLEGAR AL SUR DE CONTINUAR CON SU DESPERDICIO\",\"datePublished\":\"2024-02-28T04:07:39+00:00\",\"mainEntityOfPage\":{\"@id\":\"https:\\\/\\\/elinformativotam.com\\\/index.php\\\/2024\\\/02\\\/27\\\/dia-o-sin-agua-puede-llegar-al-sur-de-continuar-con-su-desperdicio\\\/\"},\"wordCount\":450,\"commentCount\":0,\"publisher\":{\"@id\":\"https:\\\/\\\/elinformativotam.com\\\/#organization\"},\"image\":{\"@id\":\"https:\\\/\\\/elinformativotam.com\\\/index.php\\\/2024\\\/02\\\/27\\\/dia-o-sin-agua-puede-llegar-al-sur-de-continuar-con-su-desperdicio\\\/#primaryimage\"},\"thumbnailUrl\":\"https:\\\/\\\/elinformativotam.com\\\/wp-content\\\/uploads\\\/2024\\\/02\\\/Arturo-Narro.jpeg\",\"articleSection\":[\"Tampico\"],\"inLanguage\":\"es\",\"potentialAction\":[{\"@type\":\"CommentAction\",\"name\":\"Comment\",\"target\":[\"https:\\\/\\\/elinformativotam.com\\\/index.php\\\/2024\\\/02\\\/27\\\/dia-o-sin-agua-puede-llegar-al-sur-de-continuar-con-su-desperdicio\\\/#respond\"]}]},{\"@type\":\"WebPage\",\"@id\":\"https:\\\/\\\/elinformativotam.com\\\/index.php\\\/2024\\\/02\\\/27\\\/dia-o-sin-agua-puede-llegar-al-sur-de-continuar-con-su-desperdicio\\\/\",\"url\":\"https:\\\/\\\/elinformativotam.com\\\/index.php\\\/2024\\\/02\\\/27\\\/dia-o-sin-agua-puede-llegar-al-sur-de-continuar-con-su-desperdicio\\\/\",\"name\":\"\\\"D\u00cdA O\\\" SIN AGUA PUEDE LLEGAR AL SUR DE CONTINUAR CON SU DESPERDICIO - EL INFORMATIVO DE TAMAULIPAS\",\"isPartOf\":{\"@id\":\"https:\\\/\\\/elinformativotam.com\\\/#website\"},\"primaryImageOfPage\":{\"@id\":\"https:\\\/\\\/elinformativotam.com\\\/index.php\\\/2024\\\/02\\\/27\\\/dia-o-sin-agua-puede-llegar-al-sur-de-continuar-con-su-desperdicio\\\/#primaryimage\"},\"image\":{\"@id\":\"https:\\\/\\\/elinformativotam.com\\\/index.php\\\/2024\\\/02\\\/27\\\/dia-o-sin-agua-puede-llegar-al-sur-de-continuar-con-su-desperdicio\\\/#primaryimage\"},\"thumbnailUrl\":\"https:\\\/\\\/elinformativotam.com\\\/wp-content\\\/uploads\\\/2024\\\/02\\\/Arturo-Narro.jpeg\",\"datePublished\":\"2024-02-28T04:07:39+00:00\",\"description\":\"*Desde Ahora La Poblaci\u00f3n Debe Usar El Vital Liquido De Manera Racional &nbsp; &nbsp; Ante el grave problema de la escasez del agua en muchas partes del\",\"inLanguage\":\"es\",\"potentialAction\":[{\"@type\":\"ReadAction\",\"target\":[\"https:\\\/\\\/elinformativotam.com\\\/index.php\\\/2024\\\/02\\\/27\\\/dia-o-sin-agua-puede-llegar-al-sur-de-continuar-con-su-desperdicio\\\/\"]}]},{\"@type\":\"ImageObject\",\"inLanguage\":\"es\",\"@id\":\"https:\\\/\\\/elinformativotam.com\\\/index.php\\\/2024\\\/02\\\/27\\\/dia-o-sin-agua-puede-llegar-al-sur-de-continuar-con-su-desperdicio\\\/#primaryimage\",\"url\":\"https:\\\/\\\/elinformativotam.com\\\/wp-content\\\/uploads\\\/2024\\\/02\\\/Arturo-Narro.jpeg\",\"contentUrl\":\"https:\\\/\\\/elinformativotam.com\\\/wp-content\\\/uploads\\\/2024\\\/02\\\/Arturo-Narro.jpeg\",\"width\":1280,\"height\":963},{\"@type\":\"WebSite\",\"@id\":\"https:\\\/\\\/elinformativotam.com\\\/#website\",\"url\":\"https:\\\/\\\/elinformativotam.com\\\/\",\"name\":\"EL INFORMATIVO DE TAMAULIPAS\",\"description\":\"Desde la Zona Metropolitana Para Todo M\u00e9xico\",\"publisher\":{\"@id\":\"https:\\\/\\\/elinformativotam.com\\\/#organization\"},\"potentialAction\":[{\"@type\":\"SearchAction\",\"target\":{\"@type\":\"EntryPoint\",\"urlTemplate\":\"https:\\\/\\\/elinformativotam.com\\\/?s={search_term_string}\"},\"query-input\":{\"@type\":\"PropertyValueSpecification\",\"valueRequired\":true,\"valueName\":\"search_term_string\"}}],\"inLanguage\":\"es\"},{\"@type\":\"Organization\",\"@id\":\"https:\\\/\\\/elinformativotam.com\\\/#organization\",\"name\":\"EL INFORMATIVO DE TAMAULIPAS\",\"url\":\"https:\\\/\\\/elinformativotam.com\\\/\",\"logo\":{\"@type\":\"ImageObject\",\"inLanguage\":\"es\",\"@id\":\"https:\\\/\\\/elinformativotam.com\\\/#\\\/schema\\\/logo\\\/image\\\/\",\"url\":\"https:\\\/\\\/elinformativotam.com\\\/wp-content\\\/uploads\\\/2026\\\/02\\\/Cabezal.png\",\"contentUrl\":\"https:\\\/\\\/elinformativotam.com\\\/wp-content\\\/uploads\\\/2026\\\/02\\\/Cabezal.png\",\"width\":960,\"height\":640,\"caption\":\"EL INFORMATIVO DE TAMAULIPAS\"},\"image\":{\"@id\":\"https:\\\/\\\/elinformativotam.com\\\/#\\\/schema\\\/logo\\\/image\\\/\"}},{\"@type\":\"Person\",\"@id\":\"https:\\\/\\\/elinformativotam.com\\\/#\\\/schema\\\/person\\\/78e08040eed0f6110f0c5f83b6153590\",\"name\":\"El Informativo Tam\",\"image\":{\"@type\":\"ImageObject\",\"inLanguage\":\"es\",\"@id\":\"https:\\\/\\\/secure.gravatar.com\\\/avatar\\\/f3b7ad3af540688955925ac610647be00b0cf41feea9c4978b73a707ee86bc53?s=96&d=mm&r=g\",\"url\":\"https:\\\/\\\/secure.gravatar.com\\\/avatar\\\/f3b7ad3af540688955925ac610647be00b0cf41feea9c4978b73a707ee86bc53?s=96&d=mm&r=g\",\"contentUrl\":\"https:\\\/\\\/secure.gravatar.com\\\/avatar\\\/f3b7ad3af540688955925ac610647be00b0cf41feea9c4978b73a707ee86bc53?s=96&d=mm&r=g\",\"caption\":\"El Informativo Tam\"}}]}<\/script>\n<!-- \/ Yoast SEO plugin. -->","yoast_head_json":{"title":"\"D\u00cdA O\" SIN AGUA PUEDE LLEGAR AL SUR DE CONTINUAR CON SU DESPERDICIO - EL INFORMATIVO DE TAMAULIPAS","description":"*Desde Ahora La Poblaci\u00f3n Debe Usar El Vital Liquido De Manera Racional &nbsp; &nbsp; Ante el grave problema de la escasez del agua en muchas partes del","robots":{"index":"index","follow":"follow","max-snippet":"max-snippet:-1","max-image-preview":"max-image-preview:large","max-video-preview":"max-video-preview:-1"},"canonical":"https:\/\/elinformativotam.com\/index.php\/2024\/02\/27\/dia-o-sin-agua-puede-llegar-al-sur-de-continuar-con-su-desperdicio\/","og_locale":"es_MX","og_type":"article","og_title":"\"D\u00cdA O\" SIN AGUA PUEDE LLEGAR AL SUR DE CONTINUAR CON SU DESPERDICIO - EL INFORMATIVO DE TAMAULIPAS","og_description":"*Desde Ahora La Poblaci\u00f3n Debe Usar El Vital Liquido De Manera Racional &nbsp; &nbsp; Ante el grave problema de la escasez del agua en muchas partes del","og_url":"https:\/\/elinformativotam.com\/index.php\/2024\/02\/27\/dia-o-sin-agua-puede-llegar-al-sur-de-continuar-con-su-desperdicio\/","og_site_name":"EL INFORMATIVO DE TAMAULIPAS","article_published_time":"2024-02-28T04:07:39+00:00","og_image":[{"width":1280,"height":963,"url":"https:\/\/elinformativotam.com\/wp-content\/uploads\/2024\/02\/Arturo-Narro.jpeg","type":"image\/jpeg"}],"author":"El Informativo Tam","twitter_card":"summary_large_image","twitter_misc":{"Escrito por":"El Informativo Tam","Tiempo de lectura":"3 minutos"},"schema":{"@context":"https:\/\/schema.org","@graph":[{"@type":"Article","@id":"https:\/\/elinformativotam.com\/index.php\/2024\/02\/27\/dia-o-sin-agua-puede-llegar-al-sur-de-continuar-con-su-desperdicio\/#article","isPartOf":{"@id":"https:\/\/elinformativotam.com\/index.php\/2024\/02\/27\/dia-o-sin-agua-puede-llegar-al-sur-de-continuar-con-su-desperdicio\/"},"author":{"name":"El Informativo Tam","@id":"https:\/\/elinformativotam.com\/#\/schema\/person\/78e08040eed0f6110f0c5f83b6153590"},"headline":"&#8220;D\u00cdA O&#8221; SIN AGUA PUEDE LLEGAR AL SUR DE CONTINUAR CON SU DESPERDICIO","datePublished":"2024-02-28T04:07:39+00:00","mainEntityOfPage":{"@id":"https:\/\/elinformativotam.com\/index.php\/2024\/02\/27\/dia-o-sin-agua-puede-llegar-al-sur-de-continuar-con-su-desperdicio\/"},"wordCount":450,"commentCount":0,"publisher":{"@id":"https:\/\/elinformativotam.com\/#organization"},"image":{"@id":"https:\/\/elinformativotam.com\/index.php\/2024\/02\/27\/dia-o-sin-agua-puede-llegar-al-sur-de-continuar-con-su-desperdicio\/#primaryimage"},"thumbnailUrl":"https:\/\/elinformativotam.com\/wp-content\/uploads\/2024\/02\/Arturo-Narro.jpeg","articleSection":["Tampico"],"inLanguage":"es","potentialAction":[{"@type":"CommentAction","name":"Comment","target":["https:\/\/elinformativotam.com\/index.php\/2024\/02\/27\/dia-o-sin-agua-puede-llegar-al-sur-de-continuar-con-su-desperdicio\/#respond"]}]},{"@type":"WebPage","@id":"https:\/\/elinformativotam.com\/index.php\/2024\/02\/27\/dia-o-sin-agua-puede-llegar-al-sur-de-continuar-con-su-desperdicio\/","url":"https:\/\/elinformativotam.com\/index.php\/2024\/02\/27\/dia-o-sin-agua-puede-llegar-al-sur-de-continuar-con-su-desperdicio\/","name":"\"D\u00cdA O\" SIN AGUA PUEDE LLEGAR AL SUR DE CONTINUAR CON SU DESPERDICIO - EL INFORMATIVO DE TAMAULIPAS","isPartOf":{"@id":"https:\/\/elinformativotam.com\/#website"},"primaryImageOfPage":{"@id":"https:\/\/elinformativotam.com\/index.php\/2024\/02\/27\/dia-o-sin-agua-puede-llegar-al-sur-de-continuar-con-su-desperdicio\/#primaryimage"},"image":{"@id":"https:\/\/elinformativotam.com\/index.php\/2024\/02\/27\/dia-o-sin-agua-puede-llegar-al-sur-de-continuar-con-su-desperdicio\/#primaryimage"},"thumbnailUrl":"https:\/\/elinformativotam.com\/wp-content\/uploads\/2024\/02\/Arturo-Narro.jpeg","datePublished":"2024-02-28T04:07:39+00:00","description":"*Desde Ahora La Poblaci\u00f3n Debe Usar El Vital Liquido De Manera Racional &nbsp; &nbsp; Ante el grave problema de la escasez del agua en muchas partes del","inLanguage":"es","potentialAction":[{"@type":"ReadAction","target":["https:\/\/elinformativotam.com\/index.php\/2024\/02\/27\/dia-o-sin-agua-puede-llegar-al-sur-de-continuar-con-su-desperdicio\/"]}]},{"@type":"ImageObject","inLanguage":"es","@id":"https:\/\/elinformativotam.com\/index.php\/2024\/02\/27\/dia-o-sin-agua-puede-llegar-al-sur-de-continuar-con-su-desperdicio\/#primaryimage","url":"https:\/\/elinformativotam.com\/wp-content\/uploads\/2024\/02\/Arturo-Narro.jpeg","contentUrl":"https:\/\/elinformativotam.com\/wp-content\/uploads\/2024\/02\/Arturo-Narro.jpeg","width":1280,"height":963},{"@type":"WebSite","@id":"https:\/\/elinformativotam.com\/#website","url":"https:\/\/elinformativotam.com\/","name":"EL INFORMATIVO DE TAMAULIPAS","description":"Desde la Zona Metropolitana Para Todo M\u00e9xico","publisher":{"@id":"https:\/\/elinformativotam.com\/#organization"},"potentialAction":[{"@type":"SearchAction","target":{"@type":"EntryPoint","urlTemplate":"https:\/\/elinformativotam.com\/?s={search_term_string}"},"query-input":{"@type":"PropertyValueSpecification","valueRequired":true,"valueName":"search_term_string"}}],"inLanguage":"es"},{"@type":"Organization","@id":"https:\/\/elinformativotam.com\/#organization","name":"EL INFORMATIVO DE TAMAULIPAS","url":"https:\/\/elinformativotam.com\/","logo":{"@type":"ImageObject","inLanguage":"es","@id":"https:\/\/elinformativotam.com\/#\/schema\/logo\/image\/","url":"https:\/\/elinformativotam.com\/wp-content\/uploads\/2026\/02\/Cabezal.png","contentUrl":"https:\/\/elinformativotam.com\/wp-content\/uploads\/2026\/02\/Cabezal.png","width":960,"height":640,"caption":"EL INFORMATIVO DE TAMAULIPAS"},"image":{"@id":"https:\/\/elinformativotam.com\/#\/schema\/logo\/image\/"}},{"@type":"Person","@id":"https:\/\/elinformativotam.com\/#\/schema\/person\/78e08040eed0f6110f0c5f83b6153590","name":"El Informativo Tam","image":{"@type":"ImageObject","inLanguage":"es","@id":"https:\/\/secure.gravatar.com\/avatar\/f3b7ad3af540688955925ac610647be00b0cf41feea9c4978b73a707ee86bc53?s=96&d=mm&r=g","url":"https:\/\/secure.gravatar.com\/avatar\/f3b7ad3af540688955925ac610647be00b0cf41feea9c4978b73a707ee86bc53?s=96&d=mm&r=g","contentUrl":"https:\/\/secure.gravatar.com\/avatar\/f3b7ad3af540688955925ac610647be00b0cf41feea9c4978b73a707ee86bc53?s=96&d=mm&r=g","caption":"El Informativo Tam"}}]}},"_links":{"self":[{"href":"https:\/\/elinformativotam.com\/index.php\/wp-json\/wp\/v2\/posts\/49371","targetHints":{"allow":["GET"]}}],"collection":[{"href":"https:\/\/elinformativotam.com\/index.php\/wp-json\/wp\/v2\/posts"}],"about":[{"href":"https:\/\/elinformativotam.com\/index.php\/wp-json\/wp\/v2\/types\/post"}],"author":[{"embeddable":true,"href":"https:\/\/elinformativotam.com\/index.php\/wp-json\/wp\/v2\/users\/1"}],"replies":[{"embeddable":true,"href":"https:\/\/elinformativotam.com\/index.php\/wp-json\/wp\/v2\/comments?post=49371"}],"version-history":[{"count":1,"href":"https:\/\/elinformativotam.com\/index.php\/wp-json\/wp\/v2\/posts\/49371\/revisions"}],"predecessor-version":[{"id":49373,"href":"https:\/\/elinformativotam.com\/index.php\/wp-json\/wp\/v2\/posts\/49371\/revisions\/49373"}],"wp:featuredmedia":[{"embeddable":true,"href":"https:\/\/elinformativotam.com\/index.php\/wp-json\/wp\/v2\/media\/49372"}],"wp:attachment":[{"href":"https:\/\/elinformativotam.com\/index.php\/wp-json\/wp\/v2\/media?parent=49371"}],"wp:term":[{"taxonomy":"category","embeddable":true,"href":"https:\/\/elinformativotam.com\/index.php\/wp-json\/wp\/v2\/categories?post=49371"},{"taxonomy":"post_tag","embeddable":true,"href":"https:\/\/elinformativotam.com\/index.php\/wp-json\/wp\/v2\/tags?post=49371"}],"curies":[{"name":"wp","href":"https:\/\/api.w.org\/{rel}","templated":true}]}}