{"id":49368,"date":"2024-02-27T22:06:04","date_gmt":"2024-02-28T04:06:04","guid":{"rendered":"https:\/\/elinformativotam.com\/?p=49368"},"modified":"2024-02-27T22:06:04","modified_gmt":"2024-02-28T04:06:04","slug":"agenda-del-ciest-estara-enfocada-en-agua-seguridad-y-rubro-electoral","status":"publish","type":"post","link":"https:\/\/elinformativotam.com\/index.php\/2024\/02\/27\/agenda-del-ciest-estara-enfocada-en-agua-seguridad-y-rubro-electoral\/","title":{"rendered":"AGENDA DEL CIEST ESTAR\u00c1 ENFOCADA EN AGUA, SEGURIDAD Y RUBRO ELECTORAL"},"content":{"rendered":"<h2 style=\"text-align: center;\"><em><span style=\"font-family: 'times new roman', times;\">*Los Candidatos Tendr\u00e1n Que Proponer Sobre Estos Tres Temas Y Escuchar A Los Empresarios Sus Inquietudes<\/span><\/em><\/h2>\n<p>&nbsp;<\/p>\n<p>&nbsp;<\/p>\n<p>A unos d\u00edas de que concluya su periodo al frente del CIEST, el Presidente del Organismo Empresarial, Jos\u00e9 Luis del \u00c1ngel Sosa, expres\u00f3 que los tres principales aspectos en la agenda en este A\u00f1o ser\u00e1n el Agua, Seguridad y el rubro Electoral.<\/p>\n<p>&nbsp;<\/p>\n<p>Se\u00f1al\u00f3, que entre los pendientes que dejar\u00e1 su gesti\u00f3n es que el Consejo de Instituciones Empresariales del Sur de Tamaulipas siga siendo un factor de colaboraci\u00f3n con los tres \u00f3rdenes de gobierno en el tema del abasto del vital l\u00edquido.<\/p>\n<p>&nbsp;<\/p>\n<p>Remarc\u00f3 que el Gobierno del Estado est\u00e1 por aterrizar el proyecto &#8220;El Moralillo&#8221; que a groso modo consiste en construir una represa muy cerca del sistema lagunario que sirva como sitio de almacenaje para los tiempos de estiaje.<\/p>\n<p>&nbsp;<\/p>\n<p>Expres\u00f3 que en el rubro de seguridad seguir\u00e1n insistiendo ante las dependencias estatales y federales pertinentes el reforzamiento con mas elementos de la Guardia Estatal as\u00ed como patrullas.<\/p>\n<p>&nbsp;<\/p>\n<p>El empresario de la regi\u00f3n dej\u00f3 en claro que \u00e9ste aspecto es el principal motor que motiva a qu\u00e9 el desarrollo, econom\u00eda e inversi\u00f3n privada, siga llegando a la regi\u00f3n sur, pues insisti\u00f3 en que sin la paz social dif\u00edcilmente crece o despega una zona o ciudad.<\/p>\n<p>&nbsp;<\/p>\n<p>Del \u00c1ngel, manifest\u00f3 que el aspecto electoral es otro de los aspectos que habr\u00e1n de despejar en los pr\u00f3ximos tres meses, con una agenda puntual que dar\u00e1n a conocer a los candidatos de todos los partidos pol\u00edticos &#8220;de lo que quieren los empresarios para la regi\u00f3n, queremos que nos escuchen y que prioricen proyectos encaminados al desarrollo econ\u00f3mico e inversi\u00f3n&#8221;, resalt\u00f3<\/p>\n<p>&nbsp;<\/p>\n<p>Ser\u00e1 el empresario de la regi\u00f3n, Juan \u00c1ngel Paredes Espinosa, qui\u00e9n asuma la presidencia del CIEST con su respectiva mesa directiva.<\/p>\n","protected":false},"excerpt":{"rendered":"<p>*Los Candidatos Tendr\u00e1n Que Proponer Sobre Estos Tres Temas Y Escuchar A Los Empresarios Sus Inquietudes &nbsp; &nbsp; A unos&hellip;<\/p>\n","protected":false},"author":1,"featured_media":49369,"comment_status":"open","ping_status":"open","sticky":false,"template":"","format":"standard","meta":{"footnotes":""},"categories":[3],"tags":[],"class_list":["post-49368","post","type-post","status-publish","format-standard","has-post-thumbnail","hentry","category-tampico"],"yoast_head":"<!-- This site is optimized with the Yoast SEO plugin v27.5 - https:\/\/yoast.com\/product\/yoast-seo-wordpress\/ -->\n<title>AGENDA DEL CIEST ESTAR\u00c1 ENFOCADA EN AGUA, SEGURIDAD Y RUBRO ELECTORAL - EL INFORMATIVO DE TAMAULIPAS<\/title>\n<meta name=\"description\" content=\"*Los Candidatos Tendr\u00e1n Que Proponer Sobre Estos Tres Temas Y Escuchar A Los Empresarios Sus Inquietudes &nbsp; &nbsp; A unos d\u00edas de que concluya su\" \/>\n<meta name=\"robots\" content=\"index, follow, max-snippet:-1, max-image-preview:large, max-video-preview:-1\" \/>\n<link rel=\"canonical\" href=\"https:\/\/elinformativotam.com\/index.php\/2024\/02\/27\/agenda-del-ciest-estara-enfocada-en-agua-seguridad-y-rubro-electoral\/\" \/>\n<meta property=\"og:locale\" content=\"es_MX\" \/>\n<meta property=\"og:type\" content=\"article\" \/>\n<meta property=\"og:title\" content=\"AGENDA DEL CIEST ESTAR\u00c1 ENFOCADA EN AGUA, SEGURIDAD Y RUBRO ELECTORAL - EL INFORMATIVO DE TAMAULIPAS\" \/>\n<meta property=\"og:description\" content=\"*Los Candidatos Tendr\u00e1n Que Proponer Sobre Estos Tres Temas Y Escuchar A Los Empresarios Sus Inquietudes &nbsp; &nbsp; A unos d\u00edas de que concluya su\" \/>\n<meta property=\"og:url\" content=\"https:\/\/elinformativotam.com\/index.php\/2024\/02\/27\/agenda-del-ciest-estara-enfocada-en-agua-seguridad-y-rubro-electoral\/\" \/>\n<meta property=\"og:site_name\" content=\"EL INFORMATIVO DE TAMAULIPAS\" \/>\n<meta property=\"article:published_time\" content=\"2024-02-28T04:06:04+00:00\" \/>\n<meta property=\"og:image\" content=\"https:\/\/elinformativotam.com\/wp-content\/uploads\/2024\/02\/Jose-luis-Ddel-Angel.jpeg\" \/>\n\t<meta property=\"og:image:width\" content=\"1280\" \/>\n\t<meta property=\"og:image:height\" content=\"963\" \/>\n\t<meta property=\"og:image:type\" content=\"image\/jpeg\" \/>\n<meta name=\"author\" content=\"El Informativo Tam\" \/>\n<meta name=\"twitter:card\" content=\"summary_large_image\" \/>\n<meta name=\"twitter:label1\" content=\"Escrito por\" \/>\n\t<meta name=\"twitter:data1\" content=\"El Informativo Tam\" \/>\n\t<meta name=\"twitter:label2\" content=\"Tiempo de lectura\" \/>\n\t<meta name=\"twitter:data2\" content=\"2 minutos\" \/>\n<script type=\"application\/ld+json\" class=\"yoast-schema-graph\">{\"@context\":\"https:\\\/\\\/schema.org\",\"@graph\":[{\"@type\":\"Article\",\"@id\":\"https:\\\/\\\/elinformativotam.com\\\/index.php\\\/2024\\\/02\\\/27\\\/agenda-del-ciest-estara-enfocada-en-agua-seguridad-y-rubro-electoral\\\/#article\",\"isPartOf\":{\"@id\":\"https:\\\/\\\/elinformativotam.com\\\/index.php\\\/2024\\\/02\\\/27\\\/agenda-del-ciest-estara-enfocada-en-agua-seguridad-y-rubro-electoral\\\/\"},\"author\":{\"name\":\"El Informativo Tam\",\"@id\":\"https:\\\/\\\/elinformativotam.com\\\/#\\\/schema\\\/person\\\/78e08040eed0f6110f0c5f83b6153590\"},\"headline\":\"AGENDA DEL CIEST ESTAR\u00c1 ENFOCADA EN AGUA, SEGURIDAD Y RUBRO ELECTORAL\",\"datePublished\":\"2024-02-28T04:06:04+00:00\",\"mainEntityOfPage\":{\"@id\":\"https:\\\/\\\/elinformativotam.com\\\/index.php\\\/2024\\\/02\\\/27\\\/agenda-del-ciest-estara-enfocada-en-agua-seguridad-y-rubro-electoral\\\/\"},\"wordCount\":335,\"commentCount\":0,\"publisher\":{\"@id\":\"https:\\\/\\\/elinformativotam.com\\\/#organization\"},\"image\":{\"@id\":\"https:\\\/\\\/elinformativotam.com\\\/index.php\\\/2024\\\/02\\\/27\\\/agenda-del-ciest-estara-enfocada-en-agua-seguridad-y-rubro-electoral\\\/#primaryimage\"},\"thumbnailUrl\":\"https:\\\/\\\/elinformativotam.com\\\/wp-content\\\/uploads\\\/2024\\\/02\\\/Jose-luis-Ddel-Angel.jpeg\",\"articleSection\":[\"Tampico\"],\"inLanguage\":\"es\",\"potentialAction\":[{\"@type\":\"CommentAction\",\"name\":\"Comment\",\"target\":[\"https:\\\/\\\/elinformativotam.com\\\/index.php\\\/2024\\\/02\\\/27\\\/agenda-del-ciest-estara-enfocada-en-agua-seguridad-y-rubro-electoral\\\/#respond\"]}]},{\"@type\":\"WebPage\",\"@id\":\"https:\\\/\\\/elinformativotam.com\\\/index.php\\\/2024\\\/02\\\/27\\\/agenda-del-ciest-estara-enfocada-en-agua-seguridad-y-rubro-electoral\\\/\",\"url\":\"https:\\\/\\\/elinformativotam.com\\\/index.php\\\/2024\\\/02\\\/27\\\/agenda-del-ciest-estara-enfocada-en-agua-seguridad-y-rubro-electoral\\\/\",\"name\":\"AGENDA DEL CIEST ESTAR\u00c1 ENFOCADA EN AGUA, SEGURIDAD Y RUBRO ELECTORAL - EL INFORMATIVO DE TAMAULIPAS\",\"isPartOf\":{\"@id\":\"https:\\\/\\\/elinformativotam.com\\\/#website\"},\"primaryImageOfPage\":{\"@id\":\"https:\\\/\\\/elinformativotam.com\\\/index.php\\\/2024\\\/02\\\/27\\\/agenda-del-ciest-estara-enfocada-en-agua-seguridad-y-rubro-electoral\\\/#primaryimage\"},\"image\":{\"@id\":\"https:\\\/\\\/elinformativotam.com\\\/index.php\\\/2024\\\/02\\\/27\\\/agenda-del-ciest-estara-enfocada-en-agua-seguridad-y-rubro-electoral\\\/#primaryimage\"},\"thumbnailUrl\":\"https:\\\/\\\/elinformativotam.com\\\/wp-content\\\/uploads\\\/2024\\\/02\\\/Jose-luis-Ddel-Angel.jpeg\",\"datePublished\":\"2024-02-28T04:06:04+00:00\",\"description\":\"*Los Candidatos Tendr\u00e1n Que Proponer Sobre Estos Tres Temas Y Escuchar A Los Empresarios Sus Inquietudes &nbsp; &nbsp; A unos d\u00edas de que concluya su\",\"inLanguage\":\"es\",\"potentialAction\":[{\"@type\":\"ReadAction\",\"target\":[\"https:\\\/\\\/elinformativotam.com\\\/index.php\\\/2024\\\/02\\\/27\\\/agenda-del-ciest-estara-enfocada-en-agua-seguridad-y-rubro-electoral\\\/\"]}]},{\"@type\":\"ImageObject\",\"inLanguage\":\"es\",\"@id\":\"https:\\\/\\\/elinformativotam.com\\\/index.php\\\/2024\\\/02\\\/27\\\/agenda-del-ciest-estara-enfocada-en-agua-seguridad-y-rubro-electoral\\\/#primaryimage\",\"url\":\"https:\\\/\\\/elinformativotam.com\\\/wp-content\\\/uploads\\\/2024\\\/02\\\/Jose-luis-Ddel-Angel.jpeg\",\"contentUrl\":\"https:\\\/\\\/elinformativotam.com\\\/wp-content\\\/uploads\\\/2024\\\/02\\\/Jose-luis-Ddel-Angel.jpeg\",\"width\":1280,\"height\":963},{\"@type\":\"WebSite\",\"@id\":\"https:\\\/\\\/elinformativotam.com\\\/#website\",\"url\":\"https:\\\/\\\/elinformativotam.com\\\/\",\"name\":\"EL INFORMATIVO DE TAMAULIPAS\",\"description\":\"Desde la Zona Metropolitana Para Todo M\u00e9xico\",\"publisher\":{\"@id\":\"https:\\\/\\\/elinformativotam.com\\\/#organization\"},\"potentialAction\":[{\"@type\":\"SearchAction\",\"target\":{\"@type\":\"EntryPoint\",\"urlTemplate\":\"https:\\\/\\\/elinformativotam.com\\\/?s={search_term_string}\"},\"query-input\":{\"@type\":\"PropertyValueSpecification\",\"valueRequired\":true,\"valueName\":\"search_term_string\"}}],\"inLanguage\":\"es\"},{\"@type\":\"Organization\",\"@id\":\"https:\\\/\\\/elinformativotam.com\\\/#organization\",\"name\":\"EL INFORMATIVO DE TAMAULIPAS\",\"url\":\"https:\\\/\\\/elinformativotam.com\\\/\",\"logo\":{\"@type\":\"ImageObject\",\"inLanguage\":\"es\",\"@id\":\"https:\\\/\\\/elinformativotam.com\\\/#\\\/schema\\\/logo\\\/image\\\/\",\"url\":\"https:\\\/\\\/elinformativotam.com\\\/wp-content\\\/uploads\\\/2026\\\/02\\\/Cabezal.png\",\"contentUrl\":\"https:\\\/\\\/elinformativotam.com\\\/wp-content\\\/uploads\\\/2026\\\/02\\\/Cabezal.png\",\"width\":960,\"height\":640,\"caption\":\"EL INFORMATIVO DE TAMAULIPAS\"},\"image\":{\"@id\":\"https:\\\/\\\/elinformativotam.com\\\/#\\\/schema\\\/logo\\\/image\\\/\"}},{\"@type\":\"Person\",\"@id\":\"https:\\\/\\\/elinformativotam.com\\\/#\\\/schema\\\/person\\\/78e08040eed0f6110f0c5f83b6153590\",\"name\":\"El Informativo Tam\",\"image\":{\"@type\":\"ImageObject\",\"inLanguage\":\"es\",\"@id\":\"https:\\\/\\\/secure.gravatar.com\\\/avatar\\\/f3b7ad3af540688955925ac610647be00b0cf41feea9c4978b73a707ee86bc53?s=96&d=mm&r=g\",\"url\":\"https:\\\/\\\/secure.gravatar.com\\\/avatar\\\/f3b7ad3af540688955925ac610647be00b0cf41feea9c4978b73a707ee86bc53?s=96&d=mm&r=g\",\"contentUrl\":\"https:\\\/\\\/secure.gravatar.com\\\/avatar\\\/f3b7ad3af540688955925ac610647be00b0cf41feea9c4978b73a707ee86bc53?s=96&d=mm&r=g\",\"caption\":\"El Informativo Tam\"}}]}<\/script>\n<!-- \/ Yoast SEO plugin. -->","yoast_head_json":{"title":"AGENDA DEL CIEST ESTAR\u00c1 ENFOCADA EN AGUA, SEGURIDAD Y RUBRO ELECTORAL - EL INFORMATIVO DE TAMAULIPAS","description":"*Los Candidatos Tendr\u00e1n Que Proponer Sobre Estos Tres Temas Y Escuchar A Los Empresarios Sus Inquietudes &nbsp; &nbsp; A unos d\u00edas de que concluya su","robots":{"index":"index","follow":"follow","max-snippet":"max-snippet:-1","max-image-preview":"max-image-preview:large","max-video-preview":"max-video-preview:-1"},"canonical":"https:\/\/elinformativotam.com\/index.php\/2024\/02\/27\/agenda-del-ciest-estara-enfocada-en-agua-seguridad-y-rubro-electoral\/","og_locale":"es_MX","og_type":"article","og_title":"AGENDA DEL CIEST ESTAR\u00c1 ENFOCADA EN AGUA, SEGURIDAD Y RUBRO ELECTORAL - EL INFORMATIVO DE TAMAULIPAS","og_description":"*Los Candidatos Tendr\u00e1n Que Proponer Sobre Estos Tres Temas Y Escuchar A Los Empresarios Sus Inquietudes &nbsp; &nbsp; A unos d\u00edas de que concluya su","og_url":"https:\/\/elinformativotam.com\/index.php\/2024\/02\/27\/agenda-del-ciest-estara-enfocada-en-agua-seguridad-y-rubro-electoral\/","og_site_name":"EL INFORMATIVO DE TAMAULIPAS","article_published_time":"2024-02-28T04:06:04+00:00","og_image":[{"width":1280,"height":963,"url":"https:\/\/elinformativotam.com\/wp-content\/uploads\/2024\/02\/Jose-luis-Ddel-Angel.jpeg","type":"image\/jpeg"}],"author":"El Informativo Tam","twitter_card":"summary_large_image","twitter_misc":{"Escrito por":"El Informativo Tam","Tiempo de lectura":"2 minutos"},"schema":{"@context":"https:\/\/schema.org","@graph":[{"@type":"Article","@id":"https:\/\/elinformativotam.com\/index.php\/2024\/02\/27\/agenda-del-ciest-estara-enfocada-en-agua-seguridad-y-rubro-electoral\/#article","isPartOf":{"@id":"https:\/\/elinformativotam.com\/index.php\/2024\/02\/27\/agenda-del-ciest-estara-enfocada-en-agua-seguridad-y-rubro-electoral\/"},"author":{"name":"El Informativo Tam","@id":"https:\/\/elinformativotam.com\/#\/schema\/person\/78e08040eed0f6110f0c5f83b6153590"},"headline":"AGENDA DEL CIEST ESTAR\u00c1 ENFOCADA EN AGUA, SEGURIDAD Y RUBRO ELECTORAL","datePublished":"2024-02-28T04:06:04+00:00","mainEntityOfPage":{"@id":"https:\/\/elinformativotam.com\/index.php\/2024\/02\/27\/agenda-del-ciest-estara-enfocada-en-agua-seguridad-y-rubro-electoral\/"},"wordCount":335,"commentCount":0,"publisher":{"@id":"https:\/\/elinformativotam.com\/#organization"},"image":{"@id":"https:\/\/elinformativotam.com\/index.php\/2024\/02\/27\/agenda-del-ciest-estara-enfocada-en-agua-seguridad-y-rubro-electoral\/#primaryimage"},"thumbnailUrl":"https:\/\/elinformativotam.com\/wp-content\/uploads\/2024\/02\/Jose-luis-Ddel-Angel.jpeg","articleSection":["Tampico"],"inLanguage":"es","potentialAction":[{"@type":"CommentAction","name":"Comment","target":["https:\/\/elinformativotam.com\/index.php\/2024\/02\/27\/agenda-del-ciest-estara-enfocada-en-agua-seguridad-y-rubro-electoral\/#respond"]}]},{"@type":"WebPage","@id":"https:\/\/elinformativotam.com\/index.php\/2024\/02\/27\/agenda-del-ciest-estara-enfocada-en-agua-seguridad-y-rubro-electoral\/","url":"https:\/\/elinformativotam.com\/index.php\/2024\/02\/27\/agenda-del-ciest-estara-enfocada-en-agua-seguridad-y-rubro-electoral\/","name":"AGENDA DEL CIEST ESTAR\u00c1 ENFOCADA EN AGUA, SEGURIDAD Y RUBRO ELECTORAL - EL INFORMATIVO DE TAMAULIPAS","isPartOf":{"@id":"https:\/\/elinformativotam.com\/#website"},"primaryImageOfPage":{"@id":"https:\/\/elinformativotam.com\/index.php\/2024\/02\/27\/agenda-del-ciest-estara-enfocada-en-agua-seguridad-y-rubro-electoral\/#primaryimage"},"image":{"@id":"https:\/\/elinformativotam.com\/index.php\/2024\/02\/27\/agenda-del-ciest-estara-enfocada-en-agua-seguridad-y-rubro-electoral\/#primaryimage"},"thumbnailUrl":"https:\/\/elinformativotam.com\/wp-content\/uploads\/2024\/02\/Jose-luis-Ddel-Angel.jpeg","datePublished":"2024-02-28T04:06:04+00:00","description":"*Los Candidatos Tendr\u00e1n Que Proponer Sobre Estos Tres Temas Y Escuchar A Los Empresarios Sus Inquietudes &nbsp; &nbsp; A unos d\u00edas de que concluya su","inLanguage":"es","potentialAction":[{"@type":"ReadAction","target":["https:\/\/elinformativotam.com\/index.php\/2024\/02\/27\/agenda-del-ciest-estara-enfocada-en-agua-seguridad-y-rubro-electoral\/"]}]},{"@type":"ImageObject","inLanguage":"es","@id":"https:\/\/elinformativotam.com\/index.php\/2024\/02\/27\/agenda-del-ciest-estara-enfocada-en-agua-seguridad-y-rubro-electoral\/#primaryimage","url":"https:\/\/elinformativotam.com\/wp-content\/uploads\/2024\/02\/Jose-luis-Ddel-Angel.jpeg","contentUrl":"https:\/\/elinformativotam.com\/wp-content\/uploads\/2024\/02\/Jose-luis-Ddel-Angel.jpeg","width":1280,"height":963},{"@type":"WebSite","@id":"https:\/\/elinformativotam.com\/#website","url":"https:\/\/elinformativotam.com\/","name":"EL INFORMATIVO DE TAMAULIPAS","description":"Desde la Zona Metropolitana Para Todo M\u00e9xico","publisher":{"@id":"https:\/\/elinformativotam.com\/#organization"},"potentialAction":[{"@type":"SearchAction","target":{"@type":"EntryPoint","urlTemplate":"https:\/\/elinformativotam.com\/?s={search_term_string}"},"query-input":{"@type":"PropertyValueSpecification","valueRequired":true,"valueName":"search_term_string"}}],"inLanguage":"es"},{"@type":"Organization","@id":"https:\/\/elinformativotam.com\/#organization","name":"EL INFORMATIVO DE TAMAULIPAS","url":"https:\/\/elinformativotam.com\/","logo":{"@type":"ImageObject","inLanguage":"es","@id":"https:\/\/elinformativotam.com\/#\/schema\/logo\/image\/","url":"https:\/\/elinformativotam.com\/wp-content\/uploads\/2026\/02\/Cabezal.png","contentUrl":"https:\/\/elinformativotam.com\/wp-content\/uploads\/2026\/02\/Cabezal.png","width":960,"height":640,"caption":"EL INFORMATIVO DE TAMAULIPAS"},"image":{"@id":"https:\/\/elinformativotam.com\/#\/schema\/logo\/image\/"}},{"@type":"Person","@id":"https:\/\/elinformativotam.com\/#\/schema\/person\/78e08040eed0f6110f0c5f83b6153590","name":"El Informativo Tam","image":{"@type":"ImageObject","inLanguage":"es","@id":"https:\/\/secure.gravatar.com\/avatar\/f3b7ad3af540688955925ac610647be00b0cf41feea9c4978b73a707ee86bc53?s=96&d=mm&r=g","url":"https:\/\/secure.gravatar.com\/avatar\/f3b7ad3af540688955925ac610647be00b0cf41feea9c4978b73a707ee86bc53?s=96&d=mm&r=g","contentUrl":"https:\/\/secure.gravatar.com\/avatar\/f3b7ad3af540688955925ac610647be00b0cf41feea9c4978b73a707ee86bc53?s=96&d=mm&r=g","caption":"El Informativo Tam"}}]}},"_links":{"self":[{"href":"https:\/\/elinformativotam.com\/index.php\/wp-json\/wp\/v2\/posts\/49368","targetHints":{"allow":["GET"]}}],"collection":[{"href":"https:\/\/elinformativotam.com\/index.php\/wp-json\/wp\/v2\/posts"}],"about":[{"href":"https:\/\/elinformativotam.com\/index.php\/wp-json\/wp\/v2\/types\/post"}],"author":[{"embeddable":true,"href":"https:\/\/elinformativotam.com\/index.php\/wp-json\/wp\/v2\/users\/1"}],"replies":[{"embeddable":true,"href":"https:\/\/elinformativotam.com\/index.php\/wp-json\/wp\/v2\/comments?post=49368"}],"version-history":[{"count":1,"href":"https:\/\/elinformativotam.com\/index.php\/wp-json\/wp\/v2\/posts\/49368\/revisions"}],"predecessor-version":[{"id":49370,"href":"https:\/\/elinformativotam.com\/index.php\/wp-json\/wp\/v2\/posts\/49368\/revisions\/49370"}],"wp:featuredmedia":[{"embeddable":true,"href":"https:\/\/elinformativotam.com\/index.php\/wp-json\/wp\/v2\/media\/49369"}],"wp:attachment":[{"href":"https:\/\/elinformativotam.com\/index.php\/wp-json\/wp\/v2\/media?parent=49368"}],"wp:term":[{"taxonomy":"category","embeddable":true,"href":"https:\/\/elinformativotam.com\/index.php\/wp-json\/wp\/v2\/categories?post=49368"},{"taxonomy":"post_tag","embeddable":true,"href":"https:\/\/elinformativotam.com\/index.php\/wp-json\/wp\/v2\/tags?post=49368"}],"curies":[{"name":"wp","href":"https:\/\/api.w.org\/{rel}","templated":true}]}}