{"id":49365,"date":"2024-02-27T22:03:43","date_gmt":"2024-02-28T04:03:43","guid":{"rendered":"https:\/\/elinformativotam.com\/?p=49365"},"modified":"2024-02-27T22:03:43","modified_gmt":"2024-02-28T04:03:43","slug":"vendra-reestructura-en-el-transporte-publico-por-proyecto-del-metrobus","status":"publish","type":"post","link":"https:\/\/elinformativotam.com\/index.php\/2024\/02\/27\/vendra-reestructura-en-el-transporte-publico-por-proyecto-del-metrobus\/","title":{"rendered":"VENDR\u00c1 REESTRUCTURA EN EL TRANSPORTE P\u00daBLICO POR PROYECTO DEL METROB\u00daS"},"content":{"rendered":"<h2 style=\"text-align: center;\"><em><span style=\"font-family: 'times new roman', times;\">*Habr\u00e1 Una Reconversi\u00f3n En El Servicio A Partir Del Pr\u00f3ximo A\u00f1o<\/span><\/em><\/h2>\n<p>&nbsp;<\/p>\n<p>&nbsp;<\/p>\n<p>La reestructuraci\u00f3n en el transporte p\u00fablico de la zona sur ser\u00e1 una realidad, se\u00f1al\u00f3 el delegado regional, Mario Iv\u00e1n Aguirre Mart\u00ednez, una vez que el proyecto del metrob\u00fas tenga un avance considerable.<\/p>\n<p>&nbsp;<\/p>\n<p>Aunque, dijo, no conocer abiertamente y a conciencia el proyecto del BRT que ya present\u00f3 el Gobernador de Tamaulipas, el funcionario estatal dej\u00f3 ver qu\u00e9 el servicio dar\u00e1 un vuelco importante una vez que se concrete el proyecto ejecutivo.<\/p>\n<p>&nbsp;<\/p>\n<p>Record\u00f3 que en la zona metropolitana hay poco m\u00e1s de 10 mil concesiones del transporte p\u00fablico, sin embargo un 20% de ese n\u00famero no est\u00e1n laborando.<\/p>\n<p>&nbsp;<\/p>\n<p>&#8220;No conozco bien el estudio, no lo he le\u00eddo&#8221; se\u00f1al\u00f3 el delegado regional, aunque dej\u00f3 ver qu\u00e9 los concesionarios podr\u00edan ser &#8220;alimentadores&#8221; del metrob\u00fas, que circular\u00e1 por toda la Avenida Hidalgo hasta llegar al &#8220;barquito&#8221; en los l\u00edmites con el municipio de Altamira, en una primera etapa.<\/p>\n<p>&nbsp;<\/p>\n<p>Aguirre, explic\u00f3 que el futuro modelo de transporte para miles de habitantes de la regi\u00f3n vendr\u00e1 a darle un giro de 360 grados al servicio, que en \u00e9stos momentos es considerado como de mala calidad.<\/p>\n<p>&nbsp;<\/p>\n<p>&#8220;Va a aumentar el transporte p\u00fablico, el proyecto dar\u00e1 una mejora importante a la poblaci\u00f3n y sin duda eficientar\u00e1 el servicio&#8221;, remarc\u00f3<\/p>\n<p>&nbsp;<\/p>\n<p>Actualmente son alrededor de 20 rutas las que dejaron de prestar el servicio desde que comenz\u00f3 la contingencia sanitaria del Covid, pues algunas decidieron suspender el servicio por incosteabilidad y hasta el momento no han podido reactivarse.<\/p>\n<p>&nbsp;<\/p>\n","protected":false},"excerpt":{"rendered":"<p>*Habr\u00e1 Una Reconversi\u00f3n En El Servicio A Partir Del Pr\u00f3ximo A\u00f1o &nbsp; &nbsp; La reestructuraci\u00f3n en el transporte p\u00fablico de&hellip;<\/p>\n","protected":false},"author":1,"featured_media":49366,"comment_status":"open","ping_status":"open","sticky":false,"template":"","format":"standard","meta":{"footnotes":""},"categories":[3],"tags":[],"class_list":["post-49365","post","type-post","status-publish","format-standard","has-post-thumbnail","hentry","category-tampico"],"yoast_head":"<!-- This site is optimized with the Yoast SEO plugin v27.5 - https:\/\/yoast.com\/product\/yoast-seo-wordpress\/ -->\n<title>VENDR\u00c1 REESTRUCTURA EN EL TRANSPORTE P\u00daBLICO POR PROYECTO DEL METROB\u00daS - EL INFORMATIVO DE TAMAULIPAS<\/title>\n<meta name=\"description\" content=\"*Habr\u00e1 Una Reconversi\u00f3n En El Servicio A Partir Del Pr\u00f3ximo A\u00f1o &nbsp; &nbsp; La reestructuraci\u00f3n en el transporte p\u00fablico de la zona sur ser\u00e1 una\" \/>\n<meta name=\"robots\" content=\"index, follow, max-snippet:-1, max-image-preview:large, max-video-preview:-1\" \/>\n<link rel=\"canonical\" href=\"https:\/\/elinformativotam.com\/index.php\/2024\/02\/27\/vendra-reestructura-en-el-transporte-publico-por-proyecto-del-metrobus\/\" \/>\n<meta property=\"og:locale\" content=\"es_MX\" \/>\n<meta property=\"og:type\" content=\"article\" \/>\n<meta property=\"og:title\" content=\"VENDR\u00c1 REESTRUCTURA EN EL TRANSPORTE P\u00daBLICO POR PROYECTO DEL METROB\u00daS - EL INFORMATIVO DE TAMAULIPAS\" \/>\n<meta property=\"og:description\" content=\"*Habr\u00e1 Una Reconversi\u00f3n En El Servicio A Partir Del Pr\u00f3ximo A\u00f1o &nbsp; &nbsp; La reestructuraci\u00f3n en el transporte p\u00fablico de la zona sur ser\u00e1 una\" \/>\n<meta property=\"og:url\" content=\"https:\/\/elinformativotam.com\/index.php\/2024\/02\/27\/vendra-reestructura-en-el-transporte-publico-por-proyecto-del-metrobus\/\" \/>\n<meta property=\"og:site_name\" content=\"EL INFORMATIVO DE TAMAULIPAS\" \/>\n<meta property=\"article:published_time\" content=\"2024-02-28T04:03:43+00:00\" \/>\n<meta property=\"og:image\" content=\"https:\/\/elinformativotam.com\/wp-content\/uploads\/2024\/02\/Ivan-Aguirre.jpeg\" \/>\n\t<meta property=\"og:image:width\" content=\"1280\" \/>\n\t<meta property=\"og:image:height\" content=\"963\" \/>\n\t<meta property=\"og:image:type\" content=\"image\/jpeg\" \/>\n<meta name=\"author\" content=\"El Informativo Tam\" \/>\n<meta name=\"twitter:card\" content=\"summary_large_image\" \/>\n<meta name=\"twitter:label1\" content=\"Escrito por\" \/>\n\t<meta name=\"twitter:data1\" content=\"El Informativo Tam\" \/>\n\t<meta name=\"twitter:label2\" content=\"Tiempo de lectura\" \/>\n\t<meta name=\"twitter:data2\" content=\"2 minutos\" \/>\n<script type=\"application\/ld+json\" class=\"yoast-schema-graph\">{\"@context\":\"https:\\\/\\\/schema.org\",\"@graph\":[{\"@type\":\"Article\",\"@id\":\"https:\\\/\\\/elinformativotam.com\\\/index.php\\\/2024\\\/02\\\/27\\\/vendra-reestructura-en-el-transporte-publico-por-proyecto-del-metrobus\\\/#article\",\"isPartOf\":{\"@id\":\"https:\\\/\\\/elinformativotam.com\\\/index.php\\\/2024\\\/02\\\/27\\\/vendra-reestructura-en-el-transporte-publico-por-proyecto-del-metrobus\\\/\"},\"author\":{\"name\":\"El Informativo Tam\",\"@id\":\"https:\\\/\\\/elinformativotam.com\\\/#\\\/schema\\\/person\\\/78e08040eed0f6110f0c5f83b6153590\"},\"headline\":\"VENDR\u00c1 REESTRUCTURA EN EL TRANSPORTE P\u00daBLICO POR PROYECTO DEL METROB\u00daS\",\"datePublished\":\"2024-02-28T04:03:43+00:00\",\"mainEntityOfPage\":{\"@id\":\"https:\\\/\\\/elinformativotam.com\\\/index.php\\\/2024\\\/02\\\/27\\\/vendra-reestructura-en-el-transporte-publico-por-proyecto-del-metrobus\\\/\"},\"wordCount\":287,\"commentCount\":0,\"publisher\":{\"@id\":\"https:\\\/\\\/elinformativotam.com\\\/#organization\"},\"image\":{\"@id\":\"https:\\\/\\\/elinformativotam.com\\\/index.php\\\/2024\\\/02\\\/27\\\/vendra-reestructura-en-el-transporte-publico-por-proyecto-del-metrobus\\\/#primaryimage\"},\"thumbnailUrl\":\"https:\\\/\\\/elinformativotam.com\\\/wp-content\\\/uploads\\\/2024\\\/02\\\/Ivan-Aguirre.jpeg\",\"articleSection\":[\"Tampico\"],\"inLanguage\":\"es\",\"potentialAction\":[{\"@type\":\"CommentAction\",\"name\":\"Comment\",\"target\":[\"https:\\\/\\\/elinformativotam.com\\\/index.php\\\/2024\\\/02\\\/27\\\/vendra-reestructura-en-el-transporte-publico-por-proyecto-del-metrobus\\\/#respond\"]}]},{\"@type\":\"WebPage\",\"@id\":\"https:\\\/\\\/elinformativotam.com\\\/index.php\\\/2024\\\/02\\\/27\\\/vendra-reestructura-en-el-transporte-publico-por-proyecto-del-metrobus\\\/\",\"url\":\"https:\\\/\\\/elinformativotam.com\\\/index.php\\\/2024\\\/02\\\/27\\\/vendra-reestructura-en-el-transporte-publico-por-proyecto-del-metrobus\\\/\",\"name\":\"VENDR\u00c1 REESTRUCTURA EN EL TRANSPORTE P\u00daBLICO POR PROYECTO DEL METROB\u00daS - EL INFORMATIVO DE TAMAULIPAS\",\"isPartOf\":{\"@id\":\"https:\\\/\\\/elinformativotam.com\\\/#website\"},\"primaryImageOfPage\":{\"@id\":\"https:\\\/\\\/elinformativotam.com\\\/index.php\\\/2024\\\/02\\\/27\\\/vendra-reestructura-en-el-transporte-publico-por-proyecto-del-metrobus\\\/#primaryimage\"},\"image\":{\"@id\":\"https:\\\/\\\/elinformativotam.com\\\/index.php\\\/2024\\\/02\\\/27\\\/vendra-reestructura-en-el-transporte-publico-por-proyecto-del-metrobus\\\/#primaryimage\"},\"thumbnailUrl\":\"https:\\\/\\\/elinformativotam.com\\\/wp-content\\\/uploads\\\/2024\\\/02\\\/Ivan-Aguirre.jpeg\",\"datePublished\":\"2024-02-28T04:03:43+00:00\",\"description\":\"*Habr\u00e1 Una Reconversi\u00f3n En El Servicio A Partir Del Pr\u00f3ximo A\u00f1o &nbsp; &nbsp; La reestructuraci\u00f3n en el transporte p\u00fablico de la zona sur ser\u00e1 una\",\"inLanguage\":\"es\",\"potentialAction\":[{\"@type\":\"ReadAction\",\"target\":[\"https:\\\/\\\/elinformativotam.com\\\/index.php\\\/2024\\\/02\\\/27\\\/vendra-reestructura-en-el-transporte-publico-por-proyecto-del-metrobus\\\/\"]}]},{\"@type\":\"ImageObject\",\"inLanguage\":\"es\",\"@id\":\"https:\\\/\\\/elinformativotam.com\\\/index.php\\\/2024\\\/02\\\/27\\\/vendra-reestructura-en-el-transporte-publico-por-proyecto-del-metrobus\\\/#primaryimage\",\"url\":\"https:\\\/\\\/elinformativotam.com\\\/wp-content\\\/uploads\\\/2024\\\/02\\\/Ivan-Aguirre.jpeg\",\"contentUrl\":\"https:\\\/\\\/elinformativotam.com\\\/wp-content\\\/uploads\\\/2024\\\/02\\\/Ivan-Aguirre.jpeg\",\"width\":1280,\"height\":963},{\"@type\":\"WebSite\",\"@id\":\"https:\\\/\\\/elinformativotam.com\\\/#website\",\"url\":\"https:\\\/\\\/elinformativotam.com\\\/\",\"name\":\"EL INFORMATIVO DE TAMAULIPAS\",\"description\":\"Desde la Zona Metropolitana Para Todo M\u00e9xico\",\"publisher\":{\"@id\":\"https:\\\/\\\/elinformativotam.com\\\/#organization\"},\"potentialAction\":[{\"@type\":\"SearchAction\",\"target\":{\"@type\":\"EntryPoint\",\"urlTemplate\":\"https:\\\/\\\/elinformativotam.com\\\/?s={search_term_string}\"},\"query-input\":{\"@type\":\"PropertyValueSpecification\",\"valueRequired\":true,\"valueName\":\"search_term_string\"}}],\"inLanguage\":\"es\"},{\"@type\":\"Organization\",\"@id\":\"https:\\\/\\\/elinformativotam.com\\\/#organization\",\"name\":\"EL INFORMATIVO DE TAMAULIPAS\",\"url\":\"https:\\\/\\\/elinformativotam.com\\\/\",\"logo\":{\"@type\":\"ImageObject\",\"inLanguage\":\"es\",\"@id\":\"https:\\\/\\\/elinformativotam.com\\\/#\\\/schema\\\/logo\\\/image\\\/\",\"url\":\"https:\\\/\\\/elinformativotam.com\\\/wp-content\\\/uploads\\\/2026\\\/02\\\/Cabezal.png\",\"contentUrl\":\"https:\\\/\\\/elinformativotam.com\\\/wp-content\\\/uploads\\\/2026\\\/02\\\/Cabezal.png\",\"width\":960,\"height\":640,\"caption\":\"EL INFORMATIVO DE TAMAULIPAS\"},\"image\":{\"@id\":\"https:\\\/\\\/elinformativotam.com\\\/#\\\/schema\\\/logo\\\/image\\\/\"}},{\"@type\":\"Person\",\"@id\":\"https:\\\/\\\/elinformativotam.com\\\/#\\\/schema\\\/person\\\/78e08040eed0f6110f0c5f83b6153590\",\"name\":\"El Informativo Tam\",\"image\":{\"@type\":\"ImageObject\",\"inLanguage\":\"es\",\"@id\":\"https:\\\/\\\/secure.gravatar.com\\\/avatar\\\/f3b7ad3af540688955925ac610647be00b0cf41feea9c4978b73a707ee86bc53?s=96&d=mm&r=g\",\"url\":\"https:\\\/\\\/secure.gravatar.com\\\/avatar\\\/f3b7ad3af540688955925ac610647be00b0cf41feea9c4978b73a707ee86bc53?s=96&d=mm&r=g\",\"contentUrl\":\"https:\\\/\\\/secure.gravatar.com\\\/avatar\\\/f3b7ad3af540688955925ac610647be00b0cf41feea9c4978b73a707ee86bc53?s=96&d=mm&r=g\",\"caption\":\"El Informativo Tam\"}}]}<\/script>\n<!-- \/ Yoast SEO plugin. -->","yoast_head_json":{"title":"VENDR\u00c1 REESTRUCTURA EN EL TRANSPORTE P\u00daBLICO POR PROYECTO DEL METROB\u00daS - EL INFORMATIVO DE TAMAULIPAS","description":"*Habr\u00e1 Una Reconversi\u00f3n En El Servicio A Partir Del Pr\u00f3ximo A\u00f1o &nbsp; &nbsp; La reestructuraci\u00f3n en el transporte p\u00fablico de la zona sur ser\u00e1 una","robots":{"index":"index","follow":"follow","max-snippet":"max-snippet:-1","max-image-preview":"max-image-preview:large","max-video-preview":"max-video-preview:-1"},"canonical":"https:\/\/elinformativotam.com\/index.php\/2024\/02\/27\/vendra-reestructura-en-el-transporte-publico-por-proyecto-del-metrobus\/","og_locale":"es_MX","og_type":"article","og_title":"VENDR\u00c1 REESTRUCTURA EN EL TRANSPORTE P\u00daBLICO POR PROYECTO DEL METROB\u00daS - EL INFORMATIVO DE TAMAULIPAS","og_description":"*Habr\u00e1 Una Reconversi\u00f3n En El Servicio A Partir Del Pr\u00f3ximo A\u00f1o &nbsp; &nbsp; La reestructuraci\u00f3n en el transporte p\u00fablico de la zona sur ser\u00e1 una","og_url":"https:\/\/elinformativotam.com\/index.php\/2024\/02\/27\/vendra-reestructura-en-el-transporte-publico-por-proyecto-del-metrobus\/","og_site_name":"EL INFORMATIVO DE TAMAULIPAS","article_published_time":"2024-02-28T04:03:43+00:00","og_image":[{"width":1280,"height":963,"url":"https:\/\/elinformativotam.com\/wp-content\/uploads\/2024\/02\/Ivan-Aguirre.jpeg","type":"image\/jpeg"}],"author":"El Informativo Tam","twitter_card":"summary_large_image","twitter_misc":{"Escrito por":"El Informativo Tam","Tiempo de lectura":"2 minutos"},"schema":{"@context":"https:\/\/schema.org","@graph":[{"@type":"Article","@id":"https:\/\/elinformativotam.com\/index.php\/2024\/02\/27\/vendra-reestructura-en-el-transporte-publico-por-proyecto-del-metrobus\/#article","isPartOf":{"@id":"https:\/\/elinformativotam.com\/index.php\/2024\/02\/27\/vendra-reestructura-en-el-transporte-publico-por-proyecto-del-metrobus\/"},"author":{"name":"El Informativo Tam","@id":"https:\/\/elinformativotam.com\/#\/schema\/person\/78e08040eed0f6110f0c5f83b6153590"},"headline":"VENDR\u00c1 REESTRUCTURA EN EL TRANSPORTE P\u00daBLICO POR PROYECTO DEL METROB\u00daS","datePublished":"2024-02-28T04:03:43+00:00","mainEntityOfPage":{"@id":"https:\/\/elinformativotam.com\/index.php\/2024\/02\/27\/vendra-reestructura-en-el-transporte-publico-por-proyecto-del-metrobus\/"},"wordCount":287,"commentCount":0,"publisher":{"@id":"https:\/\/elinformativotam.com\/#organization"},"image":{"@id":"https:\/\/elinformativotam.com\/index.php\/2024\/02\/27\/vendra-reestructura-en-el-transporte-publico-por-proyecto-del-metrobus\/#primaryimage"},"thumbnailUrl":"https:\/\/elinformativotam.com\/wp-content\/uploads\/2024\/02\/Ivan-Aguirre.jpeg","articleSection":["Tampico"],"inLanguage":"es","potentialAction":[{"@type":"CommentAction","name":"Comment","target":["https:\/\/elinformativotam.com\/index.php\/2024\/02\/27\/vendra-reestructura-en-el-transporte-publico-por-proyecto-del-metrobus\/#respond"]}]},{"@type":"WebPage","@id":"https:\/\/elinformativotam.com\/index.php\/2024\/02\/27\/vendra-reestructura-en-el-transporte-publico-por-proyecto-del-metrobus\/","url":"https:\/\/elinformativotam.com\/index.php\/2024\/02\/27\/vendra-reestructura-en-el-transporte-publico-por-proyecto-del-metrobus\/","name":"VENDR\u00c1 REESTRUCTURA EN EL TRANSPORTE P\u00daBLICO POR PROYECTO DEL METROB\u00daS - EL INFORMATIVO DE TAMAULIPAS","isPartOf":{"@id":"https:\/\/elinformativotam.com\/#website"},"primaryImageOfPage":{"@id":"https:\/\/elinformativotam.com\/index.php\/2024\/02\/27\/vendra-reestructura-en-el-transporte-publico-por-proyecto-del-metrobus\/#primaryimage"},"image":{"@id":"https:\/\/elinformativotam.com\/index.php\/2024\/02\/27\/vendra-reestructura-en-el-transporte-publico-por-proyecto-del-metrobus\/#primaryimage"},"thumbnailUrl":"https:\/\/elinformativotam.com\/wp-content\/uploads\/2024\/02\/Ivan-Aguirre.jpeg","datePublished":"2024-02-28T04:03:43+00:00","description":"*Habr\u00e1 Una Reconversi\u00f3n En El Servicio A Partir Del Pr\u00f3ximo A\u00f1o &nbsp; &nbsp; La reestructuraci\u00f3n en el transporte p\u00fablico de la zona sur ser\u00e1 una","inLanguage":"es","potentialAction":[{"@type":"ReadAction","target":["https:\/\/elinformativotam.com\/index.php\/2024\/02\/27\/vendra-reestructura-en-el-transporte-publico-por-proyecto-del-metrobus\/"]}]},{"@type":"ImageObject","inLanguage":"es","@id":"https:\/\/elinformativotam.com\/index.php\/2024\/02\/27\/vendra-reestructura-en-el-transporte-publico-por-proyecto-del-metrobus\/#primaryimage","url":"https:\/\/elinformativotam.com\/wp-content\/uploads\/2024\/02\/Ivan-Aguirre.jpeg","contentUrl":"https:\/\/elinformativotam.com\/wp-content\/uploads\/2024\/02\/Ivan-Aguirre.jpeg","width":1280,"height":963},{"@type":"WebSite","@id":"https:\/\/elinformativotam.com\/#website","url":"https:\/\/elinformativotam.com\/","name":"EL INFORMATIVO DE TAMAULIPAS","description":"Desde la Zona Metropolitana Para Todo M\u00e9xico","publisher":{"@id":"https:\/\/elinformativotam.com\/#organization"},"potentialAction":[{"@type":"SearchAction","target":{"@type":"EntryPoint","urlTemplate":"https:\/\/elinformativotam.com\/?s={search_term_string}"},"query-input":{"@type":"PropertyValueSpecification","valueRequired":true,"valueName":"search_term_string"}}],"inLanguage":"es"},{"@type":"Organization","@id":"https:\/\/elinformativotam.com\/#organization","name":"EL INFORMATIVO DE TAMAULIPAS","url":"https:\/\/elinformativotam.com\/","logo":{"@type":"ImageObject","inLanguage":"es","@id":"https:\/\/elinformativotam.com\/#\/schema\/logo\/image\/","url":"https:\/\/elinformativotam.com\/wp-content\/uploads\/2026\/02\/Cabezal.png","contentUrl":"https:\/\/elinformativotam.com\/wp-content\/uploads\/2026\/02\/Cabezal.png","width":960,"height":640,"caption":"EL INFORMATIVO DE TAMAULIPAS"},"image":{"@id":"https:\/\/elinformativotam.com\/#\/schema\/logo\/image\/"}},{"@type":"Person","@id":"https:\/\/elinformativotam.com\/#\/schema\/person\/78e08040eed0f6110f0c5f83b6153590","name":"El Informativo Tam","image":{"@type":"ImageObject","inLanguage":"es","@id":"https:\/\/secure.gravatar.com\/avatar\/f3b7ad3af540688955925ac610647be00b0cf41feea9c4978b73a707ee86bc53?s=96&d=mm&r=g","url":"https:\/\/secure.gravatar.com\/avatar\/f3b7ad3af540688955925ac610647be00b0cf41feea9c4978b73a707ee86bc53?s=96&d=mm&r=g","contentUrl":"https:\/\/secure.gravatar.com\/avatar\/f3b7ad3af540688955925ac610647be00b0cf41feea9c4978b73a707ee86bc53?s=96&d=mm&r=g","caption":"El Informativo Tam"}}]}},"_links":{"self":[{"href":"https:\/\/elinformativotam.com\/index.php\/wp-json\/wp\/v2\/posts\/49365","targetHints":{"allow":["GET"]}}],"collection":[{"href":"https:\/\/elinformativotam.com\/index.php\/wp-json\/wp\/v2\/posts"}],"about":[{"href":"https:\/\/elinformativotam.com\/index.php\/wp-json\/wp\/v2\/types\/post"}],"author":[{"embeddable":true,"href":"https:\/\/elinformativotam.com\/index.php\/wp-json\/wp\/v2\/users\/1"}],"replies":[{"embeddable":true,"href":"https:\/\/elinformativotam.com\/index.php\/wp-json\/wp\/v2\/comments?post=49365"}],"version-history":[{"count":1,"href":"https:\/\/elinformativotam.com\/index.php\/wp-json\/wp\/v2\/posts\/49365\/revisions"}],"predecessor-version":[{"id":49367,"href":"https:\/\/elinformativotam.com\/index.php\/wp-json\/wp\/v2\/posts\/49365\/revisions\/49367"}],"wp:featuredmedia":[{"embeddable":true,"href":"https:\/\/elinformativotam.com\/index.php\/wp-json\/wp\/v2\/media\/49366"}],"wp:attachment":[{"href":"https:\/\/elinformativotam.com\/index.php\/wp-json\/wp\/v2\/media?parent=49365"}],"wp:term":[{"taxonomy":"category","embeddable":true,"href":"https:\/\/elinformativotam.com\/index.php\/wp-json\/wp\/v2\/categories?post=49365"},{"taxonomy":"post_tag","embeddable":true,"href":"https:\/\/elinformativotam.com\/index.php\/wp-json\/wp\/v2\/tags?post=49365"}],"curies":[{"name":"wp","href":"https:\/\/api.w.org\/{rel}","templated":true}]}}