{"id":49353,"date":"2024-02-27T21:55:33","date_gmt":"2024-02-28T03:55:33","guid":{"rendered":"https:\/\/elinformativotam.com\/?p=49353"},"modified":"2024-02-27T21:55:33","modified_gmt":"2024-02-28T03:55:33","slug":"se-restablecen-clases-en-secundaria-tomada-por-padres-de-familia","status":"publish","type":"post","link":"https:\/\/elinformativotam.com\/index.php\/2024\/02\/27\/se-restablecen-clases-en-secundaria-tomada-por-padres-de-familia\/","title":{"rendered":"SE RESTABLECEN CLASES EN SECUNDARIA TOMADA POR PADRES DE FAMILIA"},"content":{"rendered":"<p>Este pr\u00f3ximo mi\u00e9rcoles hay compromiso de que la escuela secundaria general 87 &#8216;Independencia de M\u00e9xico&#8217; regrese a operaciones de manera normal, fue el acuerdo que llegaron autoridades de la Cerrar\u00eda de Educaci\u00f3n en Tamaulipas con los padres de familia.<\/p>\n<p>&nbsp;<\/p>\n<p>Jorge Luis Cisneros Mart\u00ednez, jefe de del Centro Regional de Desarrollo Educativo, expuso que pod\u00eda poner cartas en el asiento, en diferentes aspectos, ya que se adhesi\u00f3n de m\u00e1s problemas con maestros, ya que hay el incremento de abrir dos grupos m\u00e1s.<\/p>\n<p>&nbsp;<\/p>\n<p>&#8220;Antes de ese d\u00eda tenemos una reuni\u00f3n con unos docentes, eso es lo que tenemos con esa escuela. Tambi\u00e9n tenemos el compromiso del alcalde de apoyar con el tema de impermeabilizaci\u00f3n de algunas aulas&#8221;, coment\u00f3.<\/p>\n<p>&nbsp;<\/p>\n<p>Detall\u00f3 que junto con el supervisor van a estar tratando algunos temas que se van a tratar, aunque reconoci\u00f3 que lo m\u00e1s importante es que los alumnos regresen a clases.<\/p>\n<p>&nbsp;<\/p>\n<p>Este lunes se cumplen cinco d\u00edas de que los padres tomaron la iniciativa de tomar la escuela cerr\u00e1ndola a docentes y alumnos.<\/p>\n","protected":false},"excerpt":{"rendered":"<p>Este pr\u00f3ximo mi\u00e9rcoles hay compromiso de que la escuela secundaria general 87 &#8216;Independencia de M\u00e9xico&#8217; regrese a operaciones de manera&hellip;<\/p>\n","protected":false},"author":1,"featured_media":49354,"comment_status":"open","ping_status":"open","sticky":false,"template":"","format":"standard","meta":{"footnotes":""},"categories":[5],"tags":[],"class_list":["post-49353","post","type-post","status-publish","format-standard","has-post-thumbnail","hentry","category-altamira"],"yoast_head":"<!-- This site is optimized with the Yoast SEO plugin v27.5 - https:\/\/yoast.com\/product\/yoast-seo-wordpress\/ -->\n<title>SE RESTABLECEN CLASES EN SECUNDARIA TOMADA POR PADRES DE FAMILIA - EL INFORMATIVO DE TAMAULIPAS<\/title>\n<meta name=\"description\" content=\"Este pr\u00f3ximo mi\u00e9rcoles hay compromiso de que la escuela secundaria general 87 &#039;Independencia de M\u00e9xico&#039; regrese a operaciones de manera normal, fue el\" \/>\n<meta name=\"robots\" content=\"index, follow, max-snippet:-1, max-image-preview:large, max-video-preview:-1\" \/>\n<link rel=\"canonical\" href=\"https:\/\/elinformativotam.com\/index.php\/2024\/02\/27\/se-restablecen-clases-en-secundaria-tomada-por-padres-de-familia\/\" \/>\n<meta property=\"og:locale\" content=\"es_MX\" \/>\n<meta property=\"og:type\" content=\"article\" \/>\n<meta property=\"og:title\" content=\"SE RESTABLECEN CLASES EN SECUNDARIA TOMADA POR PADRES DE FAMILIA - EL INFORMATIVO DE TAMAULIPAS\" \/>\n<meta property=\"og:description\" content=\"Este pr\u00f3ximo mi\u00e9rcoles hay compromiso de que la escuela secundaria general 87 &#039;Independencia de M\u00e9xico&#039; regrese a operaciones de manera normal, fue el\" \/>\n<meta property=\"og:url\" content=\"https:\/\/elinformativotam.com\/index.php\/2024\/02\/27\/se-restablecen-clases-en-secundaria-tomada-por-padres-de-familia\/\" \/>\n<meta property=\"og:site_name\" content=\"EL INFORMATIVO DE TAMAULIPAS\" \/>\n<meta property=\"article:published_time\" content=\"2024-02-28T03:55:33+00:00\" \/>\n<meta property=\"og:image\" content=\"https:\/\/elinformativotam.com\/wp-content\/uploads\/2024\/02\/Secundaria-871.jpeg\" \/>\n\t<meta property=\"og:image:width\" content=\"283\" \/>\n\t<meta property=\"og:image:height\" content=\"178\" \/>\n\t<meta property=\"og:image:type\" content=\"image\/jpeg\" \/>\n<meta name=\"author\" content=\"El Informativo Tam\" \/>\n<meta name=\"twitter:card\" content=\"summary_large_image\" \/>\n<meta name=\"twitter:label1\" content=\"Escrito por\" \/>\n\t<meta name=\"twitter:data1\" content=\"El Informativo Tam\" \/>\n\t<meta name=\"twitter:label2\" content=\"Tiempo de lectura\" \/>\n\t<meta name=\"twitter:data2\" content=\"1 minuto\" \/>\n<script type=\"application\/ld+json\" class=\"yoast-schema-graph\">{\"@context\":\"https:\\\/\\\/schema.org\",\"@graph\":[{\"@type\":\"Article\",\"@id\":\"https:\\\/\\\/elinformativotam.com\\\/index.php\\\/2024\\\/02\\\/27\\\/se-restablecen-clases-en-secundaria-tomada-por-padres-de-familia\\\/#article\",\"isPartOf\":{\"@id\":\"https:\\\/\\\/elinformativotam.com\\\/index.php\\\/2024\\\/02\\\/27\\\/se-restablecen-clases-en-secundaria-tomada-por-padres-de-familia\\\/\"},\"author\":{\"name\":\"El Informativo Tam\",\"@id\":\"https:\\\/\\\/elinformativotam.com\\\/#\\\/schema\\\/person\\\/78e08040eed0f6110f0c5f83b6153590\"},\"headline\":\"SE RESTABLECEN CLASES EN SECUNDARIA TOMADA POR PADRES DE FAMILIA\",\"datePublished\":\"2024-02-28T03:55:33+00:00\",\"mainEntityOfPage\":{\"@id\":\"https:\\\/\\\/elinformativotam.com\\\/index.php\\\/2024\\\/02\\\/27\\\/se-restablecen-clases-en-secundaria-tomada-por-padres-de-familia\\\/\"},\"wordCount\":198,\"commentCount\":0,\"publisher\":{\"@id\":\"https:\\\/\\\/elinformativotam.com\\\/#organization\"},\"image\":{\"@id\":\"https:\\\/\\\/elinformativotam.com\\\/index.php\\\/2024\\\/02\\\/27\\\/se-restablecen-clases-en-secundaria-tomada-por-padres-de-familia\\\/#primaryimage\"},\"thumbnailUrl\":\"https:\\\/\\\/elinformativotam.com\\\/wp-content\\\/uploads\\\/2024\\\/02\\\/Secundaria-871.jpeg\",\"articleSection\":[\"Altamira\"],\"inLanguage\":\"es\",\"potentialAction\":[{\"@type\":\"CommentAction\",\"name\":\"Comment\",\"target\":[\"https:\\\/\\\/elinformativotam.com\\\/index.php\\\/2024\\\/02\\\/27\\\/se-restablecen-clases-en-secundaria-tomada-por-padres-de-familia\\\/#respond\"]}]},{\"@type\":\"WebPage\",\"@id\":\"https:\\\/\\\/elinformativotam.com\\\/index.php\\\/2024\\\/02\\\/27\\\/se-restablecen-clases-en-secundaria-tomada-por-padres-de-familia\\\/\",\"url\":\"https:\\\/\\\/elinformativotam.com\\\/index.php\\\/2024\\\/02\\\/27\\\/se-restablecen-clases-en-secundaria-tomada-por-padres-de-familia\\\/\",\"name\":\"SE RESTABLECEN CLASES EN SECUNDARIA TOMADA POR PADRES DE FAMILIA - EL INFORMATIVO DE TAMAULIPAS\",\"isPartOf\":{\"@id\":\"https:\\\/\\\/elinformativotam.com\\\/#website\"},\"primaryImageOfPage\":{\"@id\":\"https:\\\/\\\/elinformativotam.com\\\/index.php\\\/2024\\\/02\\\/27\\\/se-restablecen-clases-en-secundaria-tomada-por-padres-de-familia\\\/#primaryimage\"},\"image\":{\"@id\":\"https:\\\/\\\/elinformativotam.com\\\/index.php\\\/2024\\\/02\\\/27\\\/se-restablecen-clases-en-secundaria-tomada-por-padres-de-familia\\\/#primaryimage\"},\"thumbnailUrl\":\"https:\\\/\\\/elinformativotam.com\\\/wp-content\\\/uploads\\\/2024\\\/02\\\/Secundaria-871.jpeg\",\"datePublished\":\"2024-02-28T03:55:33+00:00\",\"description\":\"Este pr\u00f3ximo mi\u00e9rcoles hay compromiso de que la escuela secundaria general 87 'Independencia de M\u00e9xico' regrese a operaciones de manera normal, fue el\",\"inLanguage\":\"es\",\"potentialAction\":[{\"@type\":\"ReadAction\",\"target\":[\"https:\\\/\\\/elinformativotam.com\\\/index.php\\\/2024\\\/02\\\/27\\\/se-restablecen-clases-en-secundaria-tomada-por-padres-de-familia\\\/\"]}]},{\"@type\":\"ImageObject\",\"inLanguage\":\"es\",\"@id\":\"https:\\\/\\\/elinformativotam.com\\\/index.php\\\/2024\\\/02\\\/27\\\/se-restablecen-clases-en-secundaria-tomada-por-padres-de-familia\\\/#primaryimage\",\"url\":\"https:\\\/\\\/elinformativotam.com\\\/wp-content\\\/uploads\\\/2024\\\/02\\\/Secundaria-871.jpeg\",\"contentUrl\":\"https:\\\/\\\/elinformativotam.com\\\/wp-content\\\/uploads\\\/2024\\\/02\\\/Secundaria-871.jpeg\",\"width\":283,\"height\":178},{\"@type\":\"WebSite\",\"@id\":\"https:\\\/\\\/elinformativotam.com\\\/#website\",\"url\":\"https:\\\/\\\/elinformativotam.com\\\/\",\"name\":\"EL INFORMATIVO DE TAMAULIPAS\",\"description\":\"Desde la Zona Metropolitana Para Todo M\u00e9xico\",\"publisher\":{\"@id\":\"https:\\\/\\\/elinformativotam.com\\\/#organization\"},\"potentialAction\":[{\"@type\":\"SearchAction\",\"target\":{\"@type\":\"EntryPoint\",\"urlTemplate\":\"https:\\\/\\\/elinformativotam.com\\\/?s={search_term_string}\"},\"query-input\":{\"@type\":\"PropertyValueSpecification\",\"valueRequired\":true,\"valueName\":\"search_term_string\"}}],\"inLanguage\":\"es\"},{\"@type\":\"Organization\",\"@id\":\"https:\\\/\\\/elinformativotam.com\\\/#organization\",\"name\":\"EL INFORMATIVO DE TAMAULIPAS\",\"url\":\"https:\\\/\\\/elinformativotam.com\\\/\",\"logo\":{\"@type\":\"ImageObject\",\"inLanguage\":\"es\",\"@id\":\"https:\\\/\\\/elinformativotam.com\\\/#\\\/schema\\\/logo\\\/image\\\/\",\"url\":\"https:\\\/\\\/elinformativotam.com\\\/wp-content\\\/uploads\\\/2026\\\/02\\\/Cabezal.png\",\"contentUrl\":\"https:\\\/\\\/elinformativotam.com\\\/wp-content\\\/uploads\\\/2026\\\/02\\\/Cabezal.png\",\"width\":960,\"height\":640,\"caption\":\"EL INFORMATIVO DE TAMAULIPAS\"},\"image\":{\"@id\":\"https:\\\/\\\/elinformativotam.com\\\/#\\\/schema\\\/logo\\\/image\\\/\"}},{\"@type\":\"Person\",\"@id\":\"https:\\\/\\\/elinformativotam.com\\\/#\\\/schema\\\/person\\\/78e08040eed0f6110f0c5f83b6153590\",\"name\":\"El Informativo Tam\",\"image\":{\"@type\":\"ImageObject\",\"inLanguage\":\"es\",\"@id\":\"https:\\\/\\\/secure.gravatar.com\\\/avatar\\\/f3b7ad3af540688955925ac610647be00b0cf41feea9c4978b73a707ee86bc53?s=96&d=mm&r=g\",\"url\":\"https:\\\/\\\/secure.gravatar.com\\\/avatar\\\/f3b7ad3af540688955925ac610647be00b0cf41feea9c4978b73a707ee86bc53?s=96&d=mm&r=g\",\"contentUrl\":\"https:\\\/\\\/secure.gravatar.com\\\/avatar\\\/f3b7ad3af540688955925ac610647be00b0cf41feea9c4978b73a707ee86bc53?s=96&d=mm&r=g\",\"caption\":\"El Informativo Tam\"}}]}<\/script>\n<!-- \/ Yoast SEO plugin. -->","yoast_head_json":{"title":"SE RESTABLECEN CLASES EN SECUNDARIA TOMADA POR PADRES DE FAMILIA - EL INFORMATIVO DE TAMAULIPAS","description":"Este pr\u00f3ximo mi\u00e9rcoles hay compromiso de que la escuela secundaria general 87 'Independencia de M\u00e9xico' regrese a operaciones de manera normal, fue el","robots":{"index":"index","follow":"follow","max-snippet":"max-snippet:-1","max-image-preview":"max-image-preview:large","max-video-preview":"max-video-preview:-1"},"canonical":"https:\/\/elinformativotam.com\/index.php\/2024\/02\/27\/se-restablecen-clases-en-secundaria-tomada-por-padres-de-familia\/","og_locale":"es_MX","og_type":"article","og_title":"SE RESTABLECEN CLASES EN SECUNDARIA TOMADA POR PADRES DE FAMILIA - EL INFORMATIVO DE TAMAULIPAS","og_description":"Este pr\u00f3ximo mi\u00e9rcoles hay compromiso de que la escuela secundaria general 87 'Independencia de M\u00e9xico' regrese a operaciones de manera normal, fue el","og_url":"https:\/\/elinformativotam.com\/index.php\/2024\/02\/27\/se-restablecen-clases-en-secundaria-tomada-por-padres-de-familia\/","og_site_name":"EL INFORMATIVO DE TAMAULIPAS","article_published_time":"2024-02-28T03:55:33+00:00","og_image":[{"width":283,"height":178,"url":"https:\/\/elinformativotam.com\/wp-content\/uploads\/2024\/02\/Secundaria-871.jpeg","type":"image\/jpeg"}],"author":"El Informativo Tam","twitter_card":"summary_large_image","twitter_misc":{"Escrito por":"El Informativo Tam","Tiempo de lectura":"1 minuto"},"schema":{"@context":"https:\/\/schema.org","@graph":[{"@type":"Article","@id":"https:\/\/elinformativotam.com\/index.php\/2024\/02\/27\/se-restablecen-clases-en-secundaria-tomada-por-padres-de-familia\/#article","isPartOf":{"@id":"https:\/\/elinformativotam.com\/index.php\/2024\/02\/27\/se-restablecen-clases-en-secundaria-tomada-por-padres-de-familia\/"},"author":{"name":"El Informativo Tam","@id":"https:\/\/elinformativotam.com\/#\/schema\/person\/78e08040eed0f6110f0c5f83b6153590"},"headline":"SE RESTABLECEN CLASES EN SECUNDARIA TOMADA POR PADRES DE FAMILIA","datePublished":"2024-02-28T03:55:33+00:00","mainEntityOfPage":{"@id":"https:\/\/elinformativotam.com\/index.php\/2024\/02\/27\/se-restablecen-clases-en-secundaria-tomada-por-padres-de-familia\/"},"wordCount":198,"commentCount":0,"publisher":{"@id":"https:\/\/elinformativotam.com\/#organization"},"image":{"@id":"https:\/\/elinformativotam.com\/index.php\/2024\/02\/27\/se-restablecen-clases-en-secundaria-tomada-por-padres-de-familia\/#primaryimage"},"thumbnailUrl":"https:\/\/elinformativotam.com\/wp-content\/uploads\/2024\/02\/Secundaria-871.jpeg","articleSection":["Altamira"],"inLanguage":"es","potentialAction":[{"@type":"CommentAction","name":"Comment","target":["https:\/\/elinformativotam.com\/index.php\/2024\/02\/27\/se-restablecen-clases-en-secundaria-tomada-por-padres-de-familia\/#respond"]}]},{"@type":"WebPage","@id":"https:\/\/elinformativotam.com\/index.php\/2024\/02\/27\/se-restablecen-clases-en-secundaria-tomada-por-padres-de-familia\/","url":"https:\/\/elinformativotam.com\/index.php\/2024\/02\/27\/se-restablecen-clases-en-secundaria-tomada-por-padres-de-familia\/","name":"SE RESTABLECEN CLASES EN SECUNDARIA TOMADA POR PADRES DE FAMILIA - EL INFORMATIVO DE TAMAULIPAS","isPartOf":{"@id":"https:\/\/elinformativotam.com\/#website"},"primaryImageOfPage":{"@id":"https:\/\/elinformativotam.com\/index.php\/2024\/02\/27\/se-restablecen-clases-en-secundaria-tomada-por-padres-de-familia\/#primaryimage"},"image":{"@id":"https:\/\/elinformativotam.com\/index.php\/2024\/02\/27\/se-restablecen-clases-en-secundaria-tomada-por-padres-de-familia\/#primaryimage"},"thumbnailUrl":"https:\/\/elinformativotam.com\/wp-content\/uploads\/2024\/02\/Secundaria-871.jpeg","datePublished":"2024-02-28T03:55:33+00:00","description":"Este pr\u00f3ximo mi\u00e9rcoles hay compromiso de que la escuela secundaria general 87 'Independencia de M\u00e9xico' regrese a operaciones de manera normal, fue el","inLanguage":"es","potentialAction":[{"@type":"ReadAction","target":["https:\/\/elinformativotam.com\/index.php\/2024\/02\/27\/se-restablecen-clases-en-secundaria-tomada-por-padres-de-familia\/"]}]},{"@type":"ImageObject","inLanguage":"es","@id":"https:\/\/elinformativotam.com\/index.php\/2024\/02\/27\/se-restablecen-clases-en-secundaria-tomada-por-padres-de-familia\/#primaryimage","url":"https:\/\/elinformativotam.com\/wp-content\/uploads\/2024\/02\/Secundaria-871.jpeg","contentUrl":"https:\/\/elinformativotam.com\/wp-content\/uploads\/2024\/02\/Secundaria-871.jpeg","width":283,"height":178},{"@type":"WebSite","@id":"https:\/\/elinformativotam.com\/#website","url":"https:\/\/elinformativotam.com\/","name":"EL INFORMATIVO DE TAMAULIPAS","description":"Desde la Zona Metropolitana Para Todo M\u00e9xico","publisher":{"@id":"https:\/\/elinformativotam.com\/#organization"},"potentialAction":[{"@type":"SearchAction","target":{"@type":"EntryPoint","urlTemplate":"https:\/\/elinformativotam.com\/?s={search_term_string}"},"query-input":{"@type":"PropertyValueSpecification","valueRequired":true,"valueName":"search_term_string"}}],"inLanguage":"es"},{"@type":"Organization","@id":"https:\/\/elinformativotam.com\/#organization","name":"EL INFORMATIVO DE TAMAULIPAS","url":"https:\/\/elinformativotam.com\/","logo":{"@type":"ImageObject","inLanguage":"es","@id":"https:\/\/elinformativotam.com\/#\/schema\/logo\/image\/","url":"https:\/\/elinformativotam.com\/wp-content\/uploads\/2026\/02\/Cabezal.png","contentUrl":"https:\/\/elinformativotam.com\/wp-content\/uploads\/2026\/02\/Cabezal.png","width":960,"height":640,"caption":"EL INFORMATIVO DE TAMAULIPAS"},"image":{"@id":"https:\/\/elinformativotam.com\/#\/schema\/logo\/image\/"}},{"@type":"Person","@id":"https:\/\/elinformativotam.com\/#\/schema\/person\/78e08040eed0f6110f0c5f83b6153590","name":"El Informativo Tam","image":{"@type":"ImageObject","inLanguage":"es","@id":"https:\/\/secure.gravatar.com\/avatar\/f3b7ad3af540688955925ac610647be00b0cf41feea9c4978b73a707ee86bc53?s=96&d=mm&r=g","url":"https:\/\/secure.gravatar.com\/avatar\/f3b7ad3af540688955925ac610647be00b0cf41feea9c4978b73a707ee86bc53?s=96&d=mm&r=g","contentUrl":"https:\/\/secure.gravatar.com\/avatar\/f3b7ad3af540688955925ac610647be00b0cf41feea9c4978b73a707ee86bc53?s=96&d=mm&r=g","caption":"El Informativo Tam"}}]}},"_links":{"self":[{"href":"https:\/\/elinformativotam.com\/index.php\/wp-json\/wp\/v2\/posts\/49353","targetHints":{"allow":["GET"]}}],"collection":[{"href":"https:\/\/elinformativotam.com\/index.php\/wp-json\/wp\/v2\/posts"}],"about":[{"href":"https:\/\/elinformativotam.com\/index.php\/wp-json\/wp\/v2\/types\/post"}],"author":[{"embeddable":true,"href":"https:\/\/elinformativotam.com\/index.php\/wp-json\/wp\/v2\/users\/1"}],"replies":[{"embeddable":true,"href":"https:\/\/elinformativotam.com\/index.php\/wp-json\/wp\/v2\/comments?post=49353"}],"version-history":[{"count":1,"href":"https:\/\/elinformativotam.com\/index.php\/wp-json\/wp\/v2\/posts\/49353\/revisions"}],"predecessor-version":[{"id":49355,"href":"https:\/\/elinformativotam.com\/index.php\/wp-json\/wp\/v2\/posts\/49353\/revisions\/49355"}],"wp:featuredmedia":[{"embeddable":true,"href":"https:\/\/elinformativotam.com\/index.php\/wp-json\/wp\/v2\/media\/49354"}],"wp:attachment":[{"href":"https:\/\/elinformativotam.com\/index.php\/wp-json\/wp\/v2\/media?parent=49353"}],"wp:term":[{"taxonomy":"category","embeddable":true,"href":"https:\/\/elinformativotam.com\/index.php\/wp-json\/wp\/v2\/categories?post=49353"},{"taxonomy":"post_tag","embeddable":true,"href":"https:\/\/elinformativotam.com\/index.php\/wp-json\/wp\/v2\/tags?post=49353"}],"curies":[{"name":"wp","href":"https:\/\/api.w.org\/{rel}","templated":true}]}}