{"id":49344,"date":"2024-02-24T15:33:18","date_gmt":"2024-02-24T21:33:18","guid":{"rendered":"https:\/\/elinformativotam.com\/?p=49344"},"modified":"2024-02-24T15:33:18","modified_gmt":"2024-02-24T21:33:18","slug":"en-tamaulipas-las-y-los-jovenes-son-parte-de-la-transformacion-olga-sosa","status":"publish","type":"post","link":"https:\/\/elinformativotam.com\/index.php\/2024\/02\/24\/en-tamaulipas-las-y-los-jovenes-son-parte-de-la-transformacion-olga-sosa\/","title":{"rendered":"EN TAMAULIPAS LAS Y LOS JOVENES SON PARTE DE LA TRANSFORMACI\u00d3N: OLGA SOSA"},"content":{"rendered":"<h2 style=\"text-align: center;\"><\/h2>\n<h2 style=\"text-align: center;\"><em><span style=\"font-family: 'times new roman', times;\">*Resultados del INJUVE Demuestran el Compromiso con Atender a la Juventud Por Parte del Gobierno de Am\u00e9rico Villarreal Anaya<\/span><\/em><\/h2>\n<p>&nbsp;<\/p>\n<p>&nbsp;<\/p>\n<p>Ciudad Victoria.- El Instituto de la Juventud de Tamaulipas, realiz\u00f3 la primera sesi\u00f3n ordinaria de la Junta de Gobierno 2024, d\u00f3nde se aprob\u00f3 por unanimidad el plan operativo anual, correspondiente a este a\u00f1o, as\u00ed como el informe de actividades de la direcci\u00f3n general, donde se cont\u00f3 con la participaci\u00f3n de las y los delegados de este instituto, en el que adem\u00e1s, se revisaron las finanzas y actividades realizadas.<\/p>\n<p>&nbsp;<\/p>\n<p>Esta Junta de Gobierno fue presidida por la secretaria del Trabajo y Previsi\u00f3n Social Olga Patricia Sosa Ru\u00edz, quien hizo un reconocimiento a todas y todos los involucrados que han trabajado de manera incondicional a favor de las juventudes, de la mano de la directora general Judith Katalyna M\u00e9ndez Cepeda y dando continuidad a una serie de acciones por parte del gobierno de Tamaulipas, que dirige Am\u00e9rico Villarreal Anaya.<\/p>\n<p>&nbsp;<\/p>\n<p>&#8220;En estos meses de trabajo ha sido para m\u00ed un honor encabezar esta Junta de Gobierno, siguiendo el compromiso del humanismo que caracteriza al gobierno de Am\u00e9rico Villarreal Anaya y por eso les pido con el mismo compromiso y dedicaci\u00f3n, que sigamos trabajando por reivindicar los derechos y avanzar juntas y juntos en un estado donde todas y todos ustedes, son parte fundamental&#8221;.<\/p>\n<p>&nbsp;<\/p>\n<p>En ese sentido la secretaria del Trabajo se\u00f1al\u00f3 que ahora Tamaulipas cuenta con una nueva ley de las juventudes, un ejercicio participativo de escuchar y atender problemas vitales como el medio ambiente, la salud mental, ciberseguridad y embarazos no deseados.<\/p>\n<p>&nbsp;<\/p>\n<p>Tambi\u00e9n se refiri\u00f3 a la integraci\u00f3n de Misi\u00f3n Tamaulipas con presencia en el 80% de la geograf\u00eda tamaulipeca, reafirmando que todo ese trabajo ha permitido que los j\u00f3venes cuenten con derechos, participando activamente en la vida pol\u00edtica del estado.<\/p>\n<p>&nbsp;<\/p>\n<p>En esta sesi\u00f3n ordinaria participaron los delegados municipales Rosa Marlet Arredondo, Irving Trevi\u00f1o, Alexis Hern\u00e1ndez, Brandon Camacho , Mauricio Rojas, Lucero Carrizales, Pablo Rodr\u00edguez, David Escamilla, Iv\u00e1n Medina, Yuliana Mata y Mar\u00eda de los \u00c1ngeles Rojas, as\u00ed como representantes de Finanzas, Salud, Educaci\u00f3n, DIF Tamaulipas, ITCA<\/p>\n","protected":false},"excerpt":{"rendered":"<p>*Resultados del INJUVE Demuestran el Compromiso con Atender a la Juventud Por Parte del Gobierno de Am\u00e9rico Villarreal Anaya &nbsp;&hellip;<\/p>\n","protected":false},"author":1,"featured_media":49345,"comment_status":"open","ping_status":"open","sticky":false,"template":"","format":"standard","meta":{"footnotes":""},"categories":[6],"tags":[],"class_list":["post-49344","post","type-post","status-publish","format-standard","has-post-thumbnail","hentry","category-tamaulipas"],"yoast_head":"<!-- This site is optimized with the Yoast SEO plugin v27.5 - https:\/\/yoast.com\/product\/yoast-seo-wordpress\/ -->\n<title>EN TAMAULIPAS LAS Y LOS JOVENES SON PARTE DE LA TRANSFORMACI\u00d3N: OLGA SOSA - EL INFORMATIVO DE TAMAULIPAS<\/title>\n<meta name=\"description\" content=\"*Resultados del INJUVE Demuestran el Compromiso con Atender a la Juventud Por Parte del Gobierno de Am\u00e9rico Villarreal Anaya &nbsp; &nbsp; Ciudad\" \/>\n<meta name=\"robots\" content=\"index, follow, max-snippet:-1, max-image-preview:large, max-video-preview:-1\" \/>\n<link rel=\"canonical\" href=\"https:\/\/elinformativotam.com\/index.php\/2024\/02\/24\/en-tamaulipas-las-y-los-jovenes-son-parte-de-la-transformacion-olga-sosa\/\" \/>\n<meta property=\"og:locale\" content=\"es_MX\" \/>\n<meta property=\"og:type\" content=\"article\" \/>\n<meta property=\"og:title\" content=\"EN TAMAULIPAS LAS Y LOS JOVENES SON PARTE DE LA TRANSFORMACI\u00d3N: OLGA SOSA - EL INFORMATIVO DE TAMAULIPAS\" \/>\n<meta property=\"og:description\" content=\"*Resultados del INJUVE Demuestran el Compromiso con Atender a la Juventud Por Parte del Gobierno de Am\u00e9rico Villarreal Anaya &nbsp; &nbsp; Ciudad\" \/>\n<meta property=\"og:url\" content=\"https:\/\/elinformativotam.com\/index.php\/2024\/02\/24\/en-tamaulipas-las-y-los-jovenes-son-parte-de-la-transformacion-olga-sosa\/\" \/>\n<meta property=\"og:site_name\" content=\"EL INFORMATIVO DE TAMAULIPAS\" \/>\n<meta property=\"article:published_time\" content=\"2024-02-24T21:33:18+00:00\" \/>\n<meta property=\"og:image\" content=\"https:\/\/elinformativotam.com\/wp-content\/uploads\/2024\/02\/IMG-20240224-WA0085-scaled.jpg\" \/>\n\t<meta property=\"og:image:width\" content=\"2560\" \/>\n\t<meta property=\"og:image:height\" content=\"1706\" \/>\n\t<meta property=\"og:image:type\" content=\"image\/jpeg\" \/>\n<meta name=\"author\" content=\"El Informativo Tam\" \/>\n<meta name=\"twitter:card\" content=\"summary_large_image\" \/>\n<meta name=\"twitter:label1\" content=\"Escrito por\" \/>\n\t<meta name=\"twitter:data1\" content=\"El Informativo Tam\" \/>\n\t<meta name=\"twitter:label2\" content=\"Tiempo de lectura\" \/>\n\t<meta name=\"twitter:data2\" content=\"2 minutos\" \/>\n<script type=\"application\/ld+json\" class=\"yoast-schema-graph\">{\"@context\":\"https:\\\/\\\/schema.org\",\"@graph\":[{\"@type\":\"Article\",\"@id\":\"https:\\\/\\\/elinformativotam.com\\\/index.php\\\/2024\\\/02\\\/24\\\/en-tamaulipas-las-y-los-jovenes-son-parte-de-la-transformacion-olga-sosa\\\/#article\",\"isPartOf\":{\"@id\":\"https:\\\/\\\/elinformativotam.com\\\/index.php\\\/2024\\\/02\\\/24\\\/en-tamaulipas-las-y-los-jovenes-son-parte-de-la-transformacion-olga-sosa\\\/\"},\"author\":{\"name\":\"El Informativo Tam\",\"@id\":\"https:\\\/\\\/elinformativotam.com\\\/#\\\/schema\\\/person\\\/78e08040eed0f6110f0c5f83b6153590\"},\"headline\":\"EN TAMAULIPAS LAS Y LOS JOVENES SON PARTE DE LA TRANSFORMACI\u00d3N: OLGA SOSA\",\"datePublished\":\"2024-02-24T21:33:18+00:00\",\"mainEntityOfPage\":{\"@id\":\"https:\\\/\\\/elinformativotam.com\\\/index.php\\\/2024\\\/02\\\/24\\\/en-tamaulipas-las-y-los-jovenes-son-parte-de-la-transformacion-olga-sosa\\\/\"},\"wordCount\":390,\"commentCount\":0,\"publisher\":{\"@id\":\"https:\\\/\\\/elinformativotam.com\\\/#organization\"},\"image\":{\"@id\":\"https:\\\/\\\/elinformativotam.com\\\/index.php\\\/2024\\\/02\\\/24\\\/en-tamaulipas-las-y-los-jovenes-son-parte-de-la-transformacion-olga-sosa\\\/#primaryimage\"},\"thumbnailUrl\":\"https:\\\/\\\/elinformativotam.com\\\/wp-content\\\/uploads\\\/2024\\\/02\\\/IMG-20240224-WA0085-scaled.jpg\",\"articleSection\":[\"Tamaulipas\"],\"inLanguage\":\"es\",\"potentialAction\":[{\"@type\":\"CommentAction\",\"name\":\"Comment\",\"target\":[\"https:\\\/\\\/elinformativotam.com\\\/index.php\\\/2024\\\/02\\\/24\\\/en-tamaulipas-las-y-los-jovenes-son-parte-de-la-transformacion-olga-sosa\\\/#respond\"]}]},{\"@type\":\"WebPage\",\"@id\":\"https:\\\/\\\/elinformativotam.com\\\/index.php\\\/2024\\\/02\\\/24\\\/en-tamaulipas-las-y-los-jovenes-son-parte-de-la-transformacion-olga-sosa\\\/\",\"url\":\"https:\\\/\\\/elinformativotam.com\\\/index.php\\\/2024\\\/02\\\/24\\\/en-tamaulipas-las-y-los-jovenes-son-parte-de-la-transformacion-olga-sosa\\\/\",\"name\":\"EN TAMAULIPAS LAS Y LOS JOVENES SON PARTE DE LA TRANSFORMACI\u00d3N: OLGA SOSA - EL INFORMATIVO DE TAMAULIPAS\",\"isPartOf\":{\"@id\":\"https:\\\/\\\/elinformativotam.com\\\/#website\"},\"primaryImageOfPage\":{\"@id\":\"https:\\\/\\\/elinformativotam.com\\\/index.php\\\/2024\\\/02\\\/24\\\/en-tamaulipas-las-y-los-jovenes-son-parte-de-la-transformacion-olga-sosa\\\/#primaryimage\"},\"image\":{\"@id\":\"https:\\\/\\\/elinformativotam.com\\\/index.php\\\/2024\\\/02\\\/24\\\/en-tamaulipas-las-y-los-jovenes-son-parte-de-la-transformacion-olga-sosa\\\/#primaryimage\"},\"thumbnailUrl\":\"https:\\\/\\\/elinformativotam.com\\\/wp-content\\\/uploads\\\/2024\\\/02\\\/IMG-20240224-WA0085-scaled.jpg\",\"datePublished\":\"2024-02-24T21:33:18+00:00\",\"description\":\"*Resultados del INJUVE Demuestran el Compromiso con Atender a la Juventud Por Parte del Gobierno de Am\u00e9rico Villarreal Anaya &nbsp; &nbsp; Ciudad\",\"inLanguage\":\"es\",\"potentialAction\":[{\"@type\":\"ReadAction\",\"target\":[\"https:\\\/\\\/elinformativotam.com\\\/index.php\\\/2024\\\/02\\\/24\\\/en-tamaulipas-las-y-los-jovenes-son-parte-de-la-transformacion-olga-sosa\\\/\"]}]},{\"@type\":\"ImageObject\",\"inLanguage\":\"es\",\"@id\":\"https:\\\/\\\/elinformativotam.com\\\/index.php\\\/2024\\\/02\\\/24\\\/en-tamaulipas-las-y-los-jovenes-son-parte-de-la-transformacion-olga-sosa\\\/#primaryimage\",\"url\":\"https:\\\/\\\/elinformativotam.com\\\/wp-content\\\/uploads\\\/2024\\\/02\\\/IMG-20240224-WA0085-scaled.jpg\",\"contentUrl\":\"https:\\\/\\\/elinformativotam.com\\\/wp-content\\\/uploads\\\/2024\\\/02\\\/IMG-20240224-WA0085-scaled.jpg\",\"width\":2560,\"height\":1706},{\"@type\":\"WebSite\",\"@id\":\"https:\\\/\\\/elinformativotam.com\\\/#website\",\"url\":\"https:\\\/\\\/elinformativotam.com\\\/\",\"name\":\"EL INFORMATIVO DE TAMAULIPAS\",\"description\":\"Desde la Zona Metropolitana Para Todo M\u00e9xico\",\"publisher\":{\"@id\":\"https:\\\/\\\/elinformativotam.com\\\/#organization\"},\"potentialAction\":[{\"@type\":\"SearchAction\",\"target\":{\"@type\":\"EntryPoint\",\"urlTemplate\":\"https:\\\/\\\/elinformativotam.com\\\/?s={search_term_string}\"},\"query-input\":{\"@type\":\"PropertyValueSpecification\",\"valueRequired\":true,\"valueName\":\"search_term_string\"}}],\"inLanguage\":\"es\"},{\"@type\":\"Organization\",\"@id\":\"https:\\\/\\\/elinformativotam.com\\\/#organization\",\"name\":\"EL INFORMATIVO DE TAMAULIPAS\",\"url\":\"https:\\\/\\\/elinformativotam.com\\\/\",\"logo\":{\"@type\":\"ImageObject\",\"inLanguage\":\"es\",\"@id\":\"https:\\\/\\\/elinformativotam.com\\\/#\\\/schema\\\/logo\\\/image\\\/\",\"url\":\"https:\\\/\\\/elinformativotam.com\\\/wp-content\\\/uploads\\\/2026\\\/02\\\/Cabezal.png\",\"contentUrl\":\"https:\\\/\\\/elinformativotam.com\\\/wp-content\\\/uploads\\\/2026\\\/02\\\/Cabezal.png\",\"width\":960,\"height\":640,\"caption\":\"EL INFORMATIVO DE TAMAULIPAS\"},\"image\":{\"@id\":\"https:\\\/\\\/elinformativotam.com\\\/#\\\/schema\\\/logo\\\/image\\\/\"}},{\"@type\":\"Person\",\"@id\":\"https:\\\/\\\/elinformativotam.com\\\/#\\\/schema\\\/person\\\/78e08040eed0f6110f0c5f83b6153590\",\"name\":\"El Informativo Tam\",\"image\":{\"@type\":\"ImageObject\",\"inLanguage\":\"es\",\"@id\":\"https:\\\/\\\/secure.gravatar.com\\\/avatar\\\/f3b7ad3af540688955925ac610647be00b0cf41feea9c4978b73a707ee86bc53?s=96&d=mm&r=g\",\"url\":\"https:\\\/\\\/secure.gravatar.com\\\/avatar\\\/f3b7ad3af540688955925ac610647be00b0cf41feea9c4978b73a707ee86bc53?s=96&d=mm&r=g\",\"contentUrl\":\"https:\\\/\\\/secure.gravatar.com\\\/avatar\\\/f3b7ad3af540688955925ac610647be00b0cf41feea9c4978b73a707ee86bc53?s=96&d=mm&r=g\",\"caption\":\"El Informativo Tam\"}}]}<\/script>\n<!-- \/ Yoast SEO plugin. -->","yoast_head_json":{"title":"EN TAMAULIPAS LAS Y LOS JOVENES SON PARTE DE LA TRANSFORMACI\u00d3N: OLGA SOSA - EL INFORMATIVO DE TAMAULIPAS","description":"*Resultados del INJUVE Demuestran el Compromiso con Atender a la Juventud Por Parte del Gobierno de Am\u00e9rico Villarreal Anaya &nbsp; &nbsp; Ciudad","robots":{"index":"index","follow":"follow","max-snippet":"max-snippet:-1","max-image-preview":"max-image-preview:large","max-video-preview":"max-video-preview:-1"},"canonical":"https:\/\/elinformativotam.com\/index.php\/2024\/02\/24\/en-tamaulipas-las-y-los-jovenes-son-parte-de-la-transformacion-olga-sosa\/","og_locale":"es_MX","og_type":"article","og_title":"EN TAMAULIPAS LAS Y LOS JOVENES SON PARTE DE LA TRANSFORMACI\u00d3N: OLGA SOSA - EL INFORMATIVO DE TAMAULIPAS","og_description":"*Resultados del INJUVE Demuestran el Compromiso con Atender a la Juventud Por Parte del Gobierno de Am\u00e9rico Villarreal Anaya &nbsp; &nbsp; Ciudad","og_url":"https:\/\/elinformativotam.com\/index.php\/2024\/02\/24\/en-tamaulipas-las-y-los-jovenes-son-parte-de-la-transformacion-olga-sosa\/","og_site_name":"EL INFORMATIVO DE TAMAULIPAS","article_published_time":"2024-02-24T21:33:18+00:00","og_image":[{"width":2560,"height":1706,"url":"https:\/\/elinformativotam.com\/wp-content\/uploads\/2024\/02\/IMG-20240224-WA0085-scaled.jpg","type":"image\/jpeg"}],"author":"El Informativo Tam","twitter_card":"summary_large_image","twitter_misc":{"Escrito por":"El Informativo Tam","Tiempo de lectura":"2 minutos"},"schema":{"@context":"https:\/\/schema.org","@graph":[{"@type":"Article","@id":"https:\/\/elinformativotam.com\/index.php\/2024\/02\/24\/en-tamaulipas-las-y-los-jovenes-son-parte-de-la-transformacion-olga-sosa\/#article","isPartOf":{"@id":"https:\/\/elinformativotam.com\/index.php\/2024\/02\/24\/en-tamaulipas-las-y-los-jovenes-son-parte-de-la-transformacion-olga-sosa\/"},"author":{"name":"El Informativo Tam","@id":"https:\/\/elinformativotam.com\/#\/schema\/person\/78e08040eed0f6110f0c5f83b6153590"},"headline":"EN TAMAULIPAS LAS Y LOS JOVENES SON PARTE DE LA TRANSFORMACI\u00d3N: OLGA SOSA","datePublished":"2024-02-24T21:33:18+00:00","mainEntityOfPage":{"@id":"https:\/\/elinformativotam.com\/index.php\/2024\/02\/24\/en-tamaulipas-las-y-los-jovenes-son-parte-de-la-transformacion-olga-sosa\/"},"wordCount":390,"commentCount":0,"publisher":{"@id":"https:\/\/elinformativotam.com\/#organization"},"image":{"@id":"https:\/\/elinformativotam.com\/index.php\/2024\/02\/24\/en-tamaulipas-las-y-los-jovenes-son-parte-de-la-transformacion-olga-sosa\/#primaryimage"},"thumbnailUrl":"https:\/\/elinformativotam.com\/wp-content\/uploads\/2024\/02\/IMG-20240224-WA0085-scaled.jpg","articleSection":["Tamaulipas"],"inLanguage":"es","potentialAction":[{"@type":"CommentAction","name":"Comment","target":["https:\/\/elinformativotam.com\/index.php\/2024\/02\/24\/en-tamaulipas-las-y-los-jovenes-son-parte-de-la-transformacion-olga-sosa\/#respond"]}]},{"@type":"WebPage","@id":"https:\/\/elinformativotam.com\/index.php\/2024\/02\/24\/en-tamaulipas-las-y-los-jovenes-son-parte-de-la-transformacion-olga-sosa\/","url":"https:\/\/elinformativotam.com\/index.php\/2024\/02\/24\/en-tamaulipas-las-y-los-jovenes-son-parte-de-la-transformacion-olga-sosa\/","name":"EN TAMAULIPAS LAS Y LOS JOVENES SON PARTE DE LA TRANSFORMACI\u00d3N: OLGA SOSA - EL INFORMATIVO DE TAMAULIPAS","isPartOf":{"@id":"https:\/\/elinformativotam.com\/#website"},"primaryImageOfPage":{"@id":"https:\/\/elinformativotam.com\/index.php\/2024\/02\/24\/en-tamaulipas-las-y-los-jovenes-son-parte-de-la-transformacion-olga-sosa\/#primaryimage"},"image":{"@id":"https:\/\/elinformativotam.com\/index.php\/2024\/02\/24\/en-tamaulipas-las-y-los-jovenes-son-parte-de-la-transformacion-olga-sosa\/#primaryimage"},"thumbnailUrl":"https:\/\/elinformativotam.com\/wp-content\/uploads\/2024\/02\/IMG-20240224-WA0085-scaled.jpg","datePublished":"2024-02-24T21:33:18+00:00","description":"*Resultados del INJUVE Demuestran el Compromiso con Atender a la Juventud Por Parte del Gobierno de Am\u00e9rico Villarreal Anaya &nbsp; &nbsp; Ciudad","inLanguage":"es","potentialAction":[{"@type":"ReadAction","target":["https:\/\/elinformativotam.com\/index.php\/2024\/02\/24\/en-tamaulipas-las-y-los-jovenes-son-parte-de-la-transformacion-olga-sosa\/"]}]},{"@type":"ImageObject","inLanguage":"es","@id":"https:\/\/elinformativotam.com\/index.php\/2024\/02\/24\/en-tamaulipas-las-y-los-jovenes-son-parte-de-la-transformacion-olga-sosa\/#primaryimage","url":"https:\/\/elinformativotam.com\/wp-content\/uploads\/2024\/02\/IMG-20240224-WA0085-scaled.jpg","contentUrl":"https:\/\/elinformativotam.com\/wp-content\/uploads\/2024\/02\/IMG-20240224-WA0085-scaled.jpg","width":2560,"height":1706},{"@type":"WebSite","@id":"https:\/\/elinformativotam.com\/#website","url":"https:\/\/elinformativotam.com\/","name":"EL INFORMATIVO DE TAMAULIPAS","description":"Desde la Zona Metropolitana Para Todo M\u00e9xico","publisher":{"@id":"https:\/\/elinformativotam.com\/#organization"},"potentialAction":[{"@type":"SearchAction","target":{"@type":"EntryPoint","urlTemplate":"https:\/\/elinformativotam.com\/?s={search_term_string}"},"query-input":{"@type":"PropertyValueSpecification","valueRequired":true,"valueName":"search_term_string"}}],"inLanguage":"es"},{"@type":"Organization","@id":"https:\/\/elinformativotam.com\/#organization","name":"EL INFORMATIVO DE TAMAULIPAS","url":"https:\/\/elinformativotam.com\/","logo":{"@type":"ImageObject","inLanguage":"es","@id":"https:\/\/elinformativotam.com\/#\/schema\/logo\/image\/","url":"https:\/\/elinformativotam.com\/wp-content\/uploads\/2026\/02\/Cabezal.png","contentUrl":"https:\/\/elinformativotam.com\/wp-content\/uploads\/2026\/02\/Cabezal.png","width":960,"height":640,"caption":"EL INFORMATIVO DE TAMAULIPAS"},"image":{"@id":"https:\/\/elinformativotam.com\/#\/schema\/logo\/image\/"}},{"@type":"Person","@id":"https:\/\/elinformativotam.com\/#\/schema\/person\/78e08040eed0f6110f0c5f83b6153590","name":"El Informativo Tam","image":{"@type":"ImageObject","inLanguage":"es","@id":"https:\/\/secure.gravatar.com\/avatar\/f3b7ad3af540688955925ac610647be00b0cf41feea9c4978b73a707ee86bc53?s=96&d=mm&r=g","url":"https:\/\/secure.gravatar.com\/avatar\/f3b7ad3af540688955925ac610647be00b0cf41feea9c4978b73a707ee86bc53?s=96&d=mm&r=g","contentUrl":"https:\/\/secure.gravatar.com\/avatar\/f3b7ad3af540688955925ac610647be00b0cf41feea9c4978b73a707ee86bc53?s=96&d=mm&r=g","caption":"El Informativo Tam"}}]}},"_links":{"self":[{"href":"https:\/\/elinformativotam.com\/index.php\/wp-json\/wp\/v2\/posts\/49344","targetHints":{"allow":["GET"]}}],"collection":[{"href":"https:\/\/elinformativotam.com\/index.php\/wp-json\/wp\/v2\/posts"}],"about":[{"href":"https:\/\/elinformativotam.com\/index.php\/wp-json\/wp\/v2\/types\/post"}],"author":[{"embeddable":true,"href":"https:\/\/elinformativotam.com\/index.php\/wp-json\/wp\/v2\/users\/1"}],"replies":[{"embeddable":true,"href":"https:\/\/elinformativotam.com\/index.php\/wp-json\/wp\/v2\/comments?post=49344"}],"version-history":[{"count":1,"href":"https:\/\/elinformativotam.com\/index.php\/wp-json\/wp\/v2\/posts\/49344\/revisions"}],"predecessor-version":[{"id":49346,"href":"https:\/\/elinformativotam.com\/index.php\/wp-json\/wp\/v2\/posts\/49344\/revisions\/49346"}],"wp:featuredmedia":[{"embeddable":true,"href":"https:\/\/elinformativotam.com\/index.php\/wp-json\/wp\/v2\/media\/49345"}],"wp:attachment":[{"href":"https:\/\/elinformativotam.com\/index.php\/wp-json\/wp\/v2\/media?parent=49344"}],"wp:term":[{"taxonomy":"category","embeddable":true,"href":"https:\/\/elinformativotam.com\/index.php\/wp-json\/wp\/v2\/categories?post=49344"},{"taxonomy":"post_tag","embeddable":true,"href":"https:\/\/elinformativotam.com\/index.php\/wp-json\/wp\/v2\/tags?post=49344"}],"curies":[{"name":"wp","href":"https:\/\/api.w.org\/{rel}","templated":true}]}}