{"id":49341,"date":"2024-02-24T13:58:57","date_gmt":"2024-02-24T19:58:57","guid":{"rendered":"https:\/\/elinformativotam.com\/?p=49341"},"modified":"2024-02-24T13:58:57","modified_gmt":"2024-02-24T19:58:57","slug":"piden-redoblar-vigilancia-en-colonias-y-sectores-residenciales-de-tampico","status":"publish","type":"post","link":"https:\/\/elinformativotam.com\/index.php\/2024\/02\/24\/piden-redoblar-vigilancia-en-colonias-y-sectores-residenciales-de-tampico\/","title":{"rendered":"PIDEN REDOBLAR VIGILANCIA EN COLONIAS Y SECTORES RESIDENCIALES DE TAMPICO"},"content":{"rendered":"<h2 style=\"text-align: center;\"><em><span style=\"font-family: 'times new roman', times;\">*Viene la Temporada Vacacional de Semana Santa y Con Ello Mucha Actividad Delincuencial En La Zona Sur<\/span><\/em><\/h2>\n<p>&nbsp;<\/p>\n<p>&nbsp;<\/p>\n<p>Ante la posibilidad de que bandas delincuenciales puedan hacer de las suyas en las colonias populares y residenciales, el municipio de Tampico ha hecho el pedimento a la Guardia Estatal para que sean reforzados los rondines de vigilancia, con el arribo de otros 50 elementos.<\/p>\n<p>&nbsp;<\/p>\n<p>As\u00ed lo indic\u00f3, el asesor jur\u00eddico del ayuntamiento porte\u00f1o, Juli\u00e1n Aurelio Zorrilla Estrada, al precisar que desde hace ya poco m\u00e1s de dos a\u00f1os que a la zona sur no llegan bandas delincuenciales for\u00e1neas.<\/p>\n<p>&nbsp;<\/p>\n<p>Indic\u00f3 que las condiciones de seguridad en las \u00e1reas comerciales de la ciudad est\u00e1n cubiertas, sin embargo hace falta redoblar la vigilancia en los sectores con alta densidad poblacional as\u00ed como en las llamadas colonias residenciales.<\/p>\n<p>&nbsp;<\/p>\n<p>Record\u00f3 que los recientes hechos delictivos suscitados el pasado fin de semana, donde una peque\u00f1a banda de delincuentes procedentes de la CDMX pretendieron hacer de las suyas en un fraccionamiento, es un s\u00edntoma de que la regi\u00f3n no est\u00e1 excenta a qu\u00e9 se vivan hechos de esta naturaleza.<\/p>\n<p>&nbsp;<\/p>\n<p>&#8220;Afortunadamente el hecho no pas\u00f3 a mayores, y se logr\u00f3 la captura de esas personas provenientes de la Ciudad de M\u00e9xico, pero es necesario que sigamos trabajando en la prevenci\u00f3n y el reforzamiento de la seguridad&#8221;, aclar\u00f3<\/p>\n<p>&nbsp;<\/p>\n<p>El abogado del municipio panista subray\u00f3 que ya se hizo la petici\u00f3n a la Secretar\u00eda de Seguridad P\u00fablica del Gobierno del Estado para que se asignen 50 elementos m\u00e1s de la guardia estatal, que ayuden a seguir abatiendo el delito com\u00fan en las pr\u00f3ximas vacaciones.<\/p>\n<p>&nbsp;<\/p>\n<p>Finalmente, coment\u00f3 que el municipio sigue apoyando a la coordinaci\u00f3n porte\u00f1a de la polic\u00eda estatal con gasolina, refacciones y reparaci\u00f3n de patrullas, con el fin de eficientar su labor en toda la ciudad y el \u00e1rea metropolitana.<\/p>\n","protected":false},"excerpt":{"rendered":"<p>*Viene la Temporada Vacacional de Semana Santa y Con Ello Mucha Actividad Delincuencial En La Zona Sur &nbsp; &nbsp; Ante&hellip;<\/p>\n","protected":false},"author":1,"featured_media":49342,"comment_status":"open","ping_status":"open","sticky":false,"template":"","format":"standard","meta":{"footnotes":""},"categories":[3],"tags":[],"class_list":["post-49341","post","type-post","status-publish","format-standard","has-post-thumbnail","hentry","category-tampico"],"yoast_head":"<!-- This site is optimized with the Yoast SEO plugin v27.5 - https:\/\/yoast.com\/product\/yoast-seo-wordpress\/ -->\n<title>PIDEN REDOBLAR VIGILANCIA EN COLONIAS Y SECTORES RESIDENCIALES DE TAMPICO - EL INFORMATIVO DE TAMAULIPAS<\/title>\n<meta name=\"description\" content=\"*Viene la Temporada Vacacional de Semana Santa y Con Ello Mucha Actividad Delincuencial En La Zona Sur &nbsp; &nbsp; Ante la posibilidad de que bandas\" \/>\n<meta name=\"robots\" content=\"index, follow, max-snippet:-1, max-image-preview:large, max-video-preview:-1\" \/>\n<link rel=\"canonical\" href=\"https:\/\/elinformativotam.com\/index.php\/2024\/02\/24\/piden-redoblar-vigilancia-en-colonias-y-sectores-residenciales-de-tampico\/\" \/>\n<meta property=\"og:locale\" content=\"es_MX\" \/>\n<meta property=\"og:type\" content=\"article\" \/>\n<meta property=\"og:title\" content=\"PIDEN REDOBLAR VIGILANCIA EN COLONIAS Y SECTORES RESIDENCIALES DE TAMPICO - EL INFORMATIVO DE TAMAULIPAS\" \/>\n<meta property=\"og:description\" content=\"*Viene la Temporada Vacacional de Semana Santa y Con Ello Mucha Actividad Delincuencial En La Zona Sur &nbsp; &nbsp; Ante la posibilidad de que bandas\" \/>\n<meta property=\"og:url\" content=\"https:\/\/elinformativotam.com\/index.php\/2024\/02\/24\/piden-redoblar-vigilancia-en-colonias-y-sectores-residenciales-de-tampico\/\" \/>\n<meta property=\"og:site_name\" content=\"EL INFORMATIVO DE TAMAULIPAS\" \/>\n<meta property=\"article:published_time\" content=\"2024-02-24T19:58:57+00:00\" \/>\n<meta property=\"og:image\" content=\"https:\/\/elinformativotam.com\/wp-content\/uploads\/2024\/02\/Aurelio.jpeg\" \/>\n\t<meta property=\"og:image:width\" content=\"1280\" \/>\n\t<meta property=\"og:image:height\" content=\"963\" \/>\n\t<meta property=\"og:image:type\" content=\"image\/jpeg\" \/>\n<meta name=\"author\" content=\"El Informativo Tam\" \/>\n<meta name=\"twitter:card\" content=\"summary_large_image\" \/>\n<meta name=\"twitter:label1\" content=\"Escrito por\" \/>\n\t<meta name=\"twitter:data1\" content=\"El Informativo Tam\" \/>\n\t<meta name=\"twitter:label2\" content=\"Tiempo de lectura\" \/>\n\t<meta name=\"twitter:data2\" content=\"2 minutos\" \/>\n<script type=\"application\/ld+json\" class=\"yoast-schema-graph\">{\"@context\":\"https:\\\/\\\/schema.org\",\"@graph\":[{\"@type\":\"Article\",\"@id\":\"https:\\\/\\\/elinformativotam.com\\\/index.php\\\/2024\\\/02\\\/24\\\/piden-redoblar-vigilancia-en-colonias-y-sectores-residenciales-de-tampico\\\/#article\",\"isPartOf\":{\"@id\":\"https:\\\/\\\/elinformativotam.com\\\/index.php\\\/2024\\\/02\\\/24\\\/piden-redoblar-vigilancia-en-colonias-y-sectores-residenciales-de-tampico\\\/\"},\"author\":{\"name\":\"El Informativo Tam\",\"@id\":\"https:\\\/\\\/elinformativotam.com\\\/#\\\/schema\\\/person\\\/78e08040eed0f6110f0c5f83b6153590\"},\"headline\":\"PIDEN REDOBLAR VIGILANCIA EN COLONIAS Y SECTORES RESIDENCIALES DE TAMPICO\",\"datePublished\":\"2024-02-24T19:58:57+00:00\",\"mainEntityOfPage\":{\"@id\":\"https:\\\/\\\/elinformativotam.com\\\/index.php\\\/2024\\\/02\\\/24\\\/piden-redoblar-vigilancia-en-colonias-y-sectores-residenciales-de-tampico\\\/\"},\"wordCount\":337,\"commentCount\":0,\"publisher\":{\"@id\":\"https:\\\/\\\/elinformativotam.com\\\/#organization\"},\"image\":{\"@id\":\"https:\\\/\\\/elinformativotam.com\\\/index.php\\\/2024\\\/02\\\/24\\\/piden-redoblar-vigilancia-en-colonias-y-sectores-residenciales-de-tampico\\\/#primaryimage\"},\"thumbnailUrl\":\"https:\\\/\\\/elinformativotam.com\\\/wp-content\\\/uploads\\\/2024\\\/02\\\/Aurelio.jpeg\",\"articleSection\":[\"Tampico\"],\"inLanguage\":\"es\",\"potentialAction\":[{\"@type\":\"CommentAction\",\"name\":\"Comment\",\"target\":[\"https:\\\/\\\/elinformativotam.com\\\/index.php\\\/2024\\\/02\\\/24\\\/piden-redoblar-vigilancia-en-colonias-y-sectores-residenciales-de-tampico\\\/#respond\"]}]},{\"@type\":\"WebPage\",\"@id\":\"https:\\\/\\\/elinformativotam.com\\\/index.php\\\/2024\\\/02\\\/24\\\/piden-redoblar-vigilancia-en-colonias-y-sectores-residenciales-de-tampico\\\/\",\"url\":\"https:\\\/\\\/elinformativotam.com\\\/index.php\\\/2024\\\/02\\\/24\\\/piden-redoblar-vigilancia-en-colonias-y-sectores-residenciales-de-tampico\\\/\",\"name\":\"PIDEN REDOBLAR VIGILANCIA EN COLONIAS Y SECTORES RESIDENCIALES DE TAMPICO - EL INFORMATIVO DE TAMAULIPAS\",\"isPartOf\":{\"@id\":\"https:\\\/\\\/elinformativotam.com\\\/#website\"},\"primaryImageOfPage\":{\"@id\":\"https:\\\/\\\/elinformativotam.com\\\/index.php\\\/2024\\\/02\\\/24\\\/piden-redoblar-vigilancia-en-colonias-y-sectores-residenciales-de-tampico\\\/#primaryimage\"},\"image\":{\"@id\":\"https:\\\/\\\/elinformativotam.com\\\/index.php\\\/2024\\\/02\\\/24\\\/piden-redoblar-vigilancia-en-colonias-y-sectores-residenciales-de-tampico\\\/#primaryimage\"},\"thumbnailUrl\":\"https:\\\/\\\/elinformativotam.com\\\/wp-content\\\/uploads\\\/2024\\\/02\\\/Aurelio.jpeg\",\"datePublished\":\"2024-02-24T19:58:57+00:00\",\"description\":\"*Viene la Temporada Vacacional de Semana Santa y Con Ello Mucha Actividad Delincuencial En La Zona Sur &nbsp; &nbsp; Ante la posibilidad de que bandas\",\"inLanguage\":\"es\",\"potentialAction\":[{\"@type\":\"ReadAction\",\"target\":[\"https:\\\/\\\/elinformativotam.com\\\/index.php\\\/2024\\\/02\\\/24\\\/piden-redoblar-vigilancia-en-colonias-y-sectores-residenciales-de-tampico\\\/\"]}]},{\"@type\":\"ImageObject\",\"inLanguage\":\"es\",\"@id\":\"https:\\\/\\\/elinformativotam.com\\\/index.php\\\/2024\\\/02\\\/24\\\/piden-redoblar-vigilancia-en-colonias-y-sectores-residenciales-de-tampico\\\/#primaryimage\",\"url\":\"https:\\\/\\\/elinformativotam.com\\\/wp-content\\\/uploads\\\/2024\\\/02\\\/Aurelio.jpeg\",\"contentUrl\":\"https:\\\/\\\/elinformativotam.com\\\/wp-content\\\/uploads\\\/2024\\\/02\\\/Aurelio.jpeg\",\"width\":1280,\"height\":963},{\"@type\":\"WebSite\",\"@id\":\"https:\\\/\\\/elinformativotam.com\\\/#website\",\"url\":\"https:\\\/\\\/elinformativotam.com\\\/\",\"name\":\"EL INFORMATIVO DE TAMAULIPAS\",\"description\":\"Desde la Zona Metropolitana Para Todo M\u00e9xico\",\"publisher\":{\"@id\":\"https:\\\/\\\/elinformativotam.com\\\/#organization\"},\"potentialAction\":[{\"@type\":\"SearchAction\",\"target\":{\"@type\":\"EntryPoint\",\"urlTemplate\":\"https:\\\/\\\/elinformativotam.com\\\/?s={search_term_string}\"},\"query-input\":{\"@type\":\"PropertyValueSpecification\",\"valueRequired\":true,\"valueName\":\"search_term_string\"}}],\"inLanguage\":\"es\"},{\"@type\":\"Organization\",\"@id\":\"https:\\\/\\\/elinformativotam.com\\\/#organization\",\"name\":\"EL INFORMATIVO DE TAMAULIPAS\",\"url\":\"https:\\\/\\\/elinformativotam.com\\\/\",\"logo\":{\"@type\":\"ImageObject\",\"inLanguage\":\"es\",\"@id\":\"https:\\\/\\\/elinformativotam.com\\\/#\\\/schema\\\/logo\\\/image\\\/\",\"url\":\"https:\\\/\\\/elinformativotam.com\\\/wp-content\\\/uploads\\\/2026\\\/02\\\/Cabezal.png\",\"contentUrl\":\"https:\\\/\\\/elinformativotam.com\\\/wp-content\\\/uploads\\\/2026\\\/02\\\/Cabezal.png\",\"width\":960,\"height\":640,\"caption\":\"EL INFORMATIVO DE TAMAULIPAS\"},\"image\":{\"@id\":\"https:\\\/\\\/elinformativotam.com\\\/#\\\/schema\\\/logo\\\/image\\\/\"}},{\"@type\":\"Person\",\"@id\":\"https:\\\/\\\/elinformativotam.com\\\/#\\\/schema\\\/person\\\/78e08040eed0f6110f0c5f83b6153590\",\"name\":\"El Informativo Tam\",\"image\":{\"@type\":\"ImageObject\",\"inLanguage\":\"es\",\"@id\":\"https:\\\/\\\/secure.gravatar.com\\\/avatar\\\/f3b7ad3af540688955925ac610647be00b0cf41feea9c4978b73a707ee86bc53?s=96&d=mm&r=g\",\"url\":\"https:\\\/\\\/secure.gravatar.com\\\/avatar\\\/f3b7ad3af540688955925ac610647be00b0cf41feea9c4978b73a707ee86bc53?s=96&d=mm&r=g\",\"contentUrl\":\"https:\\\/\\\/secure.gravatar.com\\\/avatar\\\/f3b7ad3af540688955925ac610647be00b0cf41feea9c4978b73a707ee86bc53?s=96&d=mm&r=g\",\"caption\":\"El Informativo Tam\"}}]}<\/script>\n<!-- \/ Yoast SEO plugin. -->","yoast_head_json":{"title":"PIDEN REDOBLAR VIGILANCIA EN COLONIAS Y SECTORES RESIDENCIALES DE TAMPICO - EL INFORMATIVO DE TAMAULIPAS","description":"*Viene la Temporada Vacacional de Semana Santa y Con Ello Mucha Actividad Delincuencial En La Zona Sur &nbsp; &nbsp; Ante la posibilidad de que bandas","robots":{"index":"index","follow":"follow","max-snippet":"max-snippet:-1","max-image-preview":"max-image-preview:large","max-video-preview":"max-video-preview:-1"},"canonical":"https:\/\/elinformativotam.com\/index.php\/2024\/02\/24\/piden-redoblar-vigilancia-en-colonias-y-sectores-residenciales-de-tampico\/","og_locale":"es_MX","og_type":"article","og_title":"PIDEN REDOBLAR VIGILANCIA EN COLONIAS Y SECTORES RESIDENCIALES DE TAMPICO - EL INFORMATIVO DE TAMAULIPAS","og_description":"*Viene la Temporada Vacacional de Semana Santa y Con Ello Mucha Actividad Delincuencial En La Zona Sur &nbsp; &nbsp; Ante la posibilidad de que bandas","og_url":"https:\/\/elinformativotam.com\/index.php\/2024\/02\/24\/piden-redoblar-vigilancia-en-colonias-y-sectores-residenciales-de-tampico\/","og_site_name":"EL INFORMATIVO DE TAMAULIPAS","article_published_time":"2024-02-24T19:58:57+00:00","og_image":[{"width":1280,"height":963,"url":"https:\/\/elinformativotam.com\/wp-content\/uploads\/2024\/02\/Aurelio.jpeg","type":"image\/jpeg"}],"author":"El Informativo Tam","twitter_card":"summary_large_image","twitter_misc":{"Escrito por":"El Informativo Tam","Tiempo de lectura":"2 minutos"},"schema":{"@context":"https:\/\/schema.org","@graph":[{"@type":"Article","@id":"https:\/\/elinformativotam.com\/index.php\/2024\/02\/24\/piden-redoblar-vigilancia-en-colonias-y-sectores-residenciales-de-tampico\/#article","isPartOf":{"@id":"https:\/\/elinformativotam.com\/index.php\/2024\/02\/24\/piden-redoblar-vigilancia-en-colonias-y-sectores-residenciales-de-tampico\/"},"author":{"name":"El Informativo Tam","@id":"https:\/\/elinformativotam.com\/#\/schema\/person\/78e08040eed0f6110f0c5f83b6153590"},"headline":"PIDEN REDOBLAR VIGILANCIA EN COLONIAS Y SECTORES RESIDENCIALES DE TAMPICO","datePublished":"2024-02-24T19:58:57+00:00","mainEntityOfPage":{"@id":"https:\/\/elinformativotam.com\/index.php\/2024\/02\/24\/piden-redoblar-vigilancia-en-colonias-y-sectores-residenciales-de-tampico\/"},"wordCount":337,"commentCount":0,"publisher":{"@id":"https:\/\/elinformativotam.com\/#organization"},"image":{"@id":"https:\/\/elinformativotam.com\/index.php\/2024\/02\/24\/piden-redoblar-vigilancia-en-colonias-y-sectores-residenciales-de-tampico\/#primaryimage"},"thumbnailUrl":"https:\/\/elinformativotam.com\/wp-content\/uploads\/2024\/02\/Aurelio.jpeg","articleSection":["Tampico"],"inLanguage":"es","potentialAction":[{"@type":"CommentAction","name":"Comment","target":["https:\/\/elinformativotam.com\/index.php\/2024\/02\/24\/piden-redoblar-vigilancia-en-colonias-y-sectores-residenciales-de-tampico\/#respond"]}]},{"@type":"WebPage","@id":"https:\/\/elinformativotam.com\/index.php\/2024\/02\/24\/piden-redoblar-vigilancia-en-colonias-y-sectores-residenciales-de-tampico\/","url":"https:\/\/elinformativotam.com\/index.php\/2024\/02\/24\/piden-redoblar-vigilancia-en-colonias-y-sectores-residenciales-de-tampico\/","name":"PIDEN REDOBLAR VIGILANCIA EN COLONIAS Y SECTORES RESIDENCIALES DE TAMPICO - EL INFORMATIVO DE TAMAULIPAS","isPartOf":{"@id":"https:\/\/elinformativotam.com\/#website"},"primaryImageOfPage":{"@id":"https:\/\/elinformativotam.com\/index.php\/2024\/02\/24\/piden-redoblar-vigilancia-en-colonias-y-sectores-residenciales-de-tampico\/#primaryimage"},"image":{"@id":"https:\/\/elinformativotam.com\/index.php\/2024\/02\/24\/piden-redoblar-vigilancia-en-colonias-y-sectores-residenciales-de-tampico\/#primaryimage"},"thumbnailUrl":"https:\/\/elinformativotam.com\/wp-content\/uploads\/2024\/02\/Aurelio.jpeg","datePublished":"2024-02-24T19:58:57+00:00","description":"*Viene la Temporada Vacacional de Semana Santa y Con Ello Mucha Actividad Delincuencial En La Zona Sur &nbsp; &nbsp; Ante la posibilidad de que bandas","inLanguage":"es","potentialAction":[{"@type":"ReadAction","target":["https:\/\/elinformativotam.com\/index.php\/2024\/02\/24\/piden-redoblar-vigilancia-en-colonias-y-sectores-residenciales-de-tampico\/"]}]},{"@type":"ImageObject","inLanguage":"es","@id":"https:\/\/elinformativotam.com\/index.php\/2024\/02\/24\/piden-redoblar-vigilancia-en-colonias-y-sectores-residenciales-de-tampico\/#primaryimage","url":"https:\/\/elinformativotam.com\/wp-content\/uploads\/2024\/02\/Aurelio.jpeg","contentUrl":"https:\/\/elinformativotam.com\/wp-content\/uploads\/2024\/02\/Aurelio.jpeg","width":1280,"height":963},{"@type":"WebSite","@id":"https:\/\/elinformativotam.com\/#website","url":"https:\/\/elinformativotam.com\/","name":"EL INFORMATIVO DE TAMAULIPAS","description":"Desde la Zona Metropolitana Para Todo M\u00e9xico","publisher":{"@id":"https:\/\/elinformativotam.com\/#organization"},"potentialAction":[{"@type":"SearchAction","target":{"@type":"EntryPoint","urlTemplate":"https:\/\/elinformativotam.com\/?s={search_term_string}"},"query-input":{"@type":"PropertyValueSpecification","valueRequired":true,"valueName":"search_term_string"}}],"inLanguage":"es"},{"@type":"Organization","@id":"https:\/\/elinformativotam.com\/#organization","name":"EL INFORMATIVO DE TAMAULIPAS","url":"https:\/\/elinformativotam.com\/","logo":{"@type":"ImageObject","inLanguage":"es","@id":"https:\/\/elinformativotam.com\/#\/schema\/logo\/image\/","url":"https:\/\/elinformativotam.com\/wp-content\/uploads\/2026\/02\/Cabezal.png","contentUrl":"https:\/\/elinformativotam.com\/wp-content\/uploads\/2026\/02\/Cabezal.png","width":960,"height":640,"caption":"EL INFORMATIVO DE TAMAULIPAS"},"image":{"@id":"https:\/\/elinformativotam.com\/#\/schema\/logo\/image\/"}},{"@type":"Person","@id":"https:\/\/elinformativotam.com\/#\/schema\/person\/78e08040eed0f6110f0c5f83b6153590","name":"El Informativo Tam","image":{"@type":"ImageObject","inLanguage":"es","@id":"https:\/\/secure.gravatar.com\/avatar\/f3b7ad3af540688955925ac610647be00b0cf41feea9c4978b73a707ee86bc53?s=96&d=mm&r=g","url":"https:\/\/secure.gravatar.com\/avatar\/f3b7ad3af540688955925ac610647be00b0cf41feea9c4978b73a707ee86bc53?s=96&d=mm&r=g","contentUrl":"https:\/\/secure.gravatar.com\/avatar\/f3b7ad3af540688955925ac610647be00b0cf41feea9c4978b73a707ee86bc53?s=96&d=mm&r=g","caption":"El Informativo Tam"}}]}},"_links":{"self":[{"href":"https:\/\/elinformativotam.com\/index.php\/wp-json\/wp\/v2\/posts\/49341","targetHints":{"allow":["GET"]}}],"collection":[{"href":"https:\/\/elinformativotam.com\/index.php\/wp-json\/wp\/v2\/posts"}],"about":[{"href":"https:\/\/elinformativotam.com\/index.php\/wp-json\/wp\/v2\/types\/post"}],"author":[{"embeddable":true,"href":"https:\/\/elinformativotam.com\/index.php\/wp-json\/wp\/v2\/users\/1"}],"replies":[{"embeddable":true,"href":"https:\/\/elinformativotam.com\/index.php\/wp-json\/wp\/v2\/comments?post=49341"}],"version-history":[{"count":1,"href":"https:\/\/elinformativotam.com\/index.php\/wp-json\/wp\/v2\/posts\/49341\/revisions"}],"predecessor-version":[{"id":49343,"href":"https:\/\/elinformativotam.com\/index.php\/wp-json\/wp\/v2\/posts\/49341\/revisions\/49343"}],"wp:featuredmedia":[{"embeddable":true,"href":"https:\/\/elinformativotam.com\/index.php\/wp-json\/wp\/v2\/media\/49342"}],"wp:attachment":[{"href":"https:\/\/elinformativotam.com\/index.php\/wp-json\/wp\/v2\/media?parent=49341"}],"wp:term":[{"taxonomy":"category","embeddable":true,"href":"https:\/\/elinformativotam.com\/index.php\/wp-json\/wp\/v2\/categories?post=49341"},{"taxonomy":"post_tag","embeddable":true,"href":"https:\/\/elinformativotam.com\/index.php\/wp-json\/wp\/v2\/tags?post=49341"}],"curies":[{"name":"wp","href":"https:\/\/api.w.org\/{rel}","templated":true}]}}