{"id":49335,"date":"2024-02-24T13:56:09","date_gmt":"2024-02-24T19:56:09","guid":{"rendered":"https:\/\/elinformativotam.com\/?p=49335"},"modified":"2024-02-24T13:56:09","modified_gmt":"2024-02-24T19:56:09","slug":"espera-canaco-tampico-que-exista-buena-derrama-economica-en-semana-santa","status":"publish","type":"post","link":"https:\/\/elinformativotam.com\/index.php\/2024\/02\/24\/espera-canaco-tampico-que-exista-buena-derrama-economica-en-semana-santa\/","title":{"rendered":"ESPERA CANACO TAMPICO QUE EXISTA BUENA DERRAMA ECON\u00d3MICA EN SEMANA SANTA"},"content":{"rendered":"<h2 style=\"text-align: center;\"><em><span style=\"font-family: 'times new roman', times;\">*Para Ello Es Necesario Que Exista Una Adecuada Seguridad En Las Zonas Comerciales<\/span><\/em><\/h2>\n<p>&nbsp;<\/p>\n<p>&nbsp;<\/p>\n<p>La C\u00e1mara de Comercio en Tampico espera que la paz social prevalezca en la pr\u00f3xima temporada vacacional de semana santa, pues mientras contin\u00fae llegando la inversi\u00f3n privada, el crecimiento y la apertura de fuentes de empleo seguir\u00e1n propiciando desarrollo y econom\u00eda en la regi\u00f3n.<\/p>\n<p>&nbsp;<\/p>\n<p>Sobre el tema, el Presidente del Organismo C\u00e1maral, Carlos Mu\u00f1oz Gonz\u00e1lez, se\u00f1al\u00f3 que hasta el momento las autoridades encargadas de velar por la seguridad y la mesa ciudadana en la materia han logrado un tener una comunicaci\u00f3n importante, al grado que el sector comercio.<\/p>\n<p>&nbsp;<\/p>\n<p>&#8220;Nos sentimos tranquilos,hay adecuada seguridad en las carreteras y eso permite que siga llegando m\u00e1s inversi\u00f3n privada que ha permitido un desarrollo positivo&#8221;.<\/p>\n<p>&nbsp;<\/p>\n<p>Manifest\u00f3 que los accesos y salidas de la ciudad deber\u00e1n redoblarse con mas elementos de la guardia estatal con el objetivo de prever la posible llegada de bandas delictivas de otras entidades.<\/p>\n<p>&nbsp;<\/p>\n<p>&#8220;Seguramente las autoridades encargadas en el tema habr\u00e1n de armar un operativo y seguir refrendando la tranquilidad que hay,\u00a0 y que los hechos aislados no se vuelvan recurrentes&#8221;.<\/p>\n<p>&nbsp;<\/p>\n<p>Mu\u00f1oz, dej\u00f3 en claro que el sector terciario tiene un objetivo claro en las pr\u00f3ximas vacaciones, que es la necesidad de refrendar los buenos n\u00fameros obtenidos el a\u00f1o pasado, en estas mismas fechas, en el rengl\u00f3n de ventas.<\/p>\n<p>&nbsp;<\/p>\n<p>Finalmente, coment\u00f3 que la c\u00e1mara de comercio seguir\u00e1 pugnando ante los tres niveles de gobierno para que se apliquen los recursos p\u00fablicos en mantener adecuada seguridad, as\u00ed como en otros rubros como infraestructura policial y programas encaminados a inhibir el delito com\u00fan.<\/p>\n<p>&nbsp;<\/p>\n","protected":false},"excerpt":{"rendered":"<p>*Para Ello Es Necesario Que Exista Una Adecuada Seguridad En Las Zonas Comerciales &nbsp; &nbsp; La C\u00e1mara de Comercio en&hellip;<\/p>\n","protected":false},"author":1,"featured_media":49336,"comment_status":"open","ping_status":"open","sticky":false,"template":"","format":"standard","meta":{"footnotes":""},"categories":[3],"tags":[],"class_list":["post-49335","post","type-post","status-publish","format-standard","has-post-thumbnail","hentry","category-tampico"],"yoast_head":"<!-- This site is optimized with the Yoast SEO plugin v27.5 - https:\/\/yoast.com\/product\/yoast-seo-wordpress\/ -->\n<title>ESPERA CANACO TAMPICO QUE EXISTA BUENA DERRAMA ECON\u00d3MICA EN SEMANA SANTA - EL INFORMATIVO DE TAMAULIPAS<\/title>\n<meta name=\"description\" content=\"*Para Ello Es Necesario Que Exista Una Adecuada Seguridad En Las Zonas Comerciales &nbsp; &nbsp; La C\u00e1mara de Comercio en Tampico espera que la paz social\" \/>\n<meta name=\"robots\" content=\"index, follow, max-snippet:-1, max-image-preview:large, max-video-preview:-1\" \/>\n<link rel=\"canonical\" href=\"https:\/\/elinformativotam.com\/index.php\/2024\/02\/24\/espera-canaco-tampico-que-exista-buena-derrama-economica-en-semana-santa\/\" \/>\n<meta property=\"og:locale\" content=\"es_MX\" \/>\n<meta property=\"og:type\" content=\"article\" \/>\n<meta property=\"og:title\" content=\"ESPERA CANACO TAMPICO QUE EXISTA BUENA DERRAMA ECON\u00d3MICA EN SEMANA SANTA - EL INFORMATIVO DE TAMAULIPAS\" \/>\n<meta property=\"og:description\" content=\"*Para Ello Es Necesario Que Exista Una Adecuada Seguridad En Las Zonas Comerciales &nbsp; &nbsp; La C\u00e1mara de Comercio en Tampico espera que la paz social\" \/>\n<meta property=\"og:url\" content=\"https:\/\/elinformativotam.com\/index.php\/2024\/02\/24\/espera-canaco-tampico-que-exista-buena-derrama-economica-en-semana-santa\/\" \/>\n<meta property=\"og:site_name\" content=\"EL INFORMATIVO DE TAMAULIPAS\" \/>\n<meta property=\"article:published_time\" content=\"2024-02-24T19:56:09+00:00\" \/>\n<meta property=\"og:image\" content=\"https:\/\/elinformativotam.com\/wp-content\/uploads\/2024\/02\/Canaco.jpeg\" \/>\n\t<meta property=\"og:image:width\" content=\"1600\" \/>\n\t<meta property=\"og:image:height\" content=\"1204\" \/>\n\t<meta property=\"og:image:type\" content=\"image\/jpeg\" \/>\n<meta name=\"author\" content=\"El Informativo Tam\" \/>\n<meta name=\"twitter:card\" content=\"summary_large_image\" \/>\n<meta name=\"twitter:label1\" content=\"Escrito por\" \/>\n\t<meta name=\"twitter:data1\" content=\"El Informativo Tam\" \/>\n\t<meta name=\"twitter:label2\" content=\"Tiempo de lectura\" \/>\n\t<meta name=\"twitter:data2\" content=\"2 minutos\" \/>\n<script type=\"application\/ld+json\" class=\"yoast-schema-graph\">{\"@context\":\"https:\\\/\\\/schema.org\",\"@graph\":[{\"@type\":\"Article\",\"@id\":\"https:\\\/\\\/elinformativotam.com\\\/index.php\\\/2024\\\/02\\\/24\\\/espera-canaco-tampico-que-exista-buena-derrama-economica-en-semana-santa\\\/#article\",\"isPartOf\":{\"@id\":\"https:\\\/\\\/elinformativotam.com\\\/index.php\\\/2024\\\/02\\\/24\\\/espera-canaco-tampico-que-exista-buena-derrama-economica-en-semana-santa\\\/\"},\"author\":{\"name\":\"El Informativo Tam\",\"@id\":\"https:\\\/\\\/elinformativotam.com\\\/#\\\/schema\\\/person\\\/78e08040eed0f6110f0c5f83b6153590\"},\"headline\":\"ESPERA CANACO TAMPICO QUE EXISTA BUENA DERRAMA ECON\u00d3MICA EN SEMANA SANTA\",\"datePublished\":\"2024-02-24T19:56:09+00:00\",\"mainEntityOfPage\":{\"@id\":\"https:\\\/\\\/elinformativotam.com\\\/index.php\\\/2024\\\/02\\\/24\\\/espera-canaco-tampico-que-exista-buena-derrama-economica-en-semana-santa\\\/\"},\"wordCount\":310,\"commentCount\":0,\"publisher\":{\"@id\":\"https:\\\/\\\/elinformativotam.com\\\/#organization\"},\"image\":{\"@id\":\"https:\\\/\\\/elinformativotam.com\\\/index.php\\\/2024\\\/02\\\/24\\\/espera-canaco-tampico-que-exista-buena-derrama-economica-en-semana-santa\\\/#primaryimage\"},\"thumbnailUrl\":\"https:\\\/\\\/elinformativotam.com\\\/wp-content\\\/uploads\\\/2024\\\/02\\\/Canaco.jpeg\",\"articleSection\":[\"Tampico\"],\"inLanguage\":\"es\",\"potentialAction\":[{\"@type\":\"CommentAction\",\"name\":\"Comment\",\"target\":[\"https:\\\/\\\/elinformativotam.com\\\/index.php\\\/2024\\\/02\\\/24\\\/espera-canaco-tampico-que-exista-buena-derrama-economica-en-semana-santa\\\/#respond\"]}]},{\"@type\":\"WebPage\",\"@id\":\"https:\\\/\\\/elinformativotam.com\\\/index.php\\\/2024\\\/02\\\/24\\\/espera-canaco-tampico-que-exista-buena-derrama-economica-en-semana-santa\\\/\",\"url\":\"https:\\\/\\\/elinformativotam.com\\\/index.php\\\/2024\\\/02\\\/24\\\/espera-canaco-tampico-que-exista-buena-derrama-economica-en-semana-santa\\\/\",\"name\":\"ESPERA CANACO TAMPICO QUE EXISTA BUENA DERRAMA ECON\u00d3MICA EN SEMANA SANTA - EL INFORMATIVO DE TAMAULIPAS\",\"isPartOf\":{\"@id\":\"https:\\\/\\\/elinformativotam.com\\\/#website\"},\"primaryImageOfPage\":{\"@id\":\"https:\\\/\\\/elinformativotam.com\\\/index.php\\\/2024\\\/02\\\/24\\\/espera-canaco-tampico-que-exista-buena-derrama-economica-en-semana-santa\\\/#primaryimage\"},\"image\":{\"@id\":\"https:\\\/\\\/elinformativotam.com\\\/index.php\\\/2024\\\/02\\\/24\\\/espera-canaco-tampico-que-exista-buena-derrama-economica-en-semana-santa\\\/#primaryimage\"},\"thumbnailUrl\":\"https:\\\/\\\/elinformativotam.com\\\/wp-content\\\/uploads\\\/2024\\\/02\\\/Canaco.jpeg\",\"datePublished\":\"2024-02-24T19:56:09+00:00\",\"description\":\"*Para Ello Es Necesario Que Exista Una Adecuada Seguridad En Las Zonas Comerciales &nbsp; &nbsp; La C\u00e1mara de Comercio en Tampico espera que la paz social\",\"inLanguage\":\"es\",\"potentialAction\":[{\"@type\":\"ReadAction\",\"target\":[\"https:\\\/\\\/elinformativotam.com\\\/index.php\\\/2024\\\/02\\\/24\\\/espera-canaco-tampico-que-exista-buena-derrama-economica-en-semana-santa\\\/\"]}]},{\"@type\":\"ImageObject\",\"inLanguage\":\"es\",\"@id\":\"https:\\\/\\\/elinformativotam.com\\\/index.php\\\/2024\\\/02\\\/24\\\/espera-canaco-tampico-que-exista-buena-derrama-economica-en-semana-santa\\\/#primaryimage\",\"url\":\"https:\\\/\\\/elinformativotam.com\\\/wp-content\\\/uploads\\\/2024\\\/02\\\/Canaco.jpeg\",\"contentUrl\":\"https:\\\/\\\/elinformativotam.com\\\/wp-content\\\/uploads\\\/2024\\\/02\\\/Canaco.jpeg\",\"width\":1600,\"height\":1204},{\"@type\":\"WebSite\",\"@id\":\"https:\\\/\\\/elinformativotam.com\\\/#website\",\"url\":\"https:\\\/\\\/elinformativotam.com\\\/\",\"name\":\"EL INFORMATIVO DE TAMAULIPAS\",\"description\":\"Desde la Zona Metropolitana Para Todo M\u00e9xico\",\"publisher\":{\"@id\":\"https:\\\/\\\/elinformativotam.com\\\/#organization\"},\"potentialAction\":[{\"@type\":\"SearchAction\",\"target\":{\"@type\":\"EntryPoint\",\"urlTemplate\":\"https:\\\/\\\/elinformativotam.com\\\/?s={search_term_string}\"},\"query-input\":{\"@type\":\"PropertyValueSpecification\",\"valueRequired\":true,\"valueName\":\"search_term_string\"}}],\"inLanguage\":\"es\"},{\"@type\":\"Organization\",\"@id\":\"https:\\\/\\\/elinformativotam.com\\\/#organization\",\"name\":\"EL INFORMATIVO DE TAMAULIPAS\",\"url\":\"https:\\\/\\\/elinformativotam.com\\\/\",\"logo\":{\"@type\":\"ImageObject\",\"inLanguage\":\"es\",\"@id\":\"https:\\\/\\\/elinformativotam.com\\\/#\\\/schema\\\/logo\\\/image\\\/\",\"url\":\"https:\\\/\\\/elinformativotam.com\\\/wp-content\\\/uploads\\\/2026\\\/02\\\/Cabezal.png\",\"contentUrl\":\"https:\\\/\\\/elinformativotam.com\\\/wp-content\\\/uploads\\\/2026\\\/02\\\/Cabezal.png\",\"width\":960,\"height\":640,\"caption\":\"EL INFORMATIVO DE TAMAULIPAS\"},\"image\":{\"@id\":\"https:\\\/\\\/elinformativotam.com\\\/#\\\/schema\\\/logo\\\/image\\\/\"}},{\"@type\":\"Person\",\"@id\":\"https:\\\/\\\/elinformativotam.com\\\/#\\\/schema\\\/person\\\/78e08040eed0f6110f0c5f83b6153590\",\"name\":\"El Informativo Tam\",\"image\":{\"@type\":\"ImageObject\",\"inLanguage\":\"es\",\"@id\":\"https:\\\/\\\/secure.gravatar.com\\\/avatar\\\/f3b7ad3af540688955925ac610647be00b0cf41feea9c4978b73a707ee86bc53?s=96&d=mm&r=g\",\"url\":\"https:\\\/\\\/secure.gravatar.com\\\/avatar\\\/f3b7ad3af540688955925ac610647be00b0cf41feea9c4978b73a707ee86bc53?s=96&d=mm&r=g\",\"contentUrl\":\"https:\\\/\\\/secure.gravatar.com\\\/avatar\\\/f3b7ad3af540688955925ac610647be00b0cf41feea9c4978b73a707ee86bc53?s=96&d=mm&r=g\",\"caption\":\"El Informativo Tam\"}}]}<\/script>\n<!-- \/ Yoast SEO plugin. -->","yoast_head_json":{"title":"ESPERA CANACO TAMPICO QUE EXISTA BUENA DERRAMA ECON\u00d3MICA EN SEMANA SANTA - EL INFORMATIVO DE TAMAULIPAS","description":"*Para Ello Es Necesario Que Exista Una Adecuada Seguridad En Las Zonas Comerciales &nbsp; &nbsp; La C\u00e1mara de Comercio en Tampico espera que la paz social","robots":{"index":"index","follow":"follow","max-snippet":"max-snippet:-1","max-image-preview":"max-image-preview:large","max-video-preview":"max-video-preview:-1"},"canonical":"https:\/\/elinformativotam.com\/index.php\/2024\/02\/24\/espera-canaco-tampico-que-exista-buena-derrama-economica-en-semana-santa\/","og_locale":"es_MX","og_type":"article","og_title":"ESPERA CANACO TAMPICO QUE EXISTA BUENA DERRAMA ECON\u00d3MICA EN SEMANA SANTA - EL INFORMATIVO DE TAMAULIPAS","og_description":"*Para Ello Es Necesario Que Exista Una Adecuada Seguridad En Las Zonas Comerciales &nbsp; &nbsp; La C\u00e1mara de Comercio en Tampico espera que la paz social","og_url":"https:\/\/elinformativotam.com\/index.php\/2024\/02\/24\/espera-canaco-tampico-que-exista-buena-derrama-economica-en-semana-santa\/","og_site_name":"EL INFORMATIVO DE TAMAULIPAS","article_published_time":"2024-02-24T19:56:09+00:00","og_image":[{"width":1600,"height":1204,"url":"https:\/\/elinformativotam.com\/wp-content\/uploads\/2024\/02\/Canaco.jpeg","type":"image\/jpeg"}],"author":"El Informativo Tam","twitter_card":"summary_large_image","twitter_misc":{"Escrito por":"El Informativo Tam","Tiempo de lectura":"2 minutos"},"schema":{"@context":"https:\/\/schema.org","@graph":[{"@type":"Article","@id":"https:\/\/elinformativotam.com\/index.php\/2024\/02\/24\/espera-canaco-tampico-que-exista-buena-derrama-economica-en-semana-santa\/#article","isPartOf":{"@id":"https:\/\/elinformativotam.com\/index.php\/2024\/02\/24\/espera-canaco-tampico-que-exista-buena-derrama-economica-en-semana-santa\/"},"author":{"name":"El Informativo Tam","@id":"https:\/\/elinformativotam.com\/#\/schema\/person\/78e08040eed0f6110f0c5f83b6153590"},"headline":"ESPERA CANACO TAMPICO QUE EXISTA BUENA DERRAMA ECON\u00d3MICA EN SEMANA SANTA","datePublished":"2024-02-24T19:56:09+00:00","mainEntityOfPage":{"@id":"https:\/\/elinformativotam.com\/index.php\/2024\/02\/24\/espera-canaco-tampico-que-exista-buena-derrama-economica-en-semana-santa\/"},"wordCount":310,"commentCount":0,"publisher":{"@id":"https:\/\/elinformativotam.com\/#organization"},"image":{"@id":"https:\/\/elinformativotam.com\/index.php\/2024\/02\/24\/espera-canaco-tampico-que-exista-buena-derrama-economica-en-semana-santa\/#primaryimage"},"thumbnailUrl":"https:\/\/elinformativotam.com\/wp-content\/uploads\/2024\/02\/Canaco.jpeg","articleSection":["Tampico"],"inLanguage":"es","potentialAction":[{"@type":"CommentAction","name":"Comment","target":["https:\/\/elinformativotam.com\/index.php\/2024\/02\/24\/espera-canaco-tampico-que-exista-buena-derrama-economica-en-semana-santa\/#respond"]}]},{"@type":"WebPage","@id":"https:\/\/elinformativotam.com\/index.php\/2024\/02\/24\/espera-canaco-tampico-que-exista-buena-derrama-economica-en-semana-santa\/","url":"https:\/\/elinformativotam.com\/index.php\/2024\/02\/24\/espera-canaco-tampico-que-exista-buena-derrama-economica-en-semana-santa\/","name":"ESPERA CANACO TAMPICO QUE EXISTA BUENA DERRAMA ECON\u00d3MICA EN SEMANA SANTA - EL INFORMATIVO DE TAMAULIPAS","isPartOf":{"@id":"https:\/\/elinformativotam.com\/#website"},"primaryImageOfPage":{"@id":"https:\/\/elinformativotam.com\/index.php\/2024\/02\/24\/espera-canaco-tampico-que-exista-buena-derrama-economica-en-semana-santa\/#primaryimage"},"image":{"@id":"https:\/\/elinformativotam.com\/index.php\/2024\/02\/24\/espera-canaco-tampico-que-exista-buena-derrama-economica-en-semana-santa\/#primaryimage"},"thumbnailUrl":"https:\/\/elinformativotam.com\/wp-content\/uploads\/2024\/02\/Canaco.jpeg","datePublished":"2024-02-24T19:56:09+00:00","description":"*Para Ello Es Necesario Que Exista Una Adecuada Seguridad En Las Zonas Comerciales &nbsp; &nbsp; La C\u00e1mara de Comercio en Tampico espera que la paz social","inLanguage":"es","potentialAction":[{"@type":"ReadAction","target":["https:\/\/elinformativotam.com\/index.php\/2024\/02\/24\/espera-canaco-tampico-que-exista-buena-derrama-economica-en-semana-santa\/"]}]},{"@type":"ImageObject","inLanguage":"es","@id":"https:\/\/elinformativotam.com\/index.php\/2024\/02\/24\/espera-canaco-tampico-que-exista-buena-derrama-economica-en-semana-santa\/#primaryimage","url":"https:\/\/elinformativotam.com\/wp-content\/uploads\/2024\/02\/Canaco.jpeg","contentUrl":"https:\/\/elinformativotam.com\/wp-content\/uploads\/2024\/02\/Canaco.jpeg","width":1600,"height":1204},{"@type":"WebSite","@id":"https:\/\/elinformativotam.com\/#website","url":"https:\/\/elinformativotam.com\/","name":"EL INFORMATIVO DE TAMAULIPAS","description":"Desde la Zona Metropolitana Para Todo M\u00e9xico","publisher":{"@id":"https:\/\/elinformativotam.com\/#organization"},"potentialAction":[{"@type":"SearchAction","target":{"@type":"EntryPoint","urlTemplate":"https:\/\/elinformativotam.com\/?s={search_term_string}"},"query-input":{"@type":"PropertyValueSpecification","valueRequired":true,"valueName":"search_term_string"}}],"inLanguage":"es"},{"@type":"Organization","@id":"https:\/\/elinformativotam.com\/#organization","name":"EL INFORMATIVO DE TAMAULIPAS","url":"https:\/\/elinformativotam.com\/","logo":{"@type":"ImageObject","inLanguage":"es","@id":"https:\/\/elinformativotam.com\/#\/schema\/logo\/image\/","url":"https:\/\/elinformativotam.com\/wp-content\/uploads\/2026\/02\/Cabezal.png","contentUrl":"https:\/\/elinformativotam.com\/wp-content\/uploads\/2026\/02\/Cabezal.png","width":960,"height":640,"caption":"EL INFORMATIVO DE TAMAULIPAS"},"image":{"@id":"https:\/\/elinformativotam.com\/#\/schema\/logo\/image\/"}},{"@type":"Person","@id":"https:\/\/elinformativotam.com\/#\/schema\/person\/78e08040eed0f6110f0c5f83b6153590","name":"El Informativo Tam","image":{"@type":"ImageObject","inLanguage":"es","@id":"https:\/\/secure.gravatar.com\/avatar\/f3b7ad3af540688955925ac610647be00b0cf41feea9c4978b73a707ee86bc53?s=96&d=mm&r=g","url":"https:\/\/secure.gravatar.com\/avatar\/f3b7ad3af540688955925ac610647be00b0cf41feea9c4978b73a707ee86bc53?s=96&d=mm&r=g","contentUrl":"https:\/\/secure.gravatar.com\/avatar\/f3b7ad3af540688955925ac610647be00b0cf41feea9c4978b73a707ee86bc53?s=96&d=mm&r=g","caption":"El Informativo Tam"}}]}},"_links":{"self":[{"href":"https:\/\/elinformativotam.com\/index.php\/wp-json\/wp\/v2\/posts\/49335","targetHints":{"allow":["GET"]}}],"collection":[{"href":"https:\/\/elinformativotam.com\/index.php\/wp-json\/wp\/v2\/posts"}],"about":[{"href":"https:\/\/elinformativotam.com\/index.php\/wp-json\/wp\/v2\/types\/post"}],"author":[{"embeddable":true,"href":"https:\/\/elinformativotam.com\/index.php\/wp-json\/wp\/v2\/users\/1"}],"replies":[{"embeddable":true,"href":"https:\/\/elinformativotam.com\/index.php\/wp-json\/wp\/v2\/comments?post=49335"}],"version-history":[{"count":1,"href":"https:\/\/elinformativotam.com\/index.php\/wp-json\/wp\/v2\/posts\/49335\/revisions"}],"predecessor-version":[{"id":49337,"href":"https:\/\/elinformativotam.com\/index.php\/wp-json\/wp\/v2\/posts\/49335\/revisions\/49337"}],"wp:featuredmedia":[{"embeddable":true,"href":"https:\/\/elinformativotam.com\/index.php\/wp-json\/wp\/v2\/media\/49336"}],"wp:attachment":[{"href":"https:\/\/elinformativotam.com\/index.php\/wp-json\/wp\/v2\/media?parent=49335"}],"wp:term":[{"taxonomy":"category","embeddable":true,"href":"https:\/\/elinformativotam.com\/index.php\/wp-json\/wp\/v2\/categories?post=49335"},{"taxonomy":"post_tag","embeddable":true,"href":"https:\/\/elinformativotam.com\/index.php\/wp-json\/wp\/v2\/tags?post=49335"}],"curies":[{"name":"wp","href":"https:\/\/api.w.org\/{rel}","templated":true}]}}