{"id":49329,"date":"2024-02-24T13:49:19","date_gmt":"2024-02-24T19:49:19","guid":{"rendered":"https:\/\/elinformativotam.com\/?p=49329"},"modified":"2024-02-24T13:49:19","modified_gmt":"2024-02-24T19:49:19","slug":"600-menores-de-edad-tendrian-pasaporte-americano-en-este-ano","status":"publish","type":"post","link":"https:\/\/elinformativotam.com\/index.php\/2024\/02\/24\/600-menores-de-edad-tendrian-pasaporte-americano-en-este-ano\/","title":{"rendered":"600 MENORES DE EDAD TENDR\u00cdAN PASAPORTE AMERICANO EN ESTE A\u00d1O"},"content":{"rendered":"<h2 style=\"text-align: center;\"><em><span style=\"font-family: 'times new roman', times;\">*Los Ni\u00f1os, Ni\u00f1as Y Adolescentes Nacidos En EUA De Padres Tamaulipecos Tendr\u00e1n Ese Beneficio Del Gobierno Del Estado<\/span><\/em><\/h2>\n<p>&nbsp;<\/p>\n<p>&nbsp;<\/p>\n<p>El Instituto Tamaulipeco para el Migrante(ITM) pretende beneficiar a 600 menores de edad que viven en la entidad, hijos de Tamaulipecos nacidos en EUA, con el pasaporte americano mediante ferias de atenci\u00f3n y con ello lograr que los padres de familia de esos menores y adolescentes tengan el documento oficial.<\/p>\n<p>&nbsp;<\/p>\n<p>Juan Jos\u00e9 Rodr\u00edguez Alvarado, titular de esa dependencia estatal, explic\u00f3 que el objetivo central del programa es que los menores de 18 a\u00f1os no sigan ingresando y saliendo de territorio norteamericano sin dicho documento, ya que para ello han encontrado con una colaboraci\u00f3n estrecha por parte del consulado de EUA.<\/p>\n<p>&nbsp;<\/p>\n<p>Dijo que la primera feria &#8220;del pasaporte americano&#8221; se llev\u00f3 a cabo en la ciudad de Matamoros con resultados satisfactorios hacia esa poblaci\u00f3n tamaulipeca, pues ah\u00ed se logr\u00f3 formalizar a 300 menores de edad con ese documento.<\/p>\n<p>&nbsp;<\/p>\n<p>Abund\u00f3 que la segunda feria se realizar\u00e1 en la capital del estado, y la meta, dijo, es lograr el mismo n\u00famero de beneficiarios.<\/p>\n<p>&nbsp;<\/p>\n<p>&#8220;Y con ello llegar a 600 ni\u00f1as, ni\u00f1os y adolescentes menores de edad para que tengan ese documento en regla de nacionalidad americana&#8221;, acot\u00f3<\/p>\n<p>&nbsp;<\/p>\n<p>Rodr\u00edguez, subray\u00f3 que este tipo de programas que implementa el ITM son in\u00e9ditos e hist\u00f3ricos para Tamaulipas, ya que es la primera vez que se llevan a cabo con el apoyo de las autoridades formales del vecino pa\u00eds del norte.<\/p>\n<p>&nbsp;<\/p>\n<p>Dijo que para ser beneficiario, los padres del menor de edad deber\u00e1n de presentar la documentaci\u00f3n requerida as\u00ed como saldar un costo de 135 d\u00f3lares, pues la fecha l\u00edmite para contar con el beneficio vence el pr\u00f3ximo 27 de Febrero<\/p>\n<p>&nbsp;<\/p>\n","protected":false},"excerpt":{"rendered":"<p>*Los Ni\u00f1os, Ni\u00f1as Y Adolescentes Nacidos En EUA De Padres Tamaulipecos Tendr\u00e1n Ese Beneficio Del Gobierno Del Estado &nbsp; &nbsp;&hellip;<\/p>\n","protected":false},"author":1,"featured_media":49330,"comment_status":"open","ping_status":"open","sticky":false,"template":"","format":"standard","meta":{"footnotes":""},"categories":[3],"tags":[],"class_list":["post-49329","post","type-post","status-publish","format-standard","has-post-thumbnail","hentry","category-tampico"],"yoast_head":"<!-- This site is optimized with the Yoast SEO plugin v27.5 - https:\/\/yoast.com\/product\/yoast-seo-wordpress\/ -->\n<title>600 MENORES DE EDAD TENDR\u00cdAN PASAPORTE AMERICANO EN ESTE A\u00d1O - EL INFORMATIVO DE TAMAULIPAS<\/title>\n<meta name=\"description\" content=\"*Los Ni\u00f1os, Ni\u00f1as Y Adolescentes Nacidos En EUA De Padres Tamaulipecos Tendr\u00e1n Ese Beneficio Del Gobierno Del Estado &nbsp; &nbsp; El Instituto\" \/>\n<meta name=\"robots\" content=\"index, follow, max-snippet:-1, max-image-preview:large, max-video-preview:-1\" \/>\n<link rel=\"canonical\" href=\"https:\/\/elinformativotam.com\/index.php\/2024\/02\/24\/600-menores-de-edad-tendrian-pasaporte-americano-en-este-ano\/\" \/>\n<meta property=\"og:locale\" content=\"es_MX\" \/>\n<meta property=\"og:type\" content=\"article\" \/>\n<meta property=\"og:title\" content=\"600 MENORES DE EDAD TENDR\u00cdAN PASAPORTE AMERICANO EN ESTE A\u00d1O - EL INFORMATIVO DE TAMAULIPAS\" \/>\n<meta property=\"og:description\" content=\"*Los Ni\u00f1os, Ni\u00f1as Y Adolescentes Nacidos En EUA De Padres Tamaulipecos Tendr\u00e1n Ese Beneficio Del Gobierno Del Estado &nbsp; &nbsp; El Instituto\" \/>\n<meta property=\"og:url\" content=\"https:\/\/elinformativotam.com\/index.php\/2024\/02\/24\/600-menores-de-edad-tendrian-pasaporte-americano-en-este-ano\/\" \/>\n<meta property=\"og:site_name\" content=\"EL INFORMATIVO DE TAMAULIPAS\" \/>\n<meta property=\"article:published_time\" content=\"2024-02-24T19:49:19+00:00\" \/>\n<meta property=\"og:image\" content=\"https:\/\/elinformativotam.com\/wp-content\/uploads\/2024\/02\/Pasaportes.jpeg\" \/>\n\t<meta property=\"og:image:width\" content=\"1600\" \/>\n\t<meta property=\"og:image:height\" content=\"1204\" \/>\n\t<meta property=\"og:image:type\" content=\"image\/jpeg\" \/>\n<meta name=\"author\" content=\"El Informativo Tam\" \/>\n<meta name=\"twitter:card\" content=\"summary_large_image\" \/>\n<meta name=\"twitter:label1\" content=\"Escrito por\" \/>\n\t<meta name=\"twitter:data1\" content=\"El Informativo Tam\" \/>\n\t<meta name=\"twitter:label2\" content=\"Tiempo de lectura\" \/>\n\t<meta name=\"twitter:data2\" content=\"2 minutos\" \/>\n<script type=\"application\/ld+json\" class=\"yoast-schema-graph\">{\"@context\":\"https:\\\/\\\/schema.org\",\"@graph\":[{\"@type\":\"Article\",\"@id\":\"https:\\\/\\\/elinformativotam.com\\\/index.php\\\/2024\\\/02\\\/24\\\/600-menores-de-edad-tendrian-pasaporte-americano-en-este-ano\\\/#article\",\"isPartOf\":{\"@id\":\"https:\\\/\\\/elinformativotam.com\\\/index.php\\\/2024\\\/02\\\/24\\\/600-menores-de-edad-tendrian-pasaporte-americano-en-este-ano\\\/\"},\"author\":{\"name\":\"El Informativo Tam\",\"@id\":\"https:\\\/\\\/elinformativotam.com\\\/#\\\/schema\\\/person\\\/78e08040eed0f6110f0c5f83b6153590\"},\"headline\":\"600 MENORES DE EDAD TENDR\u00cdAN PASAPORTE AMERICANO EN ESTE A\u00d1O\",\"datePublished\":\"2024-02-24T19:49:19+00:00\",\"mainEntityOfPage\":{\"@id\":\"https:\\\/\\\/elinformativotam.com\\\/index.php\\\/2024\\\/02\\\/24\\\/600-menores-de-edad-tendrian-pasaporte-americano-en-este-ano\\\/\"},\"wordCount\":317,\"commentCount\":0,\"publisher\":{\"@id\":\"https:\\\/\\\/elinformativotam.com\\\/#organization\"},\"image\":{\"@id\":\"https:\\\/\\\/elinformativotam.com\\\/index.php\\\/2024\\\/02\\\/24\\\/600-menores-de-edad-tendrian-pasaporte-americano-en-este-ano\\\/#primaryimage\"},\"thumbnailUrl\":\"https:\\\/\\\/elinformativotam.com\\\/wp-content\\\/uploads\\\/2024\\\/02\\\/Pasaportes.jpeg\",\"articleSection\":[\"Tampico\"],\"inLanguage\":\"es\",\"potentialAction\":[{\"@type\":\"CommentAction\",\"name\":\"Comment\",\"target\":[\"https:\\\/\\\/elinformativotam.com\\\/index.php\\\/2024\\\/02\\\/24\\\/600-menores-de-edad-tendrian-pasaporte-americano-en-este-ano\\\/#respond\"]}]},{\"@type\":\"WebPage\",\"@id\":\"https:\\\/\\\/elinformativotam.com\\\/index.php\\\/2024\\\/02\\\/24\\\/600-menores-de-edad-tendrian-pasaporte-americano-en-este-ano\\\/\",\"url\":\"https:\\\/\\\/elinformativotam.com\\\/index.php\\\/2024\\\/02\\\/24\\\/600-menores-de-edad-tendrian-pasaporte-americano-en-este-ano\\\/\",\"name\":\"600 MENORES DE EDAD TENDR\u00cdAN PASAPORTE AMERICANO EN ESTE A\u00d1O - EL INFORMATIVO DE TAMAULIPAS\",\"isPartOf\":{\"@id\":\"https:\\\/\\\/elinformativotam.com\\\/#website\"},\"primaryImageOfPage\":{\"@id\":\"https:\\\/\\\/elinformativotam.com\\\/index.php\\\/2024\\\/02\\\/24\\\/600-menores-de-edad-tendrian-pasaporte-americano-en-este-ano\\\/#primaryimage\"},\"image\":{\"@id\":\"https:\\\/\\\/elinformativotam.com\\\/index.php\\\/2024\\\/02\\\/24\\\/600-menores-de-edad-tendrian-pasaporte-americano-en-este-ano\\\/#primaryimage\"},\"thumbnailUrl\":\"https:\\\/\\\/elinformativotam.com\\\/wp-content\\\/uploads\\\/2024\\\/02\\\/Pasaportes.jpeg\",\"datePublished\":\"2024-02-24T19:49:19+00:00\",\"description\":\"*Los Ni\u00f1os, Ni\u00f1as Y Adolescentes Nacidos En EUA De Padres Tamaulipecos Tendr\u00e1n Ese Beneficio Del Gobierno Del Estado &nbsp; &nbsp; El Instituto\",\"inLanguage\":\"es\",\"potentialAction\":[{\"@type\":\"ReadAction\",\"target\":[\"https:\\\/\\\/elinformativotam.com\\\/index.php\\\/2024\\\/02\\\/24\\\/600-menores-de-edad-tendrian-pasaporte-americano-en-este-ano\\\/\"]}]},{\"@type\":\"ImageObject\",\"inLanguage\":\"es\",\"@id\":\"https:\\\/\\\/elinformativotam.com\\\/index.php\\\/2024\\\/02\\\/24\\\/600-menores-de-edad-tendrian-pasaporte-americano-en-este-ano\\\/#primaryimage\",\"url\":\"https:\\\/\\\/elinformativotam.com\\\/wp-content\\\/uploads\\\/2024\\\/02\\\/Pasaportes.jpeg\",\"contentUrl\":\"https:\\\/\\\/elinformativotam.com\\\/wp-content\\\/uploads\\\/2024\\\/02\\\/Pasaportes.jpeg\",\"width\":1600,\"height\":1204},{\"@type\":\"WebSite\",\"@id\":\"https:\\\/\\\/elinformativotam.com\\\/#website\",\"url\":\"https:\\\/\\\/elinformativotam.com\\\/\",\"name\":\"EL INFORMATIVO DE TAMAULIPAS\",\"description\":\"Desde la Zona Metropolitana Para Todo M\u00e9xico\",\"publisher\":{\"@id\":\"https:\\\/\\\/elinformativotam.com\\\/#organization\"},\"potentialAction\":[{\"@type\":\"SearchAction\",\"target\":{\"@type\":\"EntryPoint\",\"urlTemplate\":\"https:\\\/\\\/elinformativotam.com\\\/?s={search_term_string}\"},\"query-input\":{\"@type\":\"PropertyValueSpecification\",\"valueRequired\":true,\"valueName\":\"search_term_string\"}}],\"inLanguage\":\"es\"},{\"@type\":\"Organization\",\"@id\":\"https:\\\/\\\/elinformativotam.com\\\/#organization\",\"name\":\"EL INFORMATIVO DE TAMAULIPAS\",\"url\":\"https:\\\/\\\/elinformativotam.com\\\/\",\"logo\":{\"@type\":\"ImageObject\",\"inLanguage\":\"es\",\"@id\":\"https:\\\/\\\/elinformativotam.com\\\/#\\\/schema\\\/logo\\\/image\\\/\",\"url\":\"https:\\\/\\\/elinformativotam.com\\\/wp-content\\\/uploads\\\/2026\\\/02\\\/Cabezal.png\",\"contentUrl\":\"https:\\\/\\\/elinformativotam.com\\\/wp-content\\\/uploads\\\/2026\\\/02\\\/Cabezal.png\",\"width\":960,\"height\":640,\"caption\":\"EL INFORMATIVO DE TAMAULIPAS\"},\"image\":{\"@id\":\"https:\\\/\\\/elinformativotam.com\\\/#\\\/schema\\\/logo\\\/image\\\/\"}},{\"@type\":\"Person\",\"@id\":\"https:\\\/\\\/elinformativotam.com\\\/#\\\/schema\\\/person\\\/78e08040eed0f6110f0c5f83b6153590\",\"name\":\"El Informativo Tam\",\"image\":{\"@type\":\"ImageObject\",\"inLanguage\":\"es\",\"@id\":\"https:\\\/\\\/secure.gravatar.com\\\/avatar\\\/f3b7ad3af540688955925ac610647be00b0cf41feea9c4978b73a707ee86bc53?s=96&d=mm&r=g\",\"url\":\"https:\\\/\\\/secure.gravatar.com\\\/avatar\\\/f3b7ad3af540688955925ac610647be00b0cf41feea9c4978b73a707ee86bc53?s=96&d=mm&r=g\",\"contentUrl\":\"https:\\\/\\\/secure.gravatar.com\\\/avatar\\\/f3b7ad3af540688955925ac610647be00b0cf41feea9c4978b73a707ee86bc53?s=96&d=mm&r=g\",\"caption\":\"El Informativo Tam\"}}]}<\/script>\n<!-- \/ Yoast SEO plugin. -->","yoast_head_json":{"title":"600 MENORES DE EDAD TENDR\u00cdAN PASAPORTE AMERICANO EN ESTE A\u00d1O - EL INFORMATIVO DE TAMAULIPAS","description":"*Los Ni\u00f1os, Ni\u00f1as Y Adolescentes Nacidos En EUA De Padres Tamaulipecos Tendr\u00e1n Ese Beneficio Del Gobierno Del Estado &nbsp; &nbsp; El Instituto","robots":{"index":"index","follow":"follow","max-snippet":"max-snippet:-1","max-image-preview":"max-image-preview:large","max-video-preview":"max-video-preview:-1"},"canonical":"https:\/\/elinformativotam.com\/index.php\/2024\/02\/24\/600-menores-de-edad-tendrian-pasaporte-americano-en-este-ano\/","og_locale":"es_MX","og_type":"article","og_title":"600 MENORES DE EDAD TENDR\u00cdAN PASAPORTE AMERICANO EN ESTE A\u00d1O - EL INFORMATIVO DE TAMAULIPAS","og_description":"*Los Ni\u00f1os, Ni\u00f1as Y Adolescentes Nacidos En EUA De Padres Tamaulipecos Tendr\u00e1n Ese Beneficio Del Gobierno Del Estado &nbsp; &nbsp; El Instituto","og_url":"https:\/\/elinformativotam.com\/index.php\/2024\/02\/24\/600-menores-de-edad-tendrian-pasaporte-americano-en-este-ano\/","og_site_name":"EL INFORMATIVO DE TAMAULIPAS","article_published_time":"2024-02-24T19:49:19+00:00","og_image":[{"width":1600,"height":1204,"url":"https:\/\/elinformativotam.com\/wp-content\/uploads\/2024\/02\/Pasaportes.jpeg","type":"image\/jpeg"}],"author":"El Informativo Tam","twitter_card":"summary_large_image","twitter_misc":{"Escrito por":"El Informativo Tam","Tiempo de lectura":"2 minutos"},"schema":{"@context":"https:\/\/schema.org","@graph":[{"@type":"Article","@id":"https:\/\/elinformativotam.com\/index.php\/2024\/02\/24\/600-menores-de-edad-tendrian-pasaporte-americano-en-este-ano\/#article","isPartOf":{"@id":"https:\/\/elinformativotam.com\/index.php\/2024\/02\/24\/600-menores-de-edad-tendrian-pasaporte-americano-en-este-ano\/"},"author":{"name":"El Informativo Tam","@id":"https:\/\/elinformativotam.com\/#\/schema\/person\/78e08040eed0f6110f0c5f83b6153590"},"headline":"600 MENORES DE EDAD TENDR\u00cdAN PASAPORTE AMERICANO EN ESTE A\u00d1O","datePublished":"2024-02-24T19:49:19+00:00","mainEntityOfPage":{"@id":"https:\/\/elinformativotam.com\/index.php\/2024\/02\/24\/600-menores-de-edad-tendrian-pasaporte-americano-en-este-ano\/"},"wordCount":317,"commentCount":0,"publisher":{"@id":"https:\/\/elinformativotam.com\/#organization"},"image":{"@id":"https:\/\/elinformativotam.com\/index.php\/2024\/02\/24\/600-menores-de-edad-tendrian-pasaporte-americano-en-este-ano\/#primaryimage"},"thumbnailUrl":"https:\/\/elinformativotam.com\/wp-content\/uploads\/2024\/02\/Pasaportes.jpeg","articleSection":["Tampico"],"inLanguage":"es","potentialAction":[{"@type":"CommentAction","name":"Comment","target":["https:\/\/elinformativotam.com\/index.php\/2024\/02\/24\/600-menores-de-edad-tendrian-pasaporte-americano-en-este-ano\/#respond"]}]},{"@type":"WebPage","@id":"https:\/\/elinformativotam.com\/index.php\/2024\/02\/24\/600-menores-de-edad-tendrian-pasaporte-americano-en-este-ano\/","url":"https:\/\/elinformativotam.com\/index.php\/2024\/02\/24\/600-menores-de-edad-tendrian-pasaporte-americano-en-este-ano\/","name":"600 MENORES DE EDAD TENDR\u00cdAN PASAPORTE AMERICANO EN ESTE A\u00d1O - EL INFORMATIVO DE TAMAULIPAS","isPartOf":{"@id":"https:\/\/elinformativotam.com\/#website"},"primaryImageOfPage":{"@id":"https:\/\/elinformativotam.com\/index.php\/2024\/02\/24\/600-menores-de-edad-tendrian-pasaporte-americano-en-este-ano\/#primaryimage"},"image":{"@id":"https:\/\/elinformativotam.com\/index.php\/2024\/02\/24\/600-menores-de-edad-tendrian-pasaporte-americano-en-este-ano\/#primaryimage"},"thumbnailUrl":"https:\/\/elinformativotam.com\/wp-content\/uploads\/2024\/02\/Pasaportes.jpeg","datePublished":"2024-02-24T19:49:19+00:00","description":"*Los Ni\u00f1os, Ni\u00f1as Y Adolescentes Nacidos En EUA De Padres Tamaulipecos Tendr\u00e1n Ese Beneficio Del Gobierno Del Estado &nbsp; &nbsp; El Instituto","inLanguage":"es","potentialAction":[{"@type":"ReadAction","target":["https:\/\/elinformativotam.com\/index.php\/2024\/02\/24\/600-menores-de-edad-tendrian-pasaporte-americano-en-este-ano\/"]}]},{"@type":"ImageObject","inLanguage":"es","@id":"https:\/\/elinformativotam.com\/index.php\/2024\/02\/24\/600-menores-de-edad-tendrian-pasaporte-americano-en-este-ano\/#primaryimage","url":"https:\/\/elinformativotam.com\/wp-content\/uploads\/2024\/02\/Pasaportes.jpeg","contentUrl":"https:\/\/elinformativotam.com\/wp-content\/uploads\/2024\/02\/Pasaportes.jpeg","width":1600,"height":1204},{"@type":"WebSite","@id":"https:\/\/elinformativotam.com\/#website","url":"https:\/\/elinformativotam.com\/","name":"EL INFORMATIVO DE TAMAULIPAS","description":"Desde la Zona Metropolitana Para Todo M\u00e9xico","publisher":{"@id":"https:\/\/elinformativotam.com\/#organization"},"potentialAction":[{"@type":"SearchAction","target":{"@type":"EntryPoint","urlTemplate":"https:\/\/elinformativotam.com\/?s={search_term_string}"},"query-input":{"@type":"PropertyValueSpecification","valueRequired":true,"valueName":"search_term_string"}}],"inLanguage":"es"},{"@type":"Organization","@id":"https:\/\/elinformativotam.com\/#organization","name":"EL INFORMATIVO DE TAMAULIPAS","url":"https:\/\/elinformativotam.com\/","logo":{"@type":"ImageObject","inLanguage":"es","@id":"https:\/\/elinformativotam.com\/#\/schema\/logo\/image\/","url":"https:\/\/elinformativotam.com\/wp-content\/uploads\/2026\/02\/Cabezal.png","contentUrl":"https:\/\/elinformativotam.com\/wp-content\/uploads\/2026\/02\/Cabezal.png","width":960,"height":640,"caption":"EL INFORMATIVO DE TAMAULIPAS"},"image":{"@id":"https:\/\/elinformativotam.com\/#\/schema\/logo\/image\/"}},{"@type":"Person","@id":"https:\/\/elinformativotam.com\/#\/schema\/person\/78e08040eed0f6110f0c5f83b6153590","name":"El Informativo Tam","image":{"@type":"ImageObject","inLanguage":"es","@id":"https:\/\/secure.gravatar.com\/avatar\/f3b7ad3af540688955925ac610647be00b0cf41feea9c4978b73a707ee86bc53?s=96&d=mm&r=g","url":"https:\/\/secure.gravatar.com\/avatar\/f3b7ad3af540688955925ac610647be00b0cf41feea9c4978b73a707ee86bc53?s=96&d=mm&r=g","contentUrl":"https:\/\/secure.gravatar.com\/avatar\/f3b7ad3af540688955925ac610647be00b0cf41feea9c4978b73a707ee86bc53?s=96&d=mm&r=g","caption":"El Informativo Tam"}}]}},"_links":{"self":[{"href":"https:\/\/elinformativotam.com\/index.php\/wp-json\/wp\/v2\/posts\/49329","targetHints":{"allow":["GET"]}}],"collection":[{"href":"https:\/\/elinformativotam.com\/index.php\/wp-json\/wp\/v2\/posts"}],"about":[{"href":"https:\/\/elinformativotam.com\/index.php\/wp-json\/wp\/v2\/types\/post"}],"author":[{"embeddable":true,"href":"https:\/\/elinformativotam.com\/index.php\/wp-json\/wp\/v2\/users\/1"}],"replies":[{"embeddable":true,"href":"https:\/\/elinformativotam.com\/index.php\/wp-json\/wp\/v2\/comments?post=49329"}],"version-history":[{"count":1,"href":"https:\/\/elinformativotam.com\/index.php\/wp-json\/wp\/v2\/posts\/49329\/revisions"}],"predecessor-version":[{"id":49331,"href":"https:\/\/elinformativotam.com\/index.php\/wp-json\/wp\/v2\/posts\/49329\/revisions\/49331"}],"wp:featuredmedia":[{"embeddable":true,"href":"https:\/\/elinformativotam.com\/index.php\/wp-json\/wp\/v2\/media\/49330"}],"wp:attachment":[{"href":"https:\/\/elinformativotam.com\/index.php\/wp-json\/wp\/v2\/media?parent=49329"}],"wp:term":[{"taxonomy":"category","embeddable":true,"href":"https:\/\/elinformativotam.com\/index.php\/wp-json\/wp\/v2\/categories?post=49329"},{"taxonomy":"post_tag","embeddable":true,"href":"https:\/\/elinformativotam.com\/index.php\/wp-json\/wp\/v2\/tags?post=49329"}],"curies":[{"name":"wp","href":"https:\/\/api.w.org\/{rel}","templated":true}]}}