{"id":49319,"date":"2024-02-24T13:27:08","date_gmt":"2024-02-24T19:27:08","guid":{"rendered":"https:\/\/elinformativotam.com\/?p=49319"},"modified":"2024-02-24T13:27:08","modified_gmt":"2024-02-24T19:27:08","slug":"comparte-erasmo-gonzalez-experiencias-con-seleccion-municipal-de-atletismo-de-ciudad-madero","status":"publish","type":"post","link":"https:\/\/elinformativotam.com\/index.php\/2024\/02\/24\/comparte-erasmo-gonzalez-experiencias-con-seleccion-municipal-de-atletismo-de-ciudad-madero\/","title":{"rendered":"COMPARTE ERASMO GONZ\u00c1LEZ EXPERIENCIAS CON SELECCI\u00d3N MUNICIPAL DE ATLETISMO DE CIUDAD MADERO"},"content":{"rendered":"<p>El Diputado Federal Erasmo Gonz\u00e1lez Robledo fue invitado por la selecci\u00f3n de la Escuela Municipal de Atletismo de Ciudad Madero, para compartir grandes experiencias de este deporte sobre los logros obtenidos el a\u00f1o anterior y las metas fijadas para el 2024; siendo relevante el anuncio de los atletas para su participaci\u00f3n en la convocatoria de \u201cNacionales CONADE 2024\u201d a desarrollarse en el mes de marzo en Ciudad Victoria.<\/p>\n<p>&nbsp;<\/p>\n<p>Las y los entusiastas seleccionados de atletismo, que son dirigidos por los maestros Alejandro Quiroga Silveira, su auxiliar Hilario Flores Mendoza y su Delegada Adriana Mendiola, narraron amplias experiencias de \u00e9xito que han logrado cada uno de los participantes en las diversas categor\u00edas, lo que pone muy en alto al deporte en este municipio.<\/p>\n<p>&nbsp;<\/p>\n<p>Erasmo Gonz\u00e1lez, comparti\u00f3 que es muy importante que permanezca la constancia y la disciplina, como una forma para alcanzar nuevas metas dentro de esta rama deportiva y que siempre pongan muy en alto al deporte en Ciudad Madero; que sean el ejemplo para seguir de nuevos deportistas, considerando que es la forma de ampliar la competencia y sobre todo la formaci\u00f3n de una vida sana.<\/p>\n<p>&nbsp;<\/p>\n<p>Las y los j\u00f3venes que participan dentro de esta Escuela Municipal de Atletismo, contaron sobre su preparaci\u00f3n dentro de las competencias desarrolladas en el a\u00f1o anterior, donde obtuvieron un alto rendimiento en las competencias; pero adem\u00e1s se han formado nuevos retos para participar dentro de la convocatoria de la CONADE 2024 a desarrollarse los d\u00edas del 1 al 3 de marzo del presente a\u00f1o, donde estar\u00e1n 18 deportistas representando a Ciudad Madero.<\/p>\n<p>&nbsp;<\/p>\n<p>Erasmo Gonz\u00e1lez reafirm\u00f3 que las y los maderenses siempre estaremos muy orgullosos de los deportistas y en especial de esta rama del atletismo; ha quienes hizo un amplio reconocimiento por compartir estos nuevos retos y metas y poner muy en alto el deporte en Tamaulipas.<\/p>\n","protected":false},"excerpt":{"rendered":"<p>El Diputado Federal Erasmo Gonz\u00e1lez Robledo fue invitado por la selecci\u00f3n de la Escuela Municipal de Atletismo de Ciudad Madero,&hellip;<\/p>\n","protected":false},"author":1,"featured_media":49320,"comment_status":"open","ping_status":"open","sticky":false,"template":"","format":"standard","meta":{"footnotes":""},"categories":[4],"tags":[],"class_list":["post-49319","post","type-post","status-publish","format-standard","has-post-thumbnail","hentry","category-madero"],"yoast_head":"<!-- This site is optimized with the Yoast SEO plugin v27.5 - https:\/\/yoast.com\/product\/yoast-seo-wordpress\/ -->\n<title>COMPARTE ERASMO GONZ\u00c1LEZ EXPERIENCIAS CON SELECCI\u00d3N MUNICIPAL DE ATLETISMO DE CIUDAD MADERO - EL INFORMATIVO DE TAMAULIPAS<\/title>\n<meta name=\"description\" content=\"El Diputado Federal Erasmo Gonz\u00e1lez Robledo fue invitado por la selecci\u00f3n de la Escuela Municipal de Atletismo de Ciudad Madero, para compartir grandes\" \/>\n<meta name=\"robots\" content=\"index, follow, max-snippet:-1, max-image-preview:large, max-video-preview:-1\" \/>\n<link rel=\"canonical\" href=\"https:\/\/elinformativotam.com\/index.php\/2024\/02\/24\/comparte-erasmo-gonzalez-experiencias-con-seleccion-municipal-de-atletismo-de-ciudad-madero\/\" \/>\n<meta property=\"og:locale\" content=\"es_MX\" \/>\n<meta property=\"og:type\" content=\"article\" \/>\n<meta property=\"og:title\" content=\"COMPARTE ERASMO GONZ\u00c1LEZ EXPERIENCIAS CON SELECCI\u00d3N MUNICIPAL DE ATLETISMO DE CIUDAD MADERO - EL INFORMATIVO DE TAMAULIPAS\" \/>\n<meta property=\"og:description\" content=\"El Diputado Federal Erasmo Gonz\u00e1lez Robledo fue invitado por la selecci\u00f3n de la Escuela Municipal de Atletismo de Ciudad Madero, para compartir grandes\" \/>\n<meta property=\"og:url\" content=\"https:\/\/elinformativotam.com\/index.php\/2024\/02\/24\/comparte-erasmo-gonzalez-experiencias-con-seleccion-municipal-de-atletismo-de-ciudad-madero\/\" \/>\n<meta property=\"og:site_name\" content=\"EL INFORMATIVO DE TAMAULIPAS\" \/>\n<meta property=\"article:published_time\" content=\"2024-02-24T19:27:08+00:00\" \/>\n<meta property=\"og:image\" content=\"https:\/\/elinformativotam.com\/wp-content\/uploads\/2024\/02\/Erasmo-2.jpeg\" \/>\n\t<meta property=\"og:image:width\" content=\"1600\" \/>\n\t<meta property=\"og:image:height\" content=\"1598\" \/>\n\t<meta property=\"og:image:type\" content=\"image\/jpeg\" \/>\n<meta name=\"author\" content=\"El Informativo Tam\" \/>\n<meta name=\"twitter:card\" content=\"summary_large_image\" \/>\n<meta name=\"twitter:label1\" content=\"Escrito por\" \/>\n\t<meta name=\"twitter:data1\" content=\"El Informativo Tam\" \/>\n\t<meta name=\"twitter:label2\" content=\"Tiempo de lectura\" \/>\n\t<meta name=\"twitter:data2\" content=\"2 minutos\" \/>\n<script type=\"application\/ld+json\" class=\"yoast-schema-graph\">{\"@context\":\"https:\\\/\\\/schema.org\",\"@graph\":[{\"@type\":\"Article\",\"@id\":\"https:\\\/\\\/elinformativotam.com\\\/index.php\\\/2024\\\/02\\\/24\\\/comparte-erasmo-gonzalez-experiencias-con-seleccion-municipal-de-atletismo-de-ciudad-madero\\\/#article\",\"isPartOf\":{\"@id\":\"https:\\\/\\\/elinformativotam.com\\\/index.php\\\/2024\\\/02\\\/24\\\/comparte-erasmo-gonzalez-experiencias-con-seleccion-municipal-de-atletismo-de-ciudad-madero\\\/\"},\"author\":{\"name\":\"El Informativo Tam\",\"@id\":\"https:\\\/\\\/elinformativotam.com\\\/#\\\/schema\\\/person\\\/78e08040eed0f6110f0c5f83b6153590\"},\"headline\":\"COMPARTE ERASMO GONZ\u00c1LEZ EXPERIENCIAS CON SELECCI\u00d3N MUNICIPAL DE ATLETISMO DE CIUDAD MADERO\",\"datePublished\":\"2024-02-24T19:27:08+00:00\",\"mainEntityOfPage\":{\"@id\":\"https:\\\/\\\/elinformativotam.com\\\/index.php\\\/2024\\\/02\\\/24\\\/comparte-erasmo-gonzalez-experiencias-con-seleccion-municipal-de-atletismo-de-ciudad-madero\\\/\"},\"wordCount\":331,\"commentCount\":0,\"publisher\":{\"@id\":\"https:\\\/\\\/elinformativotam.com\\\/#organization\"},\"image\":{\"@id\":\"https:\\\/\\\/elinformativotam.com\\\/index.php\\\/2024\\\/02\\\/24\\\/comparte-erasmo-gonzalez-experiencias-con-seleccion-municipal-de-atletismo-de-ciudad-madero\\\/#primaryimage\"},\"thumbnailUrl\":\"https:\\\/\\\/elinformativotam.com\\\/wp-content\\\/uploads\\\/2024\\\/02\\\/Erasmo-2.jpeg\",\"articleSection\":[\"Cd Madero\"],\"inLanguage\":\"es\",\"potentialAction\":[{\"@type\":\"CommentAction\",\"name\":\"Comment\",\"target\":[\"https:\\\/\\\/elinformativotam.com\\\/index.php\\\/2024\\\/02\\\/24\\\/comparte-erasmo-gonzalez-experiencias-con-seleccion-municipal-de-atletismo-de-ciudad-madero\\\/#respond\"]}]},{\"@type\":\"WebPage\",\"@id\":\"https:\\\/\\\/elinformativotam.com\\\/index.php\\\/2024\\\/02\\\/24\\\/comparte-erasmo-gonzalez-experiencias-con-seleccion-municipal-de-atletismo-de-ciudad-madero\\\/\",\"url\":\"https:\\\/\\\/elinformativotam.com\\\/index.php\\\/2024\\\/02\\\/24\\\/comparte-erasmo-gonzalez-experiencias-con-seleccion-municipal-de-atletismo-de-ciudad-madero\\\/\",\"name\":\"COMPARTE ERASMO GONZ\u00c1LEZ EXPERIENCIAS CON SELECCI\u00d3N MUNICIPAL DE ATLETISMO DE CIUDAD MADERO - EL INFORMATIVO DE TAMAULIPAS\",\"isPartOf\":{\"@id\":\"https:\\\/\\\/elinformativotam.com\\\/#website\"},\"primaryImageOfPage\":{\"@id\":\"https:\\\/\\\/elinformativotam.com\\\/index.php\\\/2024\\\/02\\\/24\\\/comparte-erasmo-gonzalez-experiencias-con-seleccion-municipal-de-atletismo-de-ciudad-madero\\\/#primaryimage\"},\"image\":{\"@id\":\"https:\\\/\\\/elinformativotam.com\\\/index.php\\\/2024\\\/02\\\/24\\\/comparte-erasmo-gonzalez-experiencias-con-seleccion-municipal-de-atletismo-de-ciudad-madero\\\/#primaryimage\"},\"thumbnailUrl\":\"https:\\\/\\\/elinformativotam.com\\\/wp-content\\\/uploads\\\/2024\\\/02\\\/Erasmo-2.jpeg\",\"datePublished\":\"2024-02-24T19:27:08+00:00\",\"description\":\"El Diputado Federal Erasmo Gonz\u00e1lez Robledo fue invitado por la selecci\u00f3n de la Escuela Municipal de Atletismo de Ciudad Madero, para compartir grandes\",\"inLanguage\":\"es\",\"potentialAction\":[{\"@type\":\"ReadAction\",\"target\":[\"https:\\\/\\\/elinformativotam.com\\\/index.php\\\/2024\\\/02\\\/24\\\/comparte-erasmo-gonzalez-experiencias-con-seleccion-municipal-de-atletismo-de-ciudad-madero\\\/\"]}]},{\"@type\":\"ImageObject\",\"inLanguage\":\"es\",\"@id\":\"https:\\\/\\\/elinformativotam.com\\\/index.php\\\/2024\\\/02\\\/24\\\/comparte-erasmo-gonzalez-experiencias-con-seleccion-municipal-de-atletismo-de-ciudad-madero\\\/#primaryimage\",\"url\":\"https:\\\/\\\/elinformativotam.com\\\/wp-content\\\/uploads\\\/2024\\\/02\\\/Erasmo-2.jpeg\",\"contentUrl\":\"https:\\\/\\\/elinformativotam.com\\\/wp-content\\\/uploads\\\/2024\\\/02\\\/Erasmo-2.jpeg\",\"width\":1600,\"height\":1598},{\"@type\":\"WebSite\",\"@id\":\"https:\\\/\\\/elinformativotam.com\\\/#website\",\"url\":\"https:\\\/\\\/elinformativotam.com\\\/\",\"name\":\"EL INFORMATIVO DE TAMAULIPAS\",\"description\":\"Desde la Zona Metropolitana Para Todo M\u00e9xico\",\"publisher\":{\"@id\":\"https:\\\/\\\/elinformativotam.com\\\/#organization\"},\"potentialAction\":[{\"@type\":\"SearchAction\",\"target\":{\"@type\":\"EntryPoint\",\"urlTemplate\":\"https:\\\/\\\/elinformativotam.com\\\/?s={search_term_string}\"},\"query-input\":{\"@type\":\"PropertyValueSpecification\",\"valueRequired\":true,\"valueName\":\"search_term_string\"}}],\"inLanguage\":\"es\"},{\"@type\":\"Organization\",\"@id\":\"https:\\\/\\\/elinformativotam.com\\\/#organization\",\"name\":\"EL INFORMATIVO DE TAMAULIPAS\",\"url\":\"https:\\\/\\\/elinformativotam.com\\\/\",\"logo\":{\"@type\":\"ImageObject\",\"inLanguage\":\"es\",\"@id\":\"https:\\\/\\\/elinformativotam.com\\\/#\\\/schema\\\/logo\\\/image\\\/\",\"url\":\"https:\\\/\\\/elinformativotam.com\\\/wp-content\\\/uploads\\\/2026\\\/02\\\/Cabezal.png\",\"contentUrl\":\"https:\\\/\\\/elinformativotam.com\\\/wp-content\\\/uploads\\\/2026\\\/02\\\/Cabezal.png\",\"width\":960,\"height\":640,\"caption\":\"EL INFORMATIVO DE TAMAULIPAS\"},\"image\":{\"@id\":\"https:\\\/\\\/elinformativotam.com\\\/#\\\/schema\\\/logo\\\/image\\\/\"}},{\"@type\":\"Person\",\"@id\":\"https:\\\/\\\/elinformativotam.com\\\/#\\\/schema\\\/person\\\/78e08040eed0f6110f0c5f83b6153590\",\"name\":\"El Informativo Tam\",\"image\":{\"@type\":\"ImageObject\",\"inLanguage\":\"es\",\"@id\":\"https:\\\/\\\/secure.gravatar.com\\\/avatar\\\/f3b7ad3af540688955925ac610647be00b0cf41feea9c4978b73a707ee86bc53?s=96&d=mm&r=g\",\"url\":\"https:\\\/\\\/secure.gravatar.com\\\/avatar\\\/f3b7ad3af540688955925ac610647be00b0cf41feea9c4978b73a707ee86bc53?s=96&d=mm&r=g\",\"contentUrl\":\"https:\\\/\\\/secure.gravatar.com\\\/avatar\\\/f3b7ad3af540688955925ac610647be00b0cf41feea9c4978b73a707ee86bc53?s=96&d=mm&r=g\",\"caption\":\"El Informativo Tam\"}}]}<\/script>\n<!-- \/ Yoast SEO plugin. -->","yoast_head_json":{"title":"COMPARTE ERASMO GONZ\u00c1LEZ EXPERIENCIAS CON SELECCI\u00d3N MUNICIPAL DE ATLETISMO DE CIUDAD MADERO - EL INFORMATIVO DE TAMAULIPAS","description":"El Diputado Federal Erasmo Gonz\u00e1lez Robledo fue invitado por la selecci\u00f3n de la Escuela Municipal de Atletismo de Ciudad Madero, para compartir grandes","robots":{"index":"index","follow":"follow","max-snippet":"max-snippet:-1","max-image-preview":"max-image-preview:large","max-video-preview":"max-video-preview:-1"},"canonical":"https:\/\/elinformativotam.com\/index.php\/2024\/02\/24\/comparte-erasmo-gonzalez-experiencias-con-seleccion-municipal-de-atletismo-de-ciudad-madero\/","og_locale":"es_MX","og_type":"article","og_title":"COMPARTE ERASMO GONZ\u00c1LEZ EXPERIENCIAS CON SELECCI\u00d3N MUNICIPAL DE ATLETISMO DE CIUDAD MADERO - EL INFORMATIVO DE TAMAULIPAS","og_description":"El Diputado Federal Erasmo Gonz\u00e1lez Robledo fue invitado por la selecci\u00f3n de la Escuela Municipal de Atletismo de Ciudad Madero, para compartir grandes","og_url":"https:\/\/elinformativotam.com\/index.php\/2024\/02\/24\/comparte-erasmo-gonzalez-experiencias-con-seleccion-municipal-de-atletismo-de-ciudad-madero\/","og_site_name":"EL INFORMATIVO DE TAMAULIPAS","article_published_time":"2024-02-24T19:27:08+00:00","og_image":[{"width":1600,"height":1598,"url":"https:\/\/elinformativotam.com\/wp-content\/uploads\/2024\/02\/Erasmo-2.jpeg","type":"image\/jpeg"}],"author":"El Informativo Tam","twitter_card":"summary_large_image","twitter_misc":{"Escrito por":"El Informativo Tam","Tiempo de lectura":"2 minutos"},"schema":{"@context":"https:\/\/schema.org","@graph":[{"@type":"Article","@id":"https:\/\/elinformativotam.com\/index.php\/2024\/02\/24\/comparte-erasmo-gonzalez-experiencias-con-seleccion-municipal-de-atletismo-de-ciudad-madero\/#article","isPartOf":{"@id":"https:\/\/elinformativotam.com\/index.php\/2024\/02\/24\/comparte-erasmo-gonzalez-experiencias-con-seleccion-municipal-de-atletismo-de-ciudad-madero\/"},"author":{"name":"El Informativo Tam","@id":"https:\/\/elinformativotam.com\/#\/schema\/person\/78e08040eed0f6110f0c5f83b6153590"},"headline":"COMPARTE ERASMO GONZ\u00c1LEZ EXPERIENCIAS CON SELECCI\u00d3N MUNICIPAL DE ATLETISMO DE CIUDAD MADERO","datePublished":"2024-02-24T19:27:08+00:00","mainEntityOfPage":{"@id":"https:\/\/elinformativotam.com\/index.php\/2024\/02\/24\/comparte-erasmo-gonzalez-experiencias-con-seleccion-municipal-de-atletismo-de-ciudad-madero\/"},"wordCount":331,"commentCount":0,"publisher":{"@id":"https:\/\/elinformativotam.com\/#organization"},"image":{"@id":"https:\/\/elinformativotam.com\/index.php\/2024\/02\/24\/comparte-erasmo-gonzalez-experiencias-con-seleccion-municipal-de-atletismo-de-ciudad-madero\/#primaryimage"},"thumbnailUrl":"https:\/\/elinformativotam.com\/wp-content\/uploads\/2024\/02\/Erasmo-2.jpeg","articleSection":["Cd Madero"],"inLanguage":"es","potentialAction":[{"@type":"CommentAction","name":"Comment","target":["https:\/\/elinformativotam.com\/index.php\/2024\/02\/24\/comparte-erasmo-gonzalez-experiencias-con-seleccion-municipal-de-atletismo-de-ciudad-madero\/#respond"]}]},{"@type":"WebPage","@id":"https:\/\/elinformativotam.com\/index.php\/2024\/02\/24\/comparte-erasmo-gonzalez-experiencias-con-seleccion-municipal-de-atletismo-de-ciudad-madero\/","url":"https:\/\/elinformativotam.com\/index.php\/2024\/02\/24\/comparte-erasmo-gonzalez-experiencias-con-seleccion-municipal-de-atletismo-de-ciudad-madero\/","name":"COMPARTE ERASMO GONZ\u00c1LEZ EXPERIENCIAS CON SELECCI\u00d3N MUNICIPAL DE ATLETISMO DE CIUDAD MADERO - EL INFORMATIVO DE TAMAULIPAS","isPartOf":{"@id":"https:\/\/elinformativotam.com\/#website"},"primaryImageOfPage":{"@id":"https:\/\/elinformativotam.com\/index.php\/2024\/02\/24\/comparte-erasmo-gonzalez-experiencias-con-seleccion-municipal-de-atletismo-de-ciudad-madero\/#primaryimage"},"image":{"@id":"https:\/\/elinformativotam.com\/index.php\/2024\/02\/24\/comparte-erasmo-gonzalez-experiencias-con-seleccion-municipal-de-atletismo-de-ciudad-madero\/#primaryimage"},"thumbnailUrl":"https:\/\/elinformativotam.com\/wp-content\/uploads\/2024\/02\/Erasmo-2.jpeg","datePublished":"2024-02-24T19:27:08+00:00","description":"El Diputado Federal Erasmo Gonz\u00e1lez Robledo fue invitado por la selecci\u00f3n de la Escuela Municipal de Atletismo de Ciudad Madero, para compartir grandes","inLanguage":"es","potentialAction":[{"@type":"ReadAction","target":["https:\/\/elinformativotam.com\/index.php\/2024\/02\/24\/comparte-erasmo-gonzalez-experiencias-con-seleccion-municipal-de-atletismo-de-ciudad-madero\/"]}]},{"@type":"ImageObject","inLanguage":"es","@id":"https:\/\/elinformativotam.com\/index.php\/2024\/02\/24\/comparte-erasmo-gonzalez-experiencias-con-seleccion-municipal-de-atletismo-de-ciudad-madero\/#primaryimage","url":"https:\/\/elinformativotam.com\/wp-content\/uploads\/2024\/02\/Erasmo-2.jpeg","contentUrl":"https:\/\/elinformativotam.com\/wp-content\/uploads\/2024\/02\/Erasmo-2.jpeg","width":1600,"height":1598},{"@type":"WebSite","@id":"https:\/\/elinformativotam.com\/#website","url":"https:\/\/elinformativotam.com\/","name":"EL INFORMATIVO DE TAMAULIPAS","description":"Desde la Zona Metropolitana Para Todo M\u00e9xico","publisher":{"@id":"https:\/\/elinformativotam.com\/#organization"},"potentialAction":[{"@type":"SearchAction","target":{"@type":"EntryPoint","urlTemplate":"https:\/\/elinformativotam.com\/?s={search_term_string}"},"query-input":{"@type":"PropertyValueSpecification","valueRequired":true,"valueName":"search_term_string"}}],"inLanguage":"es"},{"@type":"Organization","@id":"https:\/\/elinformativotam.com\/#organization","name":"EL INFORMATIVO DE TAMAULIPAS","url":"https:\/\/elinformativotam.com\/","logo":{"@type":"ImageObject","inLanguage":"es","@id":"https:\/\/elinformativotam.com\/#\/schema\/logo\/image\/","url":"https:\/\/elinformativotam.com\/wp-content\/uploads\/2026\/02\/Cabezal.png","contentUrl":"https:\/\/elinformativotam.com\/wp-content\/uploads\/2026\/02\/Cabezal.png","width":960,"height":640,"caption":"EL INFORMATIVO DE TAMAULIPAS"},"image":{"@id":"https:\/\/elinformativotam.com\/#\/schema\/logo\/image\/"}},{"@type":"Person","@id":"https:\/\/elinformativotam.com\/#\/schema\/person\/78e08040eed0f6110f0c5f83b6153590","name":"El Informativo Tam","image":{"@type":"ImageObject","inLanguage":"es","@id":"https:\/\/secure.gravatar.com\/avatar\/f3b7ad3af540688955925ac610647be00b0cf41feea9c4978b73a707ee86bc53?s=96&d=mm&r=g","url":"https:\/\/secure.gravatar.com\/avatar\/f3b7ad3af540688955925ac610647be00b0cf41feea9c4978b73a707ee86bc53?s=96&d=mm&r=g","contentUrl":"https:\/\/secure.gravatar.com\/avatar\/f3b7ad3af540688955925ac610647be00b0cf41feea9c4978b73a707ee86bc53?s=96&d=mm&r=g","caption":"El Informativo Tam"}}]}},"_links":{"self":[{"href":"https:\/\/elinformativotam.com\/index.php\/wp-json\/wp\/v2\/posts\/49319","targetHints":{"allow":["GET"]}}],"collection":[{"href":"https:\/\/elinformativotam.com\/index.php\/wp-json\/wp\/v2\/posts"}],"about":[{"href":"https:\/\/elinformativotam.com\/index.php\/wp-json\/wp\/v2\/types\/post"}],"author":[{"embeddable":true,"href":"https:\/\/elinformativotam.com\/index.php\/wp-json\/wp\/v2\/users\/1"}],"replies":[{"embeddable":true,"href":"https:\/\/elinformativotam.com\/index.php\/wp-json\/wp\/v2\/comments?post=49319"}],"version-history":[{"count":1,"href":"https:\/\/elinformativotam.com\/index.php\/wp-json\/wp\/v2\/posts\/49319\/revisions"}],"predecessor-version":[{"id":49321,"href":"https:\/\/elinformativotam.com\/index.php\/wp-json\/wp\/v2\/posts\/49319\/revisions\/49321"}],"wp:featuredmedia":[{"embeddable":true,"href":"https:\/\/elinformativotam.com\/index.php\/wp-json\/wp\/v2\/media\/49320"}],"wp:attachment":[{"href":"https:\/\/elinformativotam.com\/index.php\/wp-json\/wp\/v2\/media?parent=49319"}],"wp:term":[{"taxonomy":"category","embeddable":true,"href":"https:\/\/elinformativotam.com\/index.php\/wp-json\/wp\/v2\/categories?post=49319"},{"taxonomy":"post_tag","embeddable":true,"href":"https:\/\/elinformativotam.com\/index.php\/wp-json\/wp\/v2\/tags?post=49319"}],"curies":[{"name":"wp","href":"https:\/\/api.w.org\/{rel}","templated":true}]}}