{"id":49315,"date":"2024-02-22T21:43:07","date_gmt":"2024-02-23T03:43:07","guid":{"rendered":"https:\/\/elinformativotam.com\/?p=49315"},"modified":"2024-02-22T21:43:07","modified_gmt":"2024-02-23T03:43:07","slug":"retiran-del-cargo-a-la-encargada-de-recursos-humanos-en-la-jurisdiccion-sanitaria-numero-12","status":"publish","type":"post","link":"https:\/\/elinformativotam.com\/index.php\/2024\/02\/22\/retiran-del-cargo-a-la-encargada-de-recursos-humanos-en-la-jurisdiccion-sanitaria-numero-12\/","title":{"rendered":"RETIRAN DEL CARGO A LA ENCARGADA DE RECURSOS HUMANOS EN LA JURISDICCI\u00d3N SANITARIA N\u00daMERO 12"},"content":{"rendered":"<p>Con la separaci\u00f3n del cargo de la titular de Recursos Humanos, se encontraba en la Jurisdicci\u00f3n Sanitaria n\u00famero 12, raz\u00f3n por cu\u00e1l trabajadores del sindicato manten\u00edan un paro de labores, situaci\u00f3n que fue resuelta el pasado viernes. Esto tras el conflicto que surgi\u00f3 semanas atr\u00e1s.<\/p>\n<p>&nbsp;<\/p>\n<p>Miguel \u00c1ngel D\u00edaz Ahumada secretario general de los trabajadores de la subsecci\u00f3n 14 secci\u00f3n 51 en Altamira, explic\u00f3 que que la instrucci\u00f3n fue dada por parte del Secretario de Salud, quien reconoci\u00f3 el acoso que sosten\u00eda esta persona contra los trabajadores.<\/p>\n<p>&nbsp;<\/p>\n<p>&#8220;Con este cambio las personas est\u00e1n conformes y trabajando a gusto, porque esto ayuda a que haya un buen desempe\u00f1o&#8221;, coment\u00f3.<\/p>\n<p>&nbsp;<\/p>\n<p>Refiri\u00f3 que la persona que fue destituida se trata de Carmen Lina y quien qued\u00f3 en su lugar fue Carlos Alfonso Guevara, con qui\u00e9n hay una buena relaci\u00f3n.<\/p>\n<p>&nbsp;<\/p>\n<p>Record\u00f3 que por parte de la exfuncionaria hab\u00eda malos tratos y al considerar que un trabajador nunca debe ser expuesto a este trato fue por eso que decidieron manifestarse.<\/p>\n<p>&nbsp;<\/p>\n","protected":false},"excerpt":{"rendered":"<p>Con la separaci\u00f3n del cargo de la titular de Recursos Humanos, se encontraba en la Jurisdicci\u00f3n Sanitaria n\u00famero 12, raz\u00f3n&hellip;<\/p>\n","protected":false},"author":1,"featured_media":49316,"comment_status":"open","ping_status":"open","sticky":false,"template":"","format":"standard","meta":{"footnotes":""},"categories":[5],"tags":[],"class_list":["post-49315","post","type-post","status-publish","format-standard","has-post-thumbnail","hentry","category-altamira"],"yoast_head":"<!-- This site is optimized with the Yoast SEO plugin v27.5 - https:\/\/yoast.com\/product\/yoast-seo-wordpress\/ -->\n<title>RETIRAN DEL CARGO A LA ENCARGADA DE RECURSOS HUMANOS EN LA JURISDICCI\u00d3N SANITARIA N\u00daMERO 12 - EL INFORMATIVO DE TAMAULIPAS<\/title>\n<meta name=\"description\" content=\"Con la separaci\u00f3n del cargo de la titular de Recursos Humanos, se encontraba en la Jurisdicci\u00f3n Sanitaria n\u00famero 12, raz\u00f3n por cu\u00e1l trabajadores del\" \/>\n<meta name=\"robots\" content=\"index, follow, max-snippet:-1, max-image-preview:large, max-video-preview:-1\" \/>\n<link rel=\"canonical\" href=\"https:\/\/elinformativotam.com\/index.php\/2024\/02\/22\/retiran-del-cargo-a-la-encargada-de-recursos-humanos-en-la-jurisdiccion-sanitaria-numero-12\/\" \/>\n<meta property=\"og:locale\" content=\"es_MX\" \/>\n<meta property=\"og:type\" content=\"article\" \/>\n<meta property=\"og:title\" content=\"RETIRAN DEL CARGO A LA ENCARGADA DE RECURSOS HUMANOS EN LA JURISDICCI\u00d3N SANITARIA N\u00daMERO 12 - EL INFORMATIVO DE TAMAULIPAS\" \/>\n<meta property=\"og:description\" content=\"Con la separaci\u00f3n del cargo de la titular de Recursos Humanos, se encontraba en la Jurisdicci\u00f3n Sanitaria n\u00famero 12, raz\u00f3n por cu\u00e1l trabajadores del\" \/>\n<meta property=\"og:url\" content=\"https:\/\/elinformativotam.com\/index.php\/2024\/02\/22\/retiran-del-cargo-a-la-encargada-de-recursos-humanos-en-la-jurisdiccion-sanitaria-numero-12\/\" \/>\n<meta property=\"og:site_name\" content=\"EL INFORMATIVO DE TAMAULIPAS\" \/>\n<meta property=\"article:published_time\" content=\"2024-02-23T03:43:07+00:00\" \/>\n<meta property=\"og:image\" content=\"https:\/\/elinformativotam.com\/wp-content\/uploads\/2024\/02\/Miguel-Angel-Jurisdiccion-Sanitaria.jpeg\" \/>\n\t<meta property=\"og:image:width\" content=\"1600\" \/>\n\t<meta property=\"og:image:height\" content=\"1200\" \/>\n\t<meta property=\"og:image:type\" content=\"image\/jpeg\" \/>\n<meta name=\"author\" content=\"El Informativo Tam\" \/>\n<meta name=\"twitter:card\" content=\"summary_large_image\" \/>\n<meta name=\"twitter:label1\" content=\"Escrito por\" \/>\n\t<meta name=\"twitter:data1\" content=\"El Informativo Tam\" \/>\n\t<meta name=\"twitter:label2\" content=\"Tiempo de lectura\" \/>\n\t<meta name=\"twitter:data2\" content=\"1 minuto\" \/>\n<script type=\"application\/ld+json\" class=\"yoast-schema-graph\">{\"@context\":\"https:\\\/\\\/schema.org\",\"@graph\":[{\"@type\":\"Article\",\"@id\":\"https:\\\/\\\/elinformativotam.com\\\/index.php\\\/2024\\\/02\\\/22\\\/retiran-del-cargo-a-la-encargada-de-recursos-humanos-en-la-jurisdiccion-sanitaria-numero-12\\\/#article\",\"isPartOf\":{\"@id\":\"https:\\\/\\\/elinformativotam.com\\\/index.php\\\/2024\\\/02\\\/22\\\/retiran-del-cargo-a-la-encargada-de-recursos-humanos-en-la-jurisdiccion-sanitaria-numero-12\\\/\"},\"author\":{\"name\":\"El Informativo Tam\",\"@id\":\"https:\\\/\\\/elinformativotam.com\\\/#\\\/schema\\\/person\\\/78e08040eed0f6110f0c5f83b6153590\"},\"headline\":\"RETIRAN DEL CARGO A LA ENCARGADA DE RECURSOS HUMANOS EN LA JURISDICCI\u00d3N SANITARIA N\u00daMERO 12\",\"datePublished\":\"2024-02-23T03:43:07+00:00\",\"mainEntityOfPage\":{\"@id\":\"https:\\\/\\\/elinformativotam.com\\\/index.php\\\/2024\\\/02\\\/22\\\/retiran-del-cargo-a-la-encargada-de-recursos-humanos-en-la-jurisdiccion-sanitaria-numero-12\\\/\"},\"wordCount\":200,\"commentCount\":0,\"publisher\":{\"@id\":\"https:\\\/\\\/elinformativotam.com\\\/#organization\"},\"image\":{\"@id\":\"https:\\\/\\\/elinformativotam.com\\\/index.php\\\/2024\\\/02\\\/22\\\/retiran-del-cargo-a-la-encargada-de-recursos-humanos-en-la-jurisdiccion-sanitaria-numero-12\\\/#primaryimage\"},\"thumbnailUrl\":\"https:\\\/\\\/elinformativotam.com\\\/wp-content\\\/uploads\\\/2024\\\/02\\\/Miguel-Angel-Jurisdiccion-Sanitaria.jpeg\",\"articleSection\":[\"Altamira\"],\"inLanguage\":\"es\",\"potentialAction\":[{\"@type\":\"CommentAction\",\"name\":\"Comment\",\"target\":[\"https:\\\/\\\/elinformativotam.com\\\/index.php\\\/2024\\\/02\\\/22\\\/retiran-del-cargo-a-la-encargada-de-recursos-humanos-en-la-jurisdiccion-sanitaria-numero-12\\\/#respond\"]}]},{\"@type\":\"WebPage\",\"@id\":\"https:\\\/\\\/elinformativotam.com\\\/index.php\\\/2024\\\/02\\\/22\\\/retiran-del-cargo-a-la-encargada-de-recursos-humanos-en-la-jurisdiccion-sanitaria-numero-12\\\/\",\"url\":\"https:\\\/\\\/elinformativotam.com\\\/index.php\\\/2024\\\/02\\\/22\\\/retiran-del-cargo-a-la-encargada-de-recursos-humanos-en-la-jurisdiccion-sanitaria-numero-12\\\/\",\"name\":\"RETIRAN DEL CARGO A LA ENCARGADA DE RECURSOS HUMANOS EN LA JURISDICCI\u00d3N SANITARIA N\u00daMERO 12 - EL INFORMATIVO DE TAMAULIPAS\",\"isPartOf\":{\"@id\":\"https:\\\/\\\/elinformativotam.com\\\/#website\"},\"primaryImageOfPage\":{\"@id\":\"https:\\\/\\\/elinformativotam.com\\\/index.php\\\/2024\\\/02\\\/22\\\/retiran-del-cargo-a-la-encargada-de-recursos-humanos-en-la-jurisdiccion-sanitaria-numero-12\\\/#primaryimage\"},\"image\":{\"@id\":\"https:\\\/\\\/elinformativotam.com\\\/index.php\\\/2024\\\/02\\\/22\\\/retiran-del-cargo-a-la-encargada-de-recursos-humanos-en-la-jurisdiccion-sanitaria-numero-12\\\/#primaryimage\"},\"thumbnailUrl\":\"https:\\\/\\\/elinformativotam.com\\\/wp-content\\\/uploads\\\/2024\\\/02\\\/Miguel-Angel-Jurisdiccion-Sanitaria.jpeg\",\"datePublished\":\"2024-02-23T03:43:07+00:00\",\"description\":\"Con la separaci\u00f3n del cargo de la titular de Recursos Humanos, se encontraba en la Jurisdicci\u00f3n Sanitaria n\u00famero 12, raz\u00f3n por cu\u00e1l trabajadores del\",\"inLanguage\":\"es\",\"potentialAction\":[{\"@type\":\"ReadAction\",\"target\":[\"https:\\\/\\\/elinformativotam.com\\\/index.php\\\/2024\\\/02\\\/22\\\/retiran-del-cargo-a-la-encargada-de-recursos-humanos-en-la-jurisdiccion-sanitaria-numero-12\\\/\"]}]},{\"@type\":\"ImageObject\",\"inLanguage\":\"es\",\"@id\":\"https:\\\/\\\/elinformativotam.com\\\/index.php\\\/2024\\\/02\\\/22\\\/retiran-del-cargo-a-la-encargada-de-recursos-humanos-en-la-jurisdiccion-sanitaria-numero-12\\\/#primaryimage\",\"url\":\"https:\\\/\\\/elinformativotam.com\\\/wp-content\\\/uploads\\\/2024\\\/02\\\/Miguel-Angel-Jurisdiccion-Sanitaria.jpeg\",\"contentUrl\":\"https:\\\/\\\/elinformativotam.com\\\/wp-content\\\/uploads\\\/2024\\\/02\\\/Miguel-Angel-Jurisdiccion-Sanitaria.jpeg\",\"width\":1600,\"height\":1200},{\"@type\":\"WebSite\",\"@id\":\"https:\\\/\\\/elinformativotam.com\\\/#website\",\"url\":\"https:\\\/\\\/elinformativotam.com\\\/\",\"name\":\"EL INFORMATIVO DE TAMAULIPAS\",\"description\":\"Desde la Zona Metropolitana Para Todo M\u00e9xico\",\"publisher\":{\"@id\":\"https:\\\/\\\/elinformativotam.com\\\/#organization\"},\"potentialAction\":[{\"@type\":\"SearchAction\",\"target\":{\"@type\":\"EntryPoint\",\"urlTemplate\":\"https:\\\/\\\/elinformativotam.com\\\/?s={search_term_string}\"},\"query-input\":{\"@type\":\"PropertyValueSpecification\",\"valueRequired\":true,\"valueName\":\"search_term_string\"}}],\"inLanguage\":\"es\"},{\"@type\":\"Organization\",\"@id\":\"https:\\\/\\\/elinformativotam.com\\\/#organization\",\"name\":\"EL INFORMATIVO DE TAMAULIPAS\",\"url\":\"https:\\\/\\\/elinformativotam.com\\\/\",\"logo\":{\"@type\":\"ImageObject\",\"inLanguage\":\"es\",\"@id\":\"https:\\\/\\\/elinformativotam.com\\\/#\\\/schema\\\/logo\\\/image\\\/\",\"url\":\"https:\\\/\\\/elinformativotam.com\\\/wp-content\\\/uploads\\\/2026\\\/02\\\/Cabezal.png\",\"contentUrl\":\"https:\\\/\\\/elinformativotam.com\\\/wp-content\\\/uploads\\\/2026\\\/02\\\/Cabezal.png\",\"width\":960,\"height\":640,\"caption\":\"EL INFORMATIVO DE TAMAULIPAS\"},\"image\":{\"@id\":\"https:\\\/\\\/elinformativotam.com\\\/#\\\/schema\\\/logo\\\/image\\\/\"}},{\"@type\":\"Person\",\"@id\":\"https:\\\/\\\/elinformativotam.com\\\/#\\\/schema\\\/person\\\/78e08040eed0f6110f0c5f83b6153590\",\"name\":\"El Informativo Tam\",\"image\":{\"@type\":\"ImageObject\",\"inLanguage\":\"es\",\"@id\":\"https:\\\/\\\/secure.gravatar.com\\\/avatar\\\/f3b7ad3af540688955925ac610647be00b0cf41feea9c4978b73a707ee86bc53?s=96&d=mm&r=g\",\"url\":\"https:\\\/\\\/secure.gravatar.com\\\/avatar\\\/f3b7ad3af540688955925ac610647be00b0cf41feea9c4978b73a707ee86bc53?s=96&d=mm&r=g\",\"contentUrl\":\"https:\\\/\\\/secure.gravatar.com\\\/avatar\\\/f3b7ad3af540688955925ac610647be00b0cf41feea9c4978b73a707ee86bc53?s=96&d=mm&r=g\",\"caption\":\"El Informativo Tam\"}}]}<\/script>\n<!-- \/ Yoast SEO plugin. -->","yoast_head_json":{"title":"RETIRAN DEL CARGO A LA ENCARGADA DE RECURSOS HUMANOS EN LA JURISDICCI\u00d3N SANITARIA N\u00daMERO 12 - EL INFORMATIVO DE TAMAULIPAS","description":"Con la separaci\u00f3n del cargo de la titular de Recursos Humanos, se encontraba en la Jurisdicci\u00f3n Sanitaria n\u00famero 12, raz\u00f3n por cu\u00e1l trabajadores del","robots":{"index":"index","follow":"follow","max-snippet":"max-snippet:-1","max-image-preview":"max-image-preview:large","max-video-preview":"max-video-preview:-1"},"canonical":"https:\/\/elinformativotam.com\/index.php\/2024\/02\/22\/retiran-del-cargo-a-la-encargada-de-recursos-humanos-en-la-jurisdiccion-sanitaria-numero-12\/","og_locale":"es_MX","og_type":"article","og_title":"RETIRAN DEL CARGO A LA ENCARGADA DE RECURSOS HUMANOS EN LA JURISDICCI\u00d3N SANITARIA N\u00daMERO 12 - EL INFORMATIVO DE TAMAULIPAS","og_description":"Con la separaci\u00f3n del cargo de la titular de Recursos Humanos, se encontraba en la Jurisdicci\u00f3n Sanitaria n\u00famero 12, raz\u00f3n por cu\u00e1l trabajadores del","og_url":"https:\/\/elinformativotam.com\/index.php\/2024\/02\/22\/retiran-del-cargo-a-la-encargada-de-recursos-humanos-en-la-jurisdiccion-sanitaria-numero-12\/","og_site_name":"EL INFORMATIVO DE TAMAULIPAS","article_published_time":"2024-02-23T03:43:07+00:00","og_image":[{"width":1600,"height":1200,"url":"https:\/\/elinformativotam.com\/wp-content\/uploads\/2024\/02\/Miguel-Angel-Jurisdiccion-Sanitaria.jpeg","type":"image\/jpeg"}],"author":"El Informativo Tam","twitter_card":"summary_large_image","twitter_misc":{"Escrito por":"El Informativo Tam","Tiempo de lectura":"1 minuto"},"schema":{"@context":"https:\/\/schema.org","@graph":[{"@type":"Article","@id":"https:\/\/elinformativotam.com\/index.php\/2024\/02\/22\/retiran-del-cargo-a-la-encargada-de-recursos-humanos-en-la-jurisdiccion-sanitaria-numero-12\/#article","isPartOf":{"@id":"https:\/\/elinformativotam.com\/index.php\/2024\/02\/22\/retiran-del-cargo-a-la-encargada-de-recursos-humanos-en-la-jurisdiccion-sanitaria-numero-12\/"},"author":{"name":"El Informativo Tam","@id":"https:\/\/elinformativotam.com\/#\/schema\/person\/78e08040eed0f6110f0c5f83b6153590"},"headline":"RETIRAN DEL CARGO A LA ENCARGADA DE RECURSOS HUMANOS EN LA JURISDICCI\u00d3N SANITARIA N\u00daMERO 12","datePublished":"2024-02-23T03:43:07+00:00","mainEntityOfPage":{"@id":"https:\/\/elinformativotam.com\/index.php\/2024\/02\/22\/retiran-del-cargo-a-la-encargada-de-recursos-humanos-en-la-jurisdiccion-sanitaria-numero-12\/"},"wordCount":200,"commentCount":0,"publisher":{"@id":"https:\/\/elinformativotam.com\/#organization"},"image":{"@id":"https:\/\/elinformativotam.com\/index.php\/2024\/02\/22\/retiran-del-cargo-a-la-encargada-de-recursos-humanos-en-la-jurisdiccion-sanitaria-numero-12\/#primaryimage"},"thumbnailUrl":"https:\/\/elinformativotam.com\/wp-content\/uploads\/2024\/02\/Miguel-Angel-Jurisdiccion-Sanitaria.jpeg","articleSection":["Altamira"],"inLanguage":"es","potentialAction":[{"@type":"CommentAction","name":"Comment","target":["https:\/\/elinformativotam.com\/index.php\/2024\/02\/22\/retiran-del-cargo-a-la-encargada-de-recursos-humanos-en-la-jurisdiccion-sanitaria-numero-12\/#respond"]}]},{"@type":"WebPage","@id":"https:\/\/elinformativotam.com\/index.php\/2024\/02\/22\/retiran-del-cargo-a-la-encargada-de-recursos-humanos-en-la-jurisdiccion-sanitaria-numero-12\/","url":"https:\/\/elinformativotam.com\/index.php\/2024\/02\/22\/retiran-del-cargo-a-la-encargada-de-recursos-humanos-en-la-jurisdiccion-sanitaria-numero-12\/","name":"RETIRAN DEL CARGO A LA ENCARGADA DE RECURSOS HUMANOS EN LA JURISDICCI\u00d3N SANITARIA N\u00daMERO 12 - EL INFORMATIVO DE TAMAULIPAS","isPartOf":{"@id":"https:\/\/elinformativotam.com\/#website"},"primaryImageOfPage":{"@id":"https:\/\/elinformativotam.com\/index.php\/2024\/02\/22\/retiran-del-cargo-a-la-encargada-de-recursos-humanos-en-la-jurisdiccion-sanitaria-numero-12\/#primaryimage"},"image":{"@id":"https:\/\/elinformativotam.com\/index.php\/2024\/02\/22\/retiran-del-cargo-a-la-encargada-de-recursos-humanos-en-la-jurisdiccion-sanitaria-numero-12\/#primaryimage"},"thumbnailUrl":"https:\/\/elinformativotam.com\/wp-content\/uploads\/2024\/02\/Miguel-Angel-Jurisdiccion-Sanitaria.jpeg","datePublished":"2024-02-23T03:43:07+00:00","description":"Con la separaci\u00f3n del cargo de la titular de Recursos Humanos, se encontraba en la Jurisdicci\u00f3n Sanitaria n\u00famero 12, raz\u00f3n por cu\u00e1l trabajadores del","inLanguage":"es","potentialAction":[{"@type":"ReadAction","target":["https:\/\/elinformativotam.com\/index.php\/2024\/02\/22\/retiran-del-cargo-a-la-encargada-de-recursos-humanos-en-la-jurisdiccion-sanitaria-numero-12\/"]}]},{"@type":"ImageObject","inLanguage":"es","@id":"https:\/\/elinformativotam.com\/index.php\/2024\/02\/22\/retiran-del-cargo-a-la-encargada-de-recursos-humanos-en-la-jurisdiccion-sanitaria-numero-12\/#primaryimage","url":"https:\/\/elinformativotam.com\/wp-content\/uploads\/2024\/02\/Miguel-Angel-Jurisdiccion-Sanitaria.jpeg","contentUrl":"https:\/\/elinformativotam.com\/wp-content\/uploads\/2024\/02\/Miguel-Angel-Jurisdiccion-Sanitaria.jpeg","width":1600,"height":1200},{"@type":"WebSite","@id":"https:\/\/elinformativotam.com\/#website","url":"https:\/\/elinformativotam.com\/","name":"EL INFORMATIVO DE TAMAULIPAS","description":"Desde la Zona Metropolitana Para Todo M\u00e9xico","publisher":{"@id":"https:\/\/elinformativotam.com\/#organization"},"potentialAction":[{"@type":"SearchAction","target":{"@type":"EntryPoint","urlTemplate":"https:\/\/elinformativotam.com\/?s={search_term_string}"},"query-input":{"@type":"PropertyValueSpecification","valueRequired":true,"valueName":"search_term_string"}}],"inLanguage":"es"},{"@type":"Organization","@id":"https:\/\/elinformativotam.com\/#organization","name":"EL INFORMATIVO DE TAMAULIPAS","url":"https:\/\/elinformativotam.com\/","logo":{"@type":"ImageObject","inLanguage":"es","@id":"https:\/\/elinformativotam.com\/#\/schema\/logo\/image\/","url":"https:\/\/elinformativotam.com\/wp-content\/uploads\/2026\/02\/Cabezal.png","contentUrl":"https:\/\/elinformativotam.com\/wp-content\/uploads\/2026\/02\/Cabezal.png","width":960,"height":640,"caption":"EL INFORMATIVO DE TAMAULIPAS"},"image":{"@id":"https:\/\/elinformativotam.com\/#\/schema\/logo\/image\/"}},{"@type":"Person","@id":"https:\/\/elinformativotam.com\/#\/schema\/person\/78e08040eed0f6110f0c5f83b6153590","name":"El Informativo Tam","image":{"@type":"ImageObject","inLanguage":"es","@id":"https:\/\/secure.gravatar.com\/avatar\/f3b7ad3af540688955925ac610647be00b0cf41feea9c4978b73a707ee86bc53?s=96&d=mm&r=g","url":"https:\/\/secure.gravatar.com\/avatar\/f3b7ad3af540688955925ac610647be00b0cf41feea9c4978b73a707ee86bc53?s=96&d=mm&r=g","contentUrl":"https:\/\/secure.gravatar.com\/avatar\/f3b7ad3af540688955925ac610647be00b0cf41feea9c4978b73a707ee86bc53?s=96&d=mm&r=g","caption":"El Informativo Tam"}}]}},"_links":{"self":[{"href":"https:\/\/elinformativotam.com\/index.php\/wp-json\/wp\/v2\/posts\/49315","targetHints":{"allow":["GET"]}}],"collection":[{"href":"https:\/\/elinformativotam.com\/index.php\/wp-json\/wp\/v2\/posts"}],"about":[{"href":"https:\/\/elinformativotam.com\/index.php\/wp-json\/wp\/v2\/types\/post"}],"author":[{"embeddable":true,"href":"https:\/\/elinformativotam.com\/index.php\/wp-json\/wp\/v2\/users\/1"}],"replies":[{"embeddable":true,"href":"https:\/\/elinformativotam.com\/index.php\/wp-json\/wp\/v2\/comments?post=49315"}],"version-history":[{"count":1,"href":"https:\/\/elinformativotam.com\/index.php\/wp-json\/wp\/v2\/posts\/49315\/revisions"}],"predecessor-version":[{"id":49317,"href":"https:\/\/elinformativotam.com\/index.php\/wp-json\/wp\/v2\/posts\/49315\/revisions\/49317"}],"wp:featuredmedia":[{"embeddable":true,"href":"https:\/\/elinformativotam.com\/index.php\/wp-json\/wp\/v2\/media\/49316"}],"wp:attachment":[{"href":"https:\/\/elinformativotam.com\/index.php\/wp-json\/wp\/v2\/media?parent=49315"}],"wp:term":[{"taxonomy":"category","embeddable":true,"href":"https:\/\/elinformativotam.com\/index.php\/wp-json\/wp\/v2\/categories?post=49315"},{"taxonomy":"post_tag","embeddable":true,"href":"https:\/\/elinformativotam.com\/index.php\/wp-json\/wp\/v2\/tags?post=49315"}],"curies":[{"name":"wp","href":"https:\/\/api.w.org\/{rel}","templated":true}]}}