{"id":49312,"date":"2024-02-22T21:39:23","date_gmt":"2024-02-23T03:39:23","guid":{"rendered":"https:\/\/elinformativotam.com\/?p=49312"},"modified":"2024-02-22T21:39:23","modified_gmt":"2024-02-23T03:39:23","slug":"accidentes-no-cesan-esta-vez-se-registro-el-atropellamiento-de-un-agente-vial-y-un-choque-que-genero-caos-vial","status":"publish","type":"post","link":"https:\/\/elinformativotam.com\/index.php\/2024\/02\/22\/accidentes-no-cesan-esta-vez-se-registro-el-atropellamiento-de-un-agente-vial-y-un-choque-que-genero-caos-vial\/","title":{"rendered":"\u00a1ACCIDENTES NO CESAN! ESTA VEZ SE REGISTR\u00d3 EL ATROPELLAMIENTO DE UN AGENTE VIAL Y UN CHOQUE QUE GENER\u00d3 CAOS VIAL"},"content":{"rendered":"<p>Caos vehicular se gener\u00f3 la ma\u00f1ana de este jueves debido al atropellamiento de un agente vial y un accidente en el mismo. Conocido como \u2018la maseca\u2019, en el municipio de Altamira.<\/p>\n<p>&nbsp;<\/p>\n<p>Seg\u00fan testigos aseguraron que el accidente se gener\u00f3 tras el atropellamiento de un agente vial, el cual se registr\u00f3 minutos antes de las 7 de la ma\u00f1ana, el cual provoc\u00f3 la movilizaci\u00f3n de unidades de emergencia.<\/p>\n<p>&nbsp;<\/p>\n<p>La elemento fue identificada como Nancy Ramos Garc\u00eda, la cual le provocaron golpes en la pierna y brazo, resultando como policontundida, por lo que tuvo que ser trasladada al hospital \u2018Rodolfo Torre Cant\u00fa\u2019.<\/p>\n<p>&nbsp;<\/p>\n<p>Posteriormente en el mismo punto, justo donde se encuentra el sem\u00e1foro en el carril de sur a norte, se registr\u00f3 un accidente por alcance, entre una unidad del servicio p\u00fablico de las ruta Madero Altamira y un tractocami\u00f3n en color rojo, el cual le peg\u00f3 por atr\u00e1s destrozando el parabrisas.<\/p>\n<p>&nbsp;<\/p>\n<p>Desde entonces y debido a que los veh\u00edculos quedaron sobre el carril de media, se origin\u00f3 gran congestionamiento vial desde ese lugar hasta la zona norte de Tampico, mismo que se prolong\u00f3 por m\u00e1s de tres horas.<\/p>\n<p>&nbsp;<\/p>\n<p>Los veh\u00edculos transitan a vuelta de rueda para poder llegar al centro de Altamira. Al punto tambi\u00e9n llegaron elementos de Tr\u00e1nsito y Vialidad, quienes abanderaron el tr\u00e1fico, para evitar una tragedia mayor.<\/p>\n<p>&nbsp;<\/p>\n","protected":false},"excerpt":{"rendered":"<p>Caos vehicular se gener\u00f3 la ma\u00f1ana de este jueves debido al atropellamiento de un agente vial y un accidente en&hellip;<\/p>\n","protected":false},"author":1,"featured_media":49313,"comment_status":"open","ping_status":"open","sticky":false,"template":"","format":"standard","meta":{"footnotes":""},"categories":[5],"tags":[],"class_list":["post-49312","post","type-post","status-publish","format-standard","has-post-thumbnail","hentry","category-altamira"],"yoast_head":"<!-- This site is optimized with the Yoast SEO plugin v27.5 - https:\/\/yoast.com\/product\/yoast-seo-wordpress\/ -->\n<title>\u00a1ACCIDENTES NO CESAN! ESTA VEZ SE REGISTR\u00d3 EL ATROPELLAMIENTO DE UN AGENTE VIAL Y UN CHOQUE QUE GENER\u00d3 CAOS VIAL - EL INFORMATIVO DE TAMAULIPAS<\/title>\n<meta name=\"description\" content=\"Caos vehicular se gener\u00f3 la ma\u00f1ana de este jueves debido al atropellamiento de un agente vial y un accidente en el mismo. Conocido como \u2018la maseca\u2019, en el\" \/>\n<meta name=\"robots\" content=\"index, follow, max-snippet:-1, max-image-preview:large, max-video-preview:-1\" \/>\n<link rel=\"canonical\" href=\"https:\/\/elinformativotam.com\/index.php\/2024\/02\/22\/accidentes-no-cesan-esta-vez-se-registro-el-atropellamiento-de-un-agente-vial-y-un-choque-que-genero-caos-vial\/\" \/>\n<meta property=\"og:locale\" content=\"es_MX\" \/>\n<meta property=\"og:type\" content=\"article\" \/>\n<meta property=\"og:title\" content=\"\u00a1ACCIDENTES NO CESAN! ESTA VEZ SE REGISTR\u00d3 EL ATROPELLAMIENTO DE UN AGENTE VIAL Y UN CHOQUE QUE GENER\u00d3 CAOS VIAL - EL INFORMATIVO DE TAMAULIPAS\" \/>\n<meta property=\"og:description\" content=\"Caos vehicular se gener\u00f3 la ma\u00f1ana de este jueves debido al atropellamiento de un agente vial y un accidente en el mismo. Conocido como \u2018la maseca\u2019, en el\" \/>\n<meta property=\"og:url\" content=\"https:\/\/elinformativotam.com\/index.php\/2024\/02\/22\/accidentes-no-cesan-esta-vez-se-registro-el-atropellamiento-de-un-agente-vial-y-un-choque-que-genero-caos-vial\/\" \/>\n<meta property=\"og:site_name\" content=\"EL INFORMATIVO DE TAMAULIPAS\" \/>\n<meta property=\"article:published_time\" content=\"2024-02-23T03:39:23+00:00\" \/>\n<meta property=\"og:image\" content=\"https:\/\/elinformativotam.com\/wp-content\/uploads\/2024\/02\/Transito-Atropellada.jpeg\" \/>\n\t<meta property=\"og:image:width\" content=\"693\" \/>\n\t<meta property=\"og:image:height\" content=\"714\" \/>\n\t<meta property=\"og:image:type\" content=\"image\/jpeg\" \/>\n<meta name=\"author\" content=\"El Informativo Tam\" \/>\n<meta name=\"twitter:card\" content=\"summary_large_image\" \/>\n<meta name=\"twitter:label1\" content=\"Escrito por\" \/>\n\t<meta name=\"twitter:data1\" content=\"El Informativo Tam\" \/>\n\t<meta name=\"twitter:label2\" content=\"Tiempo de lectura\" \/>\n\t<meta name=\"twitter:data2\" content=\"1 minuto\" \/>\n<script type=\"application\/ld+json\" class=\"yoast-schema-graph\">{\"@context\":\"https:\\\/\\\/schema.org\",\"@graph\":[{\"@type\":\"Article\",\"@id\":\"https:\\\/\\\/elinformativotam.com\\\/index.php\\\/2024\\\/02\\\/22\\\/accidentes-no-cesan-esta-vez-se-registro-el-atropellamiento-de-un-agente-vial-y-un-choque-que-genero-caos-vial\\\/#article\",\"isPartOf\":{\"@id\":\"https:\\\/\\\/elinformativotam.com\\\/index.php\\\/2024\\\/02\\\/22\\\/accidentes-no-cesan-esta-vez-se-registro-el-atropellamiento-de-un-agente-vial-y-un-choque-que-genero-caos-vial\\\/\"},\"author\":{\"name\":\"El Informativo Tam\",\"@id\":\"https:\\\/\\\/elinformativotam.com\\\/#\\\/schema\\\/person\\\/78e08040eed0f6110f0c5f83b6153590\"},\"headline\":\"\u00a1ACCIDENTES NO CESAN! ESTA VEZ SE REGISTR\u00d3 EL ATROPELLAMIENTO DE UN AGENTE VIAL Y UN CHOQUE QUE GENER\u00d3 CAOS VIAL\",\"datePublished\":\"2024-02-23T03:39:23+00:00\",\"mainEntityOfPage\":{\"@id\":\"https:\\\/\\\/elinformativotam.com\\\/index.php\\\/2024\\\/02\\\/22\\\/accidentes-no-cesan-esta-vez-se-registro-el-atropellamiento-de-un-agente-vial-y-un-choque-que-genero-caos-vial\\\/\"},\"wordCount\":259,\"commentCount\":0,\"publisher\":{\"@id\":\"https:\\\/\\\/elinformativotam.com\\\/#organization\"},\"image\":{\"@id\":\"https:\\\/\\\/elinformativotam.com\\\/index.php\\\/2024\\\/02\\\/22\\\/accidentes-no-cesan-esta-vez-se-registro-el-atropellamiento-de-un-agente-vial-y-un-choque-que-genero-caos-vial\\\/#primaryimage\"},\"thumbnailUrl\":\"https:\\\/\\\/elinformativotam.com\\\/wp-content\\\/uploads\\\/2024\\\/02\\\/Transito-Atropellada.jpeg\",\"articleSection\":[\"Altamira\"],\"inLanguage\":\"es\",\"potentialAction\":[{\"@type\":\"CommentAction\",\"name\":\"Comment\",\"target\":[\"https:\\\/\\\/elinformativotam.com\\\/index.php\\\/2024\\\/02\\\/22\\\/accidentes-no-cesan-esta-vez-se-registro-el-atropellamiento-de-un-agente-vial-y-un-choque-que-genero-caos-vial\\\/#respond\"]}]},{\"@type\":\"WebPage\",\"@id\":\"https:\\\/\\\/elinformativotam.com\\\/index.php\\\/2024\\\/02\\\/22\\\/accidentes-no-cesan-esta-vez-se-registro-el-atropellamiento-de-un-agente-vial-y-un-choque-que-genero-caos-vial\\\/\",\"url\":\"https:\\\/\\\/elinformativotam.com\\\/index.php\\\/2024\\\/02\\\/22\\\/accidentes-no-cesan-esta-vez-se-registro-el-atropellamiento-de-un-agente-vial-y-un-choque-que-genero-caos-vial\\\/\",\"name\":\"\u00a1ACCIDENTES NO CESAN! ESTA VEZ SE REGISTR\u00d3 EL ATROPELLAMIENTO DE UN AGENTE VIAL Y UN CHOQUE QUE GENER\u00d3 CAOS VIAL - EL INFORMATIVO DE TAMAULIPAS\",\"isPartOf\":{\"@id\":\"https:\\\/\\\/elinformativotam.com\\\/#website\"},\"primaryImageOfPage\":{\"@id\":\"https:\\\/\\\/elinformativotam.com\\\/index.php\\\/2024\\\/02\\\/22\\\/accidentes-no-cesan-esta-vez-se-registro-el-atropellamiento-de-un-agente-vial-y-un-choque-que-genero-caos-vial\\\/#primaryimage\"},\"image\":{\"@id\":\"https:\\\/\\\/elinformativotam.com\\\/index.php\\\/2024\\\/02\\\/22\\\/accidentes-no-cesan-esta-vez-se-registro-el-atropellamiento-de-un-agente-vial-y-un-choque-que-genero-caos-vial\\\/#primaryimage\"},\"thumbnailUrl\":\"https:\\\/\\\/elinformativotam.com\\\/wp-content\\\/uploads\\\/2024\\\/02\\\/Transito-Atropellada.jpeg\",\"datePublished\":\"2024-02-23T03:39:23+00:00\",\"description\":\"Caos vehicular se gener\u00f3 la ma\u00f1ana de este jueves debido al atropellamiento de un agente vial y un accidente en el mismo. Conocido como \u2018la maseca\u2019, en el\",\"inLanguage\":\"es\",\"potentialAction\":[{\"@type\":\"ReadAction\",\"target\":[\"https:\\\/\\\/elinformativotam.com\\\/index.php\\\/2024\\\/02\\\/22\\\/accidentes-no-cesan-esta-vez-se-registro-el-atropellamiento-de-un-agente-vial-y-un-choque-que-genero-caos-vial\\\/\"]}]},{\"@type\":\"ImageObject\",\"inLanguage\":\"es\",\"@id\":\"https:\\\/\\\/elinformativotam.com\\\/index.php\\\/2024\\\/02\\\/22\\\/accidentes-no-cesan-esta-vez-se-registro-el-atropellamiento-de-un-agente-vial-y-un-choque-que-genero-caos-vial\\\/#primaryimage\",\"url\":\"https:\\\/\\\/elinformativotam.com\\\/wp-content\\\/uploads\\\/2024\\\/02\\\/Transito-Atropellada.jpeg\",\"contentUrl\":\"https:\\\/\\\/elinformativotam.com\\\/wp-content\\\/uploads\\\/2024\\\/02\\\/Transito-Atropellada.jpeg\",\"width\":693,\"height\":714},{\"@type\":\"WebSite\",\"@id\":\"https:\\\/\\\/elinformativotam.com\\\/#website\",\"url\":\"https:\\\/\\\/elinformativotam.com\\\/\",\"name\":\"EL INFORMATIVO DE TAMAULIPAS\",\"description\":\"Desde la Zona Metropolitana Para Todo M\u00e9xico\",\"publisher\":{\"@id\":\"https:\\\/\\\/elinformativotam.com\\\/#organization\"},\"potentialAction\":[{\"@type\":\"SearchAction\",\"target\":{\"@type\":\"EntryPoint\",\"urlTemplate\":\"https:\\\/\\\/elinformativotam.com\\\/?s={search_term_string}\"},\"query-input\":{\"@type\":\"PropertyValueSpecification\",\"valueRequired\":true,\"valueName\":\"search_term_string\"}}],\"inLanguage\":\"es\"},{\"@type\":\"Organization\",\"@id\":\"https:\\\/\\\/elinformativotam.com\\\/#organization\",\"name\":\"EL INFORMATIVO DE TAMAULIPAS\",\"url\":\"https:\\\/\\\/elinformativotam.com\\\/\",\"logo\":{\"@type\":\"ImageObject\",\"inLanguage\":\"es\",\"@id\":\"https:\\\/\\\/elinformativotam.com\\\/#\\\/schema\\\/logo\\\/image\\\/\",\"url\":\"https:\\\/\\\/elinformativotam.com\\\/wp-content\\\/uploads\\\/2026\\\/02\\\/Cabezal.png\",\"contentUrl\":\"https:\\\/\\\/elinformativotam.com\\\/wp-content\\\/uploads\\\/2026\\\/02\\\/Cabezal.png\",\"width\":960,\"height\":640,\"caption\":\"EL INFORMATIVO DE TAMAULIPAS\"},\"image\":{\"@id\":\"https:\\\/\\\/elinformativotam.com\\\/#\\\/schema\\\/logo\\\/image\\\/\"}},{\"@type\":\"Person\",\"@id\":\"https:\\\/\\\/elinformativotam.com\\\/#\\\/schema\\\/person\\\/78e08040eed0f6110f0c5f83b6153590\",\"name\":\"El Informativo Tam\",\"image\":{\"@type\":\"ImageObject\",\"inLanguage\":\"es\",\"@id\":\"https:\\\/\\\/secure.gravatar.com\\\/avatar\\\/f3b7ad3af540688955925ac610647be00b0cf41feea9c4978b73a707ee86bc53?s=96&d=mm&r=g\",\"url\":\"https:\\\/\\\/secure.gravatar.com\\\/avatar\\\/f3b7ad3af540688955925ac610647be00b0cf41feea9c4978b73a707ee86bc53?s=96&d=mm&r=g\",\"contentUrl\":\"https:\\\/\\\/secure.gravatar.com\\\/avatar\\\/f3b7ad3af540688955925ac610647be00b0cf41feea9c4978b73a707ee86bc53?s=96&d=mm&r=g\",\"caption\":\"El Informativo Tam\"}}]}<\/script>\n<!-- \/ Yoast SEO plugin. -->","yoast_head_json":{"title":"\u00a1ACCIDENTES NO CESAN! ESTA VEZ SE REGISTR\u00d3 EL ATROPELLAMIENTO DE UN AGENTE VIAL Y UN CHOQUE QUE GENER\u00d3 CAOS VIAL - EL INFORMATIVO DE TAMAULIPAS","description":"Caos vehicular se gener\u00f3 la ma\u00f1ana de este jueves debido al atropellamiento de un agente vial y un accidente en el mismo. Conocido como \u2018la maseca\u2019, en el","robots":{"index":"index","follow":"follow","max-snippet":"max-snippet:-1","max-image-preview":"max-image-preview:large","max-video-preview":"max-video-preview:-1"},"canonical":"https:\/\/elinformativotam.com\/index.php\/2024\/02\/22\/accidentes-no-cesan-esta-vez-se-registro-el-atropellamiento-de-un-agente-vial-y-un-choque-que-genero-caos-vial\/","og_locale":"es_MX","og_type":"article","og_title":"\u00a1ACCIDENTES NO CESAN! ESTA VEZ SE REGISTR\u00d3 EL ATROPELLAMIENTO DE UN AGENTE VIAL Y UN CHOQUE QUE GENER\u00d3 CAOS VIAL - EL INFORMATIVO DE TAMAULIPAS","og_description":"Caos vehicular se gener\u00f3 la ma\u00f1ana de este jueves debido al atropellamiento de un agente vial y un accidente en el mismo. Conocido como \u2018la maseca\u2019, en el","og_url":"https:\/\/elinformativotam.com\/index.php\/2024\/02\/22\/accidentes-no-cesan-esta-vez-se-registro-el-atropellamiento-de-un-agente-vial-y-un-choque-que-genero-caos-vial\/","og_site_name":"EL INFORMATIVO DE TAMAULIPAS","article_published_time":"2024-02-23T03:39:23+00:00","og_image":[{"width":693,"height":714,"url":"https:\/\/elinformativotam.com\/wp-content\/uploads\/2024\/02\/Transito-Atropellada.jpeg","type":"image\/jpeg"}],"author":"El Informativo Tam","twitter_card":"summary_large_image","twitter_misc":{"Escrito por":"El Informativo Tam","Tiempo de lectura":"1 minuto"},"schema":{"@context":"https:\/\/schema.org","@graph":[{"@type":"Article","@id":"https:\/\/elinformativotam.com\/index.php\/2024\/02\/22\/accidentes-no-cesan-esta-vez-se-registro-el-atropellamiento-de-un-agente-vial-y-un-choque-que-genero-caos-vial\/#article","isPartOf":{"@id":"https:\/\/elinformativotam.com\/index.php\/2024\/02\/22\/accidentes-no-cesan-esta-vez-se-registro-el-atropellamiento-de-un-agente-vial-y-un-choque-que-genero-caos-vial\/"},"author":{"name":"El Informativo Tam","@id":"https:\/\/elinformativotam.com\/#\/schema\/person\/78e08040eed0f6110f0c5f83b6153590"},"headline":"\u00a1ACCIDENTES NO CESAN! ESTA VEZ SE REGISTR\u00d3 EL ATROPELLAMIENTO DE UN AGENTE VIAL Y UN CHOQUE QUE GENER\u00d3 CAOS VIAL","datePublished":"2024-02-23T03:39:23+00:00","mainEntityOfPage":{"@id":"https:\/\/elinformativotam.com\/index.php\/2024\/02\/22\/accidentes-no-cesan-esta-vez-se-registro-el-atropellamiento-de-un-agente-vial-y-un-choque-que-genero-caos-vial\/"},"wordCount":259,"commentCount":0,"publisher":{"@id":"https:\/\/elinformativotam.com\/#organization"},"image":{"@id":"https:\/\/elinformativotam.com\/index.php\/2024\/02\/22\/accidentes-no-cesan-esta-vez-se-registro-el-atropellamiento-de-un-agente-vial-y-un-choque-que-genero-caos-vial\/#primaryimage"},"thumbnailUrl":"https:\/\/elinformativotam.com\/wp-content\/uploads\/2024\/02\/Transito-Atropellada.jpeg","articleSection":["Altamira"],"inLanguage":"es","potentialAction":[{"@type":"CommentAction","name":"Comment","target":["https:\/\/elinformativotam.com\/index.php\/2024\/02\/22\/accidentes-no-cesan-esta-vez-se-registro-el-atropellamiento-de-un-agente-vial-y-un-choque-que-genero-caos-vial\/#respond"]}]},{"@type":"WebPage","@id":"https:\/\/elinformativotam.com\/index.php\/2024\/02\/22\/accidentes-no-cesan-esta-vez-se-registro-el-atropellamiento-de-un-agente-vial-y-un-choque-que-genero-caos-vial\/","url":"https:\/\/elinformativotam.com\/index.php\/2024\/02\/22\/accidentes-no-cesan-esta-vez-se-registro-el-atropellamiento-de-un-agente-vial-y-un-choque-que-genero-caos-vial\/","name":"\u00a1ACCIDENTES NO CESAN! ESTA VEZ SE REGISTR\u00d3 EL ATROPELLAMIENTO DE UN AGENTE VIAL Y UN CHOQUE QUE GENER\u00d3 CAOS VIAL - EL INFORMATIVO DE TAMAULIPAS","isPartOf":{"@id":"https:\/\/elinformativotam.com\/#website"},"primaryImageOfPage":{"@id":"https:\/\/elinformativotam.com\/index.php\/2024\/02\/22\/accidentes-no-cesan-esta-vez-se-registro-el-atropellamiento-de-un-agente-vial-y-un-choque-que-genero-caos-vial\/#primaryimage"},"image":{"@id":"https:\/\/elinformativotam.com\/index.php\/2024\/02\/22\/accidentes-no-cesan-esta-vez-se-registro-el-atropellamiento-de-un-agente-vial-y-un-choque-que-genero-caos-vial\/#primaryimage"},"thumbnailUrl":"https:\/\/elinformativotam.com\/wp-content\/uploads\/2024\/02\/Transito-Atropellada.jpeg","datePublished":"2024-02-23T03:39:23+00:00","description":"Caos vehicular se gener\u00f3 la ma\u00f1ana de este jueves debido al atropellamiento de un agente vial y un accidente en el mismo. Conocido como \u2018la maseca\u2019, en el","inLanguage":"es","potentialAction":[{"@type":"ReadAction","target":["https:\/\/elinformativotam.com\/index.php\/2024\/02\/22\/accidentes-no-cesan-esta-vez-se-registro-el-atropellamiento-de-un-agente-vial-y-un-choque-que-genero-caos-vial\/"]}]},{"@type":"ImageObject","inLanguage":"es","@id":"https:\/\/elinformativotam.com\/index.php\/2024\/02\/22\/accidentes-no-cesan-esta-vez-se-registro-el-atropellamiento-de-un-agente-vial-y-un-choque-que-genero-caos-vial\/#primaryimage","url":"https:\/\/elinformativotam.com\/wp-content\/uploads\/2024\/02\/Transito-Atropellada.jpeg","contentUrl":"https:\/\/elinformativotam.com\/wp-content\/uploads\/2024\/02\/Transito-Atropellada.jpeg","width":693,"height":714},{"@type":"WebSite","@id":"https:\/\/elinformativotam.com\/#website","url":"https:\/\/elinformativotam.com\/","name":"EL INFORMATIVO DE TAMAULIPAS","description":"Desde la Zona Metropolitana Para Todo M\u00e9xico","publisher":{"@id":"https:\/\/elinformativotam.com\/#organization"},"potentialAction":[{"@type":"SearchAction","target":{"@type":"EntryPoint","urlTemplate":"https:\/\/elinformativotam.com\/?s={search_term_string}"},"query-input":{"@type":"PropertyValueSpecification","valueRequired":true,"valueName":"search_term_string"}}],"inLanguage":"es"},{"@type":"Organization","@id":"https:\/\/elinformativotam.com\/#organization","name":"EL INFORMATIVO DE TAMAULIPAS","url":"https:\/\/elinformativotam.com\/","logo":{"@type":"ImageObject","inLanguage":"es","@id":"https:\/\/elinformativotam.com\/#\/schema\/logo\/image\/","url":"https:\/\/elinformativotam.com\/wp-content\/uploads\/2026\/02\/Cabezal.png","contentUrl":"https:\/\/elinformativotam.com\/wp-content\/uploads\/2026\/02\/Cabezal.png","width":960,"height":640,"caption":"EL INFORMATIVO DE TAMAULIPAS"},"image":{"@id":"https:\/\/elinformativotam.com\/#\/schema\/logo\/image\/"}},{"@type":"Person","@id":"https:\/\/elinformativotam.com\/#\/schema\/person\/78e08040eed0f6110f0c5f83b6153590","name":"El Informativo Tam","image":{"@type":"ImageObject","inLanguage":"es","@id":"https:\/\/secure.gravatar.com\/avatar\/f3b7ad3af540688955925ac610647be00b0cf41feea9c4978b73a707ee86bc53?s=96&d=mm&r=g","url":"https:\/\/secure.gravatar.com\/avatar\/f3b7ad3af540688955925ac610647be00b0cf41feea9c4978b73a707ee86bc53?s=96&d=mm&r=g","contentUrl":"https:\/\/secure.gravatar.com\/avatar\/f3b7ad3af540688955925ac610647be00b0cf41feea9c4978b73a707ee86bc53?s=96&d=mm&r=g","caption":"El Informativo Tam"}}]}},"_links":{"self":[{"href":"https:\/\/elinformativotam.com\/index.php\/wp-json\/wp\/v2\/posts\/49312","targetHints":{"allow":["GET"]}}],"collection":[{"href":"https:\/\/elinformativotam.com\/index.php\/wp-json\/wp\/v2\/posts"}],"about":[{"href":"https:\/\/elinformativotam.com\/index.php\/wp-json\/wp\/v2\/types\/post"}],"author":[{"embeddable":true,"href":"https:\/\/elinformativotam.com\/index.php\/wp-json\/wp\/v2\/users\/1"}],"replies":[{"embeddable":true,"href":"https:\/\/elinformativotam.com\/index.php\/wp-json\/wp\/v2\/comments?post=49312"}],"version-history":[{"count":1,"href":"https:\/\/elinformativotam.com\/index.php\/wp-json\/wp\/v2\/posts\/49312\/revisions"}],"predecessor-version":[{"id":49314,"href":"https:\/\/elinformativotam.com\/index.php\/wp-json\/wp\/v2\/posts\/49312\/revisions\/49314"}],"wp:featuredmedia":[{"embeddable":true,"href":"https:\/\/elinformativotam.com\/index.php\/wp-json\/wp\/v2\/media\/49313"}],"wp:attachment":[{"href":"https:\/\/elinformativotam.com\/index.php\/wp-json\/wp\/v2\/media?parent=49312"}],"wp:term":[{"taxonomy":"category","embeddable":true,"href":"https:\/\/elinformativotam.com\/index.php\/wp-json\/wp\/v2\/categories?post=49312"},{"taxonomy":"post_tag","embeddable":true,"href":"https:\/\/elinformativotam.com\/index.php\/wp-json\/wp\/v2\/tags?post=49312"}],"curies":[{"name":"wp","href":"https:\/\/api.w.org\/{rel}","templated":true}]}}