{"id":49306,"date":"2024-02-22T21:25:33","date_gmt":"2024-02-23T03:25:33","guid":{"rendered":"https:\/\/elinformativotam.com\/?p=49306"},"modified":"2024-02-22T21:25:33","modified_gmt":"2024-02-23T03:25:33","slug":"conflicto-en-secundaria-19-de-madero-debe-investigarse","status":"publish","type":"post","link":"https:\/\/elinformativotam.com\/index.php\/2024\/02\/22\/conflicto-en-secundaria-19-de-madero-debe-investigarse\/","title":{"rendered":"CONFLICTO EN SECUNDARIA 19 DE MADERO DEBE  INVESTIGARSE."},"content":{"rendered":"<p>Cd. Madero, Tamaulipas.- El conflicto generado desde hace algunos d\u00edas en la secundaria t\u00e9cnica 19 de Madero, debe ser investigado por la Secretar\u00eda de Educaci\u00f3n en Tamaulipas.<\/p>\n<p>&nbsp;<\/p>\n<p>El regidor Edgar \u00c1valos Dom\u00ednguez, dijo que desde el lunes comenz\u00f3 un conflicto entre maestros, quienes se hacen distintas acusaciones entre s\u00ed por presuntas anomal\u00edas y casos de acoso escolar.<\/p>\n<p>&nbsp;<\/p>\n<p>Mencion\u00f3 que los se\u00f1alamientos llegaron al grado de confrontar a los padres de familia, pues piden la destituci\u00f3n del director del plantel.<\/p>\n<p>&nbsp;<\/p>\n<p>El edil expuso que el departamento jur\u00eddico de la secretar\u00eda de Educaci\u00f3n es la encargada de realizar la\u00a0 investigaci\u00f3n correspondiente, pues los\u00a0 se\u00f1alamientos que se hacen son delicados.<\/p>\n<p>&nbsp;<\/p>\n<p>Indic\u00f3 que como parte de las acciones, las mantas ya fueron retiradas y las oficinas ya fueron liberadas.<\/p>\n<p>&nbsp;<\/p>\n<p>\u00c1valos Dom\u00ednguez, a\u00f1adi\u00f3 que las escuelas deben de ser sitios \u00fanicamente para la educaci\u00f3n y formaci\u00f3n de los alumnos, y no para protestar contra maestros o personal administrativo\u00a0 de los planteles.<\/p>\n","protected":false},"excerpt":{"rendered":"<p>Cd. Madero, Tamaulipas.- El conflicto generado desde hace algunos d\u00edas en la secundaria t\u00e9cnica 19 de Madero, debe ser investigado&hellip;<\/p>\n","protected":false},"author":1,"featured_media":49302,"comment_status":"open","ping_status":"open","sticky":false,"template":"","format":"standard","meta":{"footnotes":""},"categories":[4],"tags":[],"class_list":["post-49306","post","type-post","status-publish","format-standard","has-post-thumbnail","hentry","category-madero"],"yoast_head":"<!-- This site is optimized with the Yoast SEO plugin v27.5 - https:\/\/yoast.com\/product\/yoast-seo-wordpress\/ -->\n<title>CONFLICTO EN SECUNDARIA 19 DE MADERO DEBE INVESTIGARSE. - EL INFORMATIVO DE TAMAULIPAS<\/title>\n<meta name=\"description\" content=\"Cd. Madero, Tamaulipas.- El conflicto generado desde hace algunos d\u00edas en la secundaria t\u00e9cnica 19 de Madero, debe ser investigado por la Secretar\u00eda de\" \/>\n<meta name=\"robots\" content=\"index, follow, max-snippet:-1, max-image-preview:large, max-video-preview:-1\" \/>\n<link rel=\"canonical\" href=\"https:\/\/elinformativotam.com\/index.php\/2024\/02\/22\/conflicto-en-secundaria-19-de-madero-debe-investigarse\/\" \/>\n<meta property=\"og:locale\" content=\"es_MX\" \/>\n<meta property=\"og:type\" content=\"article\" \/>\n<meta property=\"og:title\" content=\"CONFLICTO EN SECUNDARIA 19 DE MADERO DEBE INVESTIGARSE. - EL INFORMATIVO DE TAMAULIPAS\" \/>\n<meta property=\"og:description\" content=\"Cd. Madero, Tamaulipas.- El conflicto generado desde hace algunos d\u00edas en la secundaria t\u00e9cnica 19 de Madero, debe ser investigado por la Secretar\u00eda de\" \/>\n<meta property=\"og:url\" content=\"https:\/\/elinformativotam.com\/index.php\/2024\/02\/22\/conflicto-en-secundaria-19-de-madero-debe-investigarse\/\" \/>\n<meta property=\"og:site_name\" content=\"EL INFORMATIVO DE TAMAULIPAS\" \/>\n<meta property=\"article:published_time\" content=\"2024-02-23T03:25:33+00:00\" \/>\n<meta property=\"og:image\" content=\"https:\/\/elinformativotam.com\/wp-content\/uploads\/2024\/02\/Secundaria-19.jpeg\" \/>\n\t<meta property=\"og:image:width\" content=\"1280\" \/>\n\t<meta property=\"og:image:height\" content=\"720\" \/>\n\t<meta property=\"og:image:type\" content=\"image\/jpeg\" \/>\n<meta name=\"author\" content=\"El Informativo Tam\" \/>\n<meta name=\"twitter:card\" content=\"summary_large_image\" \/>\n<meta name=\"twitter:label1\" content=\"Escrito por\" \/>\n\t<meta name=\"twitter:data1\" content=\"El Informativo Tam\" \/>\n\t<meta name=\"twitter:label2\" content=\"Tiempo de lectura\" \/>\n\t<meta name=\"twitter:data2\" content=\"1 minuto\" \/>\n<script type=\"application\/ld+json\" class=\"yoast-schema-graph\">{\"@context\":\"https:\\\/\\\/schema.org\",\"@graph\":[{\"@type\":\"Article\",\"@id\":\"https:\\\/\\\/elinformativotam.com\\\/index.php\\\/2024\\\/02\\\/22\\\/conflicto-en-secundaria-19-de-madero-debe-investigarse\\\/#article\",\"isPartOf\":{\"@id\":\"https:\\\/\\\/elinformativotam.com\\\/index.php\\\/2024\\\/02\\\/22\\\/conflicto-en-secundaria-19-de-madero-debe-investigarse\\\/\"},\"author\":{\"name\":\"El Informativo Tam\",\"@id\":\"https:\\\/\\\/elinformativotam.com\\\/#\\\/schema\\\/person\\\/78e08040eed0f6110f0c5f83b6153590\"},\"headline\":\"CONFLICTO EN SECUNDARIA 19 DE MADERO DEBE INVESTIGARSE.\",\"datePublished\":\"2024-02-23T03:25:33+00:00\",\"mainEntityOfPage\":{\"@id\":\"https:\\\/\\\/elinformativotam.com\\\/index.php\\\/2024\\\/02\\\/22\\\/conflicto-en-secundaria-19-de-madero-debe-investigarse\\\/\"},\"wordCount\":185,\"commentCount\":0,\"publisher\":{\"@id\":\"https:\\\/\\\/elinformativotam.com\\\/#organization\"},\"image\":{\"@id\":\"https:\\\/\\\/elinformativotam.com\\\/index.php\\\/2024\\\/02\\\/22\\\/conflicto-en-secundaria-19-de-madero-debe-investigarse\\\/#primaryimage\"},\"thumbnailUrl\":\"https:\\\/\\\/elinformativotam.com\\\/wp-content\\\/uploads\\\/2024\\\/02\\\/Secundaria-19.jpeg\",\"articleSection\":[\"Cd Madero\"],\"inLanguage\":\"es\",\"potentialAction\":[{\"@type\":\"CommentAction\",\"name\":\"Comment\",\"target\":[\"https:\\\/\\\/elinformativotam.com\\\/index.php\\\/2024\\\/02\\\/22\\\/conflicto-en-secundaria-19-de-madero-debe-investigarse\\\/#respond\"]}]},{\"@type\":\"WebPage\",\"@id\":\"https:\\\/\\\/elinformativotam.com\\\/index.php\\\/2024\\\/02\\\/22\\\/conflicto-en-secundaria-19-de-madero-debe-investigarse\\\/\",\"url\":\"https:\\\/\\\/elinformativotam.com\\\/index.php\\\/2024\\\/02\\\/22\\\/conflicto-en-secundaria-19-de-madero-debe-investigarse\\\/\",\"name\":\"CONFLICTO EN SECUNDARIA 19 DE MADERO DEBE INVESTIGARSE. - EL INFORMATIVO DE TAMAULIPAS\",\"isPartOf\":{\"@id\":\"https:\\\/\\\/elinformativotam.com\\\/#website\"},\"primaryImageOfPage\":{\"@id\":\"https:\\\/\\\/elinformativotam.com\\\/index.php\\\/2024\\\/02\\\/22\\\/conflicto-en-secundaria-19-de-madero-debe-investigarse\\\/#primaryimage\"},\"image\":{\"@id\":\"https:\\\/\\\/elinformativotam.com\\\/index.php\\\/2024\\\/02\\\/22\\\/conflicto-en-secundaria-19-de-madero-debe-investigarse\\\/#primaryimage\"},\"thumbnailUrl\":\"https:\\\/\\\/elinformativotam.com\\\/wp-content\\\/uploads\\\/2024\\\/02\\\/Secundaria-19.jpeg\",\"datePublished\":\"2024-02-23T03:25:33+00:00\",\"description\":\"Cd. Madero, Tamaulipas.- El conflicto generado desde hace algunos d\u00edas en la secundaria t\u00e9cnica 19 de Madero, debe ser investigado por la Secretar\u00eda de\",\"inLanguage\":\"es\",\"potentialAction\":[{\"@type\":\"ReadAction\",\"target\":[\"https:\\\/\\\/elinformativotam.com\\\/index.php\\\/2024\\\/02\\\/22\\\/conflicto-en-secundaria-19-de-madero-debe-investigarse\\\/\"]}]},{\"@type\":\"ImageObject\",\"inLanguage\":\"es\",\"@id\":\"https:\\\/\\\/elinformativotam.com\\\/index.php\\\/2024\\\/02\\\/22\\\/conflicto-en-secundaria-19-de-madero-debe-investigarse\\\/#primaryimage\",\"url\":\"https:\\\/\\\/elinformativotam.com\\\/wp-content\\\/uploads\\\/2024\\\/02\\\/Secundaria-19.jpeg\",\"contentUrl\":\"https:\\\/\\\/elinformativotam.com\\\/wp-content\\\/uploads\\\/2024\\\/02\\\/Secundaria-19.jpeg\",\"width\":1280,\"height\":720},{\"@type\":\"WebSite\",\"@id\":\"https:\\\/\\\/elinformativotam.com\\\/#website\",\"url\":\"https:\\\/\\\/elinformativotam.com\\\/\",\"name\":\"EL INFORMATIVO DE TAMAULIPAS\",\"description\":\"Desde la Zona Metropolitana Para Todo M\u00e9xico\",\"publisher\":{\"@id\":\"https:\\\/\\\/elinformativotam.com\\\/#organization\"},\"potentialAction\":[{\"@type\":\"SearchAction\",\"target\":{\"@type\":\"EntryPoint\",\"urlTemplate\":\"https:\\\/\\\/elinformativotam.com\\\/?s={search_term_string}\"},\"query-input\":{\"@type\":\"PropertyValueSpecification\",\"valueRequired\":true,\"valueName\":\"search_term_string\"}}],\"inLanguage\":\"es\"},{\"@type\":\"Organization\",\"@id\":\"https:\\\/\\\/elinformativotam.com\\\/#organization\",\"name\":\"EL INFORMATIVO DE TAMAULIPAS\",\"url\":\"https:\\\/\\\/elinformativotam.com\\\/\",\"logo\":{\"@type\":\"ImageObject\",\"inLanguage\":\"es\",\"@id\":\"https:\\\/\\\/elinformativotam.com\\\/#\\\/schema\\\/logo\\\/image\\\/\",\"url\":\"https:\\\/\\\/elinformativotam.com\\\/wp-content\\\/uploads\\\/2026\\\/02\\\/Cabezal.png\",\"contentUrl\":\"https:\\\/\\\/elinformativotam.com\\\/wp-content\\\/uploads\\\/2026\\\/02\\\/Cabezal.png\",\"width\":960,\"height\":640,\"caption\":\"EL INFORMATIVO DE TAMAULIPAS\"},\"image\":{\"@id\":\"https:\\\/\\\/elinformativotam.com\\\/#\\\/schema\\\/logo\\\/image\\\/\"}},{\"@type\":\"Person\",\"@id\":\"https:\\\/\\\/elinformativotam.com\\\/#\\\/schema\\\/person\\\/78e08040eed0f6110f0c5f83b6153590\",\"name\":\"El Informativo Tam\",\"image\":{\"@type\":\"ImageObject\",\"inLanguage\":\"es\",\"@id\":\"https:\\\/\\\/secure.gravatar.com\\\/avatar\\\/f3b7ad3af540688955925ac610647be00b0cf41feea9c4978b73a707ee86bc53?s=96&d=mm&r=g\",\"url\":\"https:\\\/\\\/secure.gravatar.com\\\/avatar\\\/f3b7ad3af540688955925ac610647be00b0cf41feea9c4978b73a707ee86bc53?s=96&d=mm&r=g\",\"contentUrl\":\"https:\\\/\\\/secure.gravatar.com\\\/avatar\\\/f3b7ad3af540688955925ac610647be00b0cf41feea9c4978b73a707ee86bc53?s=96&d=mm&r=g\",\"caption\":\"El Informativo Tam\"}}]}<\/script>\n<!-- \/ Yoast SEO plugin. -->","yoast_head_json":{"title":"CONFLICTO EN SECUNDARIA 19 DE MADERO DEBE INVESTIGARSE. - EL INFORMATIVO DE TAMAULIPAS","description":"Cd. Madero, Tamaulipas.- El conflicto generado desde hace algunos d\u00edas en la secundaria t\u00e9cnica 19 de Madero, debe ser investigado por la Secretar\u00eda de","robots":{"index":"index","follow":"follow","max-snippet":"max-snippet:-1","max-image-preview":"max-image-preview:large","max-video-preview":"max-video-preview:-1"},"canonical":"https:\/\/elinformativotam.com\/index.php\/2024\/02\/22\/conflicto-en-secundaria-19-de-madero-debe-investigarse\/","og_locale":"es_MX","og_type":"article","og_title":"CONFLICTO EN SECUNDARIA 19 DE MADERO DEBE INVESTIGARSE. - EL INFORMATIVO DE TAMAULIPAS","og_description":"Cd. Madero, Tamaulipas.- El conflicto generado desde hace algunos d\u00edas en la secundaria t\u00e9cnica 19 de Madero, debe ser investigado por la Secretar\u00eda de","og_url":"https:\/\/elinformativotam.com\/index.php\/2024\/02\/22\/conflicto-en-secundaria-19-de-madero-debe-investigarse\/","og_site_name":"EL INFORMATIVO DE TAMAULIPAS","article_published_time":"2024-02-23T03:25:33+00:00","og_image":[{"width":1280,"height":720,"url":"https:\/\/elinformativotam.com\/wp-content\/uploads\/2024\/02\/Secundaria-19.jpeg","type":"image\/jpeg"}],"author":"El Informativo Tam","twitter_card":"summary_large_image","twitter_misc":{"Escrito por":"El Informativo Tam","Tiempo de lectura":"1 minuto"},"schema":{"@context":"https:\/\/schema.org","@graph":[{"@type":"Article","@id":"https:\/\/elinformativotam.com\/index.php\/2024\/02\/22\/conflicto-en-secundaria-19-de-madero-debe-investigarse\/#article","isPartOf":{"@id":"https:\/\/elinformativotam.com\/index.php\/2024\/02\/22\/conflicto-en-secundaria-19-de-madero-debe-investigarse\/"},"author":{"name":"El Informativo Tam","@id":"https:\/\/elinformativotam.com\/#\/schema\/person\/78e08040eed0f6110f0c5f83b6153590"},"headline":"CONFLICTO EN SECUNDARIA 19 DE MADERO DEBE INVESTIGARSE.","datePublished":"2024-02-23T03:25:33+00:00","mainEntityOfPage":{"@id":"https:\/\/elinformativotam.com\/index.php\/2024\/02\/22\/conflicto-en-secundaria-19-de-madero-debe-investigarse\/"},"wordCount":185,"commentCount":0,"publisher":{"@id":"https:\/\/elinformativotam.com\/#organization"},"image":{"@id":"https:\/\/elinformativotam.com\/index.php\/2024\/02\/22\/conflicto-en-secundaria-19-de-madero-debe-investigarse\/#primaryimage"},"thumbnailUrl":"https:\/\/elinformativotam.com\/wp-content\/uploads\/2024\/02\/Secundaria-19.jpeg","articleSection":["Cd Madero"],"inLanguage":"es","potentialAction":[{"@type":"CommentAction","name":"Comment","target":["https:\/\/elinformativotam.com\/index.php\/2024\/02\/22\/conflicto-en-secundaria-19-de-madero-debe-investigarse\/#respond"]}]},{"@type":"WebPage","@id":"https:\/\/elinformativotam.com\/index.php\/2024\/02\/22\/conflicto-en-secundaria-19-de-madero-debe-investigarse\/","url":"https:\/\/elinformativotam.com\/index.php\/2024\/02\/22\/conflicto-en-secundaria-19-de-madero-debe-investigarse\/","name":"CONFLICTO EN SECUNDARIA 19 DE MADERO DEBE INVESTIGARSE. - EL INFORMATIVO DE TAMAULIPAS","isPartOf":{"@id":"https:\/\/elinformativotam.com\/#website"},"primaryImageOfPage":{"@id":"https:\/\/elinformativotam.com\/index.php\/2024\/02\/22\/conflicto-en-secundaria-19-de-madero-debe-investigarse\/#primaryimage"},"image":{"@id":"https:\/\/elinformativotam.com\/index.php\/2024\/02\/22\/conflicto-en-secundaria-19-de-madero-debe-investigarse\/#primaryimage"},"thumbnailUrl":"https:\/\/elinformativotam.com\/wp-content\/uploads\/2024\/02\/Secundaria-19.jpeg","datePublished":"2024-02-23T03:25:33+00:00","description":"Cd. Madero, Tamaulipas.- El conflicto generado desde hace algunos d\u00edas en la secundaria t\u00e9cnica 19 de Madero, debe ser investigado por la Secretar\u00eda de","inLanguage":"es","potentialAction":[{"@type":"ReadAction","target":["https:\/\/elinformativotam.com\/index.php\/2024\/02\/22\/conflicto-en-secundaria-19-de-madero-debe-investigarse\/"]}]},{"@type":"ImageObject","inLanguage":"es","@id":"https:\/\/elinformativotam.com\/index.php\/2024\/02\/22\/conflicto-en-secundaria-19-de-madero-debe-investigarse\/#primaryimage","url":"https:\/\/elinformativotam.com\/wp-content\/uploads\/2024\/02\/Secundaria-19.jpeg","contentUrl":"https:\/\/elinformativotam.com\/wp-content\/uploads\/2024\/02\/Secundaria-19.jpeg","width":1280,"height":720},{"@type":"WebSite","@id":"https:\/\/elinformativotam.com\/#website","url":"https:\/\/elinformativotam.com\/","name":"EL INFORMATIVO DE TAMAULIPAS","description":"Desde la Zona Metropolitana Para Todo M\u00e9xico","publisher":{"@id":"https:\/\/elinformativotam.com\/#organization"},"potentialAction":[{"@type":"SearchAction","target":{"@type":"EntryPoint","urlTemplate":"https:\/\/elinformativotam.com\/?s={search_term_string}"},"query-input":{"@type":"PropertyValueSpecification","valueRequired":true,"valueName":"search_term_string"}}],"inLanguage":"es"},{"@type":"Organization","@id":"https:\/\/elinformativotam.com\/#organization","name":"EL INFORMATIVO DE TAMAULIPAS","url":"https:\/\/elinformativotam.com\/","logo":{"@type":"ImageObject","inLanguage":"es","@id":"https:\/\/elinformativotam.com\/#\/schema\/logo\/image\/","url":"https:\/\/elinformativotam.com\/wp-content\/uploads\/2026\/02\/Cabezal.png","contentUrl":"https:\/\/elinformativotam.com\/wp-content\/uploads\/2026\/02\/Cabezal.png","width":960,"height":640,"caption":"EL INFORMATIVO DE TAMAULIPAS"},"image":{"@id":"https:\/\/elinformativotam.com\/#\/schema\/logo\/image\/"}},{"@type":"Person","@id":"https:\/\/elinformativotam.com\/#\/schema\/person\/78e08040eed0f6110f0c5f83b6153590","name":"El Informativo Tam","image":{"@type":"ImageObject","inLanguage":"es","@id":"https:\/\/secure.gravatar.com\/avatar\/f3b7ad3af540688955925ac610647be00b0cf41feea9c4978b73a707ee86bc53?s=96&d=mm&r=g","url":"https:\/\/secure.gravatar.com\/avatar\/f3b7ad3af540688955925ac610647be00b0cf41feea9c4978b73a707ee86bc53?s=96&d=mm&r=g","contentUrl":"https:\/\/secure.gravatar.com\/avatar\/f3b7ad3af540688955925ac610647be00b0cf41feea9c4978b73a707ee86bc53?s=96&d=mm&r=g","caption":"El Informativo Tam"}}]}},"_links":{"self":[{"href":"https:\/\/elinformativotam.com\/index.php\/wp-json\/wp\/v2\/posts\/49306","targetHints":{"allow":["GET"]}}],"collection":[{"href":"https:\/\/elinformativotam.com\/index.php\/wp-json\/wp\/v2\/posts"}],"about":[{"href":"https:\/\/elinformativotam.com\/index.php\/wp-json\/wp\/v2\/types\/post"}],"author":[{"embeddable":true,"href":"https:\/\/elinformativotam.com\/index.php\/wp-json\/wp\/v2\/users\/1"}],"replies":[{"embeddable":true,"href":"https:\/\/elinformativotam.com\/index.php\/wp-json\/wp\/v2\/comments?post=49306"}],"version-history":[{"count":1,"href":"https:\/\/elinformativotam.com\/index.php\/wp-json\/wp\/v2\/posts\/49306\/revisions"}],"predecessor-version":[{"id":49307,"href":"https:\/\/elinformativotam.com\/index.php\/wp-json\/wp\/v2\/posts\/49306\/revisions\/49307"}],"wp:featuredmedia":[{"embeddable":true,"href":"https:\/\/elinformativotam.com\/index.php\/wp-json\/wp\/v2\/media\/49302"}],"wp:attachment":[{"href":"https:\/\/elinformativotam.com\/index.php\/wp-json\/wp\/v2\/media?parent=49306"}],"wp:term":[{"taxonomy":"category","embeddable":true,"href":"https:\/\/elinformativotam.com\/index.php\/wp-json\/wp\/v2\/categories?post=49306"},{"taxonomy":"post_tag","embeddable":true,"href":"https:\/\/elinformativotam.com\/index.php\/wp-json\/wp\/v2\/tags?post=49306"}],"curies":[{"name":"wp","href":"https:\/\/api.w.org\/{rel}","templated":true}]}}