{"id":49300,"date":"2024-02-22T21:23:28","date_gmt":"2024-02-23T03:23:28","guid":{"rendered":"https:\/\/elinformativotam.com\/?p=49300"},"modified":"2024-02-22T21:23:28","modified_gmt":"2024-02-23T03:23:28","slug":"trabajos-de-reencarpetado-del-corredor-urbano-son-un-peligro","status":"publish","type":"post","link":"https:\/\/elinformativotam.com\/index.php\/2024\/02\/22\/trabajos-de-reencarpetado-del-corredor-urbano-son-un-peligro\/","title":{"rendered":"TRABAJOS DE REENCARPETADO DEL CORREDOR URBANO SON UN PELIGRO."},"content":{"rendered":"<p>Cd. Madero, Tamaulipas.- Vecinos del Fraccionamiento 17 de Enero en Ciudad Madero aseguran que los trabajos de reecarpetado en el corredor urbano \u201cLuis Donaldo Colosio\u201d son un peligro para automovilistas, inform\u00f3 el presidente del comit\u00e9 vecinal, Eder Frank Gonz\u00e1lez.<\/p>\n<p>&nbsp;<\/p>\n<p>Declar\u00f3 que la obra de reparaci\u00f3n de la carpeta asf\u00e1ltica por parte del Gobierno del Estado es segmentada en ambos carriles, contando con desniveles que podr\u00edan ser causantes de accidentes que pongan en riesgo la vida de cualquier persona.<\/p>\n<p><img loading=\"lazy\" decoding=\"async\" class=\"alignnone size-medium wp-image-49303\" src=\"https:\/\/elinformativotam.com\/wp-content\/uploads\/2024\/02\/Reencarpetado-2-649x365.jpeg\" alt=\"\" width=\"649\" height=\"365\" srcset=\"https:\/\/elinformativotam.com\/wp-content\/uploads\/2024\/02\/Reencarpetado-2-649x365.jpeg 649w, https:\/\/elinformativotam.com\/wp-content\/uploads\/2024\/02\/Reencarpetado-2-840x473.jpeg 840w, https:\/\/elinformativotam.com\/wp-content\/uploads\/2024\/02\/Reencarpetado-2-500x280.jpeg 500w, https:\/\/elinformativotam.com\/wp-content\/uploads\/2024\/02\/Reencarpetado-2-768x432.jpeg 768w, https:\/\/elinformativotam.com\/wp-content\/uploads\/2024\/02\/Reencarpetado-2-1536x864.jpeg 1536w, https:\/\/elinformativotam.com\/wp-content\/uploads\/2024\/02\/Reencarpetado-2-1140x641.jpeg 1140w, https:\/\/elinformativotam.com\/wp-content\/uploads\/2024\/02\/Reencarpetado-2-720x405.jpeg 720w, https:\/\/elinformativotam.com\/wp-content\/uploads\/2024\/02\/Reencarpetado-2.jpeg 1600w\" sizes=\"auto, (max-width: 649px) 100vw, 649px\" \/><\/p>\n<p>Revel\u00f3 que tan solo en el Fraccionamiento 17 de Enero son 2 mil unidades vehiculares las que utilizan diariamente esta arteria de comunicaci\u00f3n.<\/p>\n<p>&nbsp;<\/p>\n<p>Frank Gonz\u00e1lez, dijo que al menos en el tramo carretero perteneciente a Ciudad Madero ha descendido el n\u00famero de accidentes, pues la ciudadan\u00eda ha sido responsable al volante, respetando los l\u00edmites y se\u00f1alamientos.<\/p>\n<p>&nbsp;<\/p>\n","protected":false},"excerpt":{"rendered":"<p>Cd. Madero, Tamaulipas.- Vecinos del Fraccionamiento 17 de Enero en Ciudad Madero aseguran que los trabajos de reecarpetado en el&hellip;<\/p>\n","protected":false},"author":1,"featured_media":49304,"comment_status":"open","ping_status":"open","sticky":false,"template":"","format":"standard","meta":{"footnotes":""},"categories":[4],"tags":[],"class_list":["post-49300","post","type-post","status-publish","format-standard","has-post-thumbnail","hentry","category-madero"],"yoast_head":"<!-- This site is optimized with the Yoast SEO plugin v27.5 - https:\/\/yoast.com\/product\/yoast-seo-wordpress\/ -->\n<title>TRABAJOS DE REENCARPETADO DEL CORREDOR URBANO SON UN PELIGRO. - EL INFORMATIVO DE TAMAULIPAS<\/title>\n<meta name=\"description\" content=\"Cd. Madero, Tamaulipas.- Vecinos del Fraccionamiento 17 de Enero en Ciudad Madero aseguran que los trabajos de reecarpetado en el corredor urbano \u201cLuis\" \/>\n<meta name=\"robots\" content=\"index, follow, max-snippet:-1, max-image-preview:large, max-video-preview:-1\" \/>\n<link rel=\"canonical\" href=\"https:\/\/elinformativotam.com\/index.php\/2024\/02\/22\/trabajos-de-reencarpetado-del-corredor-urbano-son-un-peligro\/\" \/>\n<meta property=\"og:locale\" content=\"es_MX\" \/>\n<meta property=\"og:type\" content=\"article\" \/>\n<meta property=\"og:title\" content=\"TRABAJOS DE REENCARPETADO DEL CORREDOR URBANO SON UN PELIGRO. - EL INFORMATIVO DE TAMAULIPAS\" \/>\n<meta property=\"og:description\" content=\"Cd. Madero, Tamaulipas.- Vecinos del Fraccionamiento 17 de Enero en Ciudad Madero aseguran que los trabajos de reecarpetado en el corredor urbano \u201cLuis\" \/>\n<meta property=\"og:url\" content=\"https:\/\/elinformativotam.com\/index.php\/2024\/02\/22\/trabajos-de-reencarpetado-del-corredor-urbano-son-un-peligro\/\" \/>\n<meta property=\"og:site_name\" content=\"EL INFORMATIVO DE TAMAULIPAS\" \/>\n<meta property=\"article:published_time\" content=\"2024-02-23T03:23:28+00:00\" \/>\n<meta property=\"og:image\" content=\"https:\/\/elinformativotam.com\/wp-content\/uploads\/2024\/02\/Reencarpetado1.jpeg\" \/>\n\t<meta property=\"og:image:width\" content=\"1600\" \/>\n\t<meta property=\"og:image:height\" content=\"900\" \/>\n\t<meta property=\"og:image:type\" content=\"image\/jpeg\" \/>\n<meta name=\"author\" content=\"El Informativo Tam\" \/>\n<meta name=\"twitter:card\" content=\"summary_large_image\" \/>\n<meta name=\"twitter:label1\" content=\"Escrito por\" \/>\n\t<meta name=\"twitter:data1\" content=\"El Informativo Tam\" \/>\n\t<meta name=\"twitter:label2\" content=\"Tiempo de lectura\" \/>\n\t<meta name=\"twitter:data2\" content=\"2 minutos\" \/>\n<script type=\"application\/ld+json\" class=\"yoast-schema-graph\">{\"@context\":\"https:\\\/\\\/schema.org\",\"@graph\":[{\"@type\":\"Article\",\"@id\":\"https:\\\/\\\/elinformativotam.com\\\/index.php\\\/2024\\\/02\\\/22\\\/trabajos-de-reencarpetado-del-corredor-urbano-son-un-peligro\\\/#article\",\"isPartOf\":{\"@id\":\"https:\\\/\\\/elinformativotam.com\\\/index.php\\\/2024\\\/02\\\/22\\\/trabajos-de-reencarpetado-del-corredor-urbano-son-un-peligro\\\/\"},\"author\":{\"name\":\"El Informativo Tam\",\"@id\":\"https:\\\/\\\/elinformativotam.com\\\/#\\\/schema\\\/person\\\/78e08040eed0f6110f0c5f83b6153590\"},\"headline\":\"TRABAJOS DE REENCARPETADO DEL CORREDOR URBANO SON UN PELIGRO.\",\"datePublished\":\"2024-02-23T03:23:28+00:00\",\"mainEntityOfPage\":{\"@id\":\"https:\\\/\\\/elinformativotam.com\\\/index.php\\\/2024\\\/02\\\/22\\\/trabajos-de-reencarpetado-del-corredor-urbano-son-un-peligro\\\/\"},\"wordCount\":154,\"commentCount\":0,\"publisher\":{\"@id\":\"https:\\\/\\\/elinformativotam.com\\\/#organization\"},\"image\":{\"@id\":\"https:\\\/\\\/elinformativotam.com\\\/index.php\\\/2024\\\/02\\\/22\\\/trabajos-de-reencarpetado-del-corredor-urbano-son-un-peligro\\\/#primaryimage\"},\"thumbnailUrl\":\"https:\\\/\\\/elinformativotam.com\\\/wp-content\\\/uploads\\\/2024\\\/02\\\/Reencarpetado1.jpeg\",\"articleSection\":[\"Cd Madero\"],\"inLanguage\":\"es\",\"potentialAction\":[{\"@type\":\"CommentAction\",\"name\":\"Comment\",\"target\":[\"https:\\\/\\\/elinformativotam.com\\\/index.php\\\/2024\\\/02\\\/22\\\/trabajos-de-reencarpetado-del-corredor-urbano-son-un-peligro\\\/#respond\"]}]},{\"@type\":\"WebPage\",\"@id\":\"https:\\\/\\\/elinformativotam.com\\\/index.php\\\/2024\\\/02\\\/22\\\/trabajos-de-reencarpetado-del-corredor-urbano-son-un-peligro\\\/\",\"url\":\"https:\\\/\\\/elinformativotam.com\\\/index.php\\\/2024\\\/02\\\/22\\\/trabajos-de-reencarpetado-del-corredor-urbano-son-un-peligro\\\/\",\"name\":\"TRABAJOS DE REENCARPETADO DEL CORREDOR URBANO SON UN PELIGRO. - EL INFORMATIVO DE TAMAULIPAS\",\"isPartOf\":{\"@id\":\"https:\\\/\\\/elinformativotam.com\\\/#website\"},\"primaryImageOfPage\":{\"@id\":\"https:\\\/\\\/elinformativotam.com\\\/index.php\\\/2024\\\/02\\\/22\\\/trabajos-de-reencarpetado-del-corredor-urbano-son-un-peligro\\\/#primaryimage\"},\"image\":{\"@id\":\"https:\\\/\\\/elinformativotam.com\\\/index.php\\\/2024\\\/02\\\/22\\\/trabajos-de-reencarpetado-del-corredor-urbano-son-un-peligro\\\/#primaryimage\"},\"thumbnailUrl\":\"https:\\\/\\\/elinformativotam.com\\\/wp-content\\\/uploads\\\/2024\\\/02\\\/Reencarpetado1.jpeg\",\"datePublished\":\"2024-02-23T03:23:28+00:00\",\"description\":\"Cd. Madero, Tamaulipas.- Vecinos del Fraccionamiento 17 de Enero en Ciudad Madero aseguran que los trabajos de reecarpetado en el corredor urbano \u201cLuis\",\"inLanguage\":\"es\",\"potentialAction\":[{\"@type\":\"ReadAction\",\"target\":[\"https:\\\/\\\/elinformativotam.com\\\/index.php\\\/2024\\\/02\\\/22\\\/trabajos-de-reencarpetado-del-corredor-urbano-son-un-peligro\\\/\"]}]},{\"@type\":\"ImageObject\",\"inLanguage\":\"es\",\"@id\":\"https:\\\/\\\/elinformativotam.com\\\/index.php\\\/2024\\\/02\\\/22\\\/trabajos-de-reencarpetado-del-corredor-urbano-son-un-peligro\\\/#primaryimage\",\"url\":\"https:\\\/\\\/elinformativotam.com\\\/wp-content\\\/uploads\\\/2024\\\/02\\\/Reencarpetado1.jpeg\",\"contentUrl\":\"https:\\\/\\\/elinformativotam.com\\\/wp-content\\\/uploads\\\/2024\\\/02\\\/Reencarpetado1.jpeg\",\"width\":1600,\"height\":900},{\"@type\":\"WebSite\",\"@id\":\"https:\\\/\\\/elinformativotam.com\\\/#website\",\"url\":\"https:\\\/\\\/elinformativotam.com\\\/\",\"name\":\"EL INFORMATIVO DE TAMAULIPAS\",\"description\":\"Desde la Zona Metropolitana Para Todo M\u00e9xico\",\"publisher\":{\"@id\":\"https:\\\/\\\/elinformativotam.com\\\/#organization\"},\"potentialAction\":[{\"@type\":\"SearchAction\",\"target\":{\"@type\":\"EntryPoint\",\"urlTemplate\":\"https:\\\/\\\/elinformativotam.com\\\/?s={search_term_string}\"},\"query-input\":{\"@type\":\"PropertyValueSpecification\",\"valueRequired\":true,\"valueName\":\"search_term_string\"}}],\"inLanguage\":\"es\"},{\"@type\":\"Organization\",\"@id\":\"https:\\\/\\\/elinformativotam.com\\\/#organization\",\"name\":\"EL INFORMATIVO DE TAMAULIPAS\",\"url\":\"https:\\\/\\\/elinformativotam.com\\\/\",\"logo\":{\"@type\":\"ImageObject\",\"inLanguage\":\"es\",\"@id\":\"https:\\\/\\\/elinformativotam.com\\\/#\\\/schema\\\/logo\\\/image\\\/\",\"url\":\"https:\\\/\\\/elinformativotam.com\\\/wp-content\\\/uploads\\\/2026\\\/02\\\/Cabezal.png\",\"contentUrl\":\"https:\\\/\\\/elinformativotam.com\\\/wp-content\\\/uploads\\\/2026\\\/02\\\/Cabezal.png\",\"width\":960,\"height\":640,\"caption\":\"EL INFORMATIVO DE TAMAULIPAS\"},\"image\":{\"@id\":\"https:\\\/\\\/elinformativotam.com\\\/#\\\/schema\\\/logo\\\/image\\\/\"}},{\"@type\":\"Person\",\"@id\":\"https:\\\/\\\/elinformativotam.com\\\/#\\\/schema\\\/person\\\/78e08040eed0f6110f0c5f83b6153590\",\"name\":\"El Informativo Tam\",\"image\":{\"@type\":\"ImageObject\",\"inLanguage\":\"es\",\"@id\":\"https:\\\/\\\/secure.gravatar.com\\\/avatar\\\/f3b7ad3af540688955925ac610647be00b0cf41feea9c4978b73a707ee86bc53?s=96&d=mm&r=g\",\"url\":\"https:\\\/\\\/secure.gravatar.com\\\/avatar\\\/f3b7ad3af540688955925ac610647be00b0cf41feea9c4978b73a707ee86bc53?s=96&d=mm&r=g\",\"contentUrl\":\"https:\\\/\\\/secure.gravatar.com\\\/avatar\\\/f3b7ad3af540688955925ac610647be00b0cf41feea9c4978b73a707ee86bc53?s=96&d=mm&r=g\",\"caption\":\"El Informativo Tam\"}}]}<\/script>\n<!-- \/ Yoast SEO plugin. -->","yoast_head_json":{"title":"TRABAJOS DE REENCARPETADO DEL CORREDOR URBANO SON UN PELIGRO. - EL INFORMATIVO DE TAMAULIPAS","description":"Cd. Madero, Tamaulipas.- Vecinos del Fraccionamiento 17 de Enero en Ciudad Madero aseguran que los trabajos de reecarpetado en el corredor urbano \u201cLuis","robots":{"index":"index","follow":"follow","max-snippet":"max-snippet:-1","max-image-preview":"max-image-preview:large","max-video-preview":"max-video-preview:-1"},"canonical":"https:\/\/elinformativotam.com\/index.php\/2024\/02\/22\/trabajos-de-reencarpetado-del-corredor-urbano-son-un-peligro\/","og_locale":"es_MX","og_type":"article","og_title":"TRABAJOS DE REENCARPETADO DEL CORREDOR URBANO SON UN PELIGRO. - EL INFORMATIVO DE TAMAULIPAS","og_description":"Cd. Madero, Tamaulipas.- Vecinos del Fraccionamiento 17 de Enero en Ciudad Madero aseguran que los trabajos de reecarpetado en el corredor urbano \u201cLuis","og_url":"https:\/\/elinformativotam.com\/index.php\/2024\/02\/22\/trabajos-de-reencarpetado-del-corredor-urbano-son-un-peligro\/","og_site_name":"EL INFORMATIVO DE TAMAULIPAS","article_published_time":"2024-02-23T03:23:28+00:00","og_image":[{"width":1600,"height":900,"url":"https:\/\/elinformativotam.com\/wp-content\/uploads\/2024\/02\/Reencarpetado1.jpeg","type":"image\/jpeg"}],"author":"El Informativo Tam","twitter_card":"summary_large_image","twitter_misc":{"Escrito por":"El Informativo Tam","Tiempo de lectura":"2 minutos"},"schema":{"@context":"https:\/\/schema.org","@graph":[{"@type":"Article","@id":"https:\/\/elinformativotam.com\/index.php\/2024\/02\/22\/trabajos-de-reencarpetado-del-corredor-urbano-son-un-peligro\/#article","isPartOf":{"@id":"https:\/\/elinformativotam.com\/index.php\/2024\/02\/22\/trabajos-de-reencarpetado-del-corredor-urbano-son-un-peligro\/"},"author":{"name":"El Informativo Tam","@id":"https:\/\/elinformativotam.com\/#\/schema\/person\/78e08040eed0f6110f0c5f83b6153590"},"headline":"TRABAJOS DE REENCARPETADO DEL CORREDOR URBANO SON UN PELIGRO.","datePublished":"2024-02-23T03:23:28+00:00","mainEntityOfPage":{"@id":"https:\/\/elinformativotam.com\/index.php\/2024\/02\/22\/trabajos-de-reencarpetado-del-corredor-urbano-son-un-peligro\/"},"wordCount":154,"commentCount":0,"publisher":{"@id":"https:\/\/elinformativotam.com\/#organization"},"image":{"@id":"https:\/\/elinformativotam.com\/index.php\/2024\/02\/22\/trabajos-de-reencarpetado-del-corredor-urbano-son-un-peligro\/#primaryimage"},"thumbnailUrl":"https:\/\/elinformativotam.com\/wp-content\/uploads\/2024\/02\/Reencarpetado1.jpeg","articleSection":["Cd Madero"],"inLanguage":"es","potentialAction":[{"@type":"CommentAction","name":"Comment","target":["https:\/\/elinformativotam.com\/index.php\/2024\/02\/22\/trabajos-de-reencarpetado-del-corredor-urbano-son-un-peligro\/#respond"]}]},{"@type":"WebPage","@id":"https:\/\/elinformativotam.com\/index.php\/2024\/02\/22\/trabajos-de-reencarpetado-del-corredor-urbano-son-un-peligro\/","url":"https:\/\/elinformativotam.com\/index.php\/2024\/02\/22\/trabajos-de-reencarpetado-del-corredor-urbano-son-un-peligro\/","name":"TRABAJOS DE REENCARPETADO DEL CORREDOR URBANO SON UN PELIGRO. - EL INFORMATIVO DE TAMAULIPAS","isPartOf":{"@id":"https:\/\/elinformativotam.com\/#website"},"primaryImageOfPage":{"@id":"https:\/\/elinformativotam.com\/index.php\/2024\/02\/22\/trabajos-de-reencarpetado-del-corredor-urbano-son-un-peligro\/#primaryimage"},"image":{"@id":"https:\/\/elinformativotam.com\/index.php\/2024\/02\/22\/trabajos-de-reencarpetado-del-corredor-urbano-son-un-peligro\/#primaryimage"},"thumbnailUrl":"https:\/\/elinformativotam.com\/wp-content\/uploads\/2024\/02\/Reencarpetado1.jpeg","datePublished":"2024-02-23T03:23:28+00:00","description":"Cd. Madero, Tamaulipas.- Vecinos del Fraccionamiento 17 de Enero en Ciudad Madero aseguran que los trabajos de reecarpetado en el corredor urbano \u201cLuis","inLanguage":"es","potentialAction":[{"@type":"ReadAction","target":["https:\/\/elinformativotam.com\/index.php\/2024\/02\/22\/trabajos-de-reencarpetado-del-corredor-urbano-son-un-peligro\/"]}]},{"@type":"ImageObject","inLanguage":"es","@id":"https:\/\/elinformativotam.com\/index.php\/2024\/02\/22\/trabajos-de-reencarpetado-del-corredor-urbano-son-un-peligro\/#primaryimage","url":"https:\/\/elinformativotam.com\/wp-content\/uploads\/2024\/02\/Reencarpetado1.jpeg","contentUrl":"https:\/\/elinformativotam.com\/wp-content\/uploads\/2024\/02\/Reencarpetado1.jpeg","width":1600,"height":900},{"@type":"WebSite","@id":"https:\/\/elinformativotam.com\/#website","url":"https:\/\/elinformativotam.com\/","name":"EL INFORMATIVO DE TAMAULIPAS","description":"Desde la Zona Metropolitana Para Todo M\u00e9xico","publisher":{"@id":"https:\/\/elinformativotam.com\/#organization"},"potentialAction":[{"@type":"SearchAction","target":{"@type":"EntryPoint","urlTemplate":"https:\/\/elinformativotam.com\/?s={search_term_string}"},"query-input":{"@type":"PropertyValueSpecification","valueRequired":true,"valueName":"search_term_string"}}],"inLanguage":"es"},{"@type":"Organization","@id":"https:\/\/elinformativotam.com\/#organization","name":"EL INFORMATIVO DE TAMAULIPAS","url":"https:\/\/elinformativotam.com\/","logo":{"@type":"ImageObject","inLanguage":"es","@id":"https:\/\/elinformativotam.com\/#\/schema\/logo\/image\/","url":"https:\/\/elinformativotam.com\/wp-content\/uploads\/2026\/02\/Cabezal.png","contentUrl":"https:\/\/elinformativotam.com\/wp-content\/uploads\/2026\/02\/Cabezal.png","width":960,"height":640,"caption":"EL INFORMATIVO DE TAMAULIPAS"},"image":{"@id":"https:\/\/elinformativotam.com\/#\/schema\/logo\/image\/"}},{"@type":"Person","@id":"https:\/\/elinformativotam.com\/#\/schema\/person\/78e08040eed0f6110f0c5f83b6153590","name":"El Informativo Tam","image":{"@type":"ImageObject","inLanguage":"es","@id":"https:\/\/secure.gravatar.com\/avatar\/f3b7ad3af540688955925ac610647be00b0cf41feea9c4978b73a707ee86bc53?s=96&d=mm&r=g","url":"https:\/\/secure.gravatar.com\/avatar\/f3b7ad3af540688955925ac610647be00b0cf41feea9c4978b73a707ee86bc53?s=96&d=mm&r=g","contentUrl":"https:\/\/secure.gravatar.com\/avatar\/f3b7ad3af540688955925ac610647be00b0cf41feea9c4978b73a707ee86bc53?s=96&d=mm&r=g","caption":"El Informativo Tam"}}]}},"_links":{"self":[{"href":"https:\/\/elinformativotam.com\/index.php\/wp-json\/wp\/v2\/posts\/49300","targetHints":{"allow":["GET"]}}],"collection":[{"href":"https:\/\/elinformativotam.com\/index.php\/wp-json\/wp\/v2\/posts"}],"about":[{"href":"https:\/\/elinformativotam.com\/index.php\/wp-json\/wp\/v2\/types\/post"}],"author":[{"embeddable":true,"href":"https:\/\/elinformativotam.com\/index.php\/wp-json\/wp\/v2\/users\/1"}],"replies":[{"embeddable":true,"href":"https:\/\/elinformativotam.com\/index.php\/wp-json\/wp\/v2\/comments?post=49300"}],"version-history":[{"count":1,"href":"https:\/\/elinformativotam.com\/index.php\/wp-json\/wp\/v2\/posts\/49300\/revisions"}],"predecessor-version":[{"id":49305,"href":"https:\/\/elinformativotam.com\/index.php\/wp-json\/wp\/v2\/posts\/49300\/revisions\/49305"}],"wp:featuredmedia":[{"embeddable":true,"href":"https:\/\/elinformativotam.com\/index.php\/wp-json\/wp\/v2\/media\/49304"}],"wp:attachment":[{"href":"https:\/\/elinformativotam.com\/index.php\/wp-json\/wp\/v2\/media?parent=49300"}],"wp:term":[{"taxonomy":"category","embeddable":true,"href":"https:\/\/elinformativotam.com\/index.php\/wp-json\/wp\/v2\/categories?post=49300"},{"taxonomy":"post_tag","embeddable":true,"href":"https:\/\/elinformativotam.com\/index.php\/wp-json\/wp\/v2\/tags?post=49300"}],"curies":[{"name":"wp","href":"https:\/\/api.w.org\/{rel}","templated":true}]}}