{"id":49296,"date":"2024-02-22T21:16:06","date_gmt":"2024-02-23T03:16:06","guid":{"rendered":"https:\/\/elinformativotam.com\/?p=49296"},"modified":"2024-02-22T21:16:06","modified_gmt":"2024-02-23T03:16:06","slug":"altamira-se-hace-presente-en-26va-conferencia-interamericana-de-alcaldes-y-autoridades-locales-en-miami-florida","status":"publish","type":"post","link":"https:\/\/elinformativotam.com\/index.php\/2024\/02\/22\/altamira-se-hace-presente-en-26va-conferencia-interamericana-de-alcaldes-y-autoridades-locales-en-miami-florida\/","title":{"rendered":"ALTAMIRA SE HACE PRESENTE EN 26VA CONFERENCIA INTERAMERICANA DE ALCALDES Y AUTORIDADES LOCALES EN MIAMI, FLORIDA"},"content":{"rendered":"<p>Altamira, Tamaulipas.- \u00a0El presidente municipal de Altamira, Dr. Armando Mart\u00ednez Manr\u00edquez estuvo presente durante la inauguraci\u00f3n de la 26va Conferencia Interamericana de Alcaldes y Autoridades Locales, desarrollada en el condado de Miami Dade en Florida, Estados Unidos. All\u00ed el Jefe de la Comuna contar\u00e1 con una participaci\u00f3n especial este viernes 23, en donde habr\u00e1 de exponer los importantes avances del proyecto del rescate al Sistema Lagunario Champay\u00e1n.<\/p>\n<p>&nbsp;<\/p>\n<p>Este importante foro internacional es organizado por el Consorcio de Comercio Internacional, y en \u00e9l estar\u00e1n participando alrededor de 160 autoridades de 42 ciudades distintas, entre ellos 23 alcaldes.<\/p>\n<p>&nbsp;<\/p>\n<p>\u201cRecibimos la invitaci\u00f3n para exponer el tema del manejo del agua que desde el d\u00eda uno de nuestra administraci\u00f3n hemos estado realizando. Esto es algo importante porque desde octubre 2021 hemos trabajado en dos vertientes del Objetivo No.6 de la Agenda 2030, misma que de igual forma impulsa el Gobernador de Tamaulipas, Dr. Am\u00e9rico Villarreal Anaya como un tema prioritario: agua limpia y saneamiento\u201d.<\/p>\n<p>&nbsp;<\/p>\n<p>Durante este primer d\u00eda de trabajo, los asistentes a referida conferencia internacional tuvieron la oportunidad de dialogar sobre importantes temas como el transporte y la movilidad urbana, el ecoturismo, la preparaci\u00f3n ante posibles desastres naturales, etc.<\/p>\n<p>&nbsp;<\/p>\n<p>Asegur\u00f3 Mart\u00ednez Manr\u00edquez que el conocer c\u00f3mo otros alcaldes de pa\u00edses distintos atienden las mismas necesidades de sus respectivas localidades abre un abanico de oportunidades para implementar en Altamira, generando con esto bienestar entre las familias.<\/p>\n<p>&nbsp;<\/p>\n<p>Previo a su asistencia al foro, el mun\u00edcipe sostuvo tambi\u00e9n una reuni\u00f3n privada con el C\u00f3nsul General del Consulado Mexicano en Miami Dade, Eliel Campuzano, con quien dialog\u00f3 sobre la gran plataforma que representa el puerto de Altamira para inversiones extranjeras. Ante ello, pr\u00f3ximamente se habr\u00e1n de realizar visitas de trabajo a la urbe industrial y dar seguimiento a lo all\u00ed establecido.<\/p>\n","protected":false},"excerpt":{"rendered":"<p>Altamira, Tamaulipas.- \u00a0El presidente municipal de Altamira, Dr. Armando Mart\u00ednez Manr\u00edquez estuvo presente durante la inauguraci\u00f3n de la 26va Conferencia&hellip;<\/p>\n","protected":false},"author":1,"featured_media":49297,"comment_status":"open","ping_status":"open","sticky":false,"template":"","format":"standard","meta":{"footnotes":""},"categories":[1],"tags":[],"class_list":["post-49296","post","type-post","status-publish","format-standard","has-post-thumbnail","hentry","category-uncategorized"],"yoast_head":"<!-- This site is optimized with the Yoast SEO plugin v27.5 - https:\/\/yoast.com\/product\/yoast-seo-wordpress\/ -->\n<title>ALTAMIRA SE HACE PRESENTE EN 26VA CONFERENCIA INTERAMERICANA DE ALCALDES Y AUTORIDADES LOCALES EN MIAMI, FLORIDA - EL INFORMATIVO DE TAMAULIPAS<\/title>\n<meta name=\"description\" content=\"Altamira, Tamaulipas.- \u00a0El presidente municipal de Altamira, Dr. Armando Mart\u00ednez Manr\u00edquez estuvo presente durante la inauguraci\u00f3n de la 26va Conferencia\" \/>\n<meta name=\"robots\" content=\"index, follow, max-snippet:-1, max-image-preview:large, max-video-preview:-1\" \/>\n<link rel=\"canonical\" href=\"https:\/\/elinformativotam.com\/index.php\/2024\/02\/22\/altamira-se-hace-presente-en-26va-conferencia-interamericana-de-alcaldes-y-autoridades-locales-en-miami-florida\/\" \/>\n<meta property=\"og:locale\" content=\"es_MX\" \/>\n<meta property=\"og:type\" content=\"article\" \/>\n<meta property=\"og:title\" content=\"ALTAMIRA SE HACE PRESENTE EN 26VA CONFERENCIA INTERAMERICANA DE ALCALDES Y AUTORIDADES LOCALES EN MIAMI, FLORIDA - EL INFORMATIVO DE TAMAULIPAS\" \/>\n<meta property=\"og:description\" content=\"Altamira, Tamaulipas.- \u00a0El presidente municipal de Altamira, Dr. Armando Mart\u00ednez Manr\u00edquez estuvo presente durante la inauguraci\u00f3n de la 26va Conferencia\" \/>\n<meta property=\"og:url\" content=\"https:\/\/elinformativotam.com\/index.php\/2024\/02\/22\/altamira-se-hace-presente-en-26va-conferencia-interamericana-de-alcaldes-y-autoridades-locales-en-miami-florida\/\" \/>\n<meta property=\"og:site_name\" content=\"EL INFORMATIVO DE TAMAULIPAS\" \/>\n<meta property=\"article:published_time\" content=\"2024-02-23T03:16:06+00:00\" \/>\n<meta property=\"og:image\" content=\"https:\/\/elinformativotam.com\/wp-content\/uploads\/2024\/02\/Miami.jpeg\" \/>\n\t<meta property=\"og:image:width\" content=\"960\" \/>\n\t<meta property=\"og:image:height\" content=\"1280\" \/>\n\t<meta property=\"og:image:type\" content=\"image\/jpeg\" \/>\n<meta name=\"author\" content=\"El Informativo Tam\" \/>\n<meta name=\"twitter:card\" content=\"summary_large_image\" \/>\n<meta name=\"twitter:label1\" content=\"Escrito por\" \/>\n\t<meta name=\"twitter:data1\" content=\"El Informativo Tam\" \/>\n\t<meta name=\"twitter:label2\" content=\"Tiempo de lectura\" \/>\n\t<meta name=\"twitter:data2\" content=\"1 minuto\" \/>\n<script type=\"application\/ld+json\" class=\"yoast-schema-graph\">{\"@context\":\"https:\\\/\\\/schema.org\",\"@graph\":[{\"@type\":\"Article\",\"@id\":\"https:\\\/\\\/elinformativotam.com\\\/index.php\\\/2024\\\/02\\\/22\\\/altamira-se-hace-presente-en-26va-conferencia-interamericana-de-alcaldes-y-autoridades-locales-en-miami-florida\\\/#article\",\"isPartOf\":{\"@id\":\"https:\\\/\\\/elinformativotam.com\\\/index.php\\\/2024\\\/02\\\/22\\\/altamira-se-hace-presente-en-26va-conferencia-interamericana-de-alcaldes-y-autoridades-locales-en-miami-florida\\\/\"},\"author\":{\"name\":\"El Informativo Tam\",\"@id\":\"https:\\\/\\\/elinformativotam.com\\\/#\\\/schema\\\/person\\\/78e08040eed0f6110f0c5f83b6153590\"},\"headline\":\"ALTAMIRA SE HACE PRESENTE EN 26VA CONFERENCIA INTERAMERICANA DE ALCALDES Y AUTORIDADES LOCALES EN MIAMI, FLORIDA\",\"datePublished\":\"2024-02-23T03:16:06+00:00\",\"mainEntityOfPage\":{\"@id\":\"https:\\\/\\\/elinformativotam.com\\\/index.php\\\/2024\\\/02\\\/22\\\/altamira-se-hace-presente-en-26va-conferencia-interamericana-de-alcaldes-y-autoridades-locales-en-miami-florida\\\/\"},\"wordCount\":332,\"commentCount\":0,\"publisher\":{\"@id\":\"https:\\\/\\\/elinformativotam.com\\\/#organization\"},\"image\":{\"@id\":\"https:\\\/\\\/elinformativotam.com\\\/index.php\\\/2024\\\/02\\\/22\\\/altamira-se-hace-presente-en-26va-conferencia-interamericana-de-alcaldes-y-autoridades-locales-en-miami-florida\\\/#primaryimage\"},\"thumbnailUrl\":\"https:\\\/\\\/elinformativotam.com\\\/wp-content\\\/uploads\\\/2024\\\/02\\\/Miami.jpeg\",\"articleSection\":[\"Uncategorized\"],\"inLanguage\":\"es\",\"potentialAction\":[{\"@type\":\"CommentAction\",\"name\":\"Comment\",\"target\":[\"https:\\\/\\\/elinformativotam.com\\\/index.php\\\/2024\\\/02\\\/22\\\/altamira-se-hace-presente-en-26va-conferencia-interamericana-de-alcaldes-y-autoridades-locales-en-miami-florida\\\/#respond\"]}]},{\"@type\":\"WebPage\",\"@id\":\"https:\\\/\\\/elinformativotam.com\\\/index.php\\\/2024\\\/02\\\/22\\\/altamira-se-hace-presente-en-26va-conferencia-interamericana-de-alcaldes-y-autoridades-locales-en-miami-florida\\\/\",\"url\":\"https:\\\/\\\/elinformativotam.com\\\/index.php\\\/2024\\\/02\\\/22\\\/altamira-se-hace-presente-en-26va-conferencia-interamericana-de-alcaldes-y-autoridades-locales-en-miami-florida\\\/\",\"name\":\"ALTAMIRA SE HACE PRESENTE EN 26VA CONFERENCIA INTERAMERICANA DE ALCALDES Y AUTORIDADES LOCALES EN MIAMI, FLORIDA - EL INFORMATIVO DE TAMAULIPAS\",\"isPartOf\":{\"@id\":\"https:\\\/\\\/elinformativotam.com\\\/#website\"},\"primaryImageOfPage\":{\"@id\":\"https:\\\/\\\/elinformativotam.com\\\/index.php\\\/2024\\\/02\\\/22\\\/altamira-se-hace-presente-en-26va-conferencia-interamericana-de-alcaldes-y-autoridades-locales-en-miami-florida\\\/#primaryimage\"},\"image\":{\"@id\":\"https:\\\/\\\/elinformativotam.com\\\/index.php\\\/2024\\\/02\\\/22\\\/altamira-se-hace-presente-en-26va-conferencia-interamericana-de-alcaldes-y-autoridades-locales-en-miami-florida\\\/#primaryimage\"},\"thumbnailUrl\":\"https:\\\/\\\/elinformativotam.com\\\/wp-content\\\/uploads\\\/2024\\\/02\\\/Miami.jpeg\",\"datePublished\":\"2024-02-23T03:16:06+00:00\",\"description\":\"Altamira, Tamaulipas.- \u00a0El presidente municipal de Altamira, Dr. Armando Mart\u00ednez Manr\u00edquez estuvo presente durante la inauguraci\u00f3n de la 26va Conferencia\",\"inLanguage\":\"es\",\"potentialAction\":[{\"@type\":\"ReadAction\",\"target\":[\"https:\\\/\\\/elinformativotam.com\\\/index.php\\\/2024\\\/02\\\/22\\\/altamira-se-hace-presente-en-26va-conferencia-interamericana-de-alcaldes-y-autoridades-locales-en-miami-florida\\\/\"]}]},{\"@type\":\"ImageObject\",\"inLanguage\":\"es\",\"@id\":\"https:\\\/\\\/elinformativotam.com\\\/index.php\\\/2024\\\/02\\\/22\\\/altamira-se-hace-presente-en-26va-conferencia-interamericana-de-alcaldes-y-autoridades-locales-en-miami-florida\\\/#primaryimage\",\"url\":\"https:\\\/\\\/elinformativotam.com\\\/wp-content\\\/uploads\\\/2024\\\/02\\\/Miami.jpeg\",\"contentUrl\":\"https:\\\/\\\/elinformativotam.com\\\/wp-content\\\/uploads\\\/2024\\\/02\\\/Miami.jpeg\",\"width\":960,\"height\":1280},{\"@type\":\"WebSite\",\"@id\":\"https:\\\/\\\/elinformativotam.com\\\/#website\",\"url\":\"https:\\\/\\\/elinformativotam.com\\\/\",\"name\":\"EL INFORMATIVO DE TAMAULIPAS\",\"description\":\"Desde la Zona Metropolitana Para Todo M\u00e9xico\",\"publisher\":{\"@id\":\"https:\\\/\\\/elinformativotam.com\\\/#organization\"},\"potentialAction\":[{\"@type\":\"SearchAction\",\"target\":{\"@type\":\"EntryPoint\",\"urlTemplate\":\"https:\\\/\\\/elinformativotam.com\\\/?s={search_term_string}\"},\"query-input\":{\"@type\":\"PropertyValueSpecification\",\"valueRequired\":true,\"valueName\":\"search_term_string\"}}],\"inLanguage\":\"es\"},{\"@type\":\"Organization\",\"@id\":\"https:\\\/\\\/elinformativotam.com\\\/#organization\",\"name\":\"EL INFORMATIVO DE TAMAULIPAS\",\"url\":\"https:\\\/\\\/elinformativotam.com\\\/\",\"logo\":{\"@type\":\"ImageObject\",\"inLanguage\":\"es\",\"@id\":\"https:\\\/\\\/elinformativotam.com\\\/#\\\/schema\\\/logo\\\/image\\\/\",\"url\":\"https:\\\/\\\/elinformativotam.com\\\/wp-content\\\/uploads\\\/2026\\\/02\\\/Cabezal.png\",\"contentUrl\":\"https:\\\/\\\/elinformativotam.com\\\/wp-content\\\/uploads\\\/2026\\\/02\\\/Cabezal.png\",\"width\":960,\"height\":640,\"caption\":\"EL INFORMATIVO DE TAMAULIPAS\"},\"image\":{\"@id\":\"https:\\\/\\\/elinformativotam.com\\\/#\\\/schema\\\/logo\\\/image\\\/\"}},{\"@type\":\"Person\",\"@id\":\"https:\\\/\\\/elinformativotam.com\\\/#\\\/schema\\\/person\\\/78e08040eed0f6110f0c5f83b6153590\",\"name\":\"El Informativo Tam\",\"image\":{\"@type\":\"ImageObject\",\"inLanguage\":\"es\",\"@id\":\"https:\\\/\\\/secure.gravatar.com\\\/avatar\\\/f3b7ad3af540688955925ac610647be00b0cf41feea9c4978b73a707ee86bc53?s=96&d=mm&r=g\",\"url\":\"https:\\\/\\\/secure.gravatar.com\\\/avatar\\\/f3b7ad3af540688955925ac610647be00b0cf41feea9c4978b73a707ee86bc53?s=96&d=mm&r=g\",\"contentUrl\":\"https:\\\/\\\/secure.gravatar.com\\\/avatar\\\/f3b7ad3af540688955925ac610647be00b0cf41feea9c4978b73a707ee86bc53?s=96&d=mm&r=g\",\"caption\":\"El Informativo Tam\"}}]}<\/script>\n<!-- \/ Yoast SEO plugin. -->","yoast_head_json":{"title":"ALTAMIRA SE HACE PRESENTE EN 26VA CONFERENCIA INTERAMERICANA DE ALCALDES Y AUTORIDADES LOCALES EN MIAMI, FLORIDA - EL INFORMATIVO DE TAMAULIPAS","description":"Altamira, Tamaulipas.- \u00a0El presidente municipal de Altamira, Dr. Armando Mart\u00ednez Manr\u00edquez estuvo presente durante la inauguraci\u00f3n de la 26va Conferencia","robots":{"index":"index","follow":"follow","max-snippet":"max-snippet:-1","max-image-preview":"max-image-preview:large","max-video-preview":"max-video-preview:-1"},"canonical":"https:\/\/elinformativotam.com\/index.php\/2024\/02\/22\/altamira-se-hace-presente-en-26va-conferencia-interamericana-de-alcaldes-y-autoridades-locales-en-miami-florida\/","og_locale":"es_MX","og_type":"article","og_title":"ALTAMIRA SE HACE PRESENTE EN 26VA CONFERENCIA INTERAMERICANA DE ALCALDES Y AUTORIDADES LOCALES EN MIAMI, FLORIDA - EL INFORMATIVO DE TAMAULIPAS","og_description":"Altamira, Tamaulipas.- \u00a0El presidente municipal de Altamira, Dr. Armando Mart\u00ednez Manr\u00edquez estuvo presente durante la inauguraci\u00f3n de la 26va Conferencia","og_url":"https:\/\/elinformativotam.com\/index.php\/2024\/02\/22\/altamira-se-hace-presente-en-26va-conferencia-interamericana-de-alcaldes-y-autoridades-locales-en-miami-florida\/","og_site_name":"EL INFORMATIVO DE TAMAULIPAS","article_published_time":"2024-02-23T03:16:06+00:00","og_image":[{"width":960,"height":1280,"url":"https:\/\/elinformativotam.com\/wp-content\/uploads\/2024\/02\/Miami.jpeg","type":"image\/jpeg"}],"author":"El Informativo Tam","twitter_card":"summary_large_image","twitter_misc":{"Escrito por":"El Informativo Tam","Tiempo de lectura":"1 minuto"},"schema":{"@context":"https:\/\/schema.org","@graph":[{"@type":"Article","@id":"https:\/\/elinformativotam.com\/index.php\/2024\/02\/22\/altamira-se-hace-presente-en-26va-conferencia-interamericana-de-alcaldes-y-autoridades-locales-en-miami-florida\/#article","isPartOf":{"@id":"https:\/\/elinformativotam.com\/index.php\/2024\/02\/22\/altamira-se-hace-presente-en-26va-conferencia-interamericana-de-alcaldes-y-autoridades-locales-en-miami-florida\/"},"author":{"name":"El Informativo Tam","@id":"https:\/\/elinformativotam.com\/#\/schema\/person\/78e08040eed0f6110f0c5f83b6153590"},"headline":"ALTAMIRA SE HACE PRESENTE EN 26VA CONFERENCIA INTERAMERICANA DE ALCALDES Y AUTORIDADES LOCALES EN MIAMI, FLORIDA","datePublished":"2024-02-23T03:16:06+00:00","mainEntityOfPage":{"@id":"https:\/\/elinformativotam.com\/index.php\/2024\/02\/22\/altamira-se-hace-presente-en-26va-conferencia-interamericana-de-alcaldes-y-autoridades-locales-en-miami-florida\/"},"wordCount":332,"commentCount":0,"publisher":{"@id":"https:\/\/elinformativotam.com\/#organization"},"image":{"@id":"https:\/\/elinformativotam.com\/index.php\/2024\/02\/22\/altamira-se-hace-presente-en-26va-conferencia-interamericana-de-alcaldes-y-autoridades-locales-en-miami-florida\/#primaryimage"},"thumbnailUrl":"https:\/\/elinformativotam.com\/wp-content\/uploads\/2024\/02\/Miami.jpeg","articleSection":["Uncategorized"],"inLanguage":"es","potentialAction":[{"@type":"CommentAction","name":"Comment","target":["https:\/\/elinformativotam.com\/index.php\/2024\/02\/22\/altamira-se-hace-presente-en-26va-conferencia-interamericana-de-alcaldes-y-autoridades-locales-en-miami-florida\/#respond"]}]},{"@type":"WebPage","@id":"https:\/\/elinformativotam.com\/index.php\/2024\/02\/22\/altamira-se-hace-presente-en-26va-conferencia-interamericana-de-alcaldes-y-autoridades-locales-en-miami-florida\/","url":"https:\/\/elinformativotam.com\/index.php\/2024\/02\/22\/altamira-se-hace-presente-en-26va-conferencia-interamericana-de-alcaldes-y-autoridades-locales-en-miami-florida\/","name":"ALTAMIRA SE HACE PRESENTE EN 26VA CONFERENCIA INTERAMERICANA DE ALCALDES Y AUTORIDADES LOCALES EN MIAMI, FLORIDA - EL INFORMATIVO DE TAMAULIPAS","isPartOf":{"@id":"https:\/\/elinformativotam.com\/#website"},"primaryImageOfPage":{"@id":"https:\/\/elinformativotam.com\/index.php\/2024\/02\/22\/altamira-se-hace-presente-en-26va-conferencia-interamericana-de-alcaldes-y-autoridades-locales-en-miami-florida\/#primaryimage"},"image":{"@id":"https:\/\/elinformativotam.com\/index.php\/2024\/02\/22\/altamira-se-hace-presente-en-26va-conferencia-interamericana-de-alcaldes-y-autoridades-locales-en-miami-florida\/#primaryimage"},"thumbnailUrl":"https:\/\/elinformativotam.com\/wp-content\/uploads\/2024\/02\/Miami.jpeg","datePublished":"2024-02-23T03:16:06+00:00","description":"Altamira, Tamaulipas.- \u00a0El presidente municipal de Altamira, Dr. Armando Mart\u00ednez Manr\u00edquez estuvo presente durante la inauguraci\u00f3n de la 26va Conferencia","inLanguage":"es","potentialAction":[{"@type":"ReadAction","target":["https:\/\/elinformativotam.com\/index.php\/2024\/02\/22\/altamira-se-hace-presente-en-26va-conferencia-interamericana-de-alcaldes-y-autoridades-locales-en-miami-florida\/"]}]},{"@type":"ImageObject","inLanguage":"es","@id":"https:\/\/elinformativotam.com\/index.php\/2024\/02\/22\/altamira-se-hace-presente-en-26va-conferencia-interamericana-de-alcaldes-y-autoridades-locales-en-miami-florida\/#primaryimage","url":"https:\/\/elinformativotam.com\/wp-content\/uploads\/2024\/02\/Miami.jpeg","contentUrl":"https:\/\/elinformativotam.com\/wp-content\/uploads\/2024\/02\/Miami.jpeg","width":960,"height":1280},{"@type":"WebSite","@id":"https:\/\/elinformativotam.com\/#website","url":"https:\/\/elinformativotam.com\/","name":"EL INFORMATIVO DE TAMAULIPAS","description":"Desde la Zona Metropolitana Para Todo M\u00e9xico","publisher":{"@id":"https:\/\/elinformativotam.com\/#organization"},"potentialAction":[{"@type":"SearchAction","target":{"@type":"EntryPoint","urlTemplate":"https:\/\/elinformativotam.com\/?s={search_term_string}"},"query-input":{"@type":"PropertyValueSpecification","valueRequired":true,"valueName":"search_term_string"}}],"inLanguage":"es"},{"@type":"Organization","@id":"https:\/\/elinformativotam.com\/#organization","name":"EL INFORMATIVO DE TAMAULIPAS","url":"https:\/\/elinformativotam.com\/","logo":{"@type":"ImageObject","inLanguage":"es","@id":"https:\/\/elinformativotam.com\/#\/schema\/logo\/image\/","url":"https:\/\/elinformativotam.com\/wp-content\/uploads\/2026\/02\/Cabezal.png","contentUrl":"https:\/\/elinformativotam.com\/wp-content\/uploads\/2026\/02\/Cabezal.png","width":960,"height":640,"caption":"EL INFORMATIVO DE TAMAULIPAS"},"image":{"@id":"https:\/\/elinformativotam.com\/#\/schema\/logo\/image\/"}},{"@type":"Person","@id":"https:\/\/elinformativotam.com\/#\/schema\/person\/78e08040eed0f6110f0c5f83b6153590","name":"El Informativo Tam","image":{"@type":"ImageObject","inLanguage":"es","@id":"https:\/\/secure.gravatar.com\/avatar\/f3b7ad3af540688955925ac610647be00b0cf41feea9c4978b73a707ee86bc53?s=96&d=mm&r=g","url":"https:\/\/secure.gravatar.com\/avatar\/f3b7ad3af540688955925ac610647be00b0cf41feea9c4978b73a707ee86bc53?s=96&d=mm&r=g","contentUrl":"https:\/\/secure.gravatar.com\/avatar\/f3b7ad3af540688955925ac610647be00b0cf41feea9c4978b73a707ee86bc53?s=96&d=mm&r=g","caption":"El Informativo Tam"}}]}},"_links":{"self":[{"href":"https:\/\/elinformativotam.com\/index.php\/wp-json\/wp\/v2\/posts\/49296","targetHints":{"allow":["GET"]}}],"collection":[{"href":"https:\/\/elinformativotam.com\/index.php\/wp-json\/wp\/v2\/posts"}],"about":[{"href":"https:\/\/elinformativotam.com\/index.php\/wp-json\/wp\/v2\/types\/post"}],"author":[{"embeddable":true,"href":"https:\/\/elinformativotam.com\/index.php\/wp-json\/wp\/v2\/users\/1"}],"replies":[{"embeddable":true,"href":"https:\/\/elinformativotam.com\/index.php\/wp-json\/wp\/v2\/comments?post=49296"}],"version-history":[{"count":1,"href":"https:\/\/elinformativotam.com\/index.php\/wp-json\/wp\/v2\/posts\/49296\/revisions"}],"predecessor-version":[{"id":49298,"href":"https:\/\/elinformativotam.com\/index.php\/wp-json\/wp\/v2\/posts\/49296\/revisions\/49298"}],"wp:featuredmedia":[{"embeddable":true,"href":"https:\/\/elinformativotam.com\/index.php\/wp-json\/wp\/v2\/media\/49297"}],"wp:attachment":[{"href":"https:\/\/elinformativotam.com\/index.php\/wp-json\/wp\/v2\/media?parent=49296"}],"wp:term":[{"taxonomy":"category","embeddable":true,"href":"https:\/\/elinformativotam.com\/index.php\/wp-json\/wp\/v2\/categories?post=49296"},{"taxonomy":"post_tag","embeddable":true,"href":"https:\/\/elinformativotam.com\/index.php\/wp-json\/wp\/v2\/tags?post=49296"}],"curies":[{"name":"wp","href":"https:\/\/api.w.org\/{rel}","templated":true}]}}