{"id":49294,"date":"2024-02-22T21:07:31","date_gmt":"2024-02-23T03:07:31","guid":{"rendered":"https:\/\/elinformativotam.com\/?p=49294"},"modified":"2024-02-22T21:07:31","modified_gmt":"2024-02-23T03:07:31","slug":"pide-pri-campana-blanca-en-tamaulipas","status":"publish","type":"post","link":"https:\/\/elinformativotam.com\/index.php\/2024\/02\/22\/pide-pri-campana-blanca-en-tamaulipas\/","title":{"rendered":"PIDE PRI CAMPA\u00d1A BLANCA EN TAMAULIPAS"},"content":{"rendered":"<h2 style=\"text-align: center;\"><em><span style=\"font-family: 'times new roman', times;\">*Sin Embargo Existen Municipios Complicados En El Tema Del Flagelo Social<\/span><\/em><\/h2>\n<p>&nbsp;<\/p>\n<p>&nbsp;<\/p>\n<p>El Presidente del CDM del PRI en Tampico Arturo Nu\u00f1ez Ru\u00edz, consider\u00f3 que s\u00ed hay algunos municipios donde las condiciones de seguridad son dif\u00edciles, sin embargo a\u00fan y con esto esperan, dijo, que se lleve a cabo una campa\u00f1a electoral blanca y sin contratiempos en el tema.<\/p>\n<p>&nbsp;<\/p>\n<p>Destac\u00f3, que el PRI est\u00e1 valorando las condiciones muy particulares que privan en cada uno de los municipios y realizar campa\u00f1a, ya que \u00e9ste es el principal fin por el cual participan en la contienda.<\/p>\n<p>&nbsp;<\/p>\n<p>&#8220;Queremos llevar la plataforma pol\u00edtica a todos los tamaulipecos, y en ese sentido vamos a buscar estar en todos los municipios, no sin antes revisar las condiciones que privan en cada uno&#8221;, dijo<\/p>\n<p>&nbsp;<\/p>\n<p>El representante del pri\u00edsmo en Tampico destac\u00f3 que todos los tamaulipecos merecen escuchar a todos los candidatos para de esta manera sopesar cada idea y propuesta en beneficio de las ciudades, distritos y el pa\u00eds.<\/p>\n<p>&nbsp;<\/p>\n<p>&#8220;Hay condiciones para que exista una campa\u00f1a tranquila, sin embargo es necesario analizar de manera detenida este aspecto principal y decidir en los pr\u00f3ximos d\u00edas&#8221;, acot\u00f3 el dirigente porte\u00f1o<\/p>\n<p>&nbsp;<\/p>\n<p>N\u00fa\u00f1ez, apunt\u00f3 que hasta el momento no han solicitado seguridad personal para los futuros abanderados, pues a\u00f1adi\u00f3 que nadie del PRI &#8220;ha hecho ning\u00fan mal a nadie, ni a la poblaci\u00f3n&#8221;, resalt\u00f3<\/p>\n<p>&nbsp;<\/p>\n<p>Finalmente, coment\u00f3 la necesidad de que el 2 de junio sea respetada la democracia con el voto libre y secreto en las urnas, empero sobre todo la voluntad del electorado y de lo que desea para los pr\u00f3ximos a\u00f1os en el \u00e1mbito local y nacional.<\/p>\n<p>&nbsp;<\/p>\n<p>&nbsp;<\/p>\n<p>&nbsp;<\/p>\n<p>&nbsp;<\/p>\n<p>&nbsp;<\/p>\n<p>&nbsp;<\/p>\n<p>&nbsp;<\/p>\n","protected":false},"excerpt":{"rendered":"<p>*Sin Embargo Existen Municipios Complicados En El Tema Del Flagelo Social &nbsp; &nbsp; El Presidente del CDM del PRI en&hellip;<\/p>\n","protected":false},"author":1,"featured_media":49288,"comment_status":"open","ping_status":"open","sticky":false,"template":"","format":"standard","meta":{"footnotes":""},"categories":[3],"tags":[],"class_list":["post-49294","post","type-post","status-publish","format-standard","has-post-thumbnail","hentry","category-tampico"],"yoast_head":"<!-- This site is optimized with the Yoast SEO plugin v27.5 - https:\/\/yoast.com\/product\/yoast-seo-wordpress\/ -->\n<title>PIDE PRI CAMPA\u00d1A BLANCA EN TAMAULIPAS - EL INFORMATIVO DE TAMAULIPAS<\/title>\n<meta name=\"description\" content=\"*Sin Embargo Existen Municipios Complicados En El Tema Del Flagelo Social &nbsp; &nbsp; El Presidente del CDM del PRI en Tampico Arturo Nu\u00f1ez Ru\u00edz,\" \/>\n<meta name=\"robots\" content=\"index, follow, max-snippet:-1, max-image-preview:large, max-video-preview:-1\" \/>\n<link rel=\"canonical\" href=\"https:\/\/elinformativotam.com\/index.php\/2024\/02\/22\/pide-pri-campana-blanca-en-tamaulipas\/\" \/>\n<meta property=\"og:locale\" content=\"es_MX\" \/>\n<meta property=\"og:type\" content=\"article\" \/>\n<meta property=\"og:title\" content=\"PIDE PRI CAMPA\u00d1A BLANCA EN TAMAULIPAS - EL INFORMATIVO DE TAMAULIPAS\" \/>\n<meta property=\"og:description\" content=\"*Sin Embargo Existen Municipios Complicados En El Tema Del Flagelo Social &nbsp; &nbsp; El Presidente del CDM del PRI en Tampico Arturo Nu\u00f1ez Ru\u00edz,\" \/>\n<meta property=\"og:url\" content=\"https:\/\/elinformativotam.com\/index.php\/2024\/02\/22\/pide-pri-campana-blanca-en-tamaulipas\/\" \/>\n<meta property=\"og:site_name\" content=\"EL INFORMATIVO DE TAMAULIPAS\" \/>\n<meta property=\"article:published_time\" content=\"2024-02-23T03:07:31+00:00\" \/>\n<meta property=\"og:image\" content=\"https:\/\/elinformativotam.com\/wp-content\/uploads\/2024\/02\/Arturo-Nunez.jpeg\" \/>\n\t<meta property=\"og:image:width\" content=\"1600\" \/>\n\t<meta property=\"og:image:height\" content=\"1204\" \/>\n\t<meta property=\"og:image:type\" content=\"image\/jpeg\" \/>\n<meta name=\"author\" content=\"El Informativo Tam\" \/>\n<meta name=\"twitter:card\" content=\"summary_large_image\" \/>\n<meta name=\"twitter:label1\" content=\"Escrito por\" \/>\n\t<meta name=\"twitter:data1\" content=\"El Informativo Tam\" \/>\n\t<meta name=\"twitter:label2\" content=\"Tiempo de lectura\" \/>\n\t<meta name=\"twitter:data2\" content=\"2 minutos\" \/>\n<script type=\"application\/ld+json\" class=\"yoast-schema-graph\">{\"@context\":\"https:\\\/\\\/schema.org\",\"@graph\":[{\"@type\":\"Article\",\"@id\":\"https:\\\/\\\/elinformativotam.com\\\/index.php\\\/2024\\\/02\\\/22\\\/pide-pri-campana-blanca-en-tamaulipas\\\/#article\",\"isPartOf\":{\"@id\":\"https:\\\/\\\/elinformativotam.com\\\/index.php\\\/2024\\\/02\\\/22\\\/pide-pri-campana-blanca-en-tamaulipas\\\/\"},\"author\":{\"name\":\"El Informativo Tam\",\"@id\":\"https:\\\/\\\/elinformativotam.com\\\/#\\\/schema\\\/person\\\/78e08040eed0f6110f0c5f83b6153590\"},\"headline\":\"PIDE PRI CAMPA\u00d1A BLANCA EN TAMAULIPAS\",\"datePublished\":\"2024-02-23T03:07:31+00:00\",\"mainEntityOfPage\":{\"@id\":\"https:\\\/\\\/elinformativotam.com\\\/index.php\\\/2024\\\/02\\\/22\\\/pide-pri-campana-blanca-en-tamaulipas\\\/\"},\"wordCount\":307,\"commentCount\":0,\"publisher\":{\"@id\":\"https:\\\/\\\/elinformativotam.com\\\/#organization\"},\"image\":{\"@id\":\"https:\\\/\\\/elinformativotam.com\\\/index.php\\\/2024\\\/02\\\/22\\\/pide-pri-campana-blanca-en-tamaulipas\\\/#primaryimage\"},\"thumbnailUrl\":\"https:\\\/\\\/elinformativotam.com\\\/wp-content\\\/uploads\\\/2024\\\/02\\\/Arturo-Nunez.jpeg\",\"articleSection\":[\"Tampico\"],\"inLanguage\":\"es\",\"potentialAction\":[{\"@type\":\"CommentAction\",\"name\":\"Comment\",\"target\":[\"https:\\\/\\\/elinformativotam.com\\\/index.php\\\/2024\\\/02\\\/22\\\/pide-pri-campana-blanca-en-tamaulipas\\\/#respond\"]}]},{\"@type\":\"WebPage\",\"@id\":\"https:\\\/\\\/elinformativotam.com\\\/index.php\\\/2024\\\/02\\\/22\\\/pide-pri-campana-blanca-en-tamaulipas\\\/\",\"url\":\"https:\\\/\\\/elinformativotam.com\\\/index.php\\\/2024\\\/02\\\/22\\\/pide-pri-campana-blanca-en-tamaulipas\\\/\",\"name\":\"PIDE PRI CAMPA\u00d1A BLANCA EN TAMAULIPAS - EL INFORMATIVO DE TAMAULIPAS\",\"isPartOf\":{\"@id\":\"https:\\\/\\\/elinformativotam.com\\\/#website\"},\"primaryImageOfPage\":{\"@id\":\"https:\\\/\\\/elinformativotam.com\\\/index.php\\\/2024\\\/02\\\/22\\\/pide-pri-campana-blanca-en-tamaulipas\\\/#primaryimage\"},\"image\":{\"@id\":\"https:\\\/\\\/elinformativotam.com\\\/index.php\\\/2024\\\/02\\\/22\\\/pide-pri-campana-blanca-en-tamaulipas\\\/#primaryimage\"},\"thumbnailUrl\":\"https:\\\/\\\/elinformativotam.com\\\/wp-content\\\/uploads\\\/2024\\\/02\\\/Arturo-Nunez.jpeg\",\"datePublished\":\"2024-02-23T03:07:31+00:00\",\"description\":\"*Sin Embargo Existen Municipios Complicados En El Tema Del Flagelo Social &nbsp; &nbsp; El Presidente del CDM del PRI en Tampico Arturo Nu\u00f1ez Ru\u00edz,\",\"inLanguage\":\"es\",\"potentialAction\":[{\"@type\":\"ReadAction\",\"target\":[\"https:\\\/\\\/elinformativotam.com\\\/index.php\\\/2024\\\/02\\\/22\\\/pide-pri-campana-blanca-en-tamaulipas\\\/\"]}]},{\"@type\":\"ImageObject\",\"inLanguage\":\"es\",\"@id\":\"https:\\\/\\\/elinformativotam.com\\\/index.php\\\/2024\\\/02\\\/22\\\/pide-pri-campana-blanca-en-tamaulipas\\\/#primaryimage\",\"url\":\"https:\\\/\\\/elinformativotam.com\\\/wp-content\\\/uploads\\\/2024\\\/02\\\/Arturo-Nunez.jpeg\",\"contentUrl\":\"https:\\\/\\\/elinformativotam.com\\\/wp-content\\\/uploads\\\/2024\\\/02\\\/Arturo-Nunez.jpeg\",\"width\":1600,\"height\":1204},{\"@type\":\"WebSite\",\"@id\":\"https:\\\/\\\/elinformativotam.com\\\/#website\",\"url\":\"https:\\\/\\\/elinformativotam.com\\\/\",\"name\":\"EL INFORMATIVO DE TAMAULIPAS\",\"description\":\"Desde la Zona Metropolitana Para Todo M\u00e9xico\",\"publisher\":{\"@id\":\"https:\\\/\\\/elinformativotam.com\\\/#organization\"},\"potentialAction\":[{\"@type\":\"SearchAction\",\"target\":{\"@type\":\"EntryPoint\",\"urlTemplate\":\"https:\\\/\\\/elinformativotam.com\\\/?s={search_term_string}\"},\"query-input\":{\"@type\":\"PropertyValueSpecification\",\"valueRequired\":true,\"valueName\":\"search_term_string\"}}],\"inLanguage\":\"es\"},{\"@type\":\"Organization\",\"@id\":\"https:\\\/\\\/elinformativotam.com\\\/#organization\",\"name\":\"EL INFORMATIVO DE TAMAULIPAS\",\"url\":\"https:\\\/\\\/elinformativotam.com\\\/\",\"logo\":{\"@type\":\"ImageObject\",\"inLanguage\":\"es\",\"@id\":\"https:\\\/\\\/elinformativotam.com\\\/#\\\/schema\\\/logo\\\/image\\\/\",\"url\":\"https:\\\/\\\/elinformativotam.com\\\/wp-content\\\/uploads\\\/2026\\\/02\\\/Cabezal.png\",\"contentUrl\":\"https:\\\/\\\/elinformativotam.com\\\/wp-content\\\/uploads\\\/2026\\\/02\\\/Cabezal.png\",\"width\":960,\"height\":640,\"caption\":\"EL INFORMATIVO DE TAMAULIPAS\"},\"image\":{\"@id\":\"https:\\\/\\\/elinformativotam.com\\\/#\\\/schema\\\/logo\\\/image\\\/\"}},{\"@type\":\"Person\",\"@id\":\"https:\\\/\\\/elinformativotam.com\\\/#\\\/schema\\\/person\\\/78e08040eed0f6110f0c5f83b6153590\",\"name\":\"El Informativo Tam\",\"image\":{\"@type\":\"ImageObject\",\"inLanguage\":\"es\",\"@id\":\"https:\\\/\\\/secure.gravatar.com\\\/avatar\\\/f3b7ad3af540688955925ac610647be00b0cf41feea9c4978b73a707ee86bc53?s=96&d=mm&r=g\",\"url\":\"https:\\\/\\\/secure.gravatar.com\\\/avatar\\\/f3b7ad3af540688955925ac610647be00b0cf41feea9c4978b73a707ee86bc53?s=96&d=mm&r=g\",\"contentUrl\":\"https:\\\/\\\/secure.gravatar.com\\\/avatar\\\/f3b7ad3af540688955925ac610647be00b0cf41feea9c4978b73a707ee86bc53?s=96&d=mm&r=g\",\"caption\":\"El Informativo Tam\"}}]}<\/script>\n<!-- \/ Yoast SEO plugin. -->","yoast_head_json":{"title":"PIDE PRI CAMPA\u00d1A BLANCA EN TAMAULIPAS - EL INFORMATIVO DE TAMAULIPAS","description":"*Sin Embargo Existen Municipios Complicados En El Tema Del Flagelo Social &nbsp; &nbsp; El Presidente del CDM del PRI en Tampico Arturo Nu\u00f1ez Ru\u00edz,","robots":{"index":"index","follow":"follow","max-snippet":"max-snippet:-1","max-image-preview":"max-image-preview:large","max-video-preview":"max-video-preview:-1"},"canonical":"https:\/\/elinformativotam.com\/index.php\/2024\/02\/22\/pide-pri-campana-blanca-en-tamaulipas\/","og_locale":"es_MX","og_type":"article","og_title":"PIDE PRI CAMPA\u00d1A BLANCA EN TAMAULIPAS - EL INFORMATIVO DE TAMAULIPAS","og_description":"*Sin Embargo Existen Municipios Complicados En El Tema Del Flagelo Social &nbsp; &nbsp; El Presidente del CDM del PRI en Tampico Arturo Nu\u00f1ez Ru\u00edz,","og_url":"https:\/\/elinformativotam.com\/index.php\/2024\/02\/22\/pide-pri-campana-blanca-en-tamaulipas\/","og_site_name":"EL INFORMATIVO DE TAMAULIPAS","article_published_time":"2024-02-23T03:07:31+00:00","og_image":[{"width":1600,"height":1204,"url":"https:\/\/elinformativotam.com\/wp-content\/uploads\/2024\/02\/Arturo-Nunez.jpeg","type":"image\/jpeg"}],"author":"El Informativo Tam","twitter_card":"summary_large_image","twitter_misc":{"Escrito por":"El Informativo Tam","Tiempo de lectura":"2 minutos"},"schema":{"@context":"https:\/\/schema.org","@graph":[{"@type":"Article","@id":"https:\/\/elinformativotam.com\/index.php\/2024\/02\/22\/pide-pri-campana-blanca-en-tamaulipas\/#article","isPartOf":{"@id":"https:\/\/elinformativotam.com\/index.php\/2024\/02\/22\/pide-pri-campana-blanca-en-tamaulipas\/"},"author":{"name":"El Informativo Tam","@id":"https:\/\/elinformativotam.com\/#\/schema\/person\/78e08040eed0f6110f0c5f83b6153590"},"headline":"PIDE PRI CAMPA\u00d1A BLANCA EN TAMAULIPAS","datePublished":"2024-02-23T03:07:31+00:00","mainEntityOfPage":{"@id":"https:\/\/elinformativotam.com\/index.php\/2024\/02\/22\/pide-pri-campana-blanca-en-tamaulipas\/"},"wordCount":307,"commentCount":0,"publisher":{"@id":"https:\/\/elinformativotam.com\/#organization"},"image":{"@id":"https:\/\/elinformativotam.com\/index.php\/2024\/02\/22\/pide-pri-campana-blanca-en-tamaulipas\/#primaryimage"},"thumbnailUrl":"https:\/\/elinformativotam.com\/wp-content\/uploads\/2024\/02\/Arturo-Nunez.jpeg","articleSection":["Tampico"],"inLanguage":"es","potentialAction":[{"@type":"CommentAction","name":"Comment","target":["https:\/\/elinformativotam.com\/index.php\/2024\/02\/22\/pide-pri-campana-blanca-en-tamaulipas\/#respond"]}]},{"@type":"WebPage","@id":"https:\/\/elinformativotam.com\/index.php\/2024\/02\/22\/pide-pri-campana-blanca-en-tamaulipas\/","url":"https:\/\/elinformativotam.com\/index.php\/2024\/02\/22\/pide-pri-campana-blanca-en-tamaulipas\/","name":"PIDE PRI CAMPA\u00d1A BLANCA EN TAMAULIPAS - EL INFORMATIVO DE TAMAULIPAS","isPartOf":{"@id":"https:\/\/elinformativotam.com\/#website"},"primaryImageOfPage":{"@id":"https:\/\/elinformativotam.com\/index.php\/2024\/02\/22\/pide-pri-campana-blanca-en-tamaulipas\/#primaryimage"},"image":{"@id":"https:\/\/elinformativotam.com\/index.php\/2024\/02\/22\/pide-pri-campana-blanca-en-tamaulipas\/#primaryimage"},"thumbnailUrl":"https:\/\/elinformativotam.com\/wp-content\/uploads\/2024\/02\/Arturo-Nunez.jpeg","datePublished":"2024-02-23T03:07:31+00:00","description":"*Sin Embargo Existen Municipios Complicados En El Tema Del Flagelo Social &nbsp; &nbsp; El Presidente del CDM del PRI en Tampico Arturo Nu\u00f1ez Ru\u00edz,","inLanguage":"es","potentialAction":[{"@type":"ReadAction","target":["https:\/\/elinformativotam.com\/index.php\/2024\/02\/22\/pide-pri-campana-blanca-en-tamaulipas\/"]}]},{"@type":"ImageObject","inLanguage":"es","@id":"https:\/\/elinformativotam.com\/index.php\/2024\/02\/22\/pide-pri-campana-blanca-en-tamaulipas\/#primaryimage","url":"https:\/\/elinformativotam.com\/wp-content\/uploads\/2024\/02\/Arturo-Nunez.jpeg","contentUrl":"https:\/\/elinformativotam.com\/wp-content\/uploads\/2024\/02\/Arturo-Nunez.jpeg","width":1600,"height":1204},{"@type":"WebSite","@id":"https:\/\/elinformativotam.com\/#website","url":"https:\/\/elinformativotam.com\/","name":"EL INFORMATIVO DE TAMAULIPAS","description":"Desde la Zona Metropolitana Para Todo M\u00e9xico","publisher":{"@id":"https:\/\/elinformativotam.com\/#organization"},"potentialAction":[{"@type":"SearchAction","target":{"@type":"EntryPoint","urlTemplate":"https:\/\/elinformativotam.com\/?s={search_term_string}"},"query-input":{"@type":"PropertyValueSpecification","valueRequired":true,"valueName":"search_term_string"}}],"inLanguage":"es"},{"@type":"Organization","@id":"https:\/\/elinformativotam.com\/#organization","name":"EL INFORMATIVO DE TAMAULIPAS","url":"https:\/\/elinformativotam.com\/","logo":{"@type":"ImageObject","inLanguage":"es","@id":"https:\/\/elinformativotam.com\/#\/schema\/logo\/image\/","url":"https:\/\/elinformativotam.com\/wp-content\/uploads\/2026\/02\/Cabezal.png","contentUrl":"https:\/\/elinformativotam.com\/wp-content\/uploads\/2026\/02\/Cabezal.png","width":960,"height":640,"caption":"EL INFORMATIVO DE TAMAULIPAS"},"image":{"@id":"https:\/\/elinformativotam.com\/#\/schema\/logo\/image\/"}},{"@type":"Person","@id":"https:\/\/elinformativotam.com\/#\/schema\/person\/78e08040eed0f6110f0c5f83b6153590","name":"El Informativo Tam","image":{"@type":"ImageObject","inLanguage":"es","@id":"https:\/\/secure.gravatar.com\/avatar\/f3b7ad3af540688955925ac610647be00b0cf41feea9c4978b73a707ee86bc53?s=96&d=mm&r=g","url":"https:\/\/secure.gravatar.com\/avatar\/f3b7ad3af540688955925ac610647be00b0cf41feea9c4978b73a707ee86bc53?s=96&d=mm&r=g","contentUrl":"https:\/\/secure.gravatar.com\/avatar\/f3b7ad3af540688955925ac610647be00b0cf41feea9c4978b73a707ee86bc53?s=96&d=mm&r=g","caption":"El Informativo Tam"}}]}},"_links":{"self":[{"href":"https:\/\/elinformativotam.com\/index.php\/wp-json\/wp\/v2\/posts\/49294","targetHints":{"allow":["GET"]}}],"collection":[{"href":"https:\/\/elinformativotam.com\/index.php\/wp-json\/wp\/v2\/posts"}],"about":[{"href":"https:\/\/elinformativotam.com\/index.php\/wp-json\/wp\/v2\/types\/post"}],"author":[{"embeddable":true,"href":"https:\/\/elinformativotam.com\/index.php\/wp-json\/wp\/v2\/users\/1"}],"replies":[{"embeddable":true,"href":"https:\/\/elinformativotam.com\/index.php\/wp-json\/wp\/v2\/comments?post=49294"}],"version-history":[{"count":1,"href":"https:\/\/elinformativotam.com\/index.php\/wp-json\/wp\/v2\/posts\/49294\/revisions"}],"predecessor-version":[{"id":49295,"href":"https:\/\/elinformativotam.com\/index.php\/wp-json\/wp\/v2\/posts\/49294\/revisions\/49295"}],"wp:featuredmedia":[{"embeddable":true,"href":"https:\/\/elinformativotam.com\/index.php\/wp-json\/wp\/v2\/media\/49288"}],"wp:attachment":[{"href":"https:\/\/elinformativotam.com\/index.php\/wp-json\/wp\/v2\/media?parent=49294"}],"wp:term":[{"taxonomy":"category","embeddable":true,"href":"https:\/\/elinformativotam.com\/index.php\/wp-json\/wp\/v2\/categories?post=49294"},{"taxonomy":"post_tag","embeddable":true,"href":"https:\/\/elinformativotam.com\/index.php\/wp-json\/wp\/v2\/tags?post=49294"}],"curies":[{"name":"wp","href":"https:\/\/api.w.org\/{rel}","templated":true}]}}