{"id":49292,"date":"2024-02-22T21:06:40","date_gmt":"2024-02-23T03:06:40","guid":{"rendered":"https:\/\/elinformativotam.com\/?p=49292"},"modified":"2024-02-22T21:06:40","modified_gmt":"2024-02-23T03:06:40","slug":"discapacitados-visuales-seran-observadores-electorales-con-sistema-braille","status":"publish","type":"post","link":"https:\/\/elinformativotam.com\/index.php\/2024\/02\/22\/discapacitados-visuales-seran-observadores-electorales-con-sistema-braille\/","title":{"rendered":"DISCAPACITADOS VISUALES SER\u00c1N OBSERVADORES ELECTORALES CON SISTEMA BRAILLE"},"content":{"rendered":"<h2 style=\"text-align: center;\"><em><span style=\"font-family: 'times new roman', times;\">*En El 8 Distrito Se Espera Que La Participaci\u00f3n Sea Importante<\/span><\/em><\/h2>\n<p>&nbsp;<\/p>\n<p>&nbsp;<\/p>\n<p>El Consejo General del INE emiti\u00f3 un instructivo braille en la convocatoria hacia la poblaci\u00f3n con discapacidad visual, que pretenda participar como observador electoral en la elecci\u00f3n del 2 de Junio.<\/p>\n<p>&nbsp;<\/p>\n<p>Al respecto, la Presidenta del Consejo Distrital 8 con sede en Tampico, Mar\u00eda de la Luz Espinoza Hern\u00e1ndez, se\u00f1al\u00f3 que \u00e9sta medida es hist\u00f3rica en el \u00f3rgano electoral, ya que es la primera ocasi\u00f3n que las personas con discapacidad visual vayan a participar en la elecci\u00f3n concurrente.<\/p>\n<p>&nbsp;<\/p>\n<p>Explic\u00f3 que mediante un instructivo braille dise\u00f1ado en el INE ya est\u00e1 siendo diseminado en los 300 distritos electorales y de esta manera enfocarlo hacia ese sector poblacional.<\/p>\n<p>&nbsp;<\/p>\n<p>Detall\u00f3 que esta medida se elabor\u00f3 en base a una recomendaci\u00f3n del Tribunal Electoral del Poder Judicial de la Federaci\u00f3n, derivado de un juicio para la protecci\u00f3n de los derechos pol\u00edticos electorales de ese sector vulnerable.<\/p>\n<p>&nbsp;<\/p>\n<p>&#8220;Se determin\u00f3 que las personas con discapacidad gozan de las mismas libertades y derechos, as\u00ed como un enfoque diferenciado que atiende a sus necesidades propias, al tratarse de un grupo de atenci\u00f3n prioritaria&#8221;, dijo<\/p>\n<p>&nbsp;<\/p>\n<p>Espinoza, subray\u00f3 que la Direcci\u00f3n Ejecutiva de Organizaci\u00f3n Electoral fue qui\u00e9n elabor\u00f3 dichas plantillas con el apoyo de la Unidad T\u00e9cnica de Igualdad de G\u00e9nero y no Discriminaci\u00f3n.<\/p>\n<p>&nbsp;<\/p>\n<p>Resalt\u00f3 que el consejo distrital 8 ya cuenta con un protocolo para atender las solicitudes de las personas interesadas, que abarca en proporcionar la solicitud, impartir curso y la debida acreditaci\u00f3n.<\/p>\n<p>&nbsp;<\/p>\n","protected":false},"excerpt":{"rendered":"<p>*En El 8 Distrito Se Espera Que La Participaci\u00f3n Sea Importante &nbsp; &nbsp; El Consejo General del INE emiti\u00f3 un&hellip;<\/p>\n","protected":false},"author":1,"featured_media":49289,"comment_status":"open","ping_status":"open","sticky":false,"template":"","format":"standard","meta":{"footnotes":""},"categories":[3],"tags":[],"class_list":["post-49292","post","type-post","status-publish","format-standard","has-post-thumbnail","hentry","category-tampico"],"yoast_head":"<!-- This site is optimized with the Yoast SEO plugin v27.5 - https:\/\/yoast.com\/product\/yoast-seo-wordpress\/ -->\n<title>DISCAPACITADOS VISUALES SER\u00c1N OBSERVADORES ELECTORALES CON SISTEMA BRAILLE - EL INFORMATIVO DE TAMAULIPAS<\/title>\n<meta name=\"description\" content=\"*En El 8 Distrito Se Espera Que La Participaci\u00f3n Sea Importante &nbsp; &nbsp; El Consejo General del INE emiti\u00f3 un instructivo braille en la convocatoria\" \/>\n<meta name=\"robots\" content=\"index, follow, max-snippet:-1, max-image-preview:large, max-video-preview:-1\" \/>\n<link rel=\"canonical\" href=\"https:\/\/elinformativotam.com\/index.php\/2024\/02\/22\/discapacitados-visuales-seran-observadores-electorales-con-sistema-braille\/\" \/>\n<meta property=\"og:locale\" content=\"es_MX\" \/>\n<meta property=\"og:type\" content=\"article\" \/>\n<meta property=\"og:title\" content=\"DISCAPACITADOS VISUALES SER\u00c1N OBSERVADORES ELECTORALES CON SISTEMA BRAILLE - EL INFORMATIVO DE TAMAULIPAS\" \/>\n<meta property=\"og:description\" content=\"*En El 8 Distrito Se Espera Que La Participaci\u00f3n Sea Importante &nbsp; &nbsp; El Consejo General del INE emiti\u00f3 un instructivo braille en la convocatoria\" \/>\n<meta property=\"og:url\" content=\"https:\/\/elinformativotam.com\/index.php\/2024\/02\/22\/discapacitados-visuales-seran-observadores-electorales-con-sistema-braille\/\" \/>\n<meta property=\"og:site_name\" content=\"EL INFORMATIVO DE TAMAULIPAS\" \/>\n<meta property=\"article:published_time\" content=\"2024-02-23T03:06:40+00:00\" \/>\n<meta property=\"og:image\" content=\"https:\/\/elinformativotam.com\/wp-content\/uploads\/2024\/02\/Maria-de-la-LUz.jpeg\" \/>\n\t<meta property=\"og:image:width\" content=\"1600\" \/>\n\t<meta property=\"og:image:height\" content=\"1204\" \/>\n\t<meta property=\"og:image:type\" content=\"image\/jpeg\" \/>\n<meta name=\"author\" content=\"El Informativo Tam\" \/>\n<meta name=\"twitter:card\" content=\"summary_large_image\" \/>\n<meta name=\"twitter:label1\" content=\"Escrito por\" \/>\n\t<meta name=\"twitter:data1\" content=\"El Informativo Tam\" \/>\n\t<meta name=\"twitter:label2\" content=\"Tiempo de lectura\" \/>\n\t<meta name=\"twitter:data2\" content=\"2 minutos\" \/>\n<script type=\"application\/ld+json\" class=\"yoast-schema-graph\">{\"@context\":\"https:\\\/\\\/schema.org\",\"@graph\":[{\"@type\":\"Article\",\"@id\":\"https:\\\/\\\/elinformativotam.com\\\/index.php\\\/2024\\\/02\\\/22\\\/discapacitados-visuales-seran-observadores-electorales-con-sistema-braille\\\/#article\",\"isPartOf\":{\"@id\":\"https:\\\/\\\/elinformativotam.com\\\/index.php\\\/2024\\\/02\\\/22\\\/discapacitados-visuales-seran-observadores-electorales-con-sistema-braille\\\/\"},\"author\":{\"name\":\"El Informativo Tam\",\"@id\":\"https:\\\/\\\/elinformativotam.com\\\/#\\\/schema\\\/person\\\/78e08040eed0f6110f0c5f83b6153590\"},\"headline\":\"DISCAPACITADOS VISUALES SER\u00c1N OBSERVADORES ELECTORALES CON SISTEMA BRAILLE\",\"datePublished\":\"2024-02-23T03:06:40+00:00\",\"mainEntityOfPage\":{\"@id\":\"https:\\\/\\\/elinformativotam.com\\\/index.php\\\/2024\\\/02\\\/22\\\/discapacitados-visuales-seran-observadores-electorales-con-sistema-braille\\\/\"},\"wordCount\":281,\"commentCount\":0,\"publisher\":{\"@id\":\"https:\\\/\\\/elinformativotam.com\\\/#organization\"},\"image\":{\"@id\":\"https:\\\/\\\/elinformativotam.com\\\/index.php\\\/2024\\\/02\\\/22\\\/discapacitados-visuales-seran-observadores-electorales-con-sistema-braille\\\/#primaryimage\"},\"thumbnailUrl\":\"https:\\\/\\\/elinformativotam.com\\\/wp-content\\\/uploads\\\/2024\\\/02\\\/Maria-de-la-LUz.jpeg\",\"articleSection\":[\"Tampico\"],\"inLanguage\":\"es\",\"potentialAction\":[{\"@type\":\"CommentAction\",\"name\":\"Comment\",\"target\":[\"https:\\\/\\\/elinformativotam.com\\\/index.php\\\/2024\\\/02\\\/22\\\/discapacitados-visuales-seran-observadores-electorales-con-sistema-braille\\\/#respond\"]}]},{\"@type\":\"WebPage\",\"@id\":\"https:\\\/\\\/elinformativotam.com\\\/index.php\\\/2024\\\/02\\\/22\\\/discapacitados-visuales-seran-observadores-electorales-con-sistema-braille\\\/\",\"url\":\"https:\\\/\\\/elinformativotam.com\\\/index.php\\\/2024\\\/02\\\/22\\\/discapacitados-visuales-seran-observadores-electorales-con-sistema-braille\\\/\",\"name\":\"DISCAPACITADOS VISUALES SER\u00c1N OBSERVADORES ELECTORALES CON SISTEMA BRAILLE - EL INFORMATIVO DE TAMAULIPAS\",\"isPartOf\":{\"@id\":\"https:\\\/\\\/elinformativotam.com\\\/#website\"},\"primaryImageOfPage\":{\"@id\":\"https:\\\/\\\/elinformativotam.com\\\/index.php\\\/2024\\\/02\\\/22\\\/discapacitados-visuales-seran-observadores-electorales-con-sistema-braille\\\/#primaryimage\"},\"image\":{\"@id\":\"https:\\\/\\\/elinformativotam.com\\\/index.php\\\/2024\\\/02\\\/22\\\/discapacitados-visuales-seran-observadores-electorales-con-sistema-braille\\\/#primaryimage\"},\"thumbnailUrl\":\"https:\\\/\\\/elinformativotam.com\\\/wp-content\\\/uploads\\\/2024\\\/02\\\/Maria-de-la-LUz.jpeg\",\"datePublished\":\"2024-02-23T03:06:40+00:00\",\"description\":\"*En El 8 Distrito Se Espera Que La Participaci\u00f3n Sea Importante &nbsp; &nbsp; El Consejo General del INE emiti\u00f3 un instructivo braille en la convocatoria\",\"inLanguage\":\"es\",\"potentialAction\":[{\"@type\":\"ReadAction\",\"target\":[\"https:\\\/\\\/elinformativotam.com\\\/index.php\\\/2024\\\/02\\\/22\\\/discapacitados-visuales-seran-observadores-electorales-con-sistema-braille\\\/\"]}]},{\"@type\":\"ImageObject\",\"inLanguage\":\"es\",\"@id\":\"https:\\\/\\\/elinformativotam.com\\\/index.php\\\/2024\\\/02\\\/22\\\/discapacitados-visuales-seran-observadores-electorales-con-sistema-braille\\\/#primaryimage\",\"url\":\"https:\\\/\\\/elinformativotam.com\\\/wp-content\\\/uploads\\\/2024\\\/02\\\/Maria-de-la-LUz.jpeg\",\"contentUrl\":\"https:\\\/\\\/elinformativotam.com\\\/wp-content\\\/uploads\\\/2024\\\/02\\\/Maria-de-la-LUz.jpeg\",\"width\":1600,\"height\":1204},{\"@type\":\"WebSite\",\"@id\":\"https:\\\/\\\/elinformativotam.com\\\/#website\",\"url\":\"https:\\\/\\\/elinformativotam.com\\\/\",\"name\":\"EL INFORMATIVO DE TAMAULIPAS\",\"description\":\"Desde la Zona Metropolitana Para Todo M\u00e9xico\",\"publisher\":{\"@id\":\"https:\\\/\\\/elinformativotam.com\\\/#organization\"},\"potentialAction\":[{\"@type\":\"SearchAction\",\"target\":{\"@type\":\"EntryPoint\",\"urlTemplate\":\"https:\\\/\\\/elinformativotam.com\\\/?s={search_term_string}\"},\"query-input\":{\"@type\":\"PropertyValueSpecification\",\"valueRequired\":true,\"valueName\":\"search_term_string\"}}],\"inLanguage\":\"es\"},{\"@type\":\"Organization\",\"@id\":\"https:\\\/\\\/elinformativotam.com\\\/#organization\",\"name\":\"EL INFORMATIVO DE TAMAULIPAS\",\"url\":\"https:\\\/\\\/elinformativotam.com\\\/\",\"logo\":{\"@type\":\"ImageObject\",\"inLanguage\":\"es\",\"@id\":\"https:\\\/\\\/elinformativotam.com\\\/#\\\/schema\\\/logo\\\/image\\\/\",\"url\":\"https:\\\/\\\/elinformativotam.com\\\/wp-content\\\/uploads\\\/2026\\\/02\\\/Cabezal.png\",\"contentUrl\":\"https:\\\/\\\/elinformativotam.com\\\/wp-content\\\/uploads\\\/2026\\\/02\\\/Cabezal.png\",\"width\":960,\"height\":640,\"caption\":\"EL INFORMATIVO DE TAMAULIPAS\"},\"image\":{\"@id\":\"https:\\\/\\\/elinformativotam.com\\\/#\\\/schema\\\/logo\\\/image\\\/\"}},{\"@type\":\"Person\",\"@id\":\"https:\\\/\\\/elinformativotam.com\\\/#\\\/schema\\\/person\\\/78e08040eed0f6110f0c5f83b6153590\",\"name\":\"El Informativo Tam\",\"image\":{\"@type\":\"ImageObject\",\"inLanguage\":\"es\",\"@id\":\"https:\\\/\\\/secure.gravatar.com\\\/avatar\\\/f3b7ad3af540688955925ac610647be00b0cf41feea9c4978b73a707ee86bc53?s=96&d=mm&r=g\",\"url\":\"https:\\\/\\\/secure.gravatar.com\\\/avatar\\\/f3b7ad3af540688955925ac610647be00b0cf41feea9c4978b73a707ee86bc53?s=96&d=mm&r=g\",\"contentUrl\":\"https:\\\/\\\/secure.gravatar.com\\\/avatar\\\/f3b7ad3af540688955925ac610647be00b0cf41feea9c4978b73a707ee86bc53?s=96&d=mm&r=g\",\"caption\":\"El Informativo Tam\"}}]}<\/script>\n<!-- \/ Yoast SEO plugin. -->","yoast_head_json":{"title":"DISCAPACITADOS VISUALES SER\u00c1N OBSERVADORES ELECTORALES CON SISTEMA BRAILLE - EL INFORMATIVO DE TAMAULIPAS","description":"*En El 8 Distrito Se Espera Que La Participaci\u00f3n Sea Importante &nbsp; &nbsp; El Consejo General del INE emiti\u00f3 un instructivo braille en la convocatoria","robots":{"index":"index","follow":"follow","max-snippet":"max-snippet:-1","max-image-preview":"max-image-preview:large","max-video-preview":"max-video-preview:-1"},"canonical":"https:\/\/elinformativotam.com\/index.php\/2024\/02\/22\/discapacitados-visuales-seran-observadores-electorales-con-sistema-braille\/","og_locale":"es_MX","og_type":"article","og_title":"DISCAPACITADOS VISUALES SER\u00c1N OBSERVADORES ELECTORALES CON SISTEMA BRAILLE - EL INFORMATIVO DE TAMAULIPAS","og_description":"*En El 8 Distrito Se Espera Que La Participaci\u00f3n Sea Importante &nbsp; &nbsp; El Consejo General del INE emiti\u00f3 un instructivo braille en la convocatoria","og_url":"https:\/\/elinformativotam.com\/index.php\/2024\/02\/22\/discapacitados-visuales-seran-observadores-electorales-con-sistema-braille\/","og_site_name":"EL INFORMATIVO DE TAMAULIPAS","article_published_time":"2024-02-23T03:06:40+00:00","og_image":[{"width":1600,"height":1204,"url":"https:\/\/elinformativotam.com\/wp-content\/uploads\/2024\/02\/Maria-de-la-LUz.jpeg","type":"image\/jpeg"}],"author":"El Informativo Tam","twitter_card":"summary_large_image","twitter_misc":{"Escrito por":"El Informativo Tam","Tiempo de lectura":"2 minutos"},"schema":{"@context":"https:\/\/schema.org","@graph":[{"@type":"Article","@id":"https:\/\/elinformativotam.com\/index.php\/2024\/02\/22\/discapacitados-visuales-seran-observadores-electorales-con-sistema-braille\/#article","isPartOf":{"@id":"https:\/\/elinformativotam.com\/index.php\/2024\/02\/22\/discapacitados-visuales-seran-observadores-electorales-con-sistema-braille\/"},"author":{"name":"El Informativo Tam","@id":"https:\/\/elinformativotam.com\/#\/schema\/person\/78e08040eed0f6110f0c5f83b6153590"},"headline":"DISCAPACITADOS VISUALES SER\u00c1N OBSERVADORES ELECTORALES CON SISTEMA BRAILLE","datePublished":"2024-02-23T03:06:40+00:00","mainEntityOfPage":{"@id":"https:\/\/elinformativotam.com\/index.php\/2024\/02\/22\/discapacitados-visuales-seran-observadores-electorales-con-sistema-braille\/"},"wordCount":281,"commentCount":0,"publisher":{"@id":"https:\/\/elinformativotam.com\/#organization"},"image":{"@id":"https:\/\/elinformativotam.com\/index.php\/2024\/02\/22\/discapacitados-visuales-seran-observadores-electorales-con-sistema-braille\/#primaryimage"},"thumbnailUrl":"https:\/\/elinformativotam.com\/wp-content\/uploads\/2024\/02\/Maria-de-la-LUz.jpeg","articleSection":["Tampico"],"inLanguage":"es","potentialAction":[{"@type":"CommentAction","name":"Comment","target":["https:\/\/elinformativotam.com\/index.php\/2024\/02\/22\/discapacitados-visuales-seran-observadores-electorales-con-sistema-braille\/#respond"]}]},{"@type":"WebPage","@id":"https:\/\/elinformativotam.com\/index.php\/2024\/02\/22\/discapacitados-visuales-seran-observadores-electorales-con-sistema-braille\/","url":"https:\/\/elinformativotam.com\/index.php\/2024\/02\/22\/discapacitados-visuales-seran-observadores-electorales-con-sistema-braille\/","name":"DISCAPACITADOS VISUALES SER\u00c1N OBSERVADORES ELECTORALES CON SISTEMA BRAILLE - EL INFORMATIVO DE TAMAULIPAS","isPartOf":{"@id":"https:\/\/elinformativotam.com\/#website"},"primaryImageOfPage":{"@id":"https:\/\/elinformativotam.com\/index.php\/2024\/02\/22\/discapacitados-visuales-seran-observadores-electorales-con-sistema-braille\/#primaryimage"},"image":{"@id":"https:\/\/elinformativotam.com\/index.php\/2024\/02\/22\/discapacitados-visuales-seran-observadores-electorales-con-sistema-braille\/#primaryimage"},"thumbnailUrl":"https:\/\/elinformativotam.com\/wp-content\/uploads\/2024\/02\/Maria-de-la-LUz.jpeg","datePublished":"2024-02-23T03:06:40+00:00","description":"*En El 8 Distrito Se Espera Que La Participaci\u00f3n Sea Importante &nbsp; &nbsp; El Consejo General del INE emiti\u00f3 un instructivo braille en la convocatoria","inLanguage":"es","potentialAction":[{"@type":"ReadAction","target":["https:\/\/elinformativotam.com\/index.php\/2024\/02\/22\/discapacitados-visuales-seran-observadores-electorales-con-sistema-braille\/"]}]},{"@type":"ImageObject","inLanguage":"es","@id":"https:\/\/elinformativotam.com\/index.php\/2024\/02\/22\/discapacitados-visuales-seran-observadores-electorales-con-sistema-braille\/#primaryimage","url":"https:\/\/elinformativotam.com\/wp-content\/uploads\/2024\/02\/Maria-de-la-LUz.jpeg","contentUrl":"https:\/\/elinformativotam.com\/wp-content\/uploads\/2024\/02\/Maria-de-la-LUz.jpeg","width":1600,"height":1204},{"@type":"WebSite","@id":"https:\/\/elinformativotam.com\/#website","url":"https:\/\/elinformativotam.com\/","name":"EL INFORMATIVO DE TAMAULIPAS","description":"Desde la Zona Metropolitana Para Todo M\u00e9xico","publisher":{"@id":"https:\/\/elinformativotam.com\/#organization"},"potentialAction":[{"@type":"SearchAction","target":{"@type":"EntryPoint","urlTemplate":"https:\/\/elinformativotam.com\/?s={search_term_string}"},"query-input":{"@type":"PropertyValueSpecification","valueRequired":true,"valueName":"search_term_string"}}],"inLanguage":"es"},{"@type":"Organization","@id":"https:\/\/elinformativotam.com\/#organization","name":"EL INFORMATIVO DE TAMAULIPAS","url":"https:\/\/elinformativotam.com\/","logo":{"@type":"ImageObject","inLanguage":"es","@id":"https:\/\/elinformativotam.com\/#\/schema\/logo\/image\/","url":"https:\/\/elinformativotam.com\/wp-content\/uploads\/2026\/02\/Cabezal.png","contentUrl":"https:\/\/elinformativotam.com\/wp-content\/uploads\/2026\/02\/Cabezal.png","width":960,"height":640,"caption":"EL INFORMATIVO DE TAMAULIPAS"},"image":{"@id":"https:\/\/elinformativotam.com\/#\/schema\/logo\/image\/"}},{"@type":"Person","@id":"https:\/\/elinformativotam.com\/#\/schema\/person\/78e08040eed0f6110f0c5f83b6153590","name":"El Informativo Tam","image":{"@type":"ImageObject","inLanguage":"es","@id":"https:\/\/secure.gravatar.com\/avatar\/f3b7ad3af540688955925ac610647be00b0cf41feea9c4978b73a707ee86bc53?s=96&d=mm&r=g","url":"https:\/\/secure.gravatar.com\/avatar\/f3b7ad3af540688955925ac610647be00b0cf41feea9c4978b73a707ee86bc53?s=96&d=mm&r=g","contentUrl":"https:\/\/secure.gravatar.com\/avatar\/f3b7ad3af540688955925ac610647be00b0cf41feea9c4978b73a707ee86bc53?s=96&d=mm&r=g","caption":"El Informativo Tam"}}]}},"_links":{"self":[{"href":"https:\/\/elinformativotam.com\/index.php\/wp-json\/wp\/v2\/posts\/49292","targetHints":{"allow":["GET"]}}],"collection":[{"href":"https:\/\/elinformativotam.com\/index.php\/wp-json\/wp\/v2\/posts"}],"about":[{"href":"https:\/\/elinformativotam.com\/index.php\/wp-json\/wp\/v2\/types\/post"}],"author":[{"embeddable":true,"href":"https:\/\/elinformativotam.com\/index.php\/wp-json\/wp\/v2\/users\/1"}],"replies":[{"embeddable":true,"href":"https:\/\/elinformativotam.com\/index.php\/wp-json\/wp\/v2\/comments?post=49292"}],"version-history":[{"count":1,"href":"https:\/\/elinformativotam.com\/index.php\/wp-json\/wp\/v2\/posts\/49292\/revisions"}],"predecessor-version":[{"id":49293,"href":"https:\/\/elinformativotam.com\/index.php\/wp-json\/wp\/v2\/posts\/49292\/revisions\/49293"}],"wp:featuredmedia":[{"embeddable":true,"href":"https:\/\/elinformativotam.com\/index.php\/wp-json\/wp\/v2\/media\/49289"}],"wp:attachment":[{"href":"https:\/\/elinformativotam.com\/index.php\/wp-json\/wp\/v2\/media?parent=49292"}],"wp:term":[{"taxonomy":"category","embeddable":true,"href":"https:\/\/elinformativotam.com\/index.php\/wp-json\/wp\/v2\/categories?post=49292"},{"taxonomy":"post_tag","embeddable":true,"href":"https:\/\/elinformativotam.com\/index.php\/wp-json\/wp\/v2\/tags?post=49292"}],"curies":[{"name":"wp","href":"https:\/\/api.w.org\/{rel}","templated":true}]}}