{"id":49284,"date":"2024-02-22T20:56:13","date_gmt":"2024-02-23T02:56:13","guid":{"rendered":"https:\/\/elinformativotam.com\/?p=49284"},"modified":"2024-02-22T20:56:13","modified_gmt":"2024-02-23T02:56:13","slug":"en-unidad-se-registran-olga-sosa-y-jr-al-senado-con-el-respaldo-de-aspirantes-a-diputados-federales-por-morena","status":"publish","type":"post","link":"https:\/\/elinformativotam.com\/index.php\/2024\/02\/22\/en-unidad-se-registran-olga-sosa-y-jr-al-senado-con-el-respaldo-de-aspirantes-a-diputados-federales-por-morena\/","title":{"rendered":"EN UNIDAD, SE REGISTRAN OLGA SOSA Y JR AL SENADO, CON EL RESPALDO DE ASPIRANTES A DIPUTADOS FEDERALES POR MORENA."},"content":{"rendered":"<h2 style=\"text-align: center;\"><em><span style=\"font-family: 'times new roman', times;\">*En Morena Realizaremos Una Campa\u00f1a Con Comunicaci\u00f3n Permanente Con La Ciudadan\u00eda, Porque En Morena El Pueblo Manda: Sosa Ru\u00edz.<\/span><\/em><\/h2>\n<p>&nbsp;<\/p>\n<p>Ciudad Victoria.- Olga Patricia Sosa Ru\u00edz y Jos\u00e9 Ram\u00f3n G\u00f3mez Leal, se registraron este jueves como candidatos al Senado de la Rep\u00fablica por Morena, siendo acompa\u00f1ados por los aspirantes a diputados federales de Tamaulipas, quienes hicieron lo propio ante la autoridad electoral, tras haber resultado ganadores en las encuestas promovidas por este partido en el estado.<\/p>\n<p>&nbsp;<\/p>\n<p>El evento protocolario se realiz\u00f3 en las instalaciones del Instituto Nacional Electoral en Tamaulipas, hasta donde acudieron la aspirante a candidata al senado Olga Patricia Sosa Ru\u00edz con su compa\u00f1ero de f\u00f3rmula JR G\u00f3mez Leal, d\u00f3nde dieron un mensaje de unidad partidista, que permitir\u00e1 la consolidaci\u00f3n de la Cuarta Transformaci\u00f3n.<\/p>\n<p>&nbsp;<\/p>\n<p>\u201cNos da mucho gusto presentar nuestro registro por Morena al Senado de la Rep\u00fablica y a las diputaciones federales de los ocho distritos electorales en Tamaulipas, nuestro compromiso es representar al pueblo de Tamaulipas con humanismo, honestidad y cercan\u00eda\u201d, expres\u00f3 la candidata al Senado.<\/p>\n<p>&nbsp;<\/p>\n<p>Ante el Consejero Presidente de este cuerpo colegiado Sergio Iv\u00e1n Ruiz Castellot y el secretario Faustino Becerra Tejeda, se hizo la entrega de la documentaci\u00f3n correspondiente para participar en el proceso electoral 2023-2024.<\/p>\n<p>&nbsp;<\/p>\n<p>Como testigos de honor y en una muestra de unidad para que Tamaulipas siga siendo Morena, asistieron:<\/p>\n<p>&nbsp;<\/p>\n<p>Carlos Enrique Canturosas Villarreal por el 1er distrito con cabecera en Nuevo Laredo; Claudia Hern\u00e1ndez por el 2\u00ba de Reynosa; Cassandra Priscila de los Santos Flores por el 3\u00ba de R\u00edo Bravo; Mario Alberto L\u00f3pez Hern\u00e1ndez por el 4\u00ba de Matamoros; Pepe Bra\u00f1a 5\u00ba distrito Victoria; Blanca Araceli Narro Paname\u00f1o 6\u00ba del Mante por Morena; Olga Juliana Elizondo Guerra 7\u00ba Reynosa.<\/p>\n<p>&nbsp;<\/p>\n<p>Se trata de personas comprometidas con las y los tamaulipecos y la Cuarta Transformaci\u00f3n en Tamaulipas.<\/p>\n","protected":false},"excerpt":{"rendered":"<p>*En Morena Realizaremos Una Campa\u00f1a Con Comunicaci\u00f3n Permanente Con La Ciudadan\u00eda, Porque En Morena El Pueblo Manda: Sosa Ru\u00edz. &nbsp;&hellip;<\/p>\n","protected":false},"author":1,"featured_media":49285,"comment_status":"open","ping_status":"open","sticky":false,"template":"","format":"standard","meta":{"footnotes":""},"categories":[6],"tags":[],"class_list":["post-49284","post","type-post","status-publish","format-standard","has-post-thumbnail","hentry","category-tamaulipas"],"yoast_head":"<!-- This site is optimized with the Yoast SEO plugin v27.5 - https:\/\/yoast.com\/product\/yoast-seo-wordpress\/ -->\n<title>EN UNIDAD, SE REGISTRAN OLGA SOSA Y JR AL SENADO, CON EL RESPALDO DE ASPIRANTES A DIPUTADOS FEDERALES POR MORENA. - EL INFORMATIVO DE TAMAULIPAS<\/title>\n<meta name=\"description\" content=\"*En Morena Realizaremos Una Campa\u00f1a Con Comunicaci\u00f3n Permanente Con La Ciudadan\u00eda, Porque En Morena El Pueblo Manda: Sosa Ru\u00edz. &nbsp; Ciudad Victoria.-\" \/>\n<meta name=\"robots\" content=\"index, follow, max-snippet:-1, max-image-preview:large, max-video-preview:-1\" \/>\n<link rel=\"canonical\" href=\"https:\/\/elinformativotam.com\/index.php\/2024\/02\/22\/en-unidad-se-registran-olga-sosa-y-jr-al-senado-con-el-respaldo-de-aspirantes-a-diputados-federales-por-morena\/\" \/>\n<meta property=\"og:locale\" content=\"es_MX\" \/>\n<meta property=\"og:type\" content=\"article\" \/>\n<meta property=\"og:title\" content=\"EN UNIDAD, SE REGISTRAN OLGA SOSA Y JR AL SENADO, CON EL RESPALDO DE ASPIRANTES A DIPUTADOS FEDERALES POR MORENA. - EL INFORMATIVO DE TAMAULIPAS\" \/>\n<meta property=\"og:description\" content=\"*En Morena Realizaremos Una Campa\u00f1a Con Comunicaci\u00f3n Permanente Con La Ciudadan\u00eda, Porque En Morena El Pueblo Manda: Sosa Ru\u00edz. &nbsp; Ciudad Victoria.-\" \/>\n<meta property=\"og:url\" content=\"https:\/\/elinformativotam.com\/index.php\/2024\/02\/22\/en-unidad-se-registran-olga-sosa-y-jr-al-senado-con-el-respaldo-de-aspirantes-a-diputados-federales-por-morena\/\" \/>\n<meta property=\"og:site_name\" content=\"EL INFORMATIVO DE TAMAULIPAS\" \/>\n<meta property=\"article:published_time\" content=\"2024-02-23T02:56:13+00:00\" \/>\n<meta property=\"og:image\" content=\"https:\/\/elinformativotam.com\/wp-content\/uploads\/2024\/02\/Olga1.jpeg\" \/>\n\t<meta property=\"og:image:width\" content=\"1600\" \/>\n\t<meta property=\"og:image:height\" content=\"625\" \/>\n\t<meta property=\"og:image:type\" content=\"image\/jpeg\" \/>\n<meta name=\"author\" content=\"El Informativo Tam\" \/>\n<meta name=\"twitter:card\" content=\"summary_large_image\" \/>\n<meta name=\"twitter:label1\" content=\"Escrito por\" \/>\n\t<meta name=\"twitter:data1\" content=\"El Informativo Tam\" \/>\n\t<meta name=\"twitter:label2\" content=\"Tiempo de lectura\" \/>\n\t<meta name=\"twitter:data2\" content=\"2 minutos\" \/>\n<script type=\"application\/ld+json\" class=\"yoast-schema-graph\">{\"@context\":\"https:\\\/\\\/schema.org\",\"@graph\":[{\"@type\":\"Article\",\"@id\":\"https:\\\/\\\/elinformativotam.com\\\/index.php\\\/2024\\\/02\\\/22\\\/en-unidad-se-registran-olga-sosa-y-jr-al-senado-con-el-respaldo-de-aspirantes-a-diputados-federales-por-morena\\\/#article\",\"isPartOf\":{\"@id\":\"https:\\\/\\\/elinformativotam.com\\\/index.php\\\/2024\\\/02\\\/22\\\/en-unidad-se-registran-olga-sosa-y-jr-al-senado-con-el-respaldo-de-aspirantes-a-diputados-federales-por-morena\\\/\"},\"author\":{\"name\":\"El Informativo Tam\",\"@id\":\"https:\\\/\\\/elinformativotam.com\\\/#\\\/schema\\\/person\\\/78e08040eed0f6110f0c5f83b6153590\"},\"headline\":\"EN UNIDAD, SE REGISTRAN OLGA SOSA Y JR AL SENADO, CON EL RESPALDO DE ASPIRANTES A DIPUTADOS FEDERALES POR MORENA.\",\"datePublished\":\"2024-02-23T02:56:13+00:00\",\"mainEntityOfPage\":{\"@id\":\"https:\\\/\\\/elinformativotam.com\\\/index.php\\\/2024\\\/02\\\/22\\\/en-unidad-se-registran-olga-sosa-y-jr-al-senado-con-el-respaldo-de-aspirantes-a-diputados-federales-por-morena\\\/\"},\"wordCount\":345,\"commentCount\":0,\"publisher\":{\"@id\":\"https:\\\/\\\/elinformativotam.com\\\/#organization\"},\"image\":{\"@id\":\"https:\\\/\\\/elinformativotam.com\\\/index.php\\\/2024\\\/02\\\/22\\\/en-unidad-se-registran-olga-sosa-y-jr-al-senado-con-el-respaldo-de-aspirantes-a-diputados-federales-por-morena\\\/#primaryimage\"},\"thumbnailUrl\":\"https:\\\/\\\/elinformativotam.com\\\/wp-content\\\/uploads\\\/2024\\\/02\\\/Olga1.jpeg\",\"articleSection\":[\"Tamaulipas\"],\"inLanguage\":\"es\",\"potentialAction\":[{\"@type\":\"CommentAction\",\"name\":\"Comment\",\"target\":[\"https:\\\/\\\/elinformativotam.com\\\/index.php\\\/2024\\\/02\\\/22\\\/en-unidad-se-registran-olga-sosa-y-jr-al-senado-con-el-respaldo-de-aspirantes-a-diputados-federales-por-morena\\\/#respond\"]}]},{\"@type\":\"WebPage\",\"@id\":\"https:\\\/\\\/elinformativotam.com\\\/index.php\\\/2024\\\/02\\\/22\\\/en-unidad-se-registran-olga-sosa-y-jr-al-senado-con-el-respaldo-de-aspirantes-a-diputados-federales-por-morena\\\/\",\"url\":\"https:\\\/\\\/elinformativotam.com\\\/index.php\\\/2024\\\/02\\\/22\\\/en-unidad-se-registran-olga-sosa-y-jr-al-senado-con-el-respaldo-de-aspirantes-a-diputados-federales-por-morena\\\/\",\"name\":\"EN UNIDAD, SE REGISTRAN OLGA SOSA Y JR AL SENADO, CON EL RESPALDO DE ASPIRANTES A DIPUTADOS FEDERALES POR MORENA. - EL INFORMATIVO DE TAMAULIPAS\",\"isPartOf\":{\"@id\":\"https:\\\/\\\/elinformativotam.com\\\/#website\"},\"primaryImageOfPage\":{\"@id\":\"https:\\\/\\\/elinformativotam.com\\\/index.php\\\/2024\\\/02\\\/22\\\/en-unidad-se-registran-olga-sosa-y-jr-al-senado-con-el-respaldo-de-aspirantes-a-diputados-federales-por-morena\\\/#primaryimage\"},\"image\":{\"@id\":\"https:\\\/\\\/elinformativotam.com\\\/index.php\\\/2024\\\/02\\\/22\\\/en-unidad-se-registran-olga-sosa-y-jr-al-senado-con-el-respaldo-de-aspirantes-a-diputados-federales-por-morena\\\/#primaryimage\"},\"thumbnailUrl\":\"https:\\\/\\\/elinformativotam.com\\\/wp-content\\\/uploads\\\/2024\\\/02\\\/Olga1.jpeg\",\"datePublished\":\"2024-02-23T02:56:13+00:00\",\"description\":\"*En Morena Realizaremos Una Campa\u00f1a Con Comunicaci\u00f3n Permanente Con La Ciudadan\u00eda, Porque En Morena El Pueblo Manda: Sosa Ru\u00edz. &nbsp; Ciudad Victoria.-\",\"inLanguage\":\"es\",\"potentialAction\":[{\"@type\":\"ReadAction\",\"target\":[\"https:\\\/\\\/elinformativotam.com\\\/index.php\\\/2024\\\/02\\\/22\\\/en-unidad-se-registran-olga-sosa-y-jr-al-senado-con-el-respaldo-de-aspirantes-a-diputados-federales-por-morena\\\/\"]}]},{\"@type\":\"ImageObject\",\"inLanguage\":\"es\",\"@id\":\"https:\\\/\\\/elinformativotam.com\\\/index.php\\\/2024\\\/02\\\/22\\\/en-unidad-se-registran-olga-sosa-y-jr-al-senado-con-el-respaldo-de-aspirantes-a-diputados-federales-por-morena\\\/#primaryimage\",\"url\":\"https:\\\/\\\/elinformativotam.com\\\/wp-content\\\/uploads\\\/2024\\\/02\\\/Olga1.jpeg\",\"contentUrl\":\"https:\\\/\\\/elinformativotam.com\\\/wp-content\\\/uploads\\\/2024\\\/02\\\/Olga1.jpeg\",\"width\":1600,\"height\":625},{\"@type\":\"WebSite\",\"@id\":\"https:\\\/\\\/elinformativotam.com\\\/#website\",\"url\":\"https:\\\/\\\/elinformativotam.com\\\/\",\"name\":\"EL INFORMATIVO DE TAMAULIPAS\",\"description\":\"Desde la Zona Metropolitana Para Todo M\u00e9xico\",\"publisher\":{\"@id\":\"https:\\\/\\\/elinformativotam.com\\\/#organization\"},\"potentialAction\":[{\"@type\":\"SearchAction\",\"target\":{\"@type\":\"EntryPoint\",\"urlTemplate\":\"https:\\\/\\\/elinformativotam.com\\\/?s={search_term_string}\"},\"query-input\":{\"@type\":\"PropertyValueSpecification\",\"valueRequired\":true,\"valueName\":\"search_term_string\"}}],\"inLanguage\":\"es\"},{\"@type\":\"Organization\",\"@id\":\"https:\\\/\\\/elinformativotam.com\\\/#organization\",\"name\":\"EL INFORMATIVO DE TAMAULIPAS\",\"url\":\"https:\\\/\\\/elinformativotam.com\\\/\",\"logo\":{\"@type\":\"ImageObject\",\"inLanguage\":\"es\",\"@id\":\"https:\\\/\\\/elinformativotam.com\\\/#\\\/schema\\\/logo\\\/image\\\/\",\"url\":\"https:\\\/\\\/elinformativotam.com\\\/wp-content\\\/uploads\\\/2026\\\/02\\\/Cabezal.png\",\"contentUrl\":\"https:\\\/\\\/elinformativotam.com\\\/wp-content\\\/uploads\\\/2026\\\/02\\\/Cabezal.png\",\"width\":960,\"height\":640,\"caption\":\"EL INFORMATIVO DE TAMAULIPAS\"},\"image\":{\"@id\":\"https:\\\/\\\/elinformativotam.com\\\/#\\\/schema\\\/logo\\\/image\\\/\"}},{\"@type\":\"Person\",\"@id\":\"https:\\\/\\\/elinformativotam.com\\\/#\\\/schema\\\/person\\\/78e08040eed0f6110f0c5f83b6153590\",\"name\":\"El Informativo Tam\",\"image\":{\"@type\":\"ImageObject\",\"inLanguage\":\"es\",\"@id\":\"https:\\\/\\\/secure.gravatar.com\\\/avatar\\\/f3b7ad3af540688955925ac610647be00b0cf41feea9c4978b73a707ee86bc53?s=96&d=mm&r=g\",\"url\":\"https:\\\/\\\/secure.gravatar.com\\\/avatar\\\/f3b7ad3af540688955925ac610647be00b0cf41feea9c4978b73a707ee86bc53?s=96&d=mm&r=g\",\"contentUrl\":\"https:\\\/\\\/secure.gravatar.com\\\/avatar\\\/f3b7ad3af540688955925ac610647be00b0cf41feea9c4978b73a707ee86bc53?s=96&d=mm&r=g\",\"caption\":\"El Informativo Tam\"}}]}<\/script>\n<!-- \/ Yoast SEO plugin. -->","yoast_head_json":{"title":"EN UNIDAD, SE REGISTRAN OLGA SOSA Y JR AL SENADO, CON EL RESPALDO DE ASPIRANTES A DIPUTADOS FEDERALES POR MORENA. - EL INFORMATIVO DE TAMAULIPAS","description":"*En Morena Realizaremos Una Campa\u00f1a Con Comunicaci\u00f3n Permanente Con La Ciudadan\u00eda, Porque En Morena El Pueblo Manda: Sosa Ru\u00edz. &nbsp; Ciudad Victoria.-","robots":{"index":"index","follow":"follow","max-snippet":"max-snippet:-1","max-image-preview":"max-image-preview:large","max-video-preview":"max-video-preview:-1"},"canonical":"https:\/\/elinformativotam.com\/index.php\/2024\/02\/22\/en-unidad-se-registran-olga-sosa-y-jr-al-senado-con-el-respaldo-de-aspirantes-a-diputados-federales-por-morena\/","og_locale":"es_MX","og_type":"article","og_title":"EN UNIDAD, SE REGISTRAN OLGA SOSA Y JR AL SENADO, CON EL RESPALDO DE ASPIRANTES A DIPUTADOS FEDERALES POR MORENA. - EL INFORMATIVO DE TAMAULIPAS","og_description":"*En Morena Realizaremos Una Campa\u00f1a Con Comunicaci\u00f3n Permanente Con La Ciudadan\u00eda, Porque En Morena El Pueblo Manda: Sosa Ru\u00edz. &nbsp; Ciudad Victoria.-","og_url":"https:\/\/elinformativotam.com\/index.php\/2024\/02\/22\/en-unidad-se-registran-olga-sosa-y-jr-al-senado-con-el-respaldo-de-aspirantes-a-diputados-federales-por-morena\/","og_site_name":"EL INFORMATIVO DE TAMAULIPAS","article_published_time":"2024-02-23T02:56:13+00:00","og_image":[{"width":1600,"height":625,"url":"https:\/\/elinformativotam.com\/wp-content\/uploads\/2024\/02\/Olga1.jpeg","type":"image\/jpeg"}],"author":"El Informativo Tam","twitter_card":"summary_large_image","twitter_misc":{"Escrito por":"El Informativo Tam","Tiempo de lectura":"2 minutos"},"schema":{"@context":"https:\/\/schema.org","@graph":[{"@type":"Article","@id":"https:\/\/elinformativotam.com\/index.php\/2024\/02\/22\/en-unidad-se-registran-olga-sosa-y-jr-al-senado-con-el-respaldo-de-aspirantes-a-diputados-federales-por-morena\/#article","isPartOf":{"@id":"https:\/\/elinformativotam.com\/index.php\/2024\/02\/22\/en-unidad-se-registran-olga-sosa-y-jr-al-senado-con-el-respaldo-de-aspirantes-a-diputados-federales-por-morena\/"},"author":{"name":"El Informativo Tam","@id":"https:\/\/elinformativotam.com\/#\/schema\/person\/78e08040eed0f6110f0c5f83b6153590"},"headline":"EN UNIDAD, SE REGISTRAN OLGA SOSA Y JR AL SENADO, CON EL RESPALDO DE ASPIRANTES A DIPUTADOS FEDERALES POR MORENA.","datePublished":"2024-02-23T02:56:13+00:00","mainEntityOfPage":{"@id":"https:\/\/elinformativotam.com\/index.php\/2024\/02\/22\/en-unidad-se-registran-olga-sosa-y-jr-al-senado-con-el-respaldo-de-aspirantes-a-diputados-federales-por-morena\/"},"wordCount":345,"commentCount":0,"publisher":{"@id":"https:\/\/elinformativotam.com\/#organization"},"image":{"@id":"https:\/\/elinformativotam.com\/index.php\/2024\/02\/22\/en-unidad-se-registran-olga-sosa-y-jr-al-senado-con-el-respaldo-de-aspirantes-a-diputados-federales-por-morena\/#primaryimage"},"thumbnailUrl":"https:\/\/elinformativotam.com\/wp-content\/uploads\/2024\/02\/Olga1.jpeg","articleSection":["Tamaulipas"],"inLanguage":"es","potentialAction":[{"@type":"CommentAction","name":"Comment","target":["https:\/\/elinformativotam.com\/index.php\/2024\/02\/22\/en-unidad-se-registran-olga-sosa-y-jr-al-senado-con-el-respaldo-de-aspirantes-a-diputados-federales-por-morena\/#respond"]}]},{"@type":"WebPage","@id":"https:\/\/elinformativotam.com\/index.php\/2024\/02\/22\/en-unidad-se-registran-olga-sosa-y-jr-al-senado-con-el-respaldo-de-aspirantes-a-diputados-federales-por-morena\/","url":"https:\/\/elinformativotam.com\/index.php\/2024\/02\/22\/en-unidad-se-registran-olga-sosa-y-jr-al-senado-con-el-respaldo-de-aspirantes-a-diputados-federales-por-morena\/","name":"EN UNIDAD, SE REGISTRAN OLGA SOSA Y JR AL SENADO, CON EL RESPALDO DE ASPIRANTES A DIPUTADOS FEDERALES POR MORENA. - EL INFORMATIVO DE TAMAULIPAS","isPartOf":{"@id":"https:\/\/elinformativotam.com\/#website"},"primaryImageOfPage":{"@id":"https:\/\/elinformativotam.com\/index.php\/2024\/02\/22\/en-unidad-se-registran-olga-sosa-y-jr-al-senado-con-el-respaldo-de-aspirantes-a-diputados-federales-por-morena\/#primaryimage"},"image":{"@id":"https:\/\/elinformativotam.com\/index.php\/2024\/02\/22\/en-unidad-se-registran-olga-sosa-y-jr-al-senado-con-el-respaldo-de-aspirantes-a-diputados-federales-por-morena\/#primaryimage"},"thumbnailUrl":"https:\/\/elinformativotam.com\/wp-content\/uploads\/2024\/02\/Olga1.jpeg","datePublished":"2024-02-23T02:56:13+00:00","description":"*En Morena Realizaremos Una Campa\u00f1a Con Comunicaci\u00f3n Permanente Con La Ciudadan\u00eda, Porque En Morena El Pueblo Manda: Sosa Ru\u00edz. &nbsp; Ciudad Victoria.-","inLanguage":"es","potentialAction":[{"@type":"ReadAction","target":["https:\/\/elinformativotam.com\/index.php\/2024\/02\/22\/en-unidad-se-registran-olga-sosa-y-jr-al-senado-con-el-respaldo-de-aspirantes-a-diputados-federales-por-morena\/"]}]},{"@type":"ImageObject","inLanguage":"es","@id":"https:\/\/elinformativotam.com\/index.php\/2024\/02\/22\/en-unidad-se-registran-olga-sosa-y-jr-al-senado-con-el-respaldo-de-aspirantes-a-diputados-federales-por-morena\/#primaryimage","url":"https:\/\/elinformativotam.com\/wp-content\/uploads\/2024\/02\/Olga1.jpeg","contentUrl":"https:\/\/elinformativotam.com\/wp-content\/uploads\/2024\/02\/Olga1.jpeg","width":1600,"height":625},{"@type":"WebSite","@id":"https:\/\/elinformativotam.com\/#website","url":"https:\/\/elinformativotam.com\/","name":"EL INFORMATIVO DE TAMAULIPAS","description":"Desde la Zona Metropolitana Para Todo M\u00e9xico","publisher":{"@id":"https:\/\/elinformativotam.com\/#organization"},"potentialAction":[{"@type":"SearchAction","target":{"@type":"EntryPoint","urlTemplate":"https:\/\/elinformativotam.com\/?s={search_term_string}"},"query-input":{"@type":"PropertyValueSpecification","valueRequired":true,"valueName":"search_term_string"}}],"inLanguage":"es"},{"@type":"Organization","@id":"https:\/\/elinformativotam.com\/#organization","name":"EL INFORMATIVO DE TAMAULIPAS","url":"https:\/\/elinformativotam.com\/","logo":{"@type":"ImageObject","inLanguage":"es","@id":"https:\/\/elinformativotam.com\/#\/schema\/logo\/image\/","url":"https:\/\/elinformativotam.com\/wp-content\/uploads\/2026\/02\/Cabezal.png","contentUrl":"https:\/\/elinformativotam.com\/wp-content\/uploads\/2026\/02\/Cabezal.png","width":960,"height":640,"caption":"EL INFORMATIVO DE TAMAULIPAS"},"image":{"@id":"https:\/\/elinformativotam.com\/#\/schema\/logo\/image\/"}},{"@type":"Person","@id":"https:\/\/elinformativotam.com\/#\/schema\/person\/78e08040eed0f6110f0c5f83b6153590","name":"El Informativo Tam","image":{"@type":"ImageObject","inLanguage":"es","@id":"https:\/\/secure.gravatar.com\/avatar\/f3b7ad3af540688955925ac610647be00b0cf41feea9c4978b73a707ee86bc53?s=96&d=mm&r=g","url":"https:\/\/secure.gravatar.com\/avatar\/f3b7ad3af540688955925ac610647be00b0cf41feea9c4978b73a707ee86bc53?s=96&d=mm&r=g","contentUrl":"https:\/\/secure.gravatar.com\/avatar\/f3b7ad3af540688955925ac610647be00b0cf41feea9c4978b73a707ee86bc53?s=96&d=mm&r=g","caption":"El Informativo Tam"}}]}},"_links":{"self":[{"href":"https:\/\/elinformativotam.com\/index.php\/wp-json\/wp\/v2\/posts\/49284","targetHints":{"allow":["GET"]}}],"collection":[{"href":"https:\/\/elinformativotam.com\/index.php\/wp-json\/wp\/v2\/posts"}],"about":[{"href":"https:\/\/elinformativotam.com\/index.php\/wp-json\/wp\/v2\/types\/post"}],"author":[{"embeddable":true,"href":"https:\/\/elinformativotam.com\/index.php\/wp-json\/wp\/v2\/users\/1"}],"replies":[{"embeddable":true,"href":"https:\/\/elinformativotam.com\/index.php\/wp-json\/wp\/v2\/comments?post=49284"}],"version-history":[{"count":1,"href":"https:\/\/elinformativotam.com\/index.php\/wp-json\/wp\/v2\/posts\/49284\/revisions"}],"predecessor-version":[{"id":49286,"href":"https:\/\/elinformativotam.com\/index.php\/wp-json\/wp\/v2\/posts\/49284\/revisions\/49286"}],"wp:featuredmedia":[{"embeddable":true,"href":"https:\/\/elinformativotam.com\/index.php\/wp-json\/wp\/v2\/media\/49285"}],"wp:attachment":[{"href":"https:\/\/elinformativotam.com\/index.php\/wp-json\/wp\/v2\/media?parent=49284"}],"wp:term":[{"taxonomy":"category","embeddable":true,"href":"https:\/\/elinformativotam.com\/index.php\/wp-json\/wp\/v2\/categories?post=49284"},{"taxonomy":"post_tag","embeddable":true,"href":"https:\/\/elinformativotam.com\/index.php\/wp-json\/wp\/v2\/tags?post=49284"}],"curies":[{"name":"wp","href":"https:\/\/api.w.org\/{rel}","templated":true}]}}