{"id":49281,"date":"2024-02-22T20:50:08","date_gmt":"2024-02-23T02:50:08","guid":{"rendered":"https:\/\/elinformativotam.com\/?p=49281"},"modified":"2024-02-22T20:50:08","modified_gmt":"2024-02-23T02:50:08","slug":"ya-estamos-listos-para-recibir-a-miles-de-turistas-en-semana-santa-adrian-oseguera","status":"publish","type":"post","link":"https:\/\/elinformativotam.com\/index.php\/2024\/02\/22\/ya-estamos-listos-para-recibir-a-miles-de-turistas-en-semana-santa-adrian-oseguera\/","title":{"rendered":"YA ESTAMOS LISTOS PARA RECIBIR A MILES DE TURISTAS EN SEMANA SANTA: ADRI\u00c1N OSEGUERA"},"content":{"rendered":"<p>Ciudad Madero.- \u00a0ya est\u00e1 listo para recibir a miles de turistas locales, nacionales y extranjeros por la temporada vacacional de Semana Santa, as\u00ed lo dio a conocer el presidente municipal Adri\u00e1n Oseguera Kernion, al informar que en su administraci\u00f3n mantiene acciones permanentes en materia de coordinaci\u00f3n con las diferentes instituciones de seguridad.<\/p>\n<p>&nbsp;<\/p>\n<p>\u201cEstamos trabajando arduamente para recibir a los turistas en la temporada vacacional de Semana Santa mediante la coordinaci\u00f3n de fuerzas estatales y federales, para reforzar las acciones de vigilancia, y que nuestros visitantes tengan una buena experiencia en Playa Miramar\u201d, asegur\u00f3 el edil maderense.<\/p>\n<p>&nbsp;<\/p>\n<p>Asimismo, mencion\u00f3 que el personal de Guardavidas de la Direcci\u00f3n de Protecci\u00f3n Civil de Ciudad Madero, recibe capacitaciones de manera constante, con el fin de seguir brindando una mejor atenci\u00f3n y seguridad a los ba\u00f1istas.<\/p>\n<p>&nbsp;<\/p>\n<p>\u201cQueremos que las vacaciones se desarrollen en un entorno de paz y armon\u00eda para todos, por ello hago el exhorto a quienes acuden a nuestro destino playero para divertirse sin excesos y con total responsabilidad, adem\u00e1s de hacer caso a las recomendaciones en el \u00e1rea de playa\u201d, puntualiz\u00f3 el jefe de la comuna maderense.<\/p>\n<p>&nbsp;<\/p>\n<p>Finalmente, el alcalde Adri\u00e1n Oseguera, reiter\u00f3 su compromiso de continuar promoviendo el turismo a nivel nacional e internacional para que playa Miramar siga posicion\u00e1ndose como su destino tur\u00edstico de preferencia.<\/p>\n<p>&nbsp;<\/p>\n<p>&nbsp;<\/p>\n<p>&nbsp;<\/p>\n","protected":false},"excerpt":{"rendered":"<p>Ciudad Madero.- \u00a0ya est\u00e1 listo para recibir a miles de turistas locales, nacionales y extranjeros por la temporada vacacional de&hellip;<\/p>\n","protected":false},"author":1,"featured_media":49282,"comment_status":"open","ping_status":"open","sticky":false,"template":"","format":"standard","meta":{"footnotes":""},"categories":[4],"tags":[],"class_list":["post-49281","post","type-post","status-publish","format-standard","has-post-thumbnail","hentry","category-madero"],"yoast_head":"<!-- This site is optimized with the Yoast SEO plugin v27.5 - https:\/\/yoast.com\/product\/yoast-seo-wordpress\/ -->\n<title>YA ESTAMOS LISTOS PARA RECIBIR A MILES DE TURISTAS EN SEMANA SANTA: ADRI\u00c1N OSEGUERA - EL INFORMATIVO DE TAMAULIPAS<\/title>\n<meta name=\"description\" content=\"Ciudad Madero.- \u00a0ya est\u00e1 listo para recibir a miles de turistas locales, nacionales y extranjeros por la temporada vacacional de Semana Santa, as\u00ed lo dio\" \/>\n<meta name=\"robots\" content=\"index, follow, max-snippet:-1, max-image-preview:large, max-video-preview:-1\" \/>\n<link rel=\"canonical\" href=\"https:\/\/elinformativotam.com\/index.php\/2024\/02\/22\/ya-estamos-listos-para-recibir-a-miles-de-turistas-en-semana-santa-adrian-oseguera\/\" \/>\n<meta property=\"og:locale\" content=\"es_MX\" \/>\n<meta property=\"og:type\" content=\"article\" \/>\n<meta property=\"og:title\" content=\"YA ESTAMOS LISTOS PARA RECIBIR A MILES DE TURISTAS EN SEMANA SANTA: ADRI\u00c1N OSEGUERA - EL INFORMATIVO DE TAMAULIPAS\" \/>\n<meta property=\"og:description\" content=\"Ciudad Madero.- \u00a0ya est\u00e1 listo para recibir a miles de turistas locales, nacionales y extranjeros por la temporada vacacional de Semana Santa, as\u00ed lo dio\" \/>\n<meta property=\"og:url\" content=\"https:\/\/elinformativotam.com\/index.php\/2024\/02\/22\/ya-estamos-listos-para-recibir-a-miles-de-turistas-en-semana-santa-adrian-oseguera\/\" \/>\n<meta property=\"og:site_name\" content=\"EL INFORMATIVO DE TAMAULIPAS\" \/>\n<meta property=\"article:published_time\" content=\"2024-02-23T02:50:08+00:00\" \/>\n<meta property=\"og:image\" content=\"https:\/\/elinformativotam.com\/wp-content\/uploads\/2024\/02\/Copia-de-1-scaled.jpg\" \/>\n\t<meta property=\"og:image:width\" content=\"2560\" \/>\n\t<meta property=\"og:image:height\" content=\"2386\" \/>\n\t<meta property=\"og:image:type\" content=\"image\/jpeg\" \/>\n<meta name=\"author\" content=\"El Informativo Tam\" \/>\n<meta name=\"twitter:card\" content=\"summary_large_image\" \/>\n<meta name=\"twitter:label1\" content=\"Escrito por\" \/>\n\t<meta name=\"twitter:data1\" content=\"El Informativo Tam\" \/>\n\t<meta name=\"twitter:label2\" content=\"Tiempo de lectura\" \/>\n\t<meta name=\"twitter:data2\" content=\"2 minutos\" \/>\n<script type=\"application\/ld+json\" class=\"yoast-schema-graph\">{\"@context\":\"https:\\\/\\\/schema.org\",\"@graph\":[{\"@type\":\"Article\",\"@id\":\"https:\\\/\\\/elinformativotam.com\\\/index.php\\\/2024\\\/02\\\/22\\\/ya-estamos-listos-para-recibir-a-miles-de-turistas-en-semana-santa-adrian-oseguera\\\/#article\",\"isPartOf\":{\"@id\":\"https:\\\/\\\/elinformativotam.com\\\/index.php\\\/2024\\\/02\\\/22\\\/ya-estamos-listos-para-recibir-a-miles-de-turistas-en-semana-santa-adrian-oseguera\\\/\"},\"author\":{\"name\":\"El Informativo Tam\",\"@id\":\"https:\\\/\\\/elinformativotam.com\\\/#\\\/schema\\\/person\\\/78e08040eed0f6110f0c5f83b6153590\"},\"headline\":\"YA ESTAMOS LISTOS PARA RECIBIR A MILES DE TURISTAS EN SEMANA SANTA: ADRI\u00c1N OSEGUERA\",\"datePublished\":\"2024-02-23T02:50:08+00:00\",\"mainEntityOfPage\":{\"@id\":\"https:\\\/\\\/elinformativotam.com\\\/index.php\\\/2024\\\/02\\\/22\\\/ya-estamos-listos-para-recibir-a-miles-de-turistas-en-semana-santa-adrian-oseguera\\\/\"},\"wordCount\":251,\"commentCount\":0,\"publisher\":{\"@id\":\"https:\\\/\\\/elinformativotam.com\\\/#organization\"},\"image\":{\"@id\":\"https:\\\/\\\/elinformativotam.com\\\/index.php\\\/2024\\\/02\\\/22\\\/ya-estamos-listos-para-recibir-a-miles-de-turistas-en-semana-santa-adrian-oseguera\\\/#primaryimage\"},\"thumbnailUrl\":\"https:\\\/\\\/elinformativotam.com\\\/wp-content\\\/uploads\\\/2024\\\/02\\\/Copia-de-1-scaled.jpg\",\"articleSection\":[\"Cd Madero\"],\"inLanguage\":\"es\",\"potentialAction\":[{\"@type\":\"CommentAction\",\"name\":\"Comment\",\"target\":[\"https:\\\/\\\/elinformativotam.com\\\/index.php\\\/2024\\\/02\\\/22\\\/ya-estamos-listos-para-recibir-a-miles-de-turistas-en-semana-santa-adrian-oseguera\\\/#respond\"]}]},{\"@type\":\"WebPage\",\"@id\":\"https:\\\/\\\/elinformativotam.com\\\/index.php\\\/2024\\\/02\\\/22\\\/ya-estamos-listos-para-recibir-a-miles-de-turistas-en-semana-santa-adrian-oseguera\\\/\",\"url\":\"https:\\\/\\\/elinformativotam.com\\\/index.php\\\/2024\\\/02\\\/22\\\/ya-estamos-listos-para-recibir-a-miles-de-turistas-en-semana-santa-adrian-oseguera\\\/\",\"name\":\"YA ESTAMOS LISTOS PARA RECIBIR A MILES DE TURISTAS EN SEMANA SANTA: ADRI\u00c1N OSEGUERA - EL INFORMATIVO DE TAMAULIPAS\",\"isPartOf\":{\"@id\":\"https:\\\/\\\/elinformativotam.com\\\/#website\"},\"primaryImageOfPage\":{\"@id\":\"https:\\\/\\\/elinformativotam.com\\\/index.php\\\/2024\\\/02\\\/22\\\/ya-estamos-listos-para-recibir-a-miles-de-turistas-en-semana-santa-adrian-oseguera\\\/#primaryimage\"},\"image\":{\"@id\":\"https:\\\/\\\/elinformativotam.com\\\/index.php\\\/2024\\\/02\\\/22\\\/ya-estamos-listos-para-recibir-a-miles-de-turistas-en-semana-santa-adrian-oseguera\\\/#primaryimage\"},\"thumbnailUrl\":\"https:\\\/\\\/elinformativotam.com\\\/wp-content\\\/uploads\\\/2024\\\/02\\\/Copia-de-1-scaled.jpg\",\"datePublished\":\"2024-02-23T02:50:08+00:00\",\"description\":\"Ciudad Madero.- \u00a0ya est\u00e1 listo para recibir a miles de turistas locales, nacionales y extranjeros por la temporada vacacional de Semana Santa, as\u00ed lo dio\",\"inLanguage\":\"es\",\"potentialAction\":[{\"@type\":\"ReadAction\",\"target\":[\"https:\\\/\\\/elinformativotam.com\\\/index.php\\\/2024\\\/02\\\/22\\\/ya-estamos-listos-para-recibir-a-miles-de-turistas-en-semana-santa-adrian-oseguera\\\/\"]}]},{\"@type\":\"ImageObject\",\"inLanguage\":\"es\",\"@id\":\"https:\\\/\\\/elinformativotam.com\\\/index.php\\\/2024\\\/02\\\/22\\\/ya-estamos-listos-para-recibir-a-miles-de-turistas-en-semana-santa-adrian-oseguera\\\/#primaryimage\",\"url\":\"https:\\\/\\\/elinformativotam.com\\\/wp-content\\\/uploads\\\/2024\\\/02\\\/Copia-de-1-scaled.jpg\",\"contentUrl\":\"https:\\\/\\\/elinformativotam.com\\\/wp-content\\\/uploads\\\/2024\\\/02\\\/Copia-de-1-scaled.jpg\",\"width\":2560,\"height\":2386},{\"@type\":\"WebSite\",\"@id\":\"https:\\\/\\\/elinformativotam.com\\\/#website\",\"url\":\"https:\\\/\\\/elinformativotam.com\\\/\",\"name\":\"EL INFORMATIVO DE TAMAULIPAS\",\"description\":\"Desde la Zona Metropolitana Para Todo M\u00e9xico\",\"publisher\":{\"@id\":\"https:\\\/\\\/elinformativotam.com\\\/#organization\"},\"potentialAction\":[{\"@type\":\"SearchAction\",\"target\":{\"@type\":\"EntryPoint\",\"urlTemplate\":\"https:\\\/\\\/elinformativotam.com\\\/?s={search_term_string}\"},\"query-input\":{\"@type\":\"PropertyValueSpecification\",\"valueRequired\":true,\"valueName\":\"search_term_string\"}}],\"inLanguage\":\"es\"},{\"@type\":\"Organization\",\"@id\":\"https:\\\/\\\/elinformativotam.com\\\/#organization\",\"name\":\"EL INFORMATIVO DE TAMAULIPAS\",\"url\":\"https:\\\/\\\/elinformativotam.com\\\/\",\"logo\":{\"@type\":\"ImageObject\",\"inLanguage\":\"es\",\"@id\":\"https:\\\/\\\/elinformativotam.com\\\/#\\\/schema\\\/logo\\\/image\\\/\",\"url\":\"https:\\\/\\\/elinformativotam.com\\\/wp-content\\\/uploads\\\/2026\\\/02\\\/Cabezal.png\",\"contentUrl\":\"https:\\\/\\\/elinformativotam.com\\\/wp-content\\\/uploads\\\/2026\\\/02\\\/Cabezal.png\",\"width\":960,\"height\":640,\"caption\":\"EL INFORMATIVO DE TAMAULIPAS\"},\"image\":{\"@id\":\"https:\\\/\\\/elinformativotam.com\\\/#\\\/schema\\\/logo\\\/image\\\/\"}},{\"@type\":\"Person\",\"@id\":\"https:\\\/\\\/elinformativotam.com\\\/#\\\/schema\\\/person\\\/78e08040eed0f6110f0c5f83b6153590\",\"name\":\"El Informativo Tam\",\"image\":{\"@type\":\"ImageObject\",\"inLanguage\":\"es\",\"@id\":\"https:\\\/\\\/secure.gravatar.com\\\/avatar\\\/f3b7ad3af540688955925ac610647be00b0cf41feea9c4978b73a707ee86bc53?s=96&d=mm&r=g\",\"url\":\"https:\\\/\\\/secure.gravatar.com\\\/avatar\\\/f3b7ad3af540688955925ac610647be00b0cf41feea9c4978b73a707ee86bc53?s=96&d=mm&r=g\",\"contentUrl\":\"https:\\\/\\\/secure.gravatar.com\\\/avatar\\\/f3b7ad3af540688955925ac610647be00b0cf41feea9c4978b73a707ee86bc53?s=96&d=mm&r=g\",\"caption\":\"El Informativo Tam\"}}]}<\/script>\n<!-- \/ Yoast SEO plugin. -->","yoast_head_json":{"title":"YA ESTAMOS LISTOS PARA RECIBIR A MILES DE TURISTAS EN SEMANA SANTA: ADRI\u00c1N OSEGUERA - EL INFORMATIVO DE TAMAULIPAS","description":"Ciudad Madero.- \u00a0ya est\u00e1 listo para recibir a miles de turistas locales, nacionales y extranjeros por la temporada vacacional de Semana Santa, as\u00ed lo dio","robots":{"index":"index","follow":"follow","max-snippet":"max-snippet:-1","max-image-preview":"max-image-preview:large","max-video-preview":"max-video-preview:-1"},"canonical":"https:\/\/elinformativotam.com\/index.php\/2024\/02\/22\/ya-estamos-listos-para-recibir-a-miles-de-turistas-en-semana-santa-adrian-oseguera\/","og_locale":"es_MX","og_type":"article","og_title":"YA ESTAMOS LISTOS PARA RECIBIR A MILES DE TURISTAS EN SEMANA SANTA: ADRI\u00c1N OSEGUERA - EL INFORMATIVO DE TAMAULIPAS","og_description":"Ciudad Madero.- \u00a0ya est\u00e1 listo para recibir a miles de turistas locales, nacionales y extranjeros por la temporada vacacional de Semana Santa, as\u00ed lo dio","og_url":"https:\/\/elinformativotam.com\/index.php\/2024\/02\/22\/ya-estamos-listos-para-recibir-a-miles-de-turistas-en-semana-santa-adrian-oseguera\/","og_site_name":"EL INFORMATIVO DE TAMAULIPAS","article_published_time":"2024-02-23T02:50:08+00:00","og_image":[{"width":2560,"height":2386,"url":"https:\/\/elinformativotam.com\/wp-content\/uploads\/2024\/02\/Copia-de-1-scaled.jpg","type":"image\/jpeg"}],"author":"El Informativo Tam","twitter_card":"summary_large_image","twitter_misc":{"Escrito por":"El Informativo Tam","Tiempo de lectura":"2 minutos"},"schema":{"@context":"https:\/\/schema.org","@graph":[{"@type":"Article","@id":"https:\/\/elinformativotam.com\/index.php\/2024\/02\/22\/ya-estamos-listos-para-recibir-a-miles-de-turistas-en-semana-santa-adrian-oseguera\/#article","isPartOf":{"@id":"https:\/\/elinformativotam.com\/index.php\/2024\/02\/22\/ya-estamos-listos-para-recibir-a-miles-de-turistas-en-semana-santa-adrian-oseguera\/"},"author":{"name":"El Informativo Tam","@id":"https:\/\/elinformativotam.com\/#\/schema\/person\/78e08040eed0f6110f0c5f83b6153590"},"headline":"YA ESTAMOS LISTOS PARA RECIBIR A MILES DE TURISTAS EN SEMANA SANTA: ADRI\u00c1N OSEGUERA","datePublished":"2024-02-23T02:50:08+00:00","mainEntityOfPage":{"@id":"https:\/\/elinformativotam.com\/index.php\/2024\/02\/22\/ya-estamos-listos-para-recibir-a-miles-de-turistas-en-semana-santa-adrian-oseguera\/"},"wordCount":251,"commentCount":0,"publisher":{"@id":"https:\/\/elinformativotam.com\/#organization"},"image":{"@id":"https:\/\/elinformativotam.com\/index.php\/2024\/02\/22\/ya-estamos-listos-para-recibir-a-miles-de-turistas-en-semana-santa-adrian-oseguera\/#primaryimage"},"thumbnailUrl":"https:\/\/elinformativotam.com\/wp-content\/uploads\/2024\/02\/Copia-de-1-scaled.jpg","articleSection":["Cd Madero"],"inLanguage":"es","potentialAction":[{"@type":"CommentAction","name":"Comment","target":["https:\/\/elinformativotam.com\/index.php\/2024\/02\/22\/ya-estamos-listos-para-recibir-a-miles-de-turistas-en-semana-santa-adrian-oseguera\/#respond"]}]},{"@type":"WebPage","@id":"https:\/\/elinformativotam.com\/index.php\/2024\/02\/22\/ya-estamos-listos-para-recibir-a-miles-de-turistas-en-semana-santa-adrian-oseguera\/","url":"https:\/\/elinformativotam.com\/index.php\/2024\/02\/22\/ya-estamos-listos-para-recibir-a-miles-de-turistas-en-semana-santa-adrian-oseguera\/","name":"YA ESTAMOS LISTOS PARA RECIBIR A MILES DE TURISTAS EN SEMANA SANTA: ADRI\u00c1N OSEGUERA - EL INFORMATIVO DE TAMAULIPAS","isPartOf":{"@id":"https:\/\/elinformativotam.com\/#website"},"primaryImageOfPage":{"@id":"https:\/\/elinformativotam.com\/index.php\/2024\/02\/22\/ya-estamos-listos-para-recibir-a-miles-de-turistas-en-semana-santa-adrian-oseguera\/#primaryimage"},"image":{"@id":"https:\/\/elinformativotam.com\/index.php\/2024\/02\/22\/ya-estamos-listos-para-recibir-a-miles-de-turistas-en-semana-santa-adrian-oseguera\/#primaryimage"},"thumbnailUrl":"https:\/\/elinformativotam.com\/wp-content\/uploads\/2024\/02\/Copia-de-1-scaled.jpg","datePublished":"2024-02-23T02:50:08+00:00","description":"Ciudad Madero.- \u00a0ya est\u00e1 listo para recibir a miles de turistas locales, nacionales y extranjeros por la temporada vacacional de Semana Santa, as\u00ed lo dio","inLanguage":"es","potentialAction":[{"@type":"ReadAction","target":["https:\/\/elinformativotam.com\/index.php\/2024\/02\/22\/ya-estamos-listos-para-recibir-a-miles-de-turistas-en-semana-santa-adrian-oseguera\/"]}]},{"@type":"ImageObject","inLanguage":"es","@id":"https:\/\/elinformativotam.com\/index.php\/2024\/02\/22\/ya-estamos-listos-para-recibir-a-miles-de-turistas-en-semana-santa-adrian-oseguera\/#primaryimage","url":"https:\/\/elinformativotam.com\/wp-content\/uploads\/2024\/02\/Copia-de-1-scaled.jpg","contentUrl":"https:\/\/elinformativotam.com\/wp-content\/uploads\/2024\/02\/Copia-de-1-scaled.jpg","width":2560,"height":2386},{"@type":"WebSite","@id":"https:\/\/elinformativotam.com\/#website","url":"https:\/\/elinformativotam.com\/","name":"EL INFORMATIVO DE TAMAULIPAS","description":"Desde la Zona Metropolitana Para Todo M\u00e9xico","publisher":{"@id":"https:\/\/elinformativotam.com\/#organization"},"potentialAction":[{"@type":"SearchAction","target":{"@type":"EntryPoint","urlTemplate":"https:\/\/elinformativotam.com\/?s={search_term_string}"},"query-input":{"@type":"PropertyValueSpecification","valueRequired":true,"valueName":"search_term_string"}}],"inLanguage":"es"},{"@type":"Organization","@id":"https:\/\/elinformativotam.com\/#organization","name":"EL INFORMATIVO DE TAMAULIPAS","url":"https:\/\/elinformativotam.com\/","logo":{"@type":"ImageObject","inLanguage":"es","@id":"https:\/\/elinformativotam.com\/#\/schema\/logo\/image\/","url":"https:\/\/elinformativotam.com\/wp-content\/uploads\/2026\/02\/Cabezal.png","contentUrl":"https:\/\/elinformativotam.com\/wp-content\/uploads\/2026\/02\/Cabezal.png","width":960,"height":640,"caption":"EL INFORMATIVO DE TAMAULIPAS"},"image":{"@id":"https:\/\/elinformativotam.com\/#\/schema\/logo\/image\/"}},{"@type":"Person","@id":"https:\/\/elinformativotam.com\/#\/schema\/person\/78e08040eed0f6110f0c5f83b6153590","name":"El Informativo Tam","image":{"@type":"ImageObject","inLanguage":"es","@id":"https:\/\/secure.gravatar.com\/avatar\/f3b7ad3af540688955925ac610647be00b0cf41feea9c4978b73a707ee86bc53?s=96&d=mm&r=g","url":"https:\/\/secure.gravatar.com\/avatar\/f3b7ad3af540688955925ac610647be00b0cf41feea9c4978b73a707ee86bc53?s=96&d=mm&r=g","contentUrl":"https:\/\/secure.gravatar.com\/avatar\/f3b7ad3af540688955925ac610647be00b0cf41feea9c4978b73a707ee86bc53?s=96&d=mm&r=g","caption":"El Informativo Tam"}}]}},"_links":{"self":[{"href":"https:\/\/elinformativotam.com\/index.php\/wp-json\/wp\/v2\/posts\/49281","targetHints":{"allow":["GET"]}}],"collection":[{"href":"https:\/\/elinformativotam.com\/index.php\/wp-json\/wp\/v2\/posts"}],"about":[{"href":"https:\/\/elinformativotam.com\/index.php\/wp-json\/wp\/v2\/types\/post"}],"author":[{"embeddable":true,"href":"https:\/\/elinformativotam.com\/index.php\/wp-json\/wp\/v2\/users\/1"}],"replies":[{"embeddable":true,"href":"https:\/\/elinformativotam.com\/index.php\/wp-json\/wp\/v2\/comments?post=49281"}],"version-history":[{"count":1,"href":"https:\/\/elinformativotam.com\/index.php\/wp-json\/wp\/v2\/posts\/49281\/revisions"}],"predecessor-version":[{"id":49283,"href":"https:\/\/elinformativotam.com\/index.php\/wp-json\/wp\/v2\/posts\/49281\/revisions\/49283"}],"wp:featuredmedia":[{"embeddable":true,"href":"https:\/\/elinformativotam.com\/index.php\/wp-json\/wp\/v2\/media\/49282"}],"wp:attachment":[{"href":"https:\/\/elinformativotam.com\/index.php\/wp-json\/wp\/v2\/media?parent=49281"}],"wp:term":[{"taxonomy":"category","embeddable":true,"href":"https:\/\/elinformativotam.com\/index.php\/wp-json\/wp\/v2\/categories?post=49281"},{"taxonomy":"post_tag","embeddable":true,"href":"https:\/\/elinformativotam.com\/index.php\/wp-json\/wp\/v2\/tags?post=49281"}],"curies":[{"name":"wp","href":"https:\/\/api.w.org\/{rel}","templated":true}]}}