{"id":49276,"date":"2024-02-21T13:37:41","date_gmt":"2024-02-21T19:37:41","guid":{"rendered":"https:\/\/elinformativotam.com\/?p=49276"},"modified":"2024-02-21T13:37:41","modified_gmt":"2024-02-21T19:37:41","slug":"aprueban-licencia-a-erasmo-gonzalez-para-separarse-del-cargo-como-diputado-federal","status":"publish","type":"post","link":"https:\/\/elinformativotam.com\/index.php\/2024\/02\/21\/aprueban-licencia-a-erasmo-gonzalez-para-separarse-del-cargo-como-diputado-federal\/","title":{"rendered":"Aprueban Licencia a Erasmo Gonz\u00e1lez Para Separarse Del Cargo Como Diputado Federal"},"content":{"rendered":"<p>Erasmo Gonz\u00e1lez Robledo recibi\u00f3 de la C\u00e1mara de Diputados la aprobaci\u00f3n a su solicitud de licencia, para separarse del cargo como legislador Federal por tiempo indefinido a partir del 29 del presente mes y a\u00f1o, documento que hab\u00eda entregado la semana anterior ante la Mesa Directiva, dando cumplimiento a lo establecido por la ley, ahora goza de este derecho constitucional para ir en busca de nuevos retos.<\/p>\n<p>&nbsp;<\/p>\n<p>El documento oficial se anticip\u00f3 ante la Mesa Directiva que preside la Diputada Federal Marcela Guerra Castillo, esto de conformidad con los art\u00edculos 62\u00ba de la Constituci\u00f3n Pol\u00edtica de los Estados Unidos Mexicanos; 6\u00ba, 12\u00ba y 13\u00ba del Reglamento de la C\u00e1mara de Diputados.<\/p>\n<p>Tras presidir por cinco a\u00f1os la Comisi\u00f3n de Presupuesto y Cuenta P\u00fablica en el Congreso de la Uni\u00f3n, el legislador maderense particip\u00f3 en la sesi\u00f3n de C\u00e1mara, donde intervino para dirigirse a sus compa\u00f1eros de tribuna donde expres\u00f3, \u201cEste ha sido sin duda alguna, uno de los cargos m\u00e1s significativos de mi vida, me dio la oportunidad de servir a M\u00e9xico y a mi estado Tamaulipas\u201d.<\/p>\n<p>&nbsp;<\/p>\n<p>Al recibir una serie de reconocimientos de sus compa\u00f1eros de curul, hizo menci\u00f3n, \u201cQuiero agradecer a todas y todos mis compa\u00f1eros, en especial a las Diputadas y Diputados del Grupo parlamentario de Morena, por su respaldo y colaboraci\u00f3n en estos cinco a\u00f1os, as\u00ed como a las y los ciudadanos quienes confiaron en m\u00ed, para ser su representante en las LXIV y LXV legislaturas\u201d.<\/p>\n<p>El Diputado Federal Erasmo Gonz\u00e1lez cit\u00f3 que, gracias a todas y todos por ir en busca de integrar una mejor sociedad, una sociedad m\u00e1s humanista y sobre todo con mayor bienestar, grandes principios que impulsan la Cuarta Transformaci\u00f3n.<\/p>\n","protected":false},"excerpt":{"rendered":"<p>Erasmo Gonz\u00e1lez Robledo recibi\u00f3 de la C\u00e1mara de Diputados la aprobaci\u00f3n a su solicitud de licencia, para separarse del cargo&hellip;<\/p>\n","protected":false},"author":1,"featured_media":49277,"comment_status":"open","ping_status":"open","sticky":false,"template":"","format":"standard","meta":{"footnotes":""},"categories":[4],"tags":[],"class_list":["post-49276","post","type-post","status-publish","format-standard","has-post-thumbnail","hentry","category-madero"],"yoast_head":"<!-- This site is optimized with the Yoast SEO plugin v27.5 - https:\/\/yoast.com\/product\/yoast-seo-wordpress\/ -->\n<title>Aprueban Licencia a Erasmo Gonz\u00e1lez Para Separarse Del Cargo Como Diputado Federal - EL INFORMATIVO DE TAMAULIPAS<\/title>\n<meta name=\"description\" content=\"Erasmo Gonz\u00e1lez Robledo recibi\u00f3 de la C\u00e1mara de Diputados la aprobaci\u00f3n a su solicitud de licencia, para separarse del cargo como legislador Federal por\" \/>\n<meta name=\"robots\" content=\"index, follow, max-snippet:-1, max-image-preview:large, max-video-preview:-1\" \/>\n<link rel=\"canonical\" href=\"https:\/\/elinformativotam.com\/index.php\/2024\/02\/21\/aprueban-licencia-a-erasmo-gonzalez-para-separarse-del-cargo-como-diputado-federal\/\" \/>\n<meta property=\"og:locale\" content=\"es_MX\" \/>\n<meta property=\"og:type\" content=\"article\" \/>\n<meta property=\"og:title\" content=\"Aprueban Licencia a Erasmo Gonz\u00e1lez Para Separarse Del Cargo Como Diputado Federal - EL INFORMATIVO DE TAMAULIPAS\" \/>\n<meta property=\"og:description\" content=\"Erasmo Gonz\u00e1lez Robledo recibi\u00f3 de la C\u00e1mara de Diputados la aprobaci\u00f3n a su solicitud de licencia, para separarse del cargo como legislador Federal por\" \/>\n<meta property=\"og:url\" content=\"https:\/\/elinformativotam.com\/index.php\/2024\/02\/21\/aprueban-licencia-a-erasmo-gonzalez-para-separarse-del-cargo-como-diputado-federal\/\" \/>\n<meta property=\"og:site_name\" content=\"EL INFORMATIVO DE TAMAULIPAS\" \/>\n<meta property=\"article:published_time\" content=\"2024-02-21T19:37:41+00:00\" \/>\n<meta property=\"og:image\" content=\"https:\/\/elinformativotam.com\/wp-content\/uploads\/2024\/02\/IMG-20240221-WA0092.jpg\" \/>\n\t<meta property=\"og:image:width\" content=\"1067\" \/>\n\t<meta property=\"og:image:height\" content=\"841\" \/>\n\t<meta property=\"og:image:type\" content=\"image\/jpeg\" \/>\n<meta name=\"author\" content=\"El Informativo Tam\" \/>\n<meta name=\"twitter:card\" content=\"summary_large_image\" \/>\n<meta name=\"twitter:label1\" content=\"Escrito por\" \/>\n\t<meta name=\"twitter:data1\" content=\"El Informativo Tam\" \/>\n\t<meta name=\"twitter:label2\" content=\"Tiempo de lectura\" \/>\n\t<meta name=\"twitter:data2\" content=\"2 minutos\" \/>\n<script type=\"application\/ld+json\" class=\"yoast-schema-graph\">{\"@context\":\"https:\\\/\\\/schema.org\",\"@graph\":[{\"@type\":\"Article\",\"@id\":\"https:\\\/\\\/elinformativotam.com\\\/index.php\\\/2024\\\/02\\\/21\\\/aprueban-licencia-a-erasmo-gonzalez-para-separarse-del-cargo-como-diputado-federal\\\/#article\",\"isPartOf\":{\"@id\":\"https:\\\/\\\/elinformativotam.com\\\/index.php\\\/2024\\\/02\\\/21\\\/aprueban-licencia-a-erasmo-gonzalez-para-separarse-del-cargo-como-diputado-federal\\\/\"},\"author\":{\"name\":\"El Informativo Tam\",\"@id\":\"https:\\\/\\\/elinformativotam.com\\\/#\\\/schema\\\/person\\\/78e08040eed0f6110f0c5f83b6153590\"},\"headline\":\"Aprueban Licencia a Erasmo Gonz\u00e1lez Para Separarse Del Cargo Como Diputado Federal\",\"datePublished\":\"2024-02-21T19:37:41+00:00\",\"mainEntityOfPage\":{\"@id\":\"https:\\\/\\\/elinformativotam.com\\\/index.php\\\/2024\\\/02\\\/21\\\/aprueban-licencia-a-erasmo-gonzalez-para-separarse-del-cargo-como-diputado-federal\\\/\"},\"wordCount\":314,\"commentCount\":0,\"publisher\":{\"@id\":\"https:\\\/\\\/elinformativotam.com\\\/#organization\"},\"image\":{\"@id\":\"https:\\\/\\\/elinformativotam.com\\\/index.php\\\/2024\\\/02\\\/21\\\/aprueban-licencia-a-erasmo-gonzalez-para-separarse-del-cargo-como-diputado-federal\\\/#primaryimage\"},\"thumbnailUrl\":\"https:\\\/\\\/elinformativotam.com\\\/wp-content\\\/uploads\\\/2024\\\/02\\\/IMG-20240221-WA0092.jpg\",\"articleSection\":[\"Cd Madero\"],\"inLanguage\":\"es\",\"potentialAction\":[{\"@type\":\"CommentAction\",\"name\":\"Comment\",\"target\":[\"https:\\\/\\\/elinformativotam.com\\\/index.php\\\/2024\\\/02\\\/21\\\/aprueban-licencia-a-erasmo-gonzalez-para-separarse-del-cargo-como-diputado-federal\\\/#respond\"]}]},{\"@type\":\"WebPage\",\"@id\":\"https:\\\/\\\/elinformativotam.com\\\/index.php\\\/2024\\\/02\\\/21\\\/aprueban-licencia-a-erasmo-gonzalez-para-separarse-del-cargo-como-diputado-federal\\\/\",\"url\":\"https:\\\/\\\/elinformativotam.com\\\/index.php\\\/2024\\\/02\\\/21\\\/aprueban-licencia-a-erasmo-gonzalez-para-separarse-del-cargo-como-diputado-federal\\\/\",\"name\":\"Aprueban Licencia a Erasmo Gonz\u00e1lez Para Separarse Del Cargo Como Diputado Federal - EL INFORMATIVO DE TAMAULIPAS\",\"isPartOf\":{\"@id\":\"https:\\\/\\\/elinformativotam.com\\\/#website\"},\"primaryImageOfPage\":{\"@id\":\"https:\\\/\\\/elinformativotam.com\\\/index.php\\\/2024\\\/02\\\/21\\\/aprueban-licencia-a-erasmo-gonzalez-para-separarse-del-cargo-como-diputado-federal\\\/#primaryimage\"},\"image\":{\"@id\":\"https:\\\/\\\/elinformativotam.com\\\/index.php\\\/2024\\\/02\\\/21\\\/aprueban-licencia-a-erasmo-gonzalez-para-separarse-del-cargo-como-diputado-federal\\\/#primaryimage\"},\"thumbnailUrl\":\"https:\\\/\\\/elinformativotam.com\\\/wp-content\\\/uploads\\\/2024\\\/02\\\/IMG-20240221-WA0092.jpg\",\"datePublished\":\"2024-02-21T19:37:41+00:00\",\"description\":\"Erasmo Gonz\u00e1lez Robledo recibi\u00f3 de la C\u00e1mara de Diputados la aprobaci\u00f3n a su solicitud de licencia, para separarse del cargo como legislador Federal por\",\"inLanguage\":\"es\",\"potentialAction\":[{\"@type\":\"ReadAction\",\"target\":[\"https:\\\/\\\/elinformativotam.com\\\/index.php\\\/2024\\\/02\\\/21\\\/aprueban-licencia-a-erasmo-gonzalez-para-separarse-del-cargo-como-diputado-federal\\\/\"]}]},{\"@type\":\"ImageObject\",\"inLanguage\":\"es\",\"@id\":\"https:\\\/\\\/elinformativotam.com\\\/index.php\\\/2024\\\/02\\\/21\\\/aprueban-licencia-a-erasmo-gonzalez-para-separarse-del-cargo-como-diputado-federal\\\/#primaryimage\",\"url\":\"https:\\\/\\\/elinformativotam.com\\\/wp-content\\\/uploads\\\/2024\\\/02\\\/IMG-20240221-WA0092.jpg\",\"contentUrl\":\"https:\\\/\\\/elinformativotam.com\\\/wp-content\\\/uploads\\\/2024\\\/02\\\/IMG-20240221-WA0092.jpg\",\"width\":1067,\"height\":841},{\"@type\":\"WebSite\",\"@id\":\"https:\\\/\\\/elinformativotam.com\\\/#website\",\"url\":\"https:\\\/\\\/elinformativotam.com\\\/\",\"name\":\"EL INFORMATIVO DE TAMAULIPAS\",\"description\":\"Desde la Zona Metropolitana Para Todo M\u00e9xico\",\"publisher\":{\"@id\":\"https:\\\/\\\/elinformativotam.com\\\/#organization\"},\"potentialAction\":[{\"@type\":\"SearchAction\",\"target\":{\"@type\":\"EntryPoint\",\"urlTemplate\":\"https:\\\/\\\/elinformativotam.com\\\/?s={search_term_string}\"},\"query-input\":{\"@type\":\"PropertyValueSpecification\",\"valueRequired\":true,\"valueName\":\"search_term_string\"}}],\"inLanguage\":\"es\"},{\"@type\":\"Organization\",\"@id\":\"https:\\\/\\\/elinformativotam.com\\\/#organization\",\"name\":\"EL INFORMATIVO DE TAMAULIPAS\",\"url\":\"https:\\\/\\\/elinformativotam.com\\\/\",\"logo\":{\"@type\":\"ImageObject\",\"inLanguage\":\"es\",\"@id\":\"https:\\\/\\\/elinformativotam.com\\\/#\\\/schema\\\/logo\\\/image\\\/\",\"url\":\"https:\\\/\\\/elinformativotam.com\\\/wp-content\\\/uploads\\\/2026\\\/02\\\/Cabezal.png\",\"contentUrl\":\"https:\\\/\\\/elinformativotam.com\\\/wp-content\\\/uploads\\\/2026\\\/02\\\/Cabezal.png\",\"width\":960,\"height\":640,\"caption\":\"EL INFORMATIVO DE TAMAULIPAS\"},\"image\":{\"@id\":\"https:\\\/\\\/elinformativotam.com\\\/#\\\/schema\\\/logo\\\/image\\\/\"}},{\"@type\":\"Person\",\"@id\":\"https:\\\/\\\/elinformativotam.com\\\/#\\\/schema\\\/person\\\/78e08040eed0f6110f0c5f83b6153590\",\"name\":\"El Informativo Tam\",\"image\":{\"@type\":\"ImageObject\",\"inLanguage\":\"es\",\"@id\":\"https:\\\/\\\/secure.gravatar.com\\\/avatar\\\/f3b7ad3af540688955925ac610647be00b0cf41feea9c4978b73a707ee86bc53?s=96&d=mm&r=g\",\"url\":\"https:\\\/\\\/secure.gravatar.com\\\/avatar\\\/f3b7ad3af540688955925ac610647be00b0cf41feea9c4978b73a707ee86bc53?s=96&d=mm&r=g\",\"contentUrl\":\"https:\\\/\\\/secure.gravatar.com\\\/avatar\\\/f3b7ad3af540688955925ac610647be00b0cf41feea9c4978b73a707ee86bc53?s=96&d=mm&r=g\",\"caption\":\"El Informativo Tam\"}}]}<\/script>\n<!-- \/ Yoast SEO plugin. -->","yoast_head_json":{"title":"Aprueban Licencia a Erasmo Gonz\u00e1lez Para Separarse Del Cargo Como Diputado Federal - EL INFORMATIVO DE TAMAULIPAS","description":"Erasmo Gonz\u00e1lez Robledo recibi\u00f3 de la C\u00e1mara de Diputados la aprobaci\u00f3n a su solicitud de licencia, para separarse del cargo como legislador Federal por","robots":{"index":"index","follow":"follow","max-snippet":"max-snippet:-1","max-image-preview":"max-image-preview:large","max-video-preview":"max-video-preview:-1"},"canonical":"https:\/\/elinformativotam.com\/index.php\/2024\/02\/21\/aprueban-licencia-a-erasmo-gonzalez-para-separarse-del-cargo-como-diputado-federal\/","og_locale":"es_MX","og_type":"article","og_title":"Aprueban Licencia a Erasmo Gonz\u00e1lez Para Separarse Del Cargo Como Diputado Federal - EL INFORMATIVO DE TAMAULIPAS","og_description":"Erasmo Gonz\u00e1lez Robledo recibi\u00f3 de la C\u00e1mara de Diputados la aprobaci\u00f3n a su solicitud de licencia, para separarse del cargo como legislador Federal por","og_url":"https:\/\/elinformativotam.com\/index.php\/2024\/02\/21\/aprueban-licencia-a-erasmo-gonzalez-para-separarse-del-cargo-como-diputado-federal\/","og_site_name":"EL INFORMATIVO DE TAMAULIPAS","article_published_time":"2024-02-21T19:37:41+00:00","og_image":[{"width":1067,"height":841,"url":"https:\/\/elinformativotam.com\/wp-content\/uploads\/2024\/02\/IMG-20240221-WA0092.jpg","type":"image\/jpeg"}],"author":"El Informativo Tam","twitter_card":"summary_large_image","twitter_misc":{"Escrito por":"El Informativo Tam","Tiempo de lectura":"2 minutos"},"schema":{"@context":"https:\/\/schema.org","@graph":[{"@type":"Article","@id":"https:\/\/elinformativotam.com\/index.php\/2024\/02\/21\/aprueban-licencia-a-erasmo-gonzalez-para-separarse-del-cargo-como-diputado-federal\/#article","isPartOf":{"@id":"https:\/\/elinformativotam.com\/index.php\/2024\/02\/21\/aprueban-licencia-a-erasmo-gonzalez-para-separarse-del-cargo-como-diputado-federal\/"},"author":{"name":"El Informativo Tam","@id":"https:\/\/elinformativotam.com\/#\/schema\/person\/78e08040eed0f6110f0c5f83b6153590"},"headline":"Aprueban Licencia a Erasmo Gonz\u00e1lez Para Separarse Del Cargo Como Diputado Federal","datePublished":"2024-02-21T19:37:41+00:00","mainEntityOfPage":{"@id":"https:\/\/elinformativotam.com\/index.php\/2024\/02\/21\/aprueban-licencia-a-erasmo-gonzalez-para-separarse-del-cargo-como-diputado-federal\/"},"wordCount":314,"commentCount":0,"publisher":{"@id":"https:\/\/elinformativotam.com\/#organization"},"image":{"@id":"https:\/\/elinformativotam.com\/index.php\/2024\/02\/21\/aprueban-licencia-a-erasmo-gonzalez-para-separarse-del-cargo-como-diputado-federal\/#primaryimage"},"thumbnailUrl":"https:\/\/elinformativotam.com\/wp-content\/uploads\/2024\/02\/IMG-20240221-WA0092.jpg","articleSection":["Cd Madero"],"inLanguage":"es","potentialAction":[{"@type":"CommentAction","name":"Comment","target":["https:\/\/elinformativotam.com\/index.php\/2024\/02\/21\/aprueban-licencia-a-erasmo-gonzalez-para-separarse-del-cargo-como-diputado-federal\/#respond"]}]},{"@type":"WebPage","@id":"https:\/\/elinformativotam.com\/index.php\/2024\/02\/21\/aprueban-licencia-a-erasmo-gonzalez-para-separarse-del-cargo-como-diputado-federal\/","url":"https:\/\/elinformativotam.com\/index.php\/2024\/02\/21\/aprueban-licencia-a-erasmo-gonzalez-para-separarse-del-cargo-como-diputado-federal\/","name":"Aprueban Licencia a Erasmo Gonz\u00e1lez Para Separarse Del Cargo Como Diputado Federal - EL INFORMATIVO DE TAMAULIPAS","isPartOf":{"@id":"https:\/\/elinformativotam.com\/#website"},"primaryImageOfPage":{"@id":"https:\/\/elinformativotam.com\/index.php\/2024\/02\/21\/aprueban-licencia-a-erasmo-gonzalez-para-separarse-del-cargo-como-diputado-federal\/#primaryimage"},"image":{"@id":"https:\/\/elinformativotam.com\/index.php\/2024\/02\/21\/aprueban-licencia-a-erasmo-gonzalez-para-separarse-del-cargo-como-diputado-federal\/#primaryimage"},"thumbnailUrl":"https:\/\/elinformativotam.com\/wp-content\/uploads\/2024\/02\/IMG-20240221-WA0092.jpg","datePublished":"2024-02-21T19:37:41+00:00","description":"Erasmo Gonz\u00e1lez Robledo recibi\u00f3 de la C\u00e1mara de Diputados la aprobaci\u00f3n a su solicitud de licencia, para separarse del cargo como legislador Federal por","inLanguage":"es","potentialAction":[{"@type":"ReadAction","target":["https:\/\/elinformativotam.com\/index.php\/2024\/02\/21\/aprueban-licencia-a-erasmo-gonzalez-para-separarse-del-cargo-como-diputado-federal\/"]}]},{"@type":"ImageObject","inLanguage":"es","@id":"https:\/\/elinformativotam.com\/index.php\/2024\/02\/21\/aprueban-licencia-a-erasmo-gonzalez-para-separarse-del-cargo-como-diputado-federal\/#primaryimage","url":"https:\/\/elinformativotam.com\/wp-content\/uploads\/2024\/02\/IMG-20240221-WA0092.jpg","contentUrl":"https:\/\/elinformativotam.com\/wp-content\/uploads\/2024\/02\/IMG-20240221-WA0092.jpg","width":1067,"height":841},{"@type":"WebSite","@id":"https:\/\/elinformativotam.com\/#website","url":"https:\/\/elinformativotam.com\/","name":"EL INFORMATIVO DE TAMAULIPAS","description":"Desde la Zona Metropolitana Para Todo M\u00e9xico","publisher":{"@id":"https:\/\/elinformativotam.com\/#organization"},"potentialAction":[{"@type":"SearchAction","target":{"@type":"EntryPoint","urlTemplate":"https:\/\/elinformativotam.com\/?s={search_term_string}"},"query-input":{"@type":"PropertyValueSpecification","valueRequired":true,"valueName":"search_term_string"}}],"inLanguage":"es"},{"@type":"Organization","@id":"https:\/\/elinformativotam.com\/#organization","name":"EL INFORMATIVO DE TAMAULIPAS","url":"https:\/\/elinformativotam.com\/","logo":{"@type":"ImageObject","inLanguage":"es","@id":"https:\/\/elinformativotam.com\/#\/schema\/logo\/image\/","url":"https:\/\/elinformativotam.com\/wp-content\/uploads\/2026\/02\/Cabezal.png","contentUrl":"https:\/\/elinformativotam.com\/wp-content\/uploads\/2026\/02\/Cabezal.png","width":960,"height":640,"caption":"EL INFORMATIVO DE TAMAULIPAS"},"image":{"@id":"https:\/\/elinformativotam.com\/#\/schema\/logo\/image\/"}},{"@type":"Person","@id":"https:\/\/elinformativotam.com\/#\/schema\/person\/78e08040eed0f6110f0c5f83b6153590","name":"El Informativo Tam","image":{"@type":"ImageObject","inLanguage":"es","@id":"https:\/\/secure.gravatar.com\/avatar\/f3b7ad3af540688955925ac610647be00b0cf41feea9c4978b73a707ee86bc53?s=96&d=mm&r=g","url":"https:\/\/secure.gravatar.com\/avatar\/f3b7ad3af540688955925ac610647be00b0cf41feea9c4978b73a707ee86bc53?s=96&d=mm&r=g","contentUrl":"https:\/\/secure.gravatar.com\/avatar\/f3b7ad3af540688955925ac610647be00b0cf41feea9c4978b73a707ee86bc53?s=96&d=mm&r=g","caption":"El Informativo Tam"}}]}},"_links":{"self":[{"href":"https:\/\/elinformativotam.com\/index.php\/wp-json\/wp\/v2\/posts\/49276","targetHints":{"allow":["GET"]}}],"collection":[{"href":"https:\/\/elinformativotam.com\/index.php\/wp-json\/wp\/v2\/posts"}],"about":[{"href":"https:\/\/elinformativotam.com\/index.php\/wp-json\/wp\/v2\/types\/post"}],"author":[{"embeddable":true,"href":"https:\/\/elinformativotam.com\/index.php\/wp-json\/wp\/v2\/users\/1"}],"replies":[{"embeddable":true,"href":"https:\/\/elinformativotam.com\/index.php\/wp-json\/wp\/v2\/comments?post=49276"}],"version-history":[{"count":1,"href":"https:\/\/elinformativotam.com\/index.php\/wp-json\/wp\/v2\/posts\/49276\/revisions"}],"predecessor-version":[{"id":49278,"href":"https:\/\/elinformativotam.com\/index.php\/wp-json\/wp\/v2\/posts\/49276\/revisions\/49278"}],"wp:featuredmedia":[{"embeddable":true,"href":"https:\/\/elinformativotam.com\/index.php\/wp-json\/wp\/v2\/media\/49277"}],"wp:attachment":[{"href":"https:\/\/elinformativotam.com\/index.php\/wp-json\/wp\/v2\/media?parent=49276"}],"wp:term":[{"taxonomy":"category","embeddable":true,"href":"https:\/\/elinformativotam.com\/index.php\/wp-json\/wp\/v2\/categories?post=49276"},{"taxonomy":"post_tag","embeddable":true,"href":"https:\/\/elinformativotam.com\/index.php\/wp-json\/wp\/v2\/tags?post=49276"}],"curies":[{"name":"wp","href":"https:\/\/api.w.org\/{rel}","templated":true}]}}