{"id":49269,"date":"2024-02-20T21:33:12","date_gmt":"2024-02-21T03:33:12","guid":{"rendered":"https:\/\/elinformativotam.com\/?p=49269"},"modified":"2024-02-20T21:33:12","modified_gmt":"2024-02-21T03:33:12","slug":"padres-de-familia-toman-escuela-a-negativa-de-secretaria-de-educacion-de-resolver-problematica","status":"publish","type":"post","link":"https:\/\/elinformativotam.com\/index.php\/2024\/02\/20\/padres-de-familia-toman-escuela-a-negativa-de-secretaria-de-educacion-de-resolver-problematica\/","title":{"rendered":"PADRES DE FAMILIA TOMAN ESCUELA A NEGATIVA DE SECRETARIA DE EDUCACI\u00d3N DE RESOLVER PROBLEM\u00c1TICA"},"content":{"rendered":"<p>Un grupo de padres de familia, en punto de las 6:30 de la ma\u00f1ana la escuela secundaria t\u00e9cnica n\u00famero 87 &#8220;Independencia de M\u00e9xico&#8221;, ubicada en el sector San Jacinto en el municipio de Altamira, tomaron la escuela y encadenaron las puertas de la entrada o pidiendo que los docentes y alumnos entraran.<\/p>\n<p>&nbsp;<\/p>\n<p>Lo anterior al cumplirse un a\u00f1o de la problem\u00e1tica donde se\u00f1alaron que la directora estaba desviando recursos del concepto de cuotas escolares, mientras el plantel se encuentra totalmente en deplorables condiciones.<\/p>\n<p>&nbsp;<\/p>\n<p>Selene Gomez, presidenta de la sociedad de alumnos expuso que nadie les resuelve y en un a\u00f1o tampoco ha asistido ning\u00fan personal de Ciudad Victoria a investigar esta situaci\u00f3n.<\/p>\n<p><img loading=\"lazy\" decoding=\"async\" class=\"alignnone size-medium wp-image-49263\" src=\"https:\/\/elinformativotam.com\/wp-content\/uploads\/2024\/02\/Manifestacion-Secundaria-2-649x365.jpeg\" alt=\"\" width=\"649\" height=\"365\" srcset=\"https:\/\/elinformativotam.com\/wp-content\/uploads\/2024\/02\/Manifestacion-Secundaria-2-649x365.jpeg 649w, https:\/\/elinformativotam.com\/wp-content\/uploads\/2024\/02\/Manifestacion-Secundaria-2-840x472.jpeg 840w, https:\/\/elinformativotam.com\/wp-content\/uploads\/2024\/02\/Manifestacion-Secundaria-2-500x280.jpeg 500w, https:\/\/elinformativotam.com\/wp-content\/uploads\/2024\/02\/Manifestacion-Secundaria-2-768x432.jpeg 768w, https:\/\/elinformativotam.com\/wp-content\/uploads\/2024\/02\/Manifestacion-Secundaria-2-1536x864.jpeg 1536w, https:\/\/elinformativotam.com\/wp-content\/uploads\/2024\/02\/Manifestacion-Secundaria-2-1140x641.jpeg 1140w, https:\/\/elinformativotam.com\/wp-content\/uploads\/2024\/02\/Manifestacion-Secundaria-2-720x405.jpeg 720w, https:\/\/elinformativotam.com\/wp-content\/uploads\/2024\/02\/Manifestacion-Secundaria-2.jpeg 1599w\" sizes=\"auto, (max-width: 649px) 100vw, 649px\" \/><\/p>\n<p>&#8220;Ciudad Victoria no nos resuelve y tampoco nos da respuesta a un documento que entregamos el a\u00f1o pasado justo en esta fecha&#8221;, expuso.<\/p>\n<p>&nbsp;<\/p>\n<p>Aseguran que justo ayer se empez\u00f3 a desprender un pedazo de losa en los salones del segundo piso mientras que las varillas est\u00e1n expuestas y temen por la seguridad de sus hijos.<\/p>\n<p>&nbsp;<\/p>\n<p>La presidenta de la sociedad de padres de familia hace menci\u00f3n que la escuela est\u00e1 en muy malas condiciones y por ello requieren el recurso que supuestamente se encuentra a\u00fan en alg\u00fan lugar para comenzar a hacer las mejoras, pues es mentira lo que dice el Jefe de Crede Jorge Cisneros Mart\u00ednez que al escuela fue impermeabilizada.<\/p>\n<p>&nbsp;<\/p>\n<p>&#8220;Queremos soluciones ya porque los maestros tambi\u00e9n est\u00e1n trabajando bajo protesta, hoy (20 de febrero) cumplimos un a\u00f1o&#8221;, agreg\u00f3.<\/p>\n<p>&nbsp;<\/p>\n<p>&nbsp;<\/p>\n","protected":false},"excerpt":{"rendered":"<p>Un grupo de padres de familia, en punto de las 6:30 de la ma\u00f1ana la escuela secundaria t\u00e9cnica n\u00famero 87&hellip;<\/p>\n","protected":false},"author":1,"featured_media":49264,"comment_status":"open","ping_status":"open","sticky":false,"template":"","format":"standard","meta":{"footnotes":""},"categories":[5],"tags":[],"class_list":["post-49269","post","type-post","status-publish","format-standard","has-post-thumbnail","hentry","category-altamira"],"yoast_head":"<!-- This site is optimized with the Yoast SEO plugin v27.5 - https:\/\/yoast.com\/product\/yoast-seo-wordpress\/ -->\n<title>PADRES DE FAMILIA TOMAN ESCUELA A NEGATIVA DE SECRETARIA DE EDUCACI\u00d3N DE RESOLVER PROBLEM\u00c1TICA - EL INFORMATIVO DE TAMAULIPAS<\/title>\n<meta name=\"description\" content=\"Un grupo de padres de familia, en punto de las 6:30 de la ma\u00f1ana la escuela secundaria t\u00e9cnica n\u00famero 87 &quot;Independencia de M\u00e9xico&quot;, ubicada en el sector\" \/>\n<meta name=\"robots\" content=\"index, follow, max-snippet:-1, max-image-preview:large, max-video-preview:-1\" \/>\n<link rel=\"canonical\" href=\"https:\/\/elinformativotam.com\/index.php\/2024\/02\/20\/padres-de-familia-toman-escuela-a-negativa-de-secretaria-de-educacion-de-resolver-problematica\/\" \/>\n<meta property=\"og:locale\" content=\"es_MX\" \/>\n<meta property=\"og:type\" content=\"article\" \/>\n<meta property=\"og:title\" content=\"PADRES DE FAMILIA TOMAN ESCUELA A NEGATIVA DE SECRETARIA DE EDUCACI\u00d3N DE RESOLVER PROBLEM\u00c1TICA - EL INFORMATIVO DE TAMAULIPAS\" \/>\n<meta property=\"og:description\" content=\"Un grupo de padres de familia, en punto de las 6:30 de la ma\u00f1ana la escuela secundaria t\u00e9cnica n\u00famero 87 &quot;Independencia de M\u00e9xico&quot;, ubicada en el sector\" \/>\n<meta property=\"og:url\" content=\"https:\/\/elinformativotam.com\/index.php\/2024\/02\/20\/padres-de-familia-toman-escuela-a-negativa-de-secretaria-de-educacion-de-resolver-problematica\/\" \/>\n<meta property=\"og:site_name\" content=\"EL INFORMATIVO DE TAMAULIPAS\" \/>\n<meta property=\"article:published_time\" content=\"2024-02-21T03:33:12+00:00\" \/>\n<meta property=\"og:image\" content=\"https:\/\/elinformativotam.com\/wp-content\/uploads\/2024\/02\/Manifestacion-secundaria-1.jpeg\" \/>\n\t<meta property=\"og:image:width\" content=\"1600\" \/>\n\t<meta property=\"og:image:height\" content=\"1200\" \/>\n\t<meta property=\"og:image:type\" content=\"image\/jpeg\" \/>\n<meta name=\"author\" content=\"El Informativo Tam\" \/>\n<meta name=\"twitter:card\" content=\"summary_large_image\" \/>\n<meta name=\"twitter:label1\" content=\"Escrito por\" \/>\n\t<meta name=\"twitter:data1\" content=\"El Informativo Tam\" \/>\n\t<meta name=\"twitter:label2\" content=\"Tiempo de lectura\" \/>\n\t<meta name=\"twitter:data2\" content=\"2 minutos\" \/>\n<script type=\"application\/ld+json\" class=\"yoast-schema-graph\">{\"@context\":\"https:\\\/\\\/schema.org\",\"@graph\":[{\"@type\":\"Article\",\"@id\":\"https:\\\/\\\/elinformativotam.com\\\/index.php\\\/2024\\\/02\\\/20\\\/padres-de-familia-toman-escuela-a-negativa-de-secretaria-de-educacion-de-resolver-problematica\\\/#article\",\"isPartOf\":{\"@id\":\"https:\\\/\\\/elinformativotam.com\\\/index.php\\\/2024\\\/02\\\/20\\\/padres-de-familia-toman-escuela-a-negativa-de-secretaria-de-educacion-de-resolver-problematica\\\/\"},\"author\":{\"name\":\"El Informativo Tam\",\"@id\":\"https:\\\/\\\/elinformativotam.com\\\/#\\\/schema\\\/person\\\/78e08040eed0f6110f0c5f83b6153590\"},\"headline\":\"PADRES DE FAMILIA TOMAN ESCUELA A NEGATIVA DE SECRETARIA DE EDUCACI\u00d3N DE RESOLVER PROBLEM\u00c1TICA\",\"datePublished\":\"2024-02-21T03:33:12+00:00\",\"mainEntityOfPage\":{\"@id\":\"https:\\\/\\\/elinformativotam.com\\\/index.php\\\/2024\\\/02\\\/20\\\/padres-de-familia-toman-escuela-a-negativa-de-secretaria-de-educacion-de-resolver-problematica\\\/\"},\"wordCount\":282,\"commentCount\":0,\"publisher\":{\"@id\":\"https:\\\/\\\/elinformativotam.com\\\/#organization\"},\"image\":{\"@id\":\"https:\\\/\\\/elinformativotam.com\\\/index.php\\\/2024\\\/02\\\/20\\\/padres-de-familia-toman-escuela-a-negativa-de-secretaria-de-educacion-de-resolver-problematica\\\/#primaryimage\"},\"thumbnailUrl\":\"https:\\\/\\\/elinformativotam.com\\\/wp-content\\\/uploads\\\/2024\\\/02\\\/Manifestacion-secundaria-1.jpeg\",\"articleSection\":[\"Altamira\"],\"inLanguage\":\"es\",\"potentialAction\":[{\"@type\":\"CommentAction\",\"name\":\"Comment\",\"target\":[\"https:\\\/\\\/elinformativotam.com\\\/index.php\\\/2024\\\/02\\\/20\\\/padres-de-familia-toman-escuela-a-negativa-de-secretaria-de-educacion-de-resolver-problematica\\\/#respond\"]}]},{\"@type\":\"WebPage\",\"@id\":\"https:\\\/\\\/elinformativotam.com\\\/index.php\\\/2024\\\/02\\\/20\\\/padres-de-familia-toman-escuela-a-negativa-de-secretaria-de-educacion-de-resolver-problematica\\\/\",\"url\":\"https:\\\/\\\/elinformativotam.com\\\/index.php\\\/2024\\\/02\\\/20\\\/padres-de-familia-toman-escuela-a-negativa-de-secretaria-de-educacion-de-resolver-problematica\\\/\",\"name\":\"PADRES DE FAMILIA TOMAN ESCUELA A NEGATIVA DE SECRETARIA DE EDUCACI\u00d3N DE RESOLVER PROBLEM\u00c1TICA - EL INFORMATIVO DE TAMAULIPAS\",\"isPartOf\":{\"@id\":\"https:\\\/\\\/elinformativotam.com\\\/#website\"},\"primaryImageOfPage\":{\"@id\":\"https:\\\/\\\/elinformativotam.com\\\/index.php\\\/2024\\\/02\\\/20\\\/padres-de-familia-toman-escuela-a-negativa-de-secretaria-de-educacion-de-resolver-problematica\\\/#primaryimage\"},\"image\":{\"@id\":\"https:\\\/\\\/elinformativotam.com\\\/index.php\\\/2024\\\/02\\\/20\\\/padres-de-familia-toman-escuela-a-negativa-de-secretaria-de-educacion-de-resolver-problematica\\\/#primaryimage\"},\"thumbnailUrl\":\"https:\\\/\\\/elinformativotam.com\\\/wp-content\\\/uploads\\\/2024\\\/02\\\/Manifestacion-secundaria-1.jpeg\",\"datePublished\":\"2024-02-21T03:33:12+00:00\",\"description\":\"Un grupo de padres de familia, en punto de las 6:30 de la ma\u00f1ana la escuela secundaria t\u00e9cnica n\u00famero 87 \\\"Independencia de M\u00e9xico\\\", ubicada en el sector\",\"inLanguage\":\"es\",\"potentialAction\":[{\"@type\":\"ReadAction\",\"target\":[\"https:\\\/\\\/elinformativotam.com\\\/index.php\\\/2024\\\/02\\\/20\\\/padres-de-familia-toman-escuela-a-negativa-de-secretaria-de-educacion-de-resolver-problematica\\\/\"]}]},{\"@type\":\"ImageObject\",\"inLanguage\":\"es\",\"@id\":\"https:\\\/\\\/elinformativotam.com\\\/index.php\\\/2024\\\/02\\\/20\\\/padres-de-familia-toman-escuela-a-negativa-de-secretaria-de-educacion-de-resolver-problematica\\\/#primaryimage\",\"url\":\"https:\\\/\\\/elinformativotam.com\\\/wp-content\\\/uploads\\\/2024\\\/02\\\/Manifestacion-secundaria-1.jpeg\",\"contentUrl\":\"https:\\\/\\\/elinformativotam.com\\\/wp-content\\\/uploads\\\/2024\\\/02\\\/Manifestacion-secundaria-1.jpeg\",\"width\":1600,\"height\":1200},{\"@type\":\"WebSite\",\"@id\":\"https:\\\/\\\/elinformativotam.com\\\/#website\",\"url\":\"https:\\\/\\\/elinformativotam.com\\\/\",\"name\":\"EL INFORMATIVO DE TAMAULIPAS\",\"description\":\"Desde la Zona Metropolitana Para Todo M\u00e9xico\",\"publisher\":{\"@id\":\"https:\\\/\\\/elinformativotam.com\\\/#organization\"},\"potentialAction\":[{\"@type\":\"SearchAction\",\"target\":{\"@type\":\"EntryPoint\",\"urlTemplate\":\"https:\\\/\\\/elinformativotam.com\\\/?s={search_term_string}\"},\"query-input\":{\"@type\":\"PropertyValueSpecification\",\"valueRequired\":true,\"valueName\":\"search_term_string\"}}],\"inLanguage\":\"es\"},{\"@type\":\"Organization\",\"@id\":\"https:\\\/\\\/elinformativotam.com\\\/#organization\",\"name\":\"EL INFORMATIVO DE TAMAULIPAS\",\"url\":\"https:\\\/\\\/elinformativotam.com\\\/\",\"logo\":{\"@type\":\"ImageObject\",\"inLanguage\":\"es\",\"@id\":\"https:\\\/\\\/elinformativotam.com\\\/#\\\/schema\\\/logo\\\/image\\\/\",\"url\":\"https:\\\/\\\/elinformativotam.com\\\/wp-content\\\/uploads\\\/2026\\\/02\\\/Cabezal.png\",\"contentUrl\":\"https:\\\/\\\/elinformativotam.com\\\/wp-content\\\/uploads\\\/2026\\\/02\\\/Cabezal.png\",\"width\":960,\"height\":640,\"caption\":\"EL INFORMATIVO DE TAMAULIPAS\"},\"image\":{\"@id\":\"https:\\\/\\\/elinformativotam.com\\\/#\\\/schema\\\/logo\\\/image\\\/\"}},{\"@type\":\"Person\",\"@id\":\"https:\\\/\\\/elinformativotam.com\\\/#\\\/schema\\\/person\\\/78e08040eed0f6110f0c5f83b6153590\",\"name\":\"El Informativo Tam\",\"image\":{\"@type\":\"ImageObject\",\"inLanguage\":\"es\",\"@id\":\"https:\\\/\\\/secure.gravatar.com\\\/avatar\\\/f3b7ad3af540688955925ac610647be00b0cf41feea9c4978b73a707ee86bc53?s=96&d=mm&r=g\",\"url\":\"https:\\\/\\\/secure.gravatar.com\\\/avatar\\\/f3b7ad3af540688955925ac610647be00b0cf41feea9c4978b73a707ee86bc53?s=96&d=mm&r=g\",\"contentUrl\":\"https:\\\/\\\/secure.gravatar.com\\\/avatar\\\/f3b7ad3af540688955925ac610647be00b0cf41feea9c4978b73a707ee86bc53?s=96&d=mm&r=g\",\"caption\":\"El Informativo Tam\"}}]}<\/script>\n<!-- \/ Yoast SEO plugin. -->","yoast_head_json":{"title":"PADRES DE FAMILIA TOMAN ESCUELA A NEGATIVA DE SECRETARIA DE EDUCACI\u00d3N DE RESOLVER PROBLEM\u00c1TICA - EL INFORMATIVO DE TAMAULIPAS","description":"Un grupo de padres de familia, en punto de las 6:30 de la ma\u00f1ana la escuela secundaria t\u00e9cnica n\u00famero 87 \"Independencia de M\u00e9xico\", ubicada en el sector","robots":{"index":"index","follow":"follow","max-snippet":"max-snippet:-1","max-image-preview":"max-image-preview:large","max-video-preview":"max-video-preview:-1"},"canonical":"https:\/\/elinformativotam.com\/index.php\/2024\/02\/20\/padres-de-familia-toman-escuela-a-negativa-de-secretaria-de-educacion-de-resolver-problematica\/","og_locale":"es_MX","og_type":"article","og_title":"PADRES DE FAMILIA TOMAN ESCUELA A NEGATIVA DE SECRETARIA DE EDUCACI\u00d3N DE RESOLVER PROBLEM\u00c1TICA - EL INFORMATIVO DE TAMAULIPAS","og_description":"Un grupo de padres de familia, en punto de las 6:30 de la ma\u00f1ana la escuela secundaria t\u00e9cnica n\u00famero 87 \"Independencia de M\u00e9xico\", ubicada en el sector","og_url":"https:\/\/elinformativotam.com\/index.php\/2024\/02\/20\/padres-de-familia-toman-escuela-a-negativa-de-secretaria-de-educacion-de-resolver-problematica\/","og_site_name":"EL INFORMATIVO DE TAMAULIPAS","article_published_time":"2024-02-21T03:33:12+00:00","og_image":[{"width":1600,"height":1200,"url":"https:\/\/elinformativotam.com\/wp-content\/uploads\/2024\/02\/Manifestacion-secundaria-1.jpeg","type":"image\/jpeg"}],"author":"El Informativo Tam","twitter_card":"summary_large_image","twitter_misc":{"Escrito por":"El Informativo Tam","Tiempo de lectura":"2 minutos"},"schema":{"@context":"https:\/\/schema.org","@graph":[{"@type":"Article","@id":"https:\/\/elinformativotam.com\/index.php\/2024\/02\/20\/padres-de-familia-toman-escuela-a-negativa-de-secretaria-de-educacion-de-resolver-problematica\/#article","isPartOf":{"@id":"https:\/\/elinformativotam.com\/index.php\/2024\/02\/20\/padres-de-familia-toman-escuela-a-negativa-de-secretaria-de-educacion-de-resolver-problematica\/"},"author":{"name":"El Informativo Tam","@id":"https:\/\/elinformativotam.com\/#\/schema\/person\/78e08040eed0f6110f0c5f83b6153590"},"headline":"PADRES DE FAMILIA TOMAN ESCUELA A NEGATIVA DE SECRETARIA DE EDUCACI\u00d3N DE RESOLVER PROBLEM\u00c1TICA","datePublished":"2024-02-21T03:33:12+00:00","mainEntityOfPage":{"@id":"https:\/\/elinformativotam.com\/index.php\/2024\/02\/20\/padres-de-familia-toman-escuela-a-negativa-de-secretaria-de-educacion-de-resolver-problematica\/"},"wordCount":282,"commentCount":0,"publisher":{"@id":"https:\/\/elinformativotam.com\/#organization"},"image":{"@id":"https:\/\/elinformativotam.com\/index.php\/2024\/02\/20\/padres-de-familia-toman-escuela-a-negativa-de-secretaria-de-educacion-de-resolver-problematica\/#primaryimage"},"thumbnailUrl":"https:\/\/elinformativotam.com\/wp-content\/uploads\/2024\/02\/Manifestacion-secundaria-1.jpeg","articleSection":["Altamira"],"inLanguage":"es","potentialAction":[{"@type":"CommentAction","name":"Comment","target":["https:\/\/elinformativotam.com\/index.php\/2024\/02\/20\/padres-de-familia-toman-escuela-a-negativa-de-secretaria-de-educacion-de-resolver-problematica\/#respond"]}]},{"@type":"WebPage","@id":"https:\/\/elinformativotam.com\/index.php\/2024\/02\/20\/padres-de-familia-toman-escuela-a-negativa-de-secretaria-de-educacion-de-resolver-problematica\/","url":"https:\/\/elinformativotam.com\/index.php\/2024\/02\/20\/padres-de-familia-toman-escuela-a-negativa-de-secretaria-de-educacion-de-resolver-problematica\/","name":"PADRES DE FAMILIA TOMAN ESCUELA A NEGATIVA DE SECRETARIA DE EDUCACI\u00d3N DE RESOLVER PROBLEM\u00c1TICA - EL INFORMATIVO DE TAMAULIPAS","isPartOf":{"@id":"https:\/\/elinformativotam.com\/#website"},"primaryImageOfPage":{"@id":"https:\/\/elinformativotam.com\/index.php\/2024\/02\/20\/padres-de-familia-toman-escuela-a-negativa-de-secretaria-de-educacion-de-resolver-problematica\/#primaryimage"},"image":{"@id":"https:\/\/elinformativotam.com\/index.php\/2024\/02\/20\/padres-de-familia-toman-escuela-a-negativa-de-secretaria-de-educacion-de-resolver-problematica\/#primaryimage"},"thumbnailUrl":"https:\/\/elinformativotam.com\/wp-content\/uploads\/2024\/02\/Manifestacion-secundaria-1.jpeg","datePublished":"2024-02-21T03:33:12+00:00","description":"Un grupo de padres de familia, en punto de las 6:30 de la ma\u00f1ana la escuela secundaria t\u00e9cnica n\u00famero 87 \"Independencia de M\u00e9xico\", ubicada en el sector","inLanguage":"es","potentialAction":[{"@type":"ReadAction","target":["https:\/\/elinformativotam.com\/index.php\/2024\/02\/20\/padres-de-familia-toman-escuela-a-negativa-de-secretaria-de-educacion-de-resolver-problematica\/"]}]},{"@type":"ImageObject","inLanguage":"es","@id":"https:\/\/elinformativotam.com\/index.php\/2024\/02\/20\/padres-de-familia-toman-escuela-a-negativa-de-secretaria-de-educacion-de-resolver-problematica\/#primaryimage","url":"https:\/\/elinformativotam.com\/wp-content\/uploads\/2024\/02\/Manifestacion-secundaria-1.jpeg","contentUrl":"https:\/\/elinformativotam.com\/wp-content\/uploads\/2024\/02\/Manifestacion-secundaria-1.jpeg","width":1600,"height":1200},{"@type":"WebSite","@id":"https:\/\/elinformativotam.com\/#website","url":"https:\/\/elinformativotam.com\/","name":"EL INFORMATIVO DE TAMAULIPAS","description":"Desde la Zona Metropolitana Para Todo M\u00e9xico","publisher":{"@id":"https:\/\/elinformativotam.com\/#organization"},"potentialAction":[{"@type":"SearchAction","target":{"@type":"EntryPoint","urlTemplate":"https:\/\/elinformativotam.com\/?s={search_term_string}"},"query-input":{"@type":"PropertyValueSpecification","valueRequired":true,"valueName":"search_term_string"}}],"inLanguage":"es"},{"@type":"Organization","@id":"https:\/\/elinformativotam.com\/#organization","name":"EL INFORMATIVO DE TAMAULIPAS","url":"https:\/\/elinformativotam.com\/","logo":{"@type":"ImageObject","inLanguage":"es","@id":"https:\/\/elinformativotam.com\/#\/schema\/logo\/image\/","url":"https:\/\/elinformativotam.com\/wp-content\/uploads\/2026\/02\/Cabezal.png","contentUrl":"https:\/\/elinformativotam.com\/wp-content\/uploads\/2026\/02\/Cabezal.png","width":960,"height":640,"caption":"EL INFORMATIVO DE TAMAULIPAS"},"image":{"@id":"https:\/\/elinformativotam.com\/#\/schema\/logo\/image\/"}},{"@type":"Person","@id":"https:\/\/elinformativotam.com\/#\/schema\/person\/78e08040eed0f6110f0c5f83b6153590","name":"El Informativo Tam","image":{"@type":"ImageObject","inLanguage":"es","@id":"https:\/\/secure.gravatar.com\/avatar\/f3b7ad3af540688955925ac610647be00b0cf41feea9c4978b73a707ee86bc53?s=96&d=mm&r=g","url":"https:\/\/secure.gravatar.com\/avatar\/f3b7ad3af540688955925ac610647be00b0cf41feea9c4978b73a707ee86bc53?s=96&d=mm&r=g","contentUrl":"https:\/\/secure.gravatar.com\/avatar\/f3b7ad3af540688955925ac610647be00b0cf41feea9c4978b73a707ee86bc53?s=96&d=mm&r=g","caption":"El Informativo Tam"}}]}},"_links":{"self":[{"href":"https:\/\/elinformativotam.com\/index.php\/wp-json\/wp\/v2\/posts\/49269","targetHints":{"allow":["GET"]}}],"collection":[{"href":"https:\/\/elinformativotam.com\/index.php\/wp-json\/wp\/v2\/posts"}],"about":[{"href":"https:\/\/elinformativotam.com\/index.php\/wp-json\/wp\/v2\/types\/post"}],"author":[{"embeddable":true,"href":"https:\/\/elinformativotam.com\/index.php\/wp-json\/wp\/v2\/users\/1"}],"replies":[{"embeddable":true,"href":"https:\/\/elinformativotam.com\/index.php\/wp-json\/wp\/v2\/comments?post=49269"}],"version-history":[{"count":1,"href":"https:\/\/elinformativotam.com\/index.php\/wp-json\/wp\/v2\/posts\/49269\/revisions"}],"predecessor-version":[{"id":49270,"href":"https:\/\/elinformativotam.com\/index.php\/wp-json\/wp\/v2\/posts\/49269\/revisions\/49270"}],"wp:featuredmedia":[{"embeddable":true,"href":"https:\/\/elinformativotam.com\/index.php\/wp-json\/wp\/v2\/media\/49264"}],"wp:attachment":[{"href":"https:\/\/elinformativotam.com\/index.php\/wp-json\/wp\/v2\/media?parent=49269"}],"wp:term":[{"taxonomy":"category","embeddable":true,"href":"https:\/\/elinformativotam.com\/index.php\/wp-json\/wp\/v2\/categories?post=49269"},{"taxonomy":"post_tag","embeddable":true,"href":"https:\/\/elinformativotam.com\/index.php\/wp-json\/wp\/v2\/tags?post=49269"}],"curies":[{"name":"wp","href":"https:\/\/api.w.org\/{rel}","templated":true}]}}