{"id":49267,"date":"2024-02-20T21:32:10","date_gmt":"2024-02-21T03:32:10","guid":{"rendered":"https:\/\/elinformativotam.com\/?p=49267"},"modified":"2024-02-20T21:32:10","modified_gmt":"2024-02-21T03:32:10","slug":"robos-en-primaria-no-han-sido-reportados-al-911-francisco-perez","status":"publish","type":"post","link":"https:\/\/elinformativotam.com\/index.php\/2024\/02\/20\/robos-en-primaria-no-han-sido-reportados-al-911-francisco-perez\/","title":{"rendered":"ROBOS EN PRIMARIA NO HAN SIDO REPORTADOS AL 911: FRANCISCO P\u00c9REZ"},"content":{"rendered":"<p>El secretario del ayuntamiento en Altamira Francisco P\u00e9rez Ram\u00edrez, se\u00f1al\u00f3 que los seis robos registrados en la escuela &#8216;M\u00e1rtires de la Revoluci\u00f3n&#8217; no han sido reflejados en la mesa de seguridad posiblemente ante la falta de denuncia o reporta el 911.<\/p>\n<p>&nbsp;<\/p>\n<p>Se\u00f1al\u00f3 que es importante que las autoridades escolares den a conocer si hay alguna denuncia y es que a decir de la misma directora solo hay tres querellas ante la fiscal\u00eda por estos hurtos a las instituciones.<\/p>\n<p>&nbsp;<\/p>\n<p>&#8220;No hay robos en Altamira al menos es lo que marca las estad\u00edsticas cuando nosotros hablamos de seguridad sobre todo en la zona centro que es un punto que el alcalde nos ha pedido cuidar tanto&#8221;, indic\u00f3.<\/p>\n<p>&nbsp;<\/p>\n<p>Hizo referencia a que desean saber c\u00f3mo es que se han dado estos robos, porque estos seis reportes no los hab\u00eda la autoridad.<\/p>\n<p>&nbsp;<\/p>\n<p>Agreg\u00f3 que hay 20 elementos de la guardia Estatal vigilando esta zona durante las 24 horas del d\u00eda e igual manera y coordinaci\u00f3n con el grupo de veladores que es la hora en esta zona.<\/p>\n","protected":false},"excerpt":{"rendered":"<p>El secretario del ayuntamiento en Altamira Francisco P\u00e9rez Ram\u00edrez, se\u00f1al\u00f3 que los seis robos registrados en la escuela &#8216;M\u00e1rtires de&hellip;<\/p>\n","protected":false},"author":1,"featured_media":49262,"comment_status":"open","ping_status":"open","sticky":false,"template":"","format":"standard","meta":{"footnotes":""},"categories":[5],"tags":[],"class_list":["post-49267","post","type-post","status-publish","format-standard","has-post-thumbnail","hentry","category-altamira"],"yoast_head":"<!-- This site is optimized with the Yoast SEO plugin v27.5 - https:\/\/yoast.com\/product\/yoast-seo-wordpress\/ -->\n<title>ROBOS EN PRIMARIA NO HAN SIDO REPORTADOS AL 911: FRANCISCO P\u00c9REZ - EL INFORMATIVO DE TAMAULIPAS<\/title>\n<meta name=\"description\" content=\"El secretario del ayuntamiento en Altamira Francisco P\u00e9rez Ram\u00edrez, se\u00f1al\u00f3 que los seis robos registrados en la escuela &#039;M\u00e1rtires de la Revoluci\u00f3n&#039; no han\" \/>\n<meta name=\"robots\" content=\"index, follow, max-snippet:-1, max-image-preview:large, max-video-preview:-1\" \/>\n<link rel=\"canonical\" href=\"https:\/\/elinformativotam.com\/index.php\/2024\/02\/20\/robos-en-primaria-no-han-sido-reportados-al-911-francisco-perez\/\" \/>\n<meta property=\"og:locale\" content=\"es_MX\" \/>\n<meta property=\"og:type\" content=\"article\" \/>\n<meta property=\"og:title\" content=\"ROBOS EN PRIMARIA NO HAN SIDO REPORTADOS AL 911: FRANCISCO P\u00c9REZ - EL INFORMATIVO DE TAMAULIPAS\" \/>\n<meta property=\"og:description\" content=\"El secretario del ayuntamiento en Altamira Francisco P\u00e9rez Ram\u00edrez, se\u00f1al\u00f3 que los seis robos registrados en la escuela &#039;M\u00e1rtires de la Revoluci\u00f3n&#039; no han\" \/>\n<meta property=\"og:url\" content=\"https:\/\/elinformativotam.com\/index.php\/2024\/02\/20\/robos-en-primaria-no-han-sido-reportados-al-911-francisco-perez\/\" \/>\n<meta property=\"og:site_name\" content=\"EL INFORMATIVO DE TAMAULIPAS\" \/>\n<meta property=\"article:published_time\" content=\"2024-02-21T03:32:10+00:00\" \/>\n<meta property=\"og:image\" content=\"https:\/\/elinformativotam.com\/wp-content\/uploads\/2024\/02\/Francisco-Perez-Ramierez.jpeg\" \/>\n\t<meta property=\"og:image:width\" content=\"1280\" \/>\n\t<meta property=\"og:image:height\" content=\"960\" \/>\n\t<meta property=\"og:image:type\" content=\"image\/jpeg\" \/>\n<meta name=\"author\" content=\"El Informativo Tam\" \/>\n<meta name=\"twitter:card\" content=\"summary_large_image\" \/>\n<meta name=\"twitter:label1\" content=\"Escrito por\" \/>\n\t<meta name=\"twitter:data1\" content=\"El Informativo Tam\" \/>\n\t<meta name=\"twitter:label2\" content=\"Tiempo de lectura\" \/>\n\t<meta name=\"twitter:data2\" content=\"1 minuto\" \/>\n<script type=\"application\/ld+json\" class=\"yoast-schema-graph\">{\"@context\":\"https:\\\/\\\/schema.org\",\"@graph\":[{\"@type\":\"Article\",\"@id\":\"https:\\\/\\\/elinformativotam.com\\\/index.php\\\/2024\\\/02\\\/20\\\/robos-en-primaria-no-han-sido-reportados-al-911-francisco-perez\\\/#article\",\"isPartOf\":{\"@id\":\"https:\\\/\\\/elinformativotam.com\\\/index.php\\\/2024\\\/02\\\/20\\\/robos-en-primaria-no-han-sido-reportados-al-911-francisco-perez\\\/\"},\"author\":{\"name\":\"El Informativo Tam\",\"@id\":\"https:\\\/\\\/elinformativotam.com\\\/#\\\/schema\\\/person\\\/78e08040eed0f6110f0c5f83b6153590\"},\"headline\":\"ROBOS EN PRIMARIA NO HAN SIDO REPORTADOS AL 911: FRANCISCO P\u00c9REZ\",\"datePublished\":\"2024-02-21T03:32:10+00:00\",\"mainEntityOfPage\":{\"@id\":\"https:\\\/\\\/elinformativotam.com\\\/index.php\\\/2024\\\/02\\\/20\\\/robos-en-primaria-no-han-sido-reportados-al-911-francisco-perez\\\/\"},\"wordCount\":197,\"commentCount\":0,\"publisher\":{\"@id\":\"https:\\\/\\\/elinformativotam.com\\\/#organization\"},\"image\":{\"@id\":\"https:\\\/\\\/elinformativotam.com\\\/index.php\\\/2024\\\/02\\\/20\\\/robos-en-primaria-no-han-sido-reportados-al-911-francisco-perez\\\/#primaryimage\"},\"thumbnailUrl\":\"https:\\\/\\\/elinformativotam.com\\\/wp-content\\\/uploads\\\/2024\\\/02\\\/Francisco-Perez-Ramierez.jpeg\",\"articleSection\":[\"Altamira\"],\"inLanguage\":\"es\",\"potentialAction\":[{\"@type\":\"CommentAction\",\"name\":\"Comment\",\"target\":[\"https:\\\/\\\/elinformativotam.com\\\/index.php\\\/2024\\\/02\\\/20\\\/robos-en-primaria-no-han-sido-reportados-al-911-francisco-perez\\\/#respond\"]}]},{\"@type\":\"WebPage\",\"@id\":\"https:\\\/\\\/elinformativotam.com\\\/index.php\\\/2024\\\/02\\\/20\\\/robos-en-primaria-no-han-sido-reportados-al-911-francisco-perez\\\/\",\"url\":\"https:\\\/\\\/elinformativotam.com\\\/index.php\\\/2024\\\/02\\\/20\\\/robos-en-primaria-no-han-sido-reportados-al-911-francisco-perez\\\/\",\"name\":\"ROBOS EN PRIMARIA NO HAN SIDO REPORTADOS AL 911: FRANCISCO P\u00c9REZ - EL INFORMATIVO DE TAMAULIPAS\",\"isPartOf\":{\"@id\":\"https:\\\/\\\/elinformativotam.com\\\/#website\"},\"primaryImageOfPage\":{\"@id\":\"https:\\\/\\\/elinformativotam.com\\\/index.php\\\/2024\\\/02\\\/20\\\/robos-en-primaria-no-han-sido-reportados-al-911-francisco-perez\\\/#primaryimage\"},\"image\":{\"@id\":\"https:\\\/\\\/elinformativotam.com\\\/index.php\\\/2024\\\/02\\\/20\\\/robos-en-primaria-no-han-sido-reportados-al-911-francisco-perez\\\/#primaryimage\"},\"thumbnailUrl\":\"https:\\\/\\\/elinformativotam.com\\\/wp-content\\\/uploads\\\/2024\\\/02\\\/Francisco-Perez-Ramierez.jpeg\",\"datePublished\":\"2024-02-21T03:32:10+00:00\",\"description\":\"El secretario del ayuntamiento en Altamira Francisco P\u00e9rez Ram\u00edrez, se\u00f1al\u00f3 que los seis robos registrados en la escuela 'M\u00e1rtires de la Revoluci\u00f3n' no han\",\"inLanguage\":\"es\",\"potentialAction\":[{\"@type\":\"ReadAction\",\"target\":[\"https:\\\/\\\/elinformativotam.com\\\/index.php\\\/2024\\\/02\\\/20\\\/robos-en-primaria-no-han-sido-reportados-al-911-francisco-perez\\\/\"]}]},{\"@type\":\"ImageObject\",\"inLanguage\":\"es\",\"@id\":\"https:\\\/\\\/elinformativotam.com\\\/index.php\\\/2024\\\/02\\\/20\\\/robos-en-primaria-no-han-sido-reportados-al-911-francisco-perez\\\/#primaryimage\",\"url\":\"https:\\\/\\\/elinformativotam.com\\\/wp-content\\\/uploads\\\/2024\\\/02\\\/Francisco-Perez-Ramierez.jpeg\",\"contentUrl\":\"https:\\\/\\\/elinformativotam.com\\\/wp-content\\\/uploads\\\/2024\\\/02\\\/Francisco-Perez-Ramierez.jpeg\",\"width\":1280,\"height\":960},{\"@type\":\"WebSite\",\"@id\":\"https:\\\/\\\/elinformativotam.com\\\/#website\",\"url\":\"https:\\\/\\\/elinformativotam.com\\\/\",\"name\":\"EL INFORMATIVO DE TAMAULIPAS\",\"description\":\"Desde la Zona Metropolitana Para Todo M\u00e9xico\",\"publisher\":{\"@id\":\"https:\\\/\\\/elinformativotam.com\\\/#organization\"},\"potentialAction\":[{\"@type\":\"SearchAction\",\"target\":{\"@type\":\"EntryPoint\",\"urlTemplate\":\"https:\\\/\\\/elinformativotam.com\\\/?s={search_term_string}\"},\"query-input\":{\"@type\":\"PropertyValueSpecification\",\"valueRequired\":true,\"valueName\":\"search_term_string\"}}],\"inLanguage\":\"es\"},{\"@type\":\"Organization\",\"@id\":\"https:\\\/\\\/elinformativotam.com\\\/#organization\",\"name\":\"EL INFORMATIVO DE TAMAULIPAS\",\"url\":\"https:\\\/\\\/elinformativotam.com\\\/\",\"logo\":{\"@type\":\"ImageObject\",\"inLanguage\":\"es\",\"@id\":\"https:\\\/\\\/elinformativotam.com\\\/#\\\/schema\\\/logo\\\/image\\\/\",\"url\":\"https:\\\/\\\/elinformativotam.com\\\/wp-content\\\/uploads\\\/2026\\\/02\\\/Cabezal.png\",\"contentUrl\":\"https:\\\/\\\/elinformativotam.com\\\/wp-content\\\/uploads\\\/2026\\\/02\\\/Cabezal.png\",\"width\":960,\"height\":640,\"caption\":\"EL INFORMATIVO DE TAMAULIPAS\"},\"image\":{\"@id\":\"https:\\\/\\\/elinformativotam.com\\\/#\\\/schema\\\/logo\\\/image\\\/\"}},{\"@type\":\"Person\",\"@id\":\"https:\\\/\\\/elinformativotam.com\\\/#\\\/schema\\\/person\\\/78e08040eed0f6110f0c5f83b6153590\",\"name\":\"El Informativo Tam\",\"image\":{\"@type\":\"ImageObject\",\"inLanguage\":\"es\",\"@id\":\"https:\\\/\\\/secure.gravatar.com\\\/avatar\\\/f3b7ad3af540688955925ac610647be00b0cf41feea9c4978b73a707ee86bc53?s=96&d=mm&r=g\",\"url\":\"https:\\\/\\\/secure.gravatar.com\\\/avatar\\\/f3b7ad3af540688955925ac610647be00b0cf41feea9c4978b73a707ee86bc53?s=96&d=mm&r=g\",\"contentUrl\":\"https:\\\/\\\/secure.gravatar.com\\\/avatar\\\/f3b7ad3af540688955925ac610647be00b0cf41feea9c4978b73a707ee86bc53?s=96&d=mm&r=g\",\"caption\":\"El Informativo Tam\"}}]}<\/script>\n<!-- \/ Yoast SEO plugin. -->","yoast_head_json":{"title":"ROBOS EN PRIMARIA NO HAN SIDO REPORTADOS AL 911: FRANCISCO P\u00c9REZ - EL INFORMATIVO DE TAMAULIPAS","description":"El secretario del ayuntamiento en Altamira Francisco P\u00e9rez Ram\u00edrez, se\u00f1al\u00f3 que los seis robos registrados en la escuela 'M\u00e1rtires de la Revoluci\u00f3n' no han","robots":{"index":"index","follow":"follow","max-snippet":"max-snippet:-1","max-image-preview":"max-image-preview:large","max-video-preview":"max-video-preview:-1"},"canonical":"https:\/\/elinformativotam.com\/index.php\/2024\/02\/20\/robos-en-primaria-no-han-sido-reportados-al-911-francisco-perez\/","og_locale":"es_MX","og_type":"article","og_title":"ROBOS EN PRIMARIA NO HAN SIDO REPORTADOS AL 911: FRANCISCO P\u00c9REZ - EL INFORMATIVO DE TAMAULIPAS","og_description":"El secretario del ayuntamiento en Altamira Francisco P\u00e9rez Ram\u00edrez, se\u00f1al\u00f3 que los seis robos registrados en la escuela 'M\u00e1rtires de la Revoluci\u00f3n' no han","og_url":"https:\/\/elinformativotam.com\/index.php\/2024\/02\/20\/robos-en-primaria-no-han-sido-reportados-al-911-francisco-perez\/","og_site_name":"EL INFORMATIVO DE TAMAULIPAS","article_published_time":"2024-02-21T03:32:10+00:00","og_image":[{"width":1280,"height":960,"url":"https:\/\/elinformativotam.com\/wp-content\/uploads\/2024\/02\/Francisco-Perez-Ramierez.jpeg","type":"image\/jpeg"}],"author":"El Informativo Tam","twitter_card":"summary_large_image","twitter_misc":{"Escrito por":"El Informativo Tam","Tiempo de lectura":"1 minuto"},"schema":{"@context":"https:\/\/schema.org","@graph":[{"@type":"Article","@id":"https:\/\/elinformativotam.com\/index.php\/2024\/02\/20\/robos-en-primaria-no-han-sido-reportados-al-911-francisco-perez\/#article","isPartOf":{"@id":"https:\/\/elinformativotam.com\/index.php\/2024\/02\/20\/robos-en-primaria-no-han-sido-reportados-al-911-francisco-perez\/"},"author":{"name":"El Informativo Tam","@id":"https:\/\/elinformativotam.com\/#\/schema\/person\/78e08040eed0f6110f0c5f83b6153590"},"headline":"ROBOS EN PRIMARIA NO HAN SIDO REPORTADOS AL 911: FRANCISCO P\u00c9REZ","datePublished":"2024-02-21T03:32:10+00:00","mainEntityOfPage":{"@id":"https:\/\/elinformativotam.com\/index.php\/2024\/02\/20\/robos-en-primaria-no-han-sido-reportados-al-911-francisco-perez\/"},"wordCount":197,"commentCount":0,"publisher":{"@id":"https:\/\/elinformativotam.com\/#organization"},"image":{"@id":"https:\/\/elinformativotam.com\/index.php\/2024\/02\/20\/robos-en-primaria-no-han-sido-reportados-al-911-francisco-perez\/#primaryimage"},"thumbnailUrl":"https:\/\/elinformativotam.com\/wp-content\/uploads\/2024\/02\/Francisco-Perez-Ramierez.jpeg","articleSection":["Altamira"],"inLanguage":"es","potentialAction":[{"@type":"CommentAction","name":"Comment","target":["https:\/\/elinformativotam.com\/index.php\/2024\/02\/20\/robos-en-primaria-no-han-sido-reportados-al-911-francisco-perez\/#respond"]}]},{"@type":"WebPage","@id":"https:\/\/elinformativotam.com\/index.php\/2024\/02\/20\/robos-en-primaria-no-han-sido-reportados-al-911-francisco-perez\/","url":"https:\/\/elinformativotam.com\/index.php\/2024\/02\/20\/robos-en-primaria-no-han-sido-reportados-al-911-francisco-perez\/","name":"ROBOS EN PRIMARIA NO HAN SIDO REPORTADOS AL 911: FRANCISCO P\u00c9REZ - EL INFORMATIVO DE TAMAULIPAS","isPartOf":{"@id":"https:\/\/elinformativotam.com\/#website"},"primaryImageOfPage":{"@id":"https:\/\/elinformativotam.com\/index.php\/2024\/02\/20\/robos-en-primaria-no-han-sido-reportados-al-911-francisco-perez\/#primaryimage"},"image":{"@id":"https:\/\/elinformativotam.com\/index.php\/2024\/02\/20\/robos-en-primaria-no-han-sido-reportados-al-911-francisco-perez\/#primaryimage"},"thumbnailUrl":"https:\/\/elinformativotam.com\/wp-content\/uploads\/2024\/02\/Francisco-Perez-Ramierez.jpeg","datePublished":"2024-02-21T03:32:10+00:00","description":"El secretario del ayuntamiento en Altamira Francisco P\u00e9rez Ram\u00edrez, se\u00f1al\u00f3 que los seis robos registrados en la escuela 'M\u00e1rtires de la Revoluci\u00f3n' no han","inLanguage":"es","potentialAction":[{"@type":"ReadAction","target":["https:\/\/elinformativotam.com\/index.php\/2024\/02\/20\/robos-en-primaria-no-han-sido-reportados-al-911-francisco-perez\/"]}]},{"@type":"ImageObject","inLanguage":"es","@id":"https:\/\/elinformativotam.com\/index.php\/2024\/02\/20\/robos-en-primaria-no-han-sido-reportados-al-911-francisco-perez\/#primaryimage","url":"https:\/\/elinformativotam.com\/wp-content\/uploads\/2024\/02\/Francisco-Perez-Ramierez.jpeg","contentUrl":"https:\/\/elinformativotam.com\/wp-content\/uploads\/2024\/02\/Francisco-Perez-Ramierez.jpeg","width":1280,"height":960},{"@type":"WebSite","@id":"https:\/\/elinformativotam.com\/#website","url":"https:\/\/elinformativotam.com\/","name":"EL INFORMATIVO DE TAMAULIPAS","description":"Desde la Zona Metropolitana Para Todo M\u00e9xico","publisher":{"@id":"https:\/\/elinformativotam.com\/#organization"},"potentialAction":[{"@type":"SearchAction","target":{"@type":"EntryPoint","urlTemplate":"https:\/\/elinformativotam.com\/?s={search_term_string}"},"query-input":{"@type":"PropertyValueSpecification","valueRequired":true,"valueName":"search_term_string"}}],"inLanguage":"es"},{"@type":"Organization","@id":"https:\/\/elinformativotam.com\/#organization","name":"EL INFORMATIVO DE TAMAULIPAS","url":"https:\/\/elinformativotam.com\/","logo":{"@type":"ImageObject","inLanguage":"es","@id":"https:\/\/elinformativotam.com\/#\/schema\/logo\/image\/","url":"https:\/\/elinformativotam.com\/wp-content\/uploads\/2026\/02\/Cabezal.png","contentUrl":"https:\/\/elinformativotam.com\/wp-content\/uploads\/2026\/02\/Cabezal.png","width":960,"height":640,"caption":"EL INFORMATIVO DE TAMAULIPAS"},"image":{"@id":"https:\/\/elinformativotam.com\/#\/schema\/logo\/image\/"}},{"@type":"Person","@id":"https:\/\/elinformativotam.com\/#\/schema\/person\/78e08040eed0f6110f0c5f83b6153590","name":"El Informativo Tam","image":{"@type":"ImageObject","inLanguage":"es","@id":"https:\/\/secure.gravatar.com\/avatar\/f3b7ad3af540688955925ac610647be00b0cf41feea9c4978b73a707ee86bc53?s=96&d=mm&r=g","url":"https:\/\/secure.gravatar.com\/avatar\/f3b7ad3af540688955925ac610647be00b0cf41feea9c4978b73a707ee86bc53?s=96&d=mm&r=g","contentUrl":"https:\/\/secure.gravatar.com\/avatar\/f3b7ad3af540688955925ac610647be00b0cf41feea9c4978b73a707ee86bc53?s=96&d=mm&r=g","caption":"El Informativo Tam"}}]}},"_links":{"self":[{"href":"https:\/\/elinformativotam.com\/index.php\/wp-json\/wp\/v2\/posts\/49267","targetHints":{"allow":["GET"]}}],"collection":[{"href":"https:\/\/elinformativotam.com\/index.php\/wp-json\/wp\/v2\/posts"}],"about":[{"href":"https:\/\/elinformativotam.com\/index.php\/wp-json\/wp\/v2\/types\/post"}],"author":[{"embeddable":true,"href":"https:\/\/elinformativotam.com\/index.php\/wp-json\/wp\/v2\/users\/1"}],"replies":[{"embeddable":true,"href":"https:\/\/elinformativotam.com\/index.php\/wp-json\/wp\/v2\/comments?post=49267"}],"version-history":[{"count":1,"href":"https:\/\/elinformativotam.com\/index.php\/wp-json\/wp\/v2\/posts\/49267\/revisions"}],"predecessor-version":[{"id":49268,"href":"https:\/\/elinformativotam.com\/index.php\/wp-json\/wp\/v2\/posts\/49267\/revisions\/49268"}],"wp:featuredmedia":[{"embeddable":true,"href":"https:\/\/elinformativotam.com\/index.php\/wp-json\/wp\/v2\/media\/49262"}],"wp:attachment":[{"href":"https:\/\/elinformativotam.com\/index.php\/wp-json\/wp\/v2\/media?parent=49267"}],"wp:term":[{"taxonomy":"category","embeddable":true,"href":"https:\/\/elinformativotam.com\/index.php\/wp-json\/wp\/v2\/categories?post=49267"},{"taxonomy":"post_tag","embeddable":true,"href":"https:\/\/elinformativotam.com\/index.php\/wp-json\/wp\/v2\/tags?post=49267"}],"curies":[{"name":"wp","href":"https:\/\/api.w.org\/{rel}","templated":true}]}}