{"id":49261,"date":"2024-02-20T21:29:27","date_gmt":"2024-02-21T03:29:27","guid":{"rendered":"https:\/\/elinformativotam.com\/?p=49261"},"modified":"2024-02-20T21:29:27","modified_gmt":"2024-02-21T03:29:27","slug":"lo-atropella-personal-de-pc-regional-y-no-se-hacen-cargo-de-gastos-medicos-afectado-interpuso-demanda","status":"publish","type":"post","link":"https:\/\/elinformativotam.com\/index.php\/2024\/02\/20\/lo-atropella-personal-de-pc-regional-y-no-se-hacen-cargo-de-gastos-medicos-afectado-interpuso-demanda\/","title":{"rendered":"LO ATROPELLA PERSONAL DE PC REGIONAL Y NO SE HACEN CARGO DE GASTOS M\u00c9DICOS; AFECTADO INTERPUSO DEMANDA"},"content":{"rendered":"<p>Existe una denuncia en contra de un trabajador que forma parte de Protecci\u00f3n Civil Regional, quien el pasado mes de octubre del 2023 cambi\u00f3 la vida del se\u00f1or Fernando Villalobos Barrios de manera inesperada, luego de ser embestido en el corredor Luis Donaldo Colosio.<\/p>\n<p>&nbsp;<\/p>\n<p>Explica que aquella noche iba a bordo de su motocicleta a la altura del sector La Pedrera, cuando una camioneta Jeep de la corporaci\u00f3n estatal se dirig\u00eda en contra ruta, sin luces encendidas y a exceso de velocidad.<\/p>\n<p>&nbsp;<\/p>\n<p>&#8220;Est\u00e1 persona de Protecci\u00f3n Civil, no se ha hecho responsable de su responsabilidad, ni de traslado, ni de nada&#8221;, coment\u00f3.<\/p>\n<p>&nbsp;<\/p>\n<p>El se\u00f1or Fernando, manifiesta que ha vivido una completa pesadilla, pues nadie de la corporaci\u00f3n de Protecci\u00f3n Civil Regional en la zona sur se ha hecho cargo de los gastos m\u00e9dicos que se han generado de este accidente.<\/p>\n<p>&nbsp;<\/p>\n<p>&#8220;Yo les hab\u00eda dicho a mis amigos que iba a ir a dejar unas piezas y casi no regresaba en media hora fueran a buscarme&#8221;, coment\u00f3.<\/p>\n<p>&nbsp;<\/p>\n<p>Se\u00f1al\u00f3 que ante la negativa que existe ya interpuso una demanda ante la Fiscal\u00eda General de Justicia en Tamaulipas, sin embargo no ha obtenido una respuesta favorable, por lo que al cumplir 6 meses de lo sucedido tendr\u00e1 que ir a ratificarla.<\/p>\n<p>&nbsp;<\/p>\n","protected":false},"excerpt":{"rendered":"<p>Existe una denuncia en contra de un trabajador que forma parte de Protecci\u00f3n Civil Regional, quien el pasado mes de&hellip;<\/p>\n","protected":false},"author":1,"featured_media":49265,"comment_status":"open","ping_status":"open","sticky":false,"template":"","format":"standard","meta":{"footnotes":""},"categories":[5],"tags":[],"class_list":["post-49261","post","type-post","status-publish","format-standard","has-post-thumbnail","hentry","category-altamira"],"yoast_head":"<!-- This site is optimized with the Yoast SEO plugin v27.5 - https:\/\/yoast.com\/product\/yoast-seo-wordpress\/ -->\n<title>LO ATROPELLA PERSONAL DE PC REGIONAL Y NO SE HACEN CARGO DE GASTOS M\u00c9DICOS; AFECTADO INTERPUSO DEMANDA - EL INFORMATIVO DE TAMAULIPAS<\/title>\n<meta name=\"description\" content=\"Existe una denuncia en contra de un trabajador que forma parte de Protecci\u00f3n Civil Regional, quien el pasado mes de octubre del 2023 cambi\u00f3 la vida del\" \/>\n<meta name=\"robots\" content=\"index, follow, max-snippet:-1, max-image-preview:large, max-video-preview:-1\" \/>\n<link rel=\"canonical\" href=\"https:\/\/elinformativotam.com\/index.php\/2024\/02\/20\/lo-atropella-personal-de-pc-regional-y-no-se-hacen-cargo-de-gastos-medicos-afectado-interpuso-demanda\/\" \/>\n<meta property=\"og:locale\" content=\"es_MX\" \/>\n<meta property=\"og:type\" content=\"article\" \/>\n<meta property=\"og:title\" content=\"LO ATROPELLA PERSONAL DE PC REGIONAL Y NO SE HACEN CARGO DE GASTOS M\u00c9DICOS; AFECTADO INTERPUSO DEMANDA - EL INFORMATIVO DE TAMAULIPAS\" \/>\n<meta property=\"og:description\" content=\"Existe una denuncia en contra de un trabajador que forma parte de Protecci\u00f3n Civil Regional, quien el pasado mes de octubre del 2023 cambi\u00f3 la vida del\" \/>\n<meta property=\"og:url\" content=\"https:\/\/elinformativotam.com\/index.php\/2024\/02\/20\/lo-atropella-personal-de-pc-regional-y-no-se-hacen-cargo-de-gastos-medicos-afectado-interpuso-demanda\/\" \/>\n<meta property=\"og:site_name\" content=\"EL INFORMATIVO DE TAMAULIPAS\" \/>\n<meta property=\"article:published_time\" content=\"2024-02-21T03:29:27+00:00\" \/>\n<meta property=\"og:image\" content=\"https:\/\/elinformativotam.com\/wp-content\/uploads\/2024\/02\/Lesionao.jpeg\" \/>\n\t<meta property=\"og:image:width\" content=\"1600\" \/>\n\t<meta property=\"og:image:height\" content=\"1200\" \/>\n\t<meta property=\"og:image:type\" content=\"image\/jpeg\" \/>\n<meta name=\"author\" content=\"El Informativo Tam\" \/>\n<meta name=\"twitter:card\" content=\"summary_large_image\" \/>\n<meta name=\"twitter:label1\" content=\"Escrito por\" \/>\n\t<meta name=\"twitter:data1\" content=\"El Informativo Tam\" \/>\n\t<meta name=\"twitter:label2\" content=\"Tiempo de lectura\" \/>\n\t<meta name=\"twitter:data2\" content=\"1 minuto\" \/>\n<script type=\"application\/ld+json\" class=\"yoast-schema-graph\">{\"@context\":\"https:\\\/\\\/schema.org\",\"@graph\":[{\"@type\":\"Article\",\"@id\":\"https:\\\/\\\/elinformativotam.com\\\/index.php\\\/2024\\\/02\\\/20\\\/lo-atropella-personal-de-pc-regional-y-no-se-hacen-cargo-de-gastos-medicos-afectado-interpuso-demanda\\\/#article\",\"isPartOf\":{\"@id\":\"https:\\\/\\\/elinformativotam.com\\\/index.php\\\/2024\\\/02\\\/20\\\/lo-atropella-personal-de-pc-regional-y-no-se-hacen-cargo-de-gastos-medicos-afectado-interpuso-demanda\\\/\"},\"author\":{\"name\":\"El Informativo Tam\",\"@id\":\"https:\\\/\\\/elinformativotam.com\\\/#\\\/schema\\\/person\\\/78e08040eed0f6110f0c5f83b6153590\"},\"headline\":\"LO ATROPELLA PERSONAL DE PC REGIONAL Y NO SE HACEN CARGO DE GASTOS M\u00c9DICOS; AFECTADO INTERPUSO DEMANDA\",\"datePublished\":\"2024-02-21T03:29:27+00:00\",\"mainEntityOfPage\":{\"@id\":\"https:\\\/\\\/elinformativotam.com\\\/index.php\\\/2024\\\/02\\\/20\\\/lo-atropella-personal-de-pc-regional-y-no-se-hacen-cargo-de-gastos-medicos-afectado-interpuso-demanda\\\/\"},\"wordCount\":242,\"commentCount\":0,\"publisher\":{\"@id\":\"https:\\\/\\\/elinformativotam.com\\\/#organization\"},\"image\":{\"@id\":\"https:\\\/\\\/elinformativotam.com\\\/index.php\\\/2024\\\/02\\\/20\\\/lo-atropella-personal-de-pc-regional-y-no-se-hacen-cargo-de-gastos-medicos-afectado-interpuso-demanda\\\/#primaryimage\"},\"thumbnailUrl\":\"https:\\\/\\\/elinformativotam.com\\\/wp-content\\\/uploads\\\/2024\\\/02\\\/Lesionao.jpeg\",\"articleSection\":[\"Altamira\"],\"inLanguage\":\"es\",\"potentialAction\":[{\"@type\":\"CommentAction\",\"name\":\"Comment\",\"target\":[\"https:\\\/\\\/elinformativotam.com\\\/index.php\\\/2024\\\/02\\\/20\\\/lo-atropella-personal-de-pc-regional-y-no-se-hacen-cargo-de-gastos-medicos-afectado-interpuso-demanda\\\/#respond\"]}]},{\"@type\":\"WebPage\",\"@id\":\"https:\\\/\\\/elinformativotam.com\\\/index.php\\\/2024\\\/02\\\/20\\\/lo-atropella-personal-de-pc-regional-y-no-se-hacen-cargo-de-gastos-medicos-afectado-interpuso-demanda\\\/\",\"url\":\"https:\\\/\\\/elinformativotam.com\\\/index.php\\\/2024\\\/02\\\/20\\\/lo-atropella-personal-de-pc-regional-y-no-se-hacen-cargo-de-gastos-medicos-afectado-interpuso-demanda\\\/\",\"name\":\"LO ATROPELLA PERSONAL DE PC REGIONAL Y NO SE HACEN CARGO DE GASTOS M\u00c9DICOS; AFECTADO INTERPUSO DEMANDA - EL INFORMATIVO DE TAMAULIPAS\",\"isPartOf\":{\"@id\":\"https:\\\/\\\/elinformativotam.com\\\/#website\"},\"primaryImageOfPage\":{\"@id\":\"https:\\\/\\\/elinformativotam.com\\\/index.php\\\/2024\\\/02\\\/20\\\/lo-atropella-personal-de-pc-regional-y-no-se-hacen-cargo-de-gastos-medicos-afectado-interpuso-demanda\\\/#primaryimage\"},\"image\":{\"@id\":\"https:\\\/\\\/elinformativotam.com\\\/index.php\\\/2024\\\/02\\\/20\\\/lo-atropella-personal-de-pc-regional-y-no-se-hacen-cargo-de-gastos-medicos-afectado-interpuso-demanda\\\/#primaryimage\"},\"thumbnailUrl\":\"https:\\\/\\\/elinformativotam.com\\\/wp-content\\\/uploads\\\/2024\\\/02\\\/Lesionao.jpeg\",\"datePublished\":\"2024-02-21T03:29:27+00:00\",\"description\":\"Existe una denuncia en contra de un trabajador que forma parte de Protecci\u00f3n Civil Regional, quien el pasado mes de octubre del 2023 cambi\u00f3 la vida del\",\"inLanguage\":\"es\",\"potentialAction\":[{\"@type\":\"ReadAction\",\"target\":[\"https:\\\/\\\/elinformativotam.com\\\/index.php\\\/2024\\\/02\\\/20\\\/lo-atropella-personal-de-pc-regional-y-no-se-hacen-cargo-de-gastos-medicos-afectado-interpuso-demanda\\\/\"]}]},{\"@type\":\"ImageObject\",\"inLanguage\":\"es\",\"@id\":\"https:\\\/\\\/elinformativotam.com\\\/index.php\\\/2024\\\/02\\\/20\\\/lo-atropella-personal-de-pc-regional-y-no-se-hacen-cargo-de-gastos-medicos-afectado-interpuso-demanda\\\/#primaryimage\",\"url\":\"https:\\\/\\\/elinformativotam.com\\\/wp-content\\\/uploads\\\/2024\\\/02\\\/Lesionao.jpeg\",\"contentUrl\":\"https:\\\/\\\/elinformativotam.com\\\/wp-content\\\/uploads\\\/2024\\\/02\\\/Lesionao.jpeg\",\"width\":1600,\"height\":1200},{\"@type\":\"WebSite\",\"@id\":\"https:\\\/\\\/elinformativotam.com\\\/#website\",\"url\":\"https:\\\/\\\/elinformativotam.com\\\/\",\"name\":\"EL INFORMATIVO DE TAMAULIPAS\",\"description\":\"Desde la Zona Metropolitana Para Todo M\u00e9xico\",\"publisher\":{\"@id\":\"https:\\\/\\\/elinformativotam.com\\\/#organization\"},\"potentialAction\":[{\"@type\":\"SearchAction\",\"target\":{\"@type\":\"EntryPoint\",\"urlTemplate\":\"https:\\\/\\\/elinformativotam.com\\\/?s={search_term_string}\"},\"query-input\":{\"@type\":\"PropertyValueSpecification\",\"valueRequired\":true,\"valueName\":\"search_term_string\"}}],\"inLanguage\":\"es\"},{\"@type\":\"Organization\",\"@id\":\"https:\\\/\\\/elinformativotam.com\\\/#organization\",\"name\":\"EL INFORMATIVO DE TAMAULIPAS\",\"url\":\"https:\\\/\\\/elinformativotam.com\\\/\",\"logo\":{\"@type\":\"ImageObject\",\"inLanguage\":\"es\",\"@id\":\"https:\\\/\\\/elinformativotam.com\\\/#\\\/schema\\\/logo\\\/image\\\/\",\"url\":\"https:\\\/\\\/elinformativotam.com\\\/wp-content\\\/uploads\\\/2026\\\/02\\\/Cabezal.png\",\"contentUrl\":\"https:\\\/\\\/elinformativotam.com\\\/wp-content\\\/uploads\\\/2026\\\/02\\\/Cabezal.png\",\"width\":960,\"height\":640,\"caption\":\"EL INFORMATIVO DE TAMAULIPAS\"},\"image\":{\"@id\":\"https:\\\/\\\/elinformativotam.com\\\/#\\\/schema\\\/logo\\\/image\\\/\"}},{\"@type\":\"Person\",\"@id\":\"https:\\\/\\\/elinformativotam.com\\\/#\\\/schema\\\/person\\\/78e08040eed0f6110f0c5f83b6153590\",\"name\":\"El Informativo Tam\",\"image\":{\"@type\":\"ImageObject\",\"inLanguage\":\"es\",\"@id\":\"https:\\\/\\\/secure.gravatar.com\\\/avatar\\\/f3b7ad3af540688955925ac610647be00b0cf41feea9c4978b73a707ee86bc53?s=96&d=mm&r=g\",\"url\":\"https:\\\/\\\/secure.gravatar.com\\\/avatar\\\/f3b7ad3af540688955925ac610647be00b0cf41feea9c4978b73a707ee86bc53?s=96&d=mm&r=g\",\"contentUrl\":\"https:\\\/\\\/secure.gravatar.com\\\/avatar\\\/f3b7ad3af540688955925ac610647be00b0cf41feea9c4978b73a707ee86bc53?s=96&d=mm&r=g\",\"caption\":\"El Informativo Tam\"}}]}<\/script>\n<!-- \/ Yoast SEO plugin. -->","yoast_head_json":{"title":"LO ATROPELLA PERSONAL DE PC REGIONAL Y NO SE HACEN CARGO DE GASTOS M\u00c9DICOS; AFECTADO INTERPUSO DEMANDA - EL INFORMATIVO DE TAMAULIPAS","description":"Existe una denuncia en contra de un trabajador que forma parte de Protecci\u00f3n Civil Regional, quien el pasado mes de octubre del 2023 cambi\u00f3 la vida del","robots":{"index":"index","follow":"follow","max-snippet":"max-snippet:-1","max-image-preview":"max-image-preview:large","max-video-preview":"max-video-preview:-1"},"canonical":"https:\/\/elinformativotam.com\/index.php\/2024\/02\/20\/lo-atropella-personal-de-pc-regional-y-no-se-hacen-cargo-de-gastos-medicos-afectado-interpuso-demanda\/","og_locale":"es_MX","og_type":"article","og_title":"LO ATROPELLA PERSONAL DE PC REGIONAL Y NO SE HACEN CARGO DE GASTOS M\u00c9DICOS; AFECTADO INTERPUSO DEMANDA - EL INFORMATIVO DE TAMAULIPAS","og_description":"Existe una denuncia en contra de un trabajador que forma parte de Protecci\u00f3n Civil Regional, quien el pasado mes de octubre del 2023 cambi\u00f3 la vida del","og_url":"https:\/\/elinformativotam.com\/index.php\/2024\/02\/20\/lo-atropella-personal-de-pc-regional-y-no-se-hacen-cargo-de-gastos-medicos-afectado-interpuso-demanda\/","og_site_name":"EL INFORMATIVO DE TAMAULIPAS","article_published_time":"2024-02-21T03:29:27+00:00","og_image":[{"width":1600,"height":1200,"url":"https:\/\/elinformativotam.com\/wp-content\/uploads\/2024\/02\/Lesionao.jpeg","type":"image\/jpeg"}],"author":"El Informativo Tam","twitter_card":"summary_large_image","twitter_misc":{"Escrito por":"El Informativo Tam","Tiempo de lectura":"1 minuto"},"schema":{"@context":"https:\/\/schema.org","@graph":[{"@type":"Article","@id":"https:\/\/elinformativotam.com\/index.php\/2024\/02\/20\/lo-atropella-personal-de-pc-regional-y-no-se-hacen-cargo-de-gastos-medicos-afectado-interpuso-demanda\/#article","isPartOf":{"@id":"https:\/\/elinformativotam.com\/index.php\/2024\/02\/20\/lo-atropella-personal-de-pc-regional-y-no-se-hacen-cargo-de-gastos-medicos-afectado-interpuso-demanda\/"},"author":{"name":"El Informativo Tam","@id":"https:\/\/elinformativotam.com\/#\/schema\/person\/78e08040eed0f6110f0c5f83b6153590"},"headline":"LO ATROPELLA PERSONAL DE PC REGIONAL Y NO SE HACEN CARGO DE GASTOS M\u00c9DICOS; AFECTADO INTERPUSO DEMANDA","datePublished":"2024-02-21T03:29:27+00:00","mainEntityOfPage":{"@id":"https:\/\/elinformativotam.com\/index.php\/2024\/02\/20\/lo-atropella-personal-de-pc-regional-y-no-se-hacen-cargo-de-gastos-medicos-afectado-interpuso-demanda\/"},"wordCount":242,"commentCount":0,"publisher":{"@id":"https:\/\/elinformativotam.com\/#organization"},"image":{"@id":"https:\/\/elinformativotam.com\/index.php\/2024\/02\/20\/lo-atropella-personal-de-pc-regional-y-no-se-hacen-cargo-de-gastos-medicos-afectado-interpuso-demanda\/#primaryimage"},"thumbnailUrl":"https:\/\/elinformativotam.com\/wp-content\/uploads\/2024\/02\/Lesionao.jpeg","articleSection":["Altamira"],"inLanguage":"es","potentialAction":[{"@type":"CommentAction","name":"Comment","target":["https:\/\/elinformativotam.com\/index.php\/2024\/02\/20\/lo-atropella-personal-de-pc-regional-y-no-se-hacen-cargo-de-gastos-medicos-afectado-interpuso-demanda\/#respond"]}]},{"@type":"WebPage","@id":"https:\/\/elinformativotam.com\/index.php\/2024\/02\/20\/lo-atropella-personal-de-pc-regional-y-no-se-hacen-cargo-de-gastos-medicos-afectado-interpuso-demanda\/","url":"https:\/\/elinformativotam.com\/index.php\/2024\/02\/20\/lo-atropella-personal-de-pc-regional-y-no-se-hacen-cargo-de-gastos-medicos-afectado-interpuso-demanda\/","name":"LO ATROPELLA PERSONAL DE PC REGIONAL Y NO SE HACEN CARGO DE GASTOS M\u00c9DICOS; AFECTADO INTERPUSO DEMANDA - EL INFORMATIVO DE TAMAULIPAS","isPartOf":{"@id":"https:\/\/elinformativotam.com\/#website"},"primaryImageOfPage":{"@id":"https:\/\/elinformativotam.com\/index.php\/2024\/02\/20\/lo-atropella-personal-de-pc-regional-y-no-se-hacen-cargo-de-gastos-medicos-afectado-interpuso-demanda\/#primaryimage"},"image":{"@id":"https:\/\/elinformativotam.com\/index.php\/2024\/02\/20\/lo-atropella-personal-de-pc-regional-y-no-se-hacen-cargo-de-gastos-medicos-afectado-interpuso-demanda\/#primaryimage"},"thumbnailUrl":"https:\/\/elinformativotam.com\/wp-content\/uploads\/2024\/02\/Lesionao.jpeg","datePublished":"2024-02-21T03:29:27+00:00","description":"Existe una denuncia en contra de un trabajador que forma parte de Protecci\u00f3n Civil Regional, quien el pasado mes de octubre del 2023 cambi\u00f3 la vida del","inLanguage":"es","potentialAction":[{"@type":"ReadAction","target":["https:\/\/elinformativotam.com\/index.php\/2024\/02\/20\/lo-atropella-personal-de-pc-regional-y-no-se-hacen-cargo-de-gastos-medicos-afectado-interpuso-demanda\/"]}]},{"@type":"ImageObject","inLanguage":"es","@id":"https:\/\/elinformativotam.com\/index.php\/2024\/02\/20\/lo-atropella-personal-de-pc-regional-y-no-se-hacen-cargo-de-gastos-medicos-afectado-interpuso-demanda\/#primaryimage","url":"https:\/\/elinformativotam.com\/wp-content\/uploads\/2024\/02\/Lesionao.jpeg","contentUrl":"https:\/\/elinformativotam.com\/wp-content\/uploads\/2024\/02\/Lesionao.jpeg","width":1600,"height":1200},{"@type":"WebSite","@id":"https:\/\/elinformativotam.com\/#website","url":"https:\/\/elinformativotam.com\/","name":"EL INFORMATIVO DE TAMAULIPAS","description":"Desde la Zona Metropolitana Para Todo M\u00e9xico","publisher":{"@id":"https:\/\/elinformativotam.com\/#organization"},"potentialAction":[{"@type":"SearchAction","target":{"@type":"EntryPoint","urlTemplate":"https:\/\/elinformativotam.com\/?s={search_term_string}"},"query-input":{"@type":"PropertyValueSpecification","valueRequired":true,"valueName":"search_term_string"}}],"inLanguage":"es"},{"@type":"Organization","@id":"https:\/\/elinformativotam.com\/#organization","name":"EL INFORMATIVO DE TAMAULIPAS","url":"https:\/\/elinformativotam.com\/","logo":{"@type":"ImageObject","inLanguage":"es","@id":"https:\/\/elinformativotam.com\/#\/schema\/logo\/image\/","url":"https:\/\/elinformativotam.com\/wp-content\/uploads\/2026\/02\/Cabezal.png","contentUrl":"https:\/\/elinformativotam.com\/wp-content\/uploads\/2026\/02\/Cabezal.png","width":960,"height":640,"caption":"EL INFORMATIVO DE TAMAULIPAS"},"image":{"@id":"https:\/\/elinformativotam.com\/#\/schema\/logo\/image\/"}},{"@type":"Person","@id":"https:\/\/elinformativotam.com\/#\/schema\/person\/78e08040eed0f6110f0c5f83b6153590","name":"El Informativo Tam","image":{"@type":"ImageObject","inLanguage":"es","@id":"https:\/\/secure.gravatar.com\/avatar\/f3b7ad3af540688955925ac610647be00b0cf41feea9c4978b73a707ee86bc53?s=96&d=mm&r=g","url":"https:\/\/secure.gravatar.com\/avatar\/f3b7ad3af540688955925ac610647be00b0cf41feea9c4978b73a707ee86bc53?s=96&d=mm&r=g","contentUrl":"https:\/\/secure.gravatar.com\/avatar\/f3b7ad3af540688955925ac610647be00b0cf41feea9c4978b73a707ee86bc53?s=96&d=mm&r=g","caption":"El Informativo Tam"}}]}},"_links":{"self":[{"href":"https:\/\/elinformativotam.com\/index.php\/wp-json\/wp\/v2\/posts\/49261","targetHints":{"allow":["GET"]}}],"collection":[{"href":"https:\/\/elinformativotam.com\/index.php\/wp-json\/wp\/v2\/posts"}],"about":[{"href":"https:\/\/elinformativotam.com\/index.php\/wp-json\/wp\/v2\/types\/post"}],"author":[{"embeddable":true,"href":"https:\/\/elinformativotam.com\/index.php\/wp-json\/wp\/v2\/users\/1"}],"replies":[{"embeddable":true,"href":"https:\/\/elinformativotam.com\/index.php\/wp-json\/wp\/v2\/comments?post=49261"}],"version-history":[{"count":1,"href":"https:\/\/elinformativotam.com\/index.php\/wp-json\/wp\/v2\/posts\/49261\/revisions"}],"predecessor-version":[{"id":49266,"href":"https:\/\/elinformativotam.com\/index.php\/wp-json\/wp\/v2\/posts\/49261\/revisions\/49266"}],"wp:featuredmedia":[{"embeddable":true,"href":"https:\/\/elinformativotam.com\/index.php\/wp-json\/wp\/v2\/media\/49265"}],"wp:attachment":[{"href":"https:\/\/elinformativotam.com\/index.php\/wp-json\/wp\/v2\/media?parent=49261"}],"wp:term":[{"taxonomy":"category","embeddable":true,"href":"https:\/\/elinformativotam.com\/index.php\/wp-json\/wp\/v2\/categories?post=49261"},{"taxonomy":"post_tag","embeddable":true,"href":"https:\/\/elinformativotam.com\/index.php\/wp-json\/wp\/v2\/tags?post=49261"}],"curies":[{"name":"wp","href":"https:\/\/api.w.org\/{rel}","templated":true}]}}