{"id":49258,"date":"2024-02-20T21:15:19","date_gmt":"2024-02-21T03:15:19","guid":{"rendered":"https:\/\/elinformativotam.com\/?p=49258"},"modified":"2024-02-20T21:15:19","modified_gmt":"2024-02-21T03:15:19","slug":"intensifican-trabajos-de-limpieza-y-mantenimiento-en-playa-miramar","status":"publish","type":"post","link":"https:\/\/elinformativotam.com\/index.php\/2024\/02\/20\/intensifican-trabajos-de-limpieza-y-mantenimiento-en-playa-miramar\/","title":{"rendered":"INTENSIFICAN TRABAJOS DE LIMPIEZA Y MANTENIMIENTO EN PLAYA MIRAMAR"},"content":{"rendered":"<p>Con el prop\u00f3sito de seguir ofreciendo calidad en t\u00e9rminos de servicios, manejo y seguridad en playa Miramar, el Gobierno que preside el alcalde Adri\u00e1n Oseguera Kernion, a trav\u00e9s de la Direcci\u00f3n de Servicios P\u00fablicos y la Direcci\u00f3n de Turismo, mantiene un trabajo permanente de limpieza general y mantenimiento del \u00e1rea de estacionamientos en este centro tur\u00edstico.<\/p>\n<p>&nbsp;<\/p>\n<p>En ese contexto, el Presidente Municipal acompa\u00f1ado por su equipo de colaboradores, realiz\u00f3 una supervisi\u00f3n de dichos trabajos que adem\u00e1s son autorizados por la Semarnat para proceder al reacomodo de arena, cumpliendo as\u00ed, con los requisitos que marca tambi\u00e9n dicha autoridad federal.<\/p>\n<p>&nbsp;<\/p>\n<p>El edil maderense, inform\u00f3 que estas labores forman parte de los trabajos de mantenimiento para seguir contando con la certificaci\u00f3n de este a\u00f1o, que acredita a Miramar como playa limpia y sustentable.<\/p>\n<p>&nbsp;<\/p>\n<p>Adem\u00e1s, se\u00f1al\u00f3 que ya se encuentran preparados para recibir a los vacacionistas en el periodo vacacional de Semana Santa, por ello, hizo un atento llamado a la ciudadan\u00eda a colaborar con el municipio, evitando el arrojo de basura, para que este destino tur\u00edstico cuente con las mejores condiciones e instalaciones.<\/p>\n<p>&nbsp;<\/p>\n<p>Cabe se\u00f1alar, que la m\u00e1xima autoridad maderense estuvo acompa\u00f1ado por el director de Servicios P\u00fablicos, Zamir Shahin Zamudio, as\u00ed como por la directora de Playa, Bertha Ruiz Ram\u00edrez.<\/p>\n<p>&nbsp;<\/p>\n<p>Por \u00faltimo, el alcalde Adri\u00e1n Oseguera, agreg\u00f3 que estas acciones continuar\u00e1n de forma permanente para seguir brindando un lugar en \u00f3ptimas condiciones de recreaci\u00f3n de los visitantes que acuden al m\u00e1ximo paseo tur\u00edstico.<\/p>\n","protected":false},"excerpt":{"rendered":"<p>Con el prop\u00f3sito de seguir ofreciendo calidad en t\u00e9rminos de servicios, manejo y seguridad en playa Miramar, el Gobierno que&hellip;<\/p>\n","protected":false},"author":1,"featured_media":49259,"comment_status":"open","ping_status":"open","sticky":false,"template":"","format":"standard","meta":{"footnotes":""},"categories":[4],"tags":[],"class_list":["post-49258","post","type-post","status-publish","format-standard","has-post-thumbnail","hentry","category-madero"],"yoast_head":"<!-- This site is optimized with the Yoast SEO plugin v27.5 - https:\/\/yoast.com\/product\/yoast-seo-wordpress\/ -->\n<title>INTENSIFICAN TRABAJOS DE LIMPIEZA Y MANTENIMIENTO EN PLAYA MIRAMAR - EL INFORMATIVO DE TAMAULIPAS<\/title>\n<meta name=\"description\" content=\"Con el prop\u00f3sito de seguir ofreciendo calidad en t\u00e9rminos de servicios, manejo y seguridad en playa Miramar, el Gobierno que preside el alcalde Adri\u00e1n\" \/>\n<meta name=\"robots\" content=\"index, follow, max-snippet:-1, max-image-preview:large, max-video-preview:-1\" \/>\n<link rel=\"canonical\" href=\"https:\/\/elinformativotam.com\/index.php\/2024\/02\/20\/intensifican-trabajos-de-limpieza-y-mantenimiento-en-playa-miramar\/\" \/>\n<meta property=\"og:locale\" content=\"es_MX\" \/>\n<meta property=\"og:type\" content=\"article\" \/>\n<meta property=\"og:title\" content=\"INTENSIFICAN TRABAJOS DE LIMPIEZA Y MANTENIMIENTO EN PLAYA MIRAMAR - EL INFORMATIVO DE TAMAULIPAS\" \/>\n<meta property=\"og:description\" content=\"Con el prop\u00f3sito de seguir ofreciendo calidad en t\u00e9rminos de servicios, manejo y seguridad en playa Miramar, el Gobierno que preside el alcalde Adri\u00e1n\" \/>\n<meta property=\"og:url\" content=\"https:\/\/elinformativotam.com\/index.php\/2024\/02\/20\/intensifican-trabajos-de-limpieza-y-mantenimiento-en-playa-miramar\/\" \/>\n<meta property=\"og:site_name\" content=\"EL INFORMATIVO DE TAMAULIPAS\" \/>\n<meta property=\"article:published_time\" content=\"2024-02-21T03:15:19+00:00\" \/>\n<meta property=\"og:image\" content=\"https:\/\/elinformativotam.com\/wp-content\/uploads\/2024\/02\/Copia-de-2-1-scaled.jpg\" \/>\n\t<meta property=\"og:image:width\" content=\"2560\" \/>\n\t<meta property=\"og:image:height\" content=\"1744\" \/>\n\t<meta property=\"og:image:type\" content=\"image\/jpeg\" \/>\n<meta name=\"author\" content=\"El Informativo Tam\" \/>\n<meta name=\"twitter:card\" content=\"summary_large_image\" \/>\n<meta name=\"twitter:label1\" content=\"Escrito por\" \/>\n\t<meta name=\"twitter:data1\" content=\"El Informativo Tam\" \/>\n\t<meta name=\"twitter:label2\" content=\"Tiempo de lectura\" \/>\n\t<meta name=\"twitter:data2\" content=\"1 minuto\" \/>\n<script type=\"application\/ld+json\" class=\"yoast-schema-graph\">{\"@context\":\"https:\\\/\\\/schema.org\",\"@graph\":[{\"@type\":\"Article\",\"@id\":\"https:\\\/\\\/elinformativotam.com\\\/index.php\\\/2024\\\/02\\\/20\\\/intensifican-trabajos-de-limpieza-y-mantenimiento-en-playa-miramar\\\/#article\",\"isPartOf\":{\"@id\":\"https:\\\/\\\/elinformativotam.com\\\/index.php\\\/2024\\\/02\\\/20\\\/intensifican-trabajos-de-limpieza-y-mantenimiento-en-playa-miramar\\\/\"},\"author\":{\"name\":\"El Informativo Tam\",\"@id\":\"https:\\\/\\\/elinformativotam.com\\\/#\\\/schema\\\/person\\\/78e08040eed0f6110f0c5f83b6153590\"},\"headline\":\"INTENSIFICAN TRABAJOS DE LIMPIEZA Y MANTENIMIENTO EN PLAYA MIRAMAR\",\"datePublished\":\"2024-02-21T03:15:19+00:00\",\"mainEntityOfPage\":{\"@id\":\"https:\\\/\\\/elinformativotam.com\\\/index.php\\\/2024\\\/02\\\/20\\\/intensifican-trabajos-de-limpieza-y-mantenimiento-en-playa-miramar\\\/\"},\"wordCount\":283,\"commentCount\":0,\"publisher\":{\"@id\":\"https:\\\/\\\/elinformativotam.com\\\/#organization\"},\"image\":{\"@id\":\"https:\\\/\\\/elinformativotam.com\\\/index.php\\\/2024\\\/02\\\/20\\\/intensifican-trabajos-de-limpieza-y-mantenimiento-en-playa-miramar\\\/#primaryimage\"},\"thumbnailUrl\":\"https:\\\/\\\/elinformativotam.com\\\/wp-content\\\/uploads\\\/2024\\\/02\\\/Copia-de-2-1-scaled.jpg\",\"articleSection\":[\"Cd Madero\"],\"inLanguage\":\"es\",\"potentialAction\":[{\"@type\":\"CommentAction\",\"name\":\"Comment\",\"target\":[\"https:\\\/\\\/elinformativotam.com\\\/index.php\\\/2024\\\/02\\\/20\\\/intensifican-trabajos-de-limpieza-y-mantenimiento-en-playa-miramar\\\/#respond\"]}]},{\"@type\":\"WebPage\",\"@id\":\"https:\\\/\\\/elinformativotam.com\\\/index.php\\\/2024\\\/02\\\/20\\\/intensifican-trabajos-de-limpieza-y-mantenimiento-en-playa-miramar\\\/\",\"url\":\"https:\\\/\\\/elinformativotam.com\\\/index.php\\\/2024\\\/02\\\/20\\\/intensifican-trabajos-de-limpieza-y-mantenimiento-en-playa-miramar\\\/\",\"name\":\"INTENSIFICAN TRABAJOS DE LIMPIEZA Y MANTENIMIENTO EN PLAYA MIRAMAR - EL INFORMATIVO DE TAMAULIPAS\",\"isPartOf\":{\"@id\":\"https:\\\/\\\/elinformativotam.com\\\/#website\"},\"primaryImageOfPage\":{\"@id\":\"https:\\\/\\\/elinformativotam.com\\\/index.php\\\/2024\\\/02\\\/20\\\/intensifican-trabajos-de-limpieza-y-mantenimiento-en-playa-miramar\\\/#primaryimage\"},\"image\":{\"@id\":\"https:\\\/\\\/elinformativotam.com\\\/index.php\\\/2024\\\/02\\\/20\\\/intensifican-trabajos-de-limpieza-y-mantenimiento-en-playa-miramar\\\/#primaryimage\"},\"thumbnailUrl\":\"https:\\\/\\\/elinformativotam.com\\\/wp-content\\\/uploads\\\/2024\\\/02\\\/Copia-de-2-1-scaled.jpg\",\"datePublished\":\"2024-02-21T03:15:19+00:00\",\"description\":\"Con el prop\u00f3sito de seguir ofreciendo calidad en t\u00e9rminos de servicios, manejo y seguridad en playa Miramar, el Gobierno que preside el alcalde Adri\u00e1n\",\"inLanguage\":\"es\",\"potentialAction\":[{\"@type\":\"ReadAction\",\"target\":[\"https:\\\/\\\/elinformativotam.com\\\/index.php\\\/2024\\\/02\\\/20\\\/intensifican-trabajos-de-limpieza-y-mantenimiento-en-playa-miramar\\\/\"]}]},{\"@type\":\"ImageObject\",\"inLanguage\":\"es\",\"@id\":\"https:\\\/\\\/elinformativotam.com\\\/index.php\\\/2024\\\/02\\\/20\\\/intensifican-trabajos-de-limpieza-y-mantenimiento-en-playa-miramar\\\/#primaryimage\",\"url\":\"https:\\\/\\\/elinformativotam.com\\\/wp-content\\\/uploads\\\/2024\\\/02\\\/Copia-de-2-1-scaled.jpg\",\"contentUrl\":\"https:\\\/\\\/elinformativotam.com\\\/wp-content\\\/uploads\\\/2024\\\/02\\\/Copia-de-2-1-scaled.jpg\",\"width\":2560,\"height\":1744},{\"@type\":\"WebSite\",\"@id\":\"https:\\\/\\\/elinformativotam.com\\\/#website\",\"url\":\"https:\\\/\\\/elinformativotam.com\\\/\",\"name\":\"EL INFORMATIVO DE TAMAULIPAS\",\"description\":\"Desde la Zona Metropolitana Para Todo M\u00e9xico\",\"publisher\":{\"@id\":\"https:\\\/\\\/elinformativotam.com\\\/#organization\"},\"potentialAction\":[{\"@type\":\"SearchAction\",\"target\":{\"@type\":\"EntryPoint\",\"urlTemplate\":\"https:\\\/\\\/elinformativotam.com\\\/?s={search_term_string}\"},\"query-input\":{\"@type\":\"PropertyValueSpecification\",\"valueRequired\":true,\"valueName\":\"search_term_string\"}}],\"inLanguage\":\"es\"},{\"@type\":\"Organization\",\"@id\":\"https:\\\/\\\/elinformativotam.com\\\/#organization\",\"name\":\"EL INFORMATIVO DE TAMAULIPAS\",\"url\":\"https:\\\/\\\/elinformativotam.com\\\/\",\"logo\":{\"@type\":\"ImageObject\",\"inLanguage\":\"es\",\"@id\":\"https:\\\/\\\/elinformativotam.com\\\/#\\\/schema\\\/logo\\\/image\\\/\",\"url\":\"https:\\\/\\\/elinformativotam.com\\\/wp-content\\\/uploads\\\/2026\\\/02\\\/Cabezal.png\",\"contentUrl\":\"https:\\\/\\\/elinformativotam.com\\\/wp-content\\\/uploads\\\/2026\\\/02\\\/Cabezal.png\",\"width\":960,\"height\":640,\"caption\":\"EL INFORMATIVO DE TAMAULIPAS\"},\"image\":{\"@id\":\"https:\\\/\\\/elinformativotam.com\\\/#\\\/schema\\\/logo\\\/image\\\/\"}},{\"@type\":\"Person\",\"@id\":\"https:\\\/\\\/elinformativotam.com\\\/#\\\/schema\\\/person\\\/78e08040eed0f6110f0c5f83b6153590\",\"name\":\"El Informativo Tam\",\"image\":{\"@type\":\"ImageObject\",\"inLanguage\":\"es\",\"@id\":\"https:\\\/\\\/secure.gravatar.com\\\/avatar\\\/f3b7ad3af540688955925ac610647be00b0cf41feea9c4978b73a707ee86bc53?s=96&d=mm&r=g\",\"url\":\"https:\\\/\\\/secure.gravatar.com\\\/avatar\\\/f3b7ad3af540688955925ac610647be00b0cf41feea9c4978b73a707ee86bc53?s=96&d=mm&r=g\",\"contentUrl\":\"https:\\\/\\\/secure.gravatar.com\\\/avatar\\\/f3b7ad3af540688955925ac610647be00b0cf41feea9c4978b73a707ee86bc53?s=96&d=mm&r=g\",\"caption\":\"El Informativo Tam\"}}]}<\/script>\n<!-- \/ Yoast SEO plugin. -->","yoast_head_json":{"title":"INTENSIFICAN TRABAJOS DE LIMPIEZA Y MANTENIMIENTO EN PLAYA MIRAMAR - EL INFORMATIVO DE TAMAULIPAS","description":"Con el prop\u00f3sito de seguir ofreciendo calidad en t\u00e9rminos de servicios, manejo y seguridad en playa Miramar, el Gobierno que preside el alcalde Adri\u00e1n","robots":{"index":"index","follow":"follow","max-snippet":"max-snippet:-1","max-image-preview":"max-image-preview:large","max-video-preview":"max-video-preview:-1"},"canonical":"https:\/\/elinformativotam.com\/index.php\/2024\/02\/20\/intensifican-trabajos-de-limpieza-y-mantenimiento-en-playa-miramar\/","og_locale":"es_MX","og_type":"article","og_title":"INTENSIFICAN TRABAJOS DE LIMPIEZA Y MANTENIMIENTO EN PLAYA MIRAMAR - EL INFORMATIVO DE TAMAULIPAS","og_description":"Con el prop\u00f3sito de seguir ofreciendo calidad en t\u00e9rminos de servicios, manejo y seguridad en playa Miramar, el Gobierno que preside el alcalde Adri\u00e1n","og_url":"https:\/\/elinformativotam.com\/index.php\/2024\/02\/20\/intensifican-trabajos-de-limpieza-y-mantenimiento-en-playa-miramar\/","og_site_name":"EL INFORMATIVO DE TAMAULIPAS","article_published_time":"2024-02-21T03:15:19+00:00","og_image":[{"width":2560,"height":1744,"url":"https:\/\/elinformativotam.com\/wp-content\/uploads\/2024\/02\/Copia-de-2-1-scaled.jpg","type":"image\/jpeg"}],"author":"El Informativo Tam","twitter_card":"summary_large_image","twitter_misc":{"Escrito por":"El Informativo Tam","Tiempo de lectura":"1 minuto"},"schema":{"@context":"https:\/\/schema.org","@graph":[{"@type":"Article","@id":"https:\/\/elinformativotam.com\/index.php\/2024\/02\/20\/intensifican-trabajos-de-limpieza-y-mantenimiento-en-playa-miramar\/#article","isPartOf":{"@id":"https:\/\/elinformativotam.com\/index.php\/2024\/02\/20\/intensifican-trabajos-de-limpieza-y-mantenimiento-en-playa-miramar\/"},"author":{"name":"El Informativo Tam","@id":"https:\/\/elinformativotam.com\/#\/schema\/person\/78e08040eed0f6110f0c5f83b6153590"},"headline":"INTENSIFICAN TRABAJOS DE LIMPIEZA Y MANTENIMIENTO EN PLAYA MIRAMAR","datePublished":"2024-02-21T03:15:19+00:00","mainEntityOfPage":{"@id":"https:\/\/elinformativotam.com\/index.php\/2024\/02\/20\/intensifican-trabajos-de-limpieza-y-mantenimiento-en-playa-miramar\/"},"wordCount":283,"commentCount":0,"publisher":{"@id":"https:\/\/elinformativotam.com\/#organization"},"image":{"@id":"https:\/\/elinformativotam.com\/index.php\/2024\/02\/20\/intensifican-trabajos-de-limpieza-y-mantenimiento-en-playa-miramar\/#primaryimage"},"thumbnailUrl":"https:\/\/elinformativotam.com\/wp-content\/uploads\/2024\/02\/Copia-de-2-1-scaled.jpg","articleSection":["Cd Madero"],"inLanguage":"es","potentialAction":[{"@type":"CommentAction","name":"Comment","target":["https:\/\/elinformativotam.com\/index.php\/2024\/02\/20\/intensifican-trabajos-de-limpieza-y-mantenimiento-en-playa-miramar\/#respond"]}]},{"@type":"WebPage","@id":"https:\/\/elinformativotam.com\/index.php\/2024\/02\/20\/intensifican-trabajos-de-limpieza-y-mantenimiento-en-playa-miramar\/","url":"https:\/\/elinformativotam.com\/index.php\/2024\/02\/20\/intensifican-trabajos-de-limpieza-y-mantenimiento-en-playa-miramar\/","name":"INTENSIFICAN TRABAJOS DE LIMPIEZA Y MANTENIMIENTO EN PLAYA MIRAMAR - EL INFORMATIVO DE TAMAULIPAS","isPartOf":{"@id":"https:\/\/elinformativotam.com\/#website"},"primaryImageOfPage":{"@id":"https:\/\/elinformativotam.com\/index.php\/2024\/02\/20\/intensifican-trabajos-de-limpieza-y-mantenimiento-en-playa-miramar\/#primaryimage"},"image":{"@id":"https:\/\/elinformativotam.com\/index.php\/2024\/02\/20\/intensifican-trabajos-de-limpieza-y-mantenimiento-en-playa-miramar\/#primaryimage"},"thumbnailUrl":"https:\/\/elinformativotam.com\/wp-content\/uploads\/2024\/02\/Copia-de-2-1-scaled.jpg","datePublished":"2024-02-21T03:15:19+00:00","description":"Con el prop\u00f3sito de seguir ofreciendo calidad en t\u00e9rminos de servicios, manejo y seguridad en playa Miramar, el Gobierno que preside el alcalde Adri\u00e1n","inLanguage":"es","potentialAction":[{"@type":"ReadAction","target":["https:\/\/elinformativotam.com\/index.php\/2024\/02\/20\/intensifican-trabajos-de-limpieza-y-mantenimiento-en-playa-miramar\/"]}]},{"@type":"ImageObject","inLanguage":"es","@id":"https:\/\/elinformativotam.com\/index.php\/2024\/02\/20\/intensifican-trabajos-de-limpieza-y-mantenimiento-en-playa-miramar\/#primaryimage","url":"https:\/\/elinformativotam.com\/wp-content\/uploads\/2024\/02\/Copia-de-2-1-scaled.jpg","contentUrl":"https:\/\/elinformativotam.com\/wp-content\/uploads\/2024\/02\/Copia-de-2-1-scaled.jpg","width":2560,"height":1744},{"@type":"WebSite","@id":"https:\/\/elinformativotam.com\/#website","url":"https:\/\/elinformativotam.com\/","name":"EL INFORMATIVO DE TAMAULIPAS","description":"Desde la Zona Metropolitana Para Todo M\u00e9xico","publisher":{"@id":"https:\/\/elinformativotam.com\/#organization"},"potentialAction":[{"@type":"SearchAction","target":{"@type":"EntryPoint","urlTemplate":"https:\/\/elinformativotam.com\/?s={search_term_string}"},"query-input":{"@type":"PropertyValueSpecification","valueRequired":true,"valueName":"search_term_string"}}],"inLanguage":"es"},{"@type":"Organization","@id":"https:\/\/elinformativotam.com\/#organization","name":"EL INFORMATIVO DE TAMAULIPAS","url":"https:\/\/elinformativotam.com\/","logo":{"@type":"ImageObject","inLanguage":"es","@id":"https:\/\/elinformativotam.com\/#\/schema\/logo\/image\/","url":"https:\/\/elinformativotam.com\/wp-content\/uploads\/2026\/02\/Cabezal.png","contentUrl":"https:\/\/elinformativotam.com\/wp-content\/uploads\/2026\/02\/Cabezal.png","width":960,"height":640,"caption":"EL INFORMATIVO DE TAMAULIPAS"},"image":{"@id":"https:\/\/elinformativotam.com\/#\/schema\/logo\/image\/"}},{"@type":"Person","@id":"https:\/\/elinformativotam.com\/#\/schema\/person\/78e08040eed0f6110f0c5f83b6153590","name":"El Informativo Tam","image":{"@type":"ImageObject","inLanguage":"es","@id":"https:\/\/secure.gravatar.com\/avatar\/f3b7ad3af540688955925ac610647be00b0cf41feea9c4978b73a707ee86bc53?s=96&d=mm&r=g","url":"https:\/\/secure.gravatar.com\/avatar\/f3b7ad3af540688955925ac610647be00b0cf41feea9c4978b73a707ee86bc53?s=96&d=mm&r=g","contentUrl":"https:\/\/secure.gravatar.com\/avatar\/f3b7ad3af540688955925ac610647be00b0cf41feea9c4978b73a707ee86bc53?s=96&d=mm&r=g","caption":"El Informativo Tam"}}]}},"_links":{"self":[{"href":"https:\/\/elinformativotam.com\/index.php\/wp-json\/wp\/v2\/posts\/49258","targetHints":{"allow":["GET"]}}],"collection":[{"href":"https:\/\/elinformativotam.com\/index.php\/wp-json\/wp\/v2\/posts"}],"about":[{"href":"https:\/\/elinformativotam.com\/index.php\/wp-json\/wp\/v2\/types\/post"}],"author":[{"embeddable":true,"href":"https:\/\/elinformativotam.com\/index.php\/wp-json\/wp\/v2\/users\/1"}],"replies":[{"embeddable":true,"href":"https:\/\/elinformativotam.com\/index.php\/wp-json\/wp\/v2\/comments?post=49258"}],"version-history":[{"count":1,"href":"https:\/\/elinformativotam.com\/index.php\/wp-json\/wp\/v2\/posts\/49258\/revisions"}],"predecessor-version":[{"id":49260,"href":"https:\/\/elinformativotam.com\/index.php\/wp-json\/wp\/v2\/posts\/49258\/revisions\/49260"}],"wp:featuredmedia":[{"embeddable":true,"href":"https:\/\/elinformativotam.com\/index.php\/wp-json\/wp\/v2\/media\/49259"}],"wp:attachment":[{"href":"https:\/\/elinformativotam.com\/index.php\/wp-json\/wp\/v2\/media?parent=49258"}],"wp:term":[{"taxonomy":"category","embeddable":true,"href":"https:\/\/elinformativotam.com\/index.php\/wp-json\/wp\/v2\/categories?post=49258"},{"taxonomy":"post_tag","embeddable":true,"href":"https:\/\/elinformativotam.com\/index.php\/wp-json\/wp\/v2\/tags?post=49258"}],"curies":[{"name":"wp","href":"https:\/\/api.w.org\/{rel}","templated":true}]}}