{"id":48797,"date":"2024-02-01T09:22:37","date_gmt":"2024-02-01T15:22:37","guid":{"rendered":"https:\/\/elinformativotam.com\/?p=48797"},"modified":"2024-02-01T09:22:37","modified_gmt":"2024-02-01T15:22:37","slug":"padres-de-familia-exigen-que-directora-de-secundaria-entregue-cuentas-claras","status":"publish","type":"post","link":"https:\/\/elinformativotam.com\/index.php\/2024\/02\/01\/padres-de-familia-exigen-que-directora-de-secundaria-entregue-cuentas-claras\/","title":{"rendered":"PADRES DE FAMILIA EXIGEN  QUE DIRECTORA DE SECUNDARIA ENTREGUE CUENTAS CLARAS"},"content":{"rendered":"<p>Con gritos de queremos fuera a la directora, queremos cuentas claras, fue que la tarde del martes madres de familia se manifestaron para solicitar a las autoridades de la Secretaria de Educaci\u00f3n en Tamaulipas poner una resoluci\u00f3n a esta problem\u00e1tica.<\/p>\n<p>&nbsp;<\/p>\n<p>Exponen que este pr\u00f3ximo 20 de febrero se cumple un a\u00f1o en que supuestamente se est\u00e1 llevando una investigaci\u00f3n por los recursos que eran cobrados y que nunca se ha visto reflejado en el plantel.<\/p>\n<p>&nbsp;<\/p>\n<p>Leticia Mart\u00ednez Cobos, madre de familia, expuso que es una de las afectadas porque tiene un hijo en el plantel y por ello piden que se les haga caso.<\/p>\n<p>&nbsp;<\/p>\n<p>&#8220;No se nos ha dado soluci\u00f3n, supimos que hab\u00eda una cooperativa que era manejada por maestros y que a nosotros nunca nos tomaron en cuenta y nunca nos dieron cuentas&#8221;, expuso.<\/p>\n<p>&nbsp;<\/p>\n<p>Selene G\u00f3mez, presidenta de la sociedad de Padres de Familia, detall\u00f3 que de no haber una respuesta favorable van a denunciar ante la Fiscal\u00eda, pues piensan que est\u00e1n encubriendo a la docente porque est\u00e1 pr\u00f3xima a cumplir 40 a\u00f1os de servicio.<\/p>\n<p>&nbsp;<\/p>\n<p>A estas manifestaciones se han unido maestros, quienes manifestaron la misma situaci\u00f3n que llevan 11 meses sin una persona al frente del plantel.<\/p>\n<p>&nbsp;<\/p>\n<p>&#8220;Tenemos autorizada una impermeabilizaci\u00f3n, porque los ni\u00f1os se mojan. Cuando llueve los ni\u00f1os se mojan m\u00e1s adentro que afuera y las instalaciones siguen igual, ahora hemos hecho adecuaciones en los ba\u00f1os&#8221;, agreg\u00f3.<\/p>\n","protected":false},"excerpt":{"rendered":"<p>Con gritos de queremos fuera a la directora, queremos cuentas claras, fue que la tarde del martes madres de familia&hellip;<\/p>\n","protected":false},"author":1,"featured_media":48798,"comment_status":"open","ping_status":"open","sticky":false,"template":"","format":"standard","meta":{"footnotes":""},"categories":[5],"tags":[],"class_list":["post-48797","post","type-post","status-publish","format-standard","has-post-thumbnail","hentry","category-altamira"],"yoast_head":"<!-- This site is optimized with the Yoast SEO plugin v27.5 - https:\/\/yoast.com\/product\/yoast-seo-wordpress\/ -->\n<title>PADRES DE FAMILIA EXIGEN QUE DIRECTORA DE SECUNDARIA ENTREGUE CUENTAS CLARAS - EL INFORMATIVO DE TAMAULIPAS<\/title>\n<meta name=\"description\" content=\"Con gritos de queremos fuera a la directora, queremos cuentas claras, fue que la tarde del martes madres de familia se manifestaron para solicitar a las\" \/>\n<meta name=\"robots\" content=\"index, follow, max-snippet:-1, max-image-preview:large, max-video-preview:-1\" \/>\n<link rel=\"canonical\" href=\"https:\/\/elinformativotam.com\/index.php\/2024\/02\/01\/padres-de-familia-exigen-que-directora-de-secundaria-entregue-cuentas-claras\/\" \/>\n<meta property=\"og:locale\" content=\"es_MX\" \/>\n<meta property=\"og:type\" content=\"article\" \/>\n<meta property=\"og:title\" content=\"PADRES DE FAMILIA EXIGEN QUE DIRECTORA DE SECUNDARIA ENTREGUE CUENTAS CLARAS - EL INFORMATIVO DE TAMAULIPAS\" \/>\n<meta property=\"og:description\" content=\"Con gritos de queremos fuera a la directora, queremos cuentas claras, fue que la tarde del martes madres de familia se manifestaron para solicitar a las\" \/>\n<meta property=\"og:url\" content=\"https:\/\/elinformativotam.com\/index.php\/2024\/02\/01\/padres-de-familia-exigen-que-directora-de-secundaria-entregue-cuentas-claras\/\" \/>\n<meta property=\"og:site_name\" content=\"EL INFORMATIVO DE TAMAULIPAS\" \/>\n<meta property=\"article:published_time\" content=\"2024-02-01T15:22:37+00:00\" \/>\n<meta property=\"og:image\" content=\"https:\/\/elinformativotam.com\/wp-content\/uploads\/2024\/02\/Cuentas.jpg\" \/>\n\t<meta property=\"og:image:width\" content=\"1600\" \/>\n\t<meta property=\"og:image:height\" content=\"1200\" \/>\n\t<meta property=\"og:image:type\" content=\"image\/jpeg\" \/>\n<meta name=\"author\" content=\"El Informativo Tam\" \/>\n<meta name=\"twitter:card\" content=\"summary_large_image\" \/>\n<meta name=\"twitter:label1\" content=\"Escrito por\" \/>\n\t<meta name=\"twitter:data1\" content=\"El Informativo Tam\" \/>\n\t<meta name=\"twitter:label2\" content=\"Tiempo de lectura\" \/>\n\t<meta name=\"twitter:data2\" content=\"2 minutos\" \/>\n<script type=\"application\/ld+json\" class=\"yoast-schema-graph\">{\"@context\":\"https:\\\/\\\/schema.org\",\"@graph\":[{\"@type\":\"Article\",\"@id\":\"https:\\\/\\\/elinformativotam.com\\\/index.php\\\/2024\\\/02\\\/01\\\/padres-de-familia-exigen-que-directora-de-secundaria-entregue-cuentas-claras\\\/#article\",\"isPartOf\":{\"@id\":\"https:\\\/\\\/elinformativotam.com\\\/index.php\\\/2024\\\/02\\\/01\\\/padres-de-familia-exigen-que-directora-de-secundaria-entregue-cuentas-claras\\\/\"},\"author\":{\"name\":\"El Informativo Tam\",\"@id\":\"https:\\\/\\\/elinformativotam.com\\\/#\\\/schema\\\/person\\\/78e08040eed0f6110f0c5f83b6153590\"},\"headline\":\"PADRES DE FAMILIA EXIGEN QUE DIRECTORA DE SECUNDARIA ENTREGUE CUENTAS CLARAS\",\"datePublished\":\"2024-02-01T15:22:37+00:00\",\"mainEntityOfPage\":{\"@id\":\"https:\\\/\\\/elinformativotam.com\\\/index.php\\\/2024\\\/02\\\/01\\\/padres-de-familia-exigen-que-directora-de-secundaria-entregue-cuentas-claras\\\/\"},\"wordCount\":265,\"commentCount\":0,\"publisher\":{\"@id\":\"https:\\\/\\\/elinformativotam.com\\\/#organization\"},\"image\":{\"@id\":\"https:\\\/\\\/elinformativotam.com\\\/index.php\\\/2024\\\/02\\\/01\\\/padres-de-familia-exigen-que-directora-de-secundaria-entregue-cuentas-claras\\\/#primaryimage\"},\"thumbnailUrl\":\"https:\\\/\\\/elinformativotam.com\\\/wp-content\\\/uploads\\\/2024\\\/02\\\/Cuentas.jpg\",\"articleSection\":[\"Altamira\"],\"inLanguage\":\"es\",\"potentialAction\":[{\"@type\":\"CommentAction\",\"name\":\"Comment\",\"target\":[\"https:\\\/\\\/elinformativotam.com\\\/index.php\\\/2024\\\/02\\\/01\\\/padres-de-familia-exigen-que-directora-de-secundaria-entregue-cuentas-claras\\\/#respond\"]}]},{\"@type\":\"WebPage\",\"@id\":\"https:\\\/\\\/elinformativotam.com\\\/index.php\\\/2024\\\/02\\\/01\\\/padres-de-familia-exigen-que-directora-de-secundaria-entregue-cuentas-claras\\\/\",\"url\":\"https:\\\/\\\/elinformativotam.com\\\/index.php\\\/2024\\\/02\\\/01\\\/padres-de-familia-exigen-que-directora-de-secundaria-entregue-cuentas-claras\\\/\",\"name\":\"PADRES DE FAMILIA EXIGEN QUE DIRECTORA DE SECUNDARIA ENTREGUE CUENTAS CLARAS - EL INFORMATIVO DE TAMAULIPAS\",\"isPartOf\":{\"@id\":\"https:\\\/\\\/elinformativotam.com\\\/#website\"},\"primaryImageOfPage\":{\"@id\":\"https:\\\/\\\/elinformativotam.com\\\/index.php\\\/2024\\\/02\\\/01\\\/padres-de-familia-exigen-que-directora-de-secundaria-entregue-cuentas-claras\\\/#primaryimage\"},\"image\":{\"@id\":\"https:\\\/\\\/elinformativotam.com\\\/index.php\\\/2024\\\/02\\\/01\\\/padres-de-familia-exigen-que-directora-de-secundaria-entregue-cuentas-claras\\\/#primaryimage\"},\"thumbnailUrl\":\"https:\\\/\\\/elinformativotam.com\\\/wp-content\\\/uploads\\\/2024\\\/02\\\/Cuentas.jpg\",\"datePublished\":\"2024-02-01T15:22:37+00:00\",\"description\":\"Con gritos de queremos fuera a la directora, queremos cuentas claras, fue que la tarde del martes madres de familia se manifestaron para solicitar a las\",\"inLanguage\":\"es\",\"potentialAction\":[{\"@type\":\"ReadAction\",\"target\":[\"https:\\\/\\\/elinformativotam.com\\\/index.php\\\/2024\\\/02\\\/01\\\/padres-de-familia-exigen-que-directora-de-secundaria-entregue-cuentas-claras\\\/\"]}]},{\"@type\":\"ImageObject\",\"inLanguage\":\"es\",\"@id\":\"https:\\\/\\\/elinformativotam.com\\\/index.php\\\/2024\\\/02\\\/01\\\/padres-de-familia-exigen-que-directora-de-secundaria-entregue-cuentas-claras\\\/#primaryimage\",\"url\":\"https:\\\/\\\/elinformativotam.com\\\/wp-content\\\/uploads\\\/2024\\\/02\\\/Cuentas.jpg\",\"contentUrl\":\"https:\\\/\\\/elinformativotam.com\\\/wp-content\\\/uploads\\\/2024\\\/02\\\/Cuentas.jpg\",\"width\":1600,\"height\":1200},{\"@type\":\"WebSite\",\"@id\":\"https:\\\/\\\/elinformativotam.com\\\/#website\",\"url\":\"https:\\\/\\\/elinformativotam.com\\\/\",\"name\":\"EL INFORMATIVO DE TAMAULIPAS\",\"description\":\"Desde la Zona Metropolitana Para Todo M\u00e9xico\",\"publisher\":{\"@id\":\"https:\\\/\\\/elinformativotam.com\\\/#organization\"},\"potentialAction\":[{\"@type\":\"SearchAction\",\"target\":{\"@type\":\"EntryPoint\",\"urlTemplate\":\"https:\\\/\\\/elinformativotam.com\\\/?s={search_term_string}\"},\"query-input\":{\"@type\":\"PropertyValueSpecification\",\"valueRequired\":true,\"valueName\":\"search_term_string\"}}],\"inLanguage\":\"es\"},{\"@type\":\"Organization\",\"@id\":\"https:\\\/\\\/elinformativotam.com\\\/#organization\",\"name\":\"EL INFORMATIVO DE TAMAULIPAS\",\"url\":\"https:\\\/\\\/elinformativotam.com\\\/\",\"logo\":{\"@type\":\"ImageObject\",\"inLanguage\":\"es\",\"@id\":\"https:\\\/\\\/elinformativotam.com\\\/#\\\/schema\\\/logo\\\/image\\\/\",\"url\":\"https:\\\/\\\/elinformativotam.com\\\/wp-content\\\/uploads\\\/2026\\\/02\\\/Cabezal.png\",\"contentUrl\":\"https:\\\/\\\/elinformativotam.com\\\/wp-content\\\/uploads\\\/2026\\\/02\\\/Cabezal.png\",\"width\":960,\"height\":640,\"caption\":\"EL INFORMATIVO DE TAMAULIPAS\"},\"image\":{\"@id\":\"https:\\\/\\\/elinformativotam.com\\\/#\\\/schema\\\/logo\\\/image\\\/\"}},{\"@type\":\"Person\",\"@id\":\"https:\\\/\\\/elinformativotam.com\\\/#\\\/schema\\\/person\\\/78e08040eed0f6110f0c5f83b6153590\",\"name\":\"El Informativo Tam\",\"image\":{\"@type\":\"ImageObject\",\"inLanguage\":\"es\",\"@id\":\"https:\\\/\\\/secure.gravatar.com\\\/avatar\\\/f3b7ad3af540688955925ac610647be00b0cf41feea9c4978b73a707ee86bc53?s=96&d=mm&r=g\",\"url\":\"https:\\\/\\\/secure.gravatar.com\\\/avatar\\\/f3b7ad3af540688955925ac610647be00b0cf41feea9c4978b73a707ee86bc53?s=96&d=mm&r=g\",\"contentUrl\":\"https:\\\/\\\/secure.gravatar.com\\\/avatar\\\/f3b7ad3af540688955925ac610647be00b0cf41feea9c4978b73a707ee86bc53?s=96&d=mm&r=g\",\"caption\":\"El Informativo Tam\"}}]}<\/script>\n<!-- \/ Yoast SEO plugin. -->","yoast_head_json":{"title":"PADRES DE FAMILIA EXIGEN QUE DIRECTORA DE SECUNDARIA ENTREGUE CUENTAS CLARAS - EL INFORMATIVO DE TAMAULIPAS","description":"Con gritos de queremos fuera a la directora, queremos cuentas claras, fue que la tarde del martes madres de familia se manifestaron para solicitar a las","robots":{"index":"index","follow":"follow","max-snippet":"max-snippet:-1","max-image-preview":"max-image-preview:large","max-video-preview":"max-video-preview:-1"},"canonical":"https:\/\/elinformativotam.com\/index.php\/2024\/02\/01\/padres-de-familia-exigen-que-directora-de-secundaria-entregue-cuentas-claras\/","og_locale":"es_MX","og_type":"article","og_title":"PADRES DE FAMILIA EXIGEN QUE DIRECTORA DE SECUNDARIA ENTREGUE CUENTAS CLARAS - EL INFORMATIVO DE TAMAULIPAS","og_description":"Con gritos de queremos fuera a la directora, queremos cuentas claras, fue que la tarde del martes madres de familia se manifestaron para solicitar a las","og_url":"https:\/\/elinformativotam.com\/index.php\/2024\/02\/01\/padres-de-familia-exigen-que-directora-de-secundaria-entregue-cuentas-claras\/","og_site_name":"EL INFORMATIVO DE TAMAULIPAS","article_published_time":"2024-02-01T15:22:37+00:00","og_image":[{"width":1600,"height":1200,"url":"https:\/\/elinformativotam.com\/wp-content\/uploads\/2024\/02\/Cuentas.jpg","type":"image\/jpeg"}],"author":"El Informativo Tam","twitter_card":"summary_large_image","twitter_misc":{"Escrito por":"El Informativo Tam","Tiempo de lectura":"2 minutos"},"schema":{"@context":"https:\/\/schema.org","@graph":[{"@type":"Article","@id":"https:\/\/elinformativotam.com\/index.php\/2024\/02\/01\/padres-de-familia-exigen-que-directora-de-secundaria-entregue-cuentas-claras\/#article","isPartOf":{"@id":"https:\/\/elinformativotam.com\/index.php\/2024\/02\/01\/padres-de-familia-exigen-que-directora-de-secundaria-entregue-cuentas-claras\/"},"author":{"name":"El Informativo Tam","@id":"https:\/\/elinformativotam.com\/#\/schema\/person\/78e08040eed0f6110f0c5f83b6153590"},"headline":"PADRES DE FAMILIA EXIGEN QUE DIRECTORA DE SECUNDARIA ENTREGUE CUENTAS CLARAS","datePublished":"2024-02-01T15:22:37+00:00","mainEntityOfPage":{"@id":"https:\/\/elinformativotam.com\/index.php\/2024\/02\/01\/padres-de-familia-exigen-que-directora-de-secundaria-entregue-cuentas-claras\/"},"wordCount":265,"commentCount":0,"publisher":{"@id":"https:\/\/elinformativotam.com\/#organization"},"image":{"@id":"https:\/\/elinformativotam.com\/index.php\/2024\/02\/01\/padres-de-familia-exigen-que-directora-de-secundaria-entregue-cuentas-claras\/#primaryimage"},"thumbnailUrl":"https:\/\/elinformativotam.com\/wp-content\/uploads\/2024\/02\/Cuentas.jpg","articleSection":["Altamira"],"inLanguage":"es","potentialAction":[{"@type":"CommentAction","name":"Comment","target":["https:\/\/elinformativotam.com\/index.php\/2024\/02\/01\/padres-de-familia-exigen-que-directora-de-secundaria-entregue-cuentas-claras\/#respond"]}]},{"@type":"WebPage","@id":"https:\/\/elinformativotam.com\/index.php\/2024\/02\/01\/padres-de-familia-exigen-que-directora-de-secundaria-entregue-cuentas-claras\/","url":"https:\/\/elinformativotam.com\/index.php\/2024\/02\/01\/padres-de-familia-exigen-que-directora-de-secundaria-entregue-cuentas-claras\/","name":"PADRES DE FAMILIA EXIGEN QUE DIRECTORA DE SECUNDARIA ENTREGUE CUENTAS CLARAS - EL INFORMATIVO DE TAMAULIPAS","isPartOf":{"@id":"https:\/\/elinformativotam.com\/#website"},"primaryImageOfPage":{"@id":"https:\/\/elinformativotam.com\/index.php\/2024\/02\/01\/padres-de-familia-exigen-que-directora-de-secundaria-entregue-cuentas-claras\/#primaryimage"},"image":{"@id":"https:\/\/elinformativotam.com\/index.php\/2024\/02\/01\/padres-de-familia-exigen-que-directora-de-secundaria-entregue-cuentas-claras\/#primaryimage"},"thumbnailUrl":"https:\/\/elinformativotam.com\/wp-content\/uploads\/2024\/02\/Cuentas.jpg","datePublished":"2024-02-01T15:22:37+00:00","description":"Con gritos de queremos fuera a la directora, queremos cuentas claras, fue que la tarde del martes madres de familia se manifestaron para solicitar a las","inLanguage":"es","potentialAction":[{"@type":"ReadAction","target":["https:\/\/elinformativotam.com\/index.php\/2024\/02\/01\/padres-de-familia-exigen-que-directora-de-secundaria-entregue-cuentas-claras\/"]}]},{"@type":"ImageObject","inLanguage":"es","@id":"https:\/\/elinformativotam.com\/index.php\/2024\/02\/01\/padres-de-familia-exigen-que-directora-de-secundaria-entregue-cuentas-claras\/#primaryimage","url":"https:\/\/elinformativotam.com\/wp-content\/uploads\/2024\/02\/Cuentas.jpg","contentUrl":"https:\/\/elinformativotam.com\/wp-content\/uploads\/2024\/02\/Cuentas.jpg","width":1600,"height":1200},{"@type":"WebSite","@id":"https:\/\/elinformativotam.com\/#website","url":"https:\/\/elinformativotam.com\/","name":"EL INFORMATIVO DE TAMAULIPAS","description":"Desde la Zona Metropolitana Para Todo M\u00e9xico","publisher":{"@id":"https:\/\/elinformativotam.com\/#organization"},"potentialAction":[{"@type":"SearchAction","target":{"@type":"EntryPoint","urlTemplate":"https:\/\/elinformativotam.com\/?s={search_term_string}"},"query-input":{"@type":"PropertyValueSpecification","valueRequired":true,"valueName":"search_term_string"}}],"inLanguage":"es"},{"@type":"Organization","@id":"https:\/\/elinformativotam.com\/#organization","name":"EL INFORMATIVO DE TAMAULIPAS","url":"https:\/\/elinformativotam.com\/","logo":{"@type":"ImageObject","inLanguage":"es","@id":"https:\/\/elinformativotam.com\/#\/schema\/logo\/image\/","url":"https:\/\/elinformativotam.com\/wp-content\/uploads\/2026\/02\/Cabezal.png","contentUrl":"https:\/\/elinformativotam.com\/wp-content\/uploads\/2026\/02\/Cabezal.png","width":960,"height":640,"caption":"EL INFORMATIVO DE TAMAULIPAS"},"image":{"@id":"https:\/\/elinformativotam.com\/#\/schema\/logo\/image\/"}},{"@type":"Person","@id":"https:\/\/elinformativotam.com\/#\/schema\/person\/78e08040eed0f6110f0c5f83b6153590","name":"El Informativo Tam","image":{"@type":"ImageObject","inLanguage":"es","@id":"https:\/\/secure.gravatar.com\/avatar\/f3b7ad3af540688955925ac610647be00b0cf41feea9c4978b73a707ee86bc53?s=96&d=mm&r=g","url":"https:\/\/secure.gravatar.com\/avatar\/f3b7ad3af540688955925ac610647be00b0cf41feea9c4978b73a707ee86bc53?s=96&d=mm&r=g","contentUrl":"https:\/\/secure.gravatar.com\/avatar\/f3b7ad3af540688955925ac610647be00b0cf41feea9c4978b73a707ee86bc53?s=96&d=mm&r=g","caption":"El Informativo Tam"}}]}},"_links":{"self":[{"href":"https:\/\/elinformativotam.com\/index.php\/wp-json\/wp\/v2\/posts\/48797","targetHints":{"allow":["GET"]}}],"collection":[{"href":"https:\/\/elinformativotam.com\/index.php\/wp-json\/wp\/v2\/posts"}],"about":[{"href":"https:\/\/elinformativotam.com\/index.php\/wp-json\/wp\/v2\/types\/post"}],"author":[{"embeddable":true,"href":"https:\/\/elinformativotam.com\/index.php\/wp-json\/wp\/v2\/users\/1"}],"replies":[{"embeddable":true,"href":"https:\/\/elinformativotam.com\/index.php\/wp-json\/wp\/v2\/comments?post=48797"}],"version-history":[{"count":1,"href":"https:\/\/elinformativotam.com\/index.php\/wp-json\/wp\/v2\/posts\/48797\/revisions"}],"predecessor-version":[{"id":48799,"href":"https:\/\/elinformativotam.com\/index.php\/wp-json\/wp\/v2\/posts\/48797\/revisions\/48799"}],"wp:featuredmedia":[{"embeddable":true,"href":"https:\/\/elinformativotam.com\/index.php\/wp-json\/wp\/v2\/media\/48798"}],"wp:attachment":[{"href":"https:\/\/elinformativotam.com\/index.php\/wp-json\/wp\/v2\/media?parent=48797"}],"wp:term":[{"taxonomy":"category","embeddable":true,"href":"https:\/\/elinformativotam.com\/index.php\/wp-json\/wp\/v2\/categories?post=48797"},{"taxonomy":"post_tag","embeddable":true,"href":"https:\/\/elinformativotam.com\/index.php\/wp-json\/wp\/v2\/tags?post=48797"}],"curies":[{"name":"wp","href":"https:\/\/api.w.org\/{rel}","templated":true}]}}