{"id":48791,"date":"2024-02-01T09:17:54","date_gmt":"2024-02-01T15:17:54","guid":{"rendered":"https:\/\/elinformativotam.com\/?p=48791"},"modified":"2024-02-01T09:17:54","modified_gmt":"2024-02-01T15:17:54","slug":"mayor-inclusion-laboral-reduccion-de-brecha-de-oportunidades-e-impulso-al-empleo-formal-olga-sosa","status":"publish","type":"post","link":"https:\/\/elinformativotam.com\/index.php\/2024\/02\/01\/mayor-inclusion-laboral-reduccion-de-brecha-de-oportunidades-e-impulso-al-empleo-formal-olga-sosa\/","title":{"rendered":"MAYOR INCLUSI\u00d3N LABORAL, REDUCCI\u00d3N DE BRECHA DE OPORTUNIDADES E IMPULSO AL EMPLEO FORMAL: OLGA SOSA."},"content":{"rendered":"<p>Ciudad Victoria, Tamaulipas.- Con la participaci\u00f3n de dirigentes de c\u00e1maras empresariales, servidores p\u00fablicos de diversas dependencias de Tamaulipas, acad\u00e9micos de instituciones educativas de nivel profesional y empresarios, se llev\u00f3 a cabo la reuni\u00f3n del Sistema Estatal\u00a0 del Empleo, organizado por la Secretar\u00eda del Trabajo y Previsi\u00f3n Social a trav\u00e9s del Servicio Nacional del Empleo.<\/p>\n<p>&nbsp;<\/p>\n<p>La reuni\u00f3n estuvo presidida por la secretaria del Trabajo, Olga Patricia Sosa Ru\u00edz, qui\u00e9n agradeci\u00f3 la participaci\u00f3n de los diferentes actores claves del mercado laboral para la generaci\u00f3n de empleos, que de manera solidaria se suman a los esfuerzos de esta dependencia y del Gobierno de Tamaulipas, para contar con las mejores estrategias que benefician a las personas que requieren de un trabajo digno.<\/p>\n<p>&nbsp;<\/p>\n<p>\u201cEl gobierno del doctor Am\u00e9rico Villarreal Anaya a lo largo del 2023, ha sido un decidido impulsor de la transformaci\u00f3n del empleo en nuestra entidad y los cambios que juntos hemos logrado han sido posibles por su participaci\u00f3n y contribuci\u00f3n diaria para abrir m\u00e1s oportunidades para nuestra sociedad\u201d expres\u00f3 Olga Sosa Ru\u00edz ante los participantes de esta mesa de trabajo.<\/p>\n<p>&nbsp;<\/p>\n<p>Se\u00f1al\u00f3 que el prop\u00f3sito de la Secretar\u00eda del Trabajo en este gobierno humanista, es reducir la brecha de g\u00e9nero en la generaci\u00f3n de oportunidades de empleo, impulsar una mayor inclusi\u00f3n laboral, fortalecer el empleo formal para garantizar prestaciones sociales justas y cumplir con el respeto de los derechos laborales y humanos.<\/p>\n<p>&nbsp;<\/p>\n<p>Precis\u00f3 que, en este gobierno de Am\u00e9rico Villarreal Anaya, el empleo dignifica y transforma vidas y agradeci\u00f3 a todos los presentes su asistencia porque ese es un compromiso para seguir fortaleciendo la alianza por una mejor productividad y el empleo digno, haciendo el exhorto de seguir trabajando con esmero, confianza y dedicaci\u00f3n, para lograr en una suma de esfuerzos ayudar a m\u00e1s personas a que tengan una mejor calidad de vida.<\/p>\n<p>&nbsp;<\/p>\n<p>En esta reuni\u00f3n del Sistema Estatal de Empleo, participaron 16 empresas, nueve instituciones educativas, cuatro c\u00e1maras empresariales y dos dependencias de gobierno, que refrendaron su compromiso por seguir trabajando de la mano con la Secretar\u00eda del Trabajo a trav\u00e9s del Servicio Nacional del Empleo, propiciando un mayor n\u00famero de colocaciones laborales en la capital del Estado.<\/p>\n<p>&nbsp;<\/p>\n<p>En este evento particip\u00f3 el subsecretario de Empleo y Previsi\u00f3n Social, Abelardo Flores Mendoza; la coordinadora de Vinculaci\u00f3n Laboral del SNE, Tamaulipas Diana Edith Hern\u00e1ndez Gonz\u00e1lez; Bricia Rosales Reyes responsable de \u201cAbriendo Espacios\u201d y Cehila Isabel Su\u00e1rez Hern\u00e1ndez, coordinadora del SNE en Victoria. Tambi\u00e9n estuvo Ethel Robles Barajas, presidenta de Canaco Servytur, Jorge Ad\u00e1n Contreras Galv\u00e1n, presidente de CMIC, as\u00ed como representantes de importantes empresas de capital privado.<\/p>\n","protected":false},"excerpt":{"rendered":"<p>Ciudad Victoria, Tamaulipas.- Con la participaci\u00f3n de dirigentes de c\u00e1maras empresariales, servidores p\u00fablicos de diversas dependencias de Tamaulipas, acad\u00e9micos de&hellip;<\/p>\n","protected":false},"author":1,"featured_media":48792,"comment_status":"open","ping_status":"open","sticky":false,"template":"","format":"standard","meta":{"footnotes":""},"categories":[6],"tags":[],"class_list":["post-48791","post","type-post","status-publish","format-standard","has-post-thumbnail","hentry","category-tamaulipas"],"yoast_head":"<!-- This site is optimized with the Yoast SEO plugin v27.5 - https:\/\/yoast.com\/product\/yoast-seo-wordpress\/ -->\n<title>MAYOR INCLUSI\u00d3N LABORAL, REDUCCI\u00d3N DE BRECHA DE OPORTUNIDADES E IMPULSO AL EMPLEO FORMAL: OLGA SOSA. - EL INFORMATIVO DE TAMAULIPAS<\/title>\n<meta name=\"description\" content=\"Ciudad Victoria, Tamaulipas.- Con la participaci\u00f3n de dirigentes de c\u00e1maras empresariales, servidores p\u00fablicos de diversas dependencias de Tamaulipas,\" \/>\n<meta name=\"robots\" content=\"index, follow, max-snippet:-1, max-image-preview:large, max-video-preview:-1\" \/>\n<link rel=\"canonical\" href=\"https:\/\/elinformativotam.com\/index.php\/2024\/02\/01\/mayor-inclusion-laboral-reduccion-de-brecha-de-oportunidades-e-impulso-al-empleo-formal-olga-sosa\/\" \/>\n<meta property=\"og:locale\" content=\"es_MX\" \/>\n<meta property=\"og:type\" content=\"article\" \/>\n<meta property=\"og:title\" content=\"MAYOR INCLUSI\u00d3N LABORAL, REDUCCI\u00d3N DE BRECHA DE OPORTUNIDADES E IMPULSO AL EMPLEO FORMAL: OLGA SOSA. - EL INFORMATIVO DE TAMAULIPAS\" \/>\n<meta property=\"og:description\" content=\"Ciudad Victoria, Tamaulipas.- Con la participaci\u00f3n de dirigentes de c\u00e1maras empresariales, servidores p\u00fablicos de diversas dependencias de Tamaulipas,\" \/>\n<meta property=\"og:url\" content=\"https:\/\/elinformativotam.com\/index.php\/2024\/02\/01\/mayor-inclusion-laboral-reduccion-de-brecha-de-oportunidades-e-impulso-al-empleo-formal-olga-sosa\/\" \/>\n<meta property=\"og:site_name\" content=\"EL INFORMATIVO DE TAMAULIPAS\" \/>\n<meta property=\"article:published_time\" content=\"2024-02-01T15:17:54+00:00\" \/>\n<meta property=\"og:image\" content=\"https:\/\/elinformativotam.com\/wp-content\/uploads\/2024\/02\/Olga.jpg\" \/>\n\t<meta property=\"og:image:width\" content=\"1440\" \/>\n\t<meta property=\"og:image:height\" content=\"960\" \/>\n\t<meta property=\"og:image:type\" content=\"image\/jpeg\" \/>\n<meta name=\"author\" content=\"El Informativo Tam\" \/>\n<meta name=\"twitter:card\" content=\"summary_large_image\" \/>\n<meta name=\"twitter:label1\" content=\"Escrito por\" \/>\n\t<meta name=\"twitter:data1\" content=\"El Informativo Tam\" \/>\n\t<meta name=\"twitter:label2\" content=\"Tiempo de lectura\" \/>\n\t<meta name=\"twitter:data2\" content=\"3 minutos\" \/>\n<script type=\"application\/ld+json\" class=\"yoast-schema-graph\">{\"@context\":\"https:\\\/\\\/schema.org\",\"@graph\":[{\"@type\":\"Article\",\"@id\":\"https:\\\/\\\/elinformativotam.com\\\/index.php\\\/2024\\\/02\\\/01\\\/mayor-inclusion-laboral-reduccion-de-brecha-de-oportunidades-e-impulso-al-empleo-formal-olga-sosa\\\/#article\",\"isPartOf\":{\"@id\":\"https:\\\/\\\/elinformativotam.com\\\/index.php\\\/2024\\\/02\\\/01\\\/mayor-inclusion-laboral-reduccion-de-brecha-de-oportunidades-e-impulso-al-empleo-formal-olga-sosa\\\/\"},\"author\":{\"name\":\"El Informativo Tam\",\"@id\":\"https:\\\/\\\/elinformativotam.com\\\/#\\\/schema\\\/person\\\/78e08040eed0f6110f0c5f83b6153590\"},\"headline\":\"MAYOR INCLUSI\u00d3N LABORAL, REDUCCI\u00d3N DE BRECHA DE OPORTUNIDADES E IMPULSO AL EMPLEO FORMAL: OLGA SOSA.\",\"datePublished\":\"2024-02-01T15:17:54+00:00\",\"mainEntityOfPage\":{\"@id\":\"https:\\\/\\\/elinformativotam.com\\\/index.php\\\/2024\\\/02\\\/01\\\/mayor-inclusion-laboral-reduccion-de-brecha-de-oportunidades-e-impulso-al-empleo-formal-olga-sosa\\\/\"},\"wordCount\":488,\"commentCount\":0,\"publisher\":{\"@id\":\"https:\\\/\\\/elinformativotam.com\\\/#organization\"},\"image\":{\"@id\":\"https:\\\/\\\/elinformativotam.com\\\/index.php\\\/2024\\\/02\\\/01\\\/mayor-inclusion-laboral-reduccion-de-brecha-de-oportunidades-e-impulso-al-empleo-formal-olga-sosa\\\/#primaryimage\"},\"thumbnailUrl\":\"https:\\\/\\\/elinformativotam.com\\\/wp-content\\\/uploads\\\/2024\\\/02\\\/Olga.jpg\",\"articleSection\":[\"Tamaulipas\"],\"inLanguage\":\"es\",\"potentialAction\":[{\"@type\":\"CommentAction\",\"name\":\"Comment\",\"target\":[\"https:\\\/\\\/elinformativotam.com\\\/index.php\\\/2024\\\/02\\\/01\\\/mayor-inclusion-laboral-reduccion-de-brecha-de-oportunidades-e-impulso-al-empleo-formal-olga-sosa\\\/#respond\"]}]},{\"@type\":\"WebPage\",\"@id\":\"https:\\\/\\\/elinformativotam.com\\\/index.php\\\/2024\\\/02\\\/01\\\/mayor-inclusion-laboral-reduccion-de-brecha-de-oportunidades-e-impulso-al-empleo-formal-olga-sosa\\\/\",\"url\":\"https:\\\/\\\/elinformativotam.com\\\/index.php\\\/2024\\\/02\\\/01\\\/mayor-inclusion-laboral-reduccion-de-brecha-de-oportunidades-e-impulso-al-empleo-formal-olga-sosa\\\/\",\"name\":\"MAYOR INCLUSI\u00d3N LABORAL, REDUCCI\u00d3N DE BRECHA DE OPORTUNIDADES E IMPULSO AL EMPLEO FORMAL: OLGA SOSA. - EL INFORMATIVO DE TAMAULIPAS\",\"isPartOf\":{\"@id\":\"https:\\\/\\\/elinformativotam.com\\\/#website\"},\"primaryImageOfPage\":{\"@id\":\"https:\\\/\\\/elinformativotam.com\\\/index.php\\\/2024\\\/02\\\/01\\\/mayor-inclusion-laboral-reduccion-de-brecha-de-oportunidades-e-impulso-al-empleo-formal-olga-sosa\\\/#primaryimage\"},\"image\":{\"@id\":\"https:\\\/\\\/elinformativotam.com\\\/index.php\\\/2024\\\/02\\\/01\\\/mayor-inclusion-laboral-reduccion-de-brecha-de-oportunidades-e-impulso-al-empleo-formal-olga-sosa\\\/#primaryimage\"},\"thumbnailUrl\":\"https:\\\/\\\/elinformativotam.com\\\/wp-content\\\/uploads\\\/2024\\\/02\\\/Olga.jpg\",\"datePublished\":\"2024-02-01T15:17:54+00:00\",\"description\":\"Ciudad Victoria, Tamaulipas.- Con la participaci\u00f3n de dirigentes de c\u00e1maras empresariales, servidores p\u00fablicos de diversas dependencias de Tamaulipas,\",\"inLanguage\":\"es\",\"potentialAction\":[{\"@type\":\"ReadAction\",\"target\":[\"https:\\\/\\\/elinformativotam.com\\\/index.php\\\/2024\\\/02\\\/01\\\/mayor-inclusion-laboral-reduccion-de-brecha-de-oportunidades-e-impulso-al-empleo-formal-olga-sosa\\\/\"]}]},{\"@type\":\"ImageObject\",\"inLanguage\":\"es\",\"@id\":\"https:\\\/\\\/elinformativotam.com\\\/index.php\\\/2024\\\/02\\\/01\\\/mayor-inclusion-laboral-reduccion-de-brecha-de-oportunidades-e-impulso-al-empleo-formal-olga-sosa\\\/#primaryimage\",\"url\":\"https:\\\/\\\/elinformativotam.com\\\/wp-content\\\/uploads\\\/2024\\\/02\\\/Olga.jpg\",\"contentUrl\":\"https:\\\/\\\/elinformativotam.com\\\/wp-content\\\/uploads\\\/2024\\\/02\\\/Olga.jpg\",\"width\":1440,\"height\":960},{\"@type\":\"WebSite\",\"@id\":\"https:\\\/\\\/elinformativotam.com\\\/#website\",\"url\":\"https:\\\/\\\/elinformativotam.com\\\/\",\"name\":\"EL INFORMATIVO DE TAMAULIPAS\",\"description\":\"Desde la Zona Metropolitana Para Todo M\u00e9xico\",\"publisher\":{\"@id\":\"https:\\\/\\\/elinformativotam.com\\\/#organization\"},\"potentialAction\":[{\"@type\":\"SearchAction\",\"target\":{\"@type\":\"EntryPoint\",\"urlTemplate\":\"https:\\\/\\\/elinformativotam.com\\\/?s={search_term_string}\"},\"query-input\":{\"@type\":\"PropertyValueSpecification\",\"valueRequired\":true,\"valueName\":\"search_term_string\"}}],\"inLanguage\":\"es\"},{\"@type\":\"Organization\",\"@id\":\"https:\\\/\\\/elinformativotam.com\\\/#organization\",\"name\":\"EL INFORMATIVO DE TAMAULIPAS\",\"url\":\"https:\\\/\\\/elinformativotam.com\\\/\",\"logo\":{\"@type\":\"ImageObject\",\"inLanguage\":\"es\",\"@id\":\"https:\\\/\\\/elinformativotam.com\\\/#\\\/schema\\\/logo\\\/image\\\/\",\"url\":\"https:\\\/\\\/elinformativotam.com\\\/wp-content\\\/uploads\\\/2026\\\/02\\\/Cabezal.png\",\"contentUrl\":\"https:\\\/\\\/elinformativotam.com\\\/wp-content\\\/uploads\\\/2026\\\/02\\\/Cabezal.png\",\"width\":960,\"height\":640,\"caption\":\"EL INFORMATIVO DE TAMAULIPAS\"},\"image\":{\"@id\":\"https:\\\/\\\/elinformativotam.com\\\/#\\\/schema\\\/logo\\\/image\\\/\"}},{\"@type\":\"Person\",\"@id\":\"https:\\\/\\\/elinformativotam.com\\\/#\\\/schema\\\/person\\\/78e08040eed0f6110f0c5f83b6153590\",\"name\":\"El Informativo Tam\",\"image\":{\"@type\":\"ImageObject\",\"inLanguage\":\"es\",\"@id\":\"https:\\\/\\\/secure.gravatar.com\\\/avatar\\\/f3b7ad3af540688955925ac610647be00b0cf41feea9c4978b73a707ee86bc53?s=96&d=mm&r=g\",\"url\":\"https:\\\/\\\/secure.gravatar.com\\\/avatar\\\/f3b7ad3af540688955925ac610647be00b0cf41feea9c4978b73a707ee86bc53?s=96&d=mm&r=g\",\"contentUrl\":\"https:\\\/\\\/secure.gravatar.com\\\/avatar\\\/f3b7ad3af540688955925ac610647be00b0cf41feea9c4978b73a707ee86bc53?s=96&d=mm&r=g\",\"caption\":\"El Informativo Tam\"}}]}<\/script>\n<!-- \/ Yoast SEO plugin. -->","yoast_head_json":{"title":"MAYOR INCLUSI\u00d3N LABORAL, REDUCCI\u00d3N DE BRECHA DE OPORTUNIDADES E IMPULSO AL EMPLEO FORMAL: OLGA SOSA. - EL INFORMATIVO DE TAMAULIPAS","description":"Ciudad Victoria, Tamaulipas.- Con la participaci\u00f3n de dirigentes de c\u00e1maras empresariales, servidores p\u00fablicos de diversas dependencias de Tamaulipas,","robots":{"index":"index","follow":"follow","max-snippet":"max-snippet:-1","max-image-preview":"max-image-preview:large","max-video-preview":"max-video-preview:-1"},"canonical":"https:\/\/elinformativotam.com\/index.php\/2024\/02\/01\/mayor-inclusion-laboral-reduccion-de-brecha-de-oportunidades-e-impulso-al-empleo-formal-olga-sosa\/","og_locale":"es_MX","og_type":"article","og_title":"MAYOR INCLUSI\u00d3N LABORAL, REDUCCI\u00d3N DE BRECHA DE OPORTUNIDADES E IMPULSO AL EMPLEO FORMAL: OLGA SOSA. - EL INFORMATIVO DE TAMAULIPAS","og_description":"Ciudad Victoria, Tamaulipas.- Con la participaci\u00f3n de dirigentes de c\u00e1maras empresariales, servidores p\u00fablicos de diversas dependencias de Tamaulipas,","og_url":"https:\/\/elinformativotam.com\/index.php\/2024\/02\/01\/mayor-inclusion-laboral-reduccion-de-brecha-de-oportunidades-e-impulso-al-empleo-formal-olga-sosa\/","og_site_name":"EL INFORMATIVO DE TAMAULIPAS","article_published_time":"2024-02-01T15:17:54+00:00","og_image":[{"width":1440,"height":960,"url":"https:\/\/elinformativotam.com\/wp-content\/uploads\/2024\/02\/Olga.jpg","type":"image\/jpeg"}],"author":"El Informativo Tam","twitter_card":"summary_large_image","twitter_misc":{"Escrito por":"El Informativo Tam","Tiempo de lectura":"3 minutos"},"schema":{"@context":"https:\/\/schema.org","@graph":[{"@type":"Article","@id":"https:\/\/elinformativotam.com\/index.php\/2024\/02\/01\/mayor-inclusion-laboral-reduccion-de-brecha-de-oportunidades-e-impulso-al-empleo-formal-olga-sosa\/#article","isPartOf":{"@id":"https:\/\/elinformativotam.com\/index.php\/2024\/02\/01\/mayor-inclusion-laboral-reduccion-de-brecha-de-oportunidades-e-impulso-al-empleo-formal-olga-sosa\/"},"author":{"name":"El Informativo Tam","@id":"https:\/\/elinformativotam.com\/#\/schema\/person\/78e08040eed0f6110f0c5f83b6153590"},"headline":"MAYOR INCLUSI\u00d3N LABORAL, REDUCCI\u00d3N DE BRECHA DE OPORTUNIDADES E IMPULSO AL EMPLEO FORMAL: OLGA SOSA.","datePublished":"2024-02-01T15:17:54+00:00","mainEntityOfPage":{"@id":"https:\/\/elinformativotam.com\/index.php\/2024\/02\/01\/mayor-inclusion-laboral-reduccion-de-brecha-de-oportunidades-e-impulso-al-empleo-formal-olga-sosa\/"},"wordCount":488,"commentCount":0,"publisher":{"@id":"https:\/\/elinformativotam.com\/#organization"},"image":{"@id":"https:\/\/elinformativotam.com\/index.php\/2024\/02\/01\/mayor-inclusion-laboral-reduccion-de-brecha-de-oportunidades-e-impulso-al-empleo-formal-olga-sosa\/#primaryimage"},"thumbnailUrl":"https:\/\/elinformativotam.com\/wp-content\/uploads\/2024\/02\/Olga.jpg","articleSection":["Tamaulipas"],"inLanguage":"es","potentialAction":[{"@type":"CommentAction","name":"Comment","target":["https:\/\/elinformativotam.com\/index.php\/2024\/02\/01\/mayor-inclusion-laboral-reduccion-de-brecha-de-oportunidades-e-impulso-al-empleo-formal-olga-sosa\/#respond"]}]},{"@type":"WebPage","@id":"https:\/\/elinformativotam.com\/index.php\/2024\/02\/01\/mayor-inclusion-laboral-reduccion-de-brecha-de-oportunidades-e-impulso-al-empleo-formal-olga-sosa\/","url":"https:\/\/elinformativotam.com\/index.php\/2024\/02\/01\/mayor-inclusion-laboral-reduccion-de-brecha-de-oportunidades-e-impulso-al-empleo-formal-olga-sosa\/","name":"MAYOR INCLUSI\u00d3N LABORAL, REDUCCI\u00d3N DE BRECHA DE OPORTUNIDADES E IMPULSO AL EMPLEO FORMAL: OLGA SOSA. - EL INFORMATIVO DE TAMAULIPAS","isPartOf":{"@id":"https:\/\/elinformativotam.com\/#website"},"primaryImageOfPage":{"@id":"https:\/\/elinformativotam.com\/index.php\/2024\/02\/01\/mayor-inclusion-laboral-reduccion-de-brecha-de-oportunidades-e-impulso-al-empleo-formal-olga-sosa\/#primaryimage"},"image":{"@id":"https:\/\/elinformativotam.com\/index.php\/2024\/02\/01\/mayor-inclusion-laboral-reduccion-de-brecha-de-oportunidades-e-impulso-al-empleo-formal-olga-sosa\/#primaryimage"},"thumbnailUrl":"https:\/\/elinformativotam.com\/wp-content\/uploads\/2024\/02\/Olga.jpg","datePublished":"2024-02-01T15:17:54+00:00","description":"Ciudad Victoria, Tamaulipas.- Con la participaci\u00f3n de dirigentes de c\u00e1maras empresariales, servidores p\u00fablicos de diversas dependencias de Tamaulipas,","inLanguage":"es","potentialAction":[{"@type":"ReadAction","target":["https:\/\/elinformativotam.com\/index.php\/2024\/02\/01\/mayor-inclusion-laboral-reduccion-de-brecha-de-oportunidades-e-impulso-al-empleo-formal-olga-sosa\/"]}]},{"@type":"ImageObject","inLanguage":"es","@id":"https:\/\/elinformativotam.com\/index.php\/2024\/02\/01\/mayor-inclusion-laboral-reduccion-de-brecha-de-oportunidades-e-impulso-al-empleo-formal-olga-sosa\/#primaryimage","url":"https:\/\/elinformativotam.com\/wp-content\/uploads\/2024\/02\/Olga.jpg","contentUrl":"https:\/\/elinformativotam.com\/wp-content\/uploads\/2024\/02\/Olga.jpg","width":1440,"height":960},{"@type":"WebSite","@id":"https:\/\/elinformativotam.com\/#website","url":"https:\/\/elinformativotam.com\/","name":"EL INFORMATIVO DE TAMAULIPAS","description":"Desde la Zona Metropolitana Para Todo M\u00e9xico","publisher":{"@id":"https:\/\/elinformativotam.com\/#organization"},"potentialAction":[{"@type":"SearchAction","target":{"@type":"EntryPoint","urlTemplate":"https:\/\/elinformativotam.com\/?s={search_term_string}"},"query-input":{"@type":"PropertyValueSpecification","valueRequired":true,"valueName":"search_term_string"}}],"inLanguage":"es"},{"@type":"Organization","@id":"https:\/\/elinformativotam.com\/#organization","name":"EL INFORMATIVO DE TAMAULIPAS","url":"https:\/\/elinformativotam.com\/","logo":{"@type":"ImageObject","inLanguage":"es","@id":"https:\/\/elinformativotam.com\/#\/schema\/logo\/image\/","url":"https:\/\/elinformativotam.com\/wp-content\/uploads\/2026\/02\/Cabezal.png","contentUrl":"https:\/\/elinformativotam.com\/wp-content\/uploads\/2026\/02\/Cabezal.png","width":960,"height":640,"caption":"EL INFORMATIVO DE TAMAULIPAS"},"image":{"@id":"https:\/\/elinformativotam.com\/#\/schema\/logo\/image\/"}},{"@type":"Person","@id":"https:\/\/elinformativotam.com\/#\/schema\/person\/78e08040eed0f6110f0c5f83b6153590","name":"El Informativo Tam","image":{"@type":"ImageObject","inLanguage":"es","@id":"https:\/\/secure.gravatar.com\/avatar\/f3b7ad3af540688955925ac610647be00b0cf41feea9c4978b73a707ee86bc53?s=96&d=mm&r=g","url":"https:\/\/secure.gravatar.com\/avatar\/f3b7ad3af540688955925ac610647be00b0cf41feea9c4978b73a707ee86bc53?s=96&d=mm&r=g","contentUrl":"https:\/\/secure.gravatar.com\/avatar\/f3b7ad3af540688955925ac610647be00b0cf41feea9c4978b73a707ee86bc53?s=96&d=mm&r=g","caption":"El Informativo Tam"}}]}},"_links":{"self":[{"href":"https:\/\/elinformativotam.com\/index.php\/wp-json\/wp\/v2\/posts\/48791","targetHints":{"allow":["GET"]}}],"collection":[{"href":"https:\/\/elinformativotam.com\/index.php\/wp-json\/wp\/v2\/posts"}],"about":[{"href":"https:\/\/elinformativotam.com\/index.php\/wp-json\/wp\/v2\/types\/post"}],"author":[{"embeddable":true,"href":"https:\/\/elinformativotam.com\/index.php\/wp-json\/wp\/v2\/users\/1"}],"replies":[{"embeddable":true,"href":"https:\/\/elinformativotam.com\/index.php\/wp-json\/wp\/v2\/comments?post=48791"}],"version-history":[{"count":1,"href":"https:\/\/elinformativotam.com\/index.php\/wp-json\/wp\/v2\/posts\/48791\/revisions"}],"predecessor-version":[{"id":48793,"href":"https:\/\/elinformativotam.com\/index.php\/wp-json\/wp\/v2\/posts\/48791\/revisions\/48793"}],"wp:featuredmedia":[{"embeddable":true,"href":"https:\/\/elinformativotam.com\/index.php\/wp-json\/wp\/v2\/media\/48792"}],"wp:attachment":[{"href":"https:\/\/elinformativotam.com\/index.php\/wp-json\/wp\/v2\/media?parent=48791"}],"wp:term":[{"taxonomy":"category","embeddable":true,"href":"https:\/\/elinformativotam.com\/index.php\/wp-json\/wp\/v2\/categories?post=48791"},{"taxonomy":"post_tag","embeddable":true,"href":"https:\/\/elinformativotam.com\/index.php\/wp-json\/wp\/v2\/tags?post=48791"}],"curies":[{"name":"wp","href":"https:\/\/api.w.org\/{rel}","templated":true}]}}