{"id":48785,"date":"2024-01-30T22:48:21","date_gmt":"2024-01-31T04:48:21","guid":{"rendered":"https:\/\/elinformativotam.com\/?p=48785"},"modified":"2024-01-30T22:48:21","modified_gmt":"2024-01-31T04:48:21","slug":"pide-arcim-a-sector-productivo-no-caer-en-alarma-por-caso-pizarro","status":"publish","type":"post","link":"https:\/\/elinformativotam.com\/index.php\/2024\/01\/30\/pide-arcim-a-sector-productivo-no-caer-en-alarma-por-caso-pizarro\/","title":{"rendered":"PIDE ARCIM A SECTOR PRODUCTIVO NO CAER EN ALARMA POR &#8220;CASO PIZARRO&#8221;"},"content":{"rendered":"<h2 style=\"text-align: center;\"><em><span style=\"font-family: 'times new roman', times;\">*Hay Condiciones De Seguridad En La Regi\u00f3n Desde Hace M\u00e1s De 5 A\u00f1os<\/span><\/em><\/h2>\n<p>&nbsp;<\/p>\n<p>&nbsp;<\/p>\n<p>El caso &#8220;Pizarro&#8221; que impact\u00f3 a la poblaci\u00f3n de la zona sur el pasado fin de semana, no debe alarmar a la iniciativa privada, ni poner en duda el arduo trabajo que han realizado los alcaldes, el gobierno del estado y la mesa ciudadana en la materia, advirti\u00f3 el Presidente de ARCIM, Benjam\u00edn Larri\u00f3n Nava.<\/p>\n<p>&nbsp;<\/p>\n<p>Manifest\u00f3 que el solo hecho de que un familiar de un futbolista reconocido en el \u00e1mbito nacional haya fallecido por un acto de inseguridad, no debe echar por la borda todo el trabajo que hasta el momento han hecho autoridades y sectores de la sociedad civil en poco m\u00e1s de cinco a\u00f1os.<\/p>\n<p>&nbsp;<\/p>\n<p>Remarc\u00f3, que el familiar de Rodolfo Pizarro acaecido en la zona no enciende las alarmas en torno a la inseguridad que pudiera retornar a la regi\u00f3n, sin embargo s\u00ed obliga a las autoridades investigadoras a realizar una labor estrecha para dar con la o las personas que cometieron el hecho violento tan lamentable.<\/p>\n<p>&nbsp;<\/p>\n<p>El representante de la Asociaci\u00f3n Regional de Comerciantes e Industriales del Sur de Tamaulipas, enfatiz\u00f3 que los sectores productivos no quieren regresar a los tiempos violentos que se vivieron en el 2010 y 2015, y para ello, dijo, es necesario redoblar la seguridad en los tres municipios.<\/p>\n<p>&nbsp;<\/p>\n<p>Larri\u00f3n, dej\u00f3 en claro que las autoridades policiales deben arrojar resultados en la investigaci\u00f3n que se realiza en corto tiempo, y castigar con todo el peso de la ley al o los responsables de este acto a todas luces criminal.<\/p>\n<p>&nbsp;<\/p>\n<p>&#8220;La poblaci\u00f3n no debe alarmaze ni los sectores productivos, el hecho fue un poco impactante, pero ya la autoridad pertinente lleva a cabo las investigaciones&#8221;, dijo<\/p>\n<p>&nbsp;<\/p>\n<p>Finalmente, detall\u00f3 que la ARCIM solicitar\u00e1 que en la medida de lo posible sigan llegando m\u00e1s efectivos de la Guardia Estatal a la \u00e1rea metropolitana, pues record\u00f3 que a\u00fan existe un d\u00e9ficit en el n\u00famero de elementos asignados para cada ciudad.<\/p>\n","protected":false},"excerpt":{"rendered":"<p>*Hay Condiciones De Seguridad En La Regi\u00f3n Desde Hace M\u00e1s De 5 A\u00f1os &nbsp; &nbsp; El caso &#8220;Pizarro&#8221; que impact\u00f3&hellip;<\/p>\n","protected":false},"author":1,"featured_media":48786,"comment_status":"open","ping_status":"open","sticky":false,"template":"","format":"standard","meta":{"footnotes":""},"categories":[3],"tags":[],"class_list":["post-48785","post","type-post","status-publish","format-standard","has-post-thumbnail","hentry","category-tampico"],"yoast_head":"<!-- This site is optimized with the Yoast SEO plugin v27.5 - https:\/\/yoast.com\/product\/yoast-seo-wordpress\/ -->\n<title>PIDE ARCIM A SECTOR PRODUCTIVO NO CAER EN ALARMA POR &quot;CASO PIZARRO&quot; - EL INFORMATIVO DE TAMAULIPAS<\/title>\n<meta name=\"description\" content=\"*Hay Condiciones De Seguridad En La Regi\u00f3n Desde Hace M\u00e1s De 5 A\u00f1os &nbsp; &nbsp; El caso &quot;Pizarro&quot; que impact\u00f3 a la poblaci\u00f3n de la zona sur el pasado\" \/>\n<meta name=\"robots\" content=\"index, follow, max-snippet:-1, max-image-preview:large, max-video-preview:-1\" \/>\n<link rel=\"canonical\" href=\"https:\/\/elinformativotam.com\/index.php\/2024\/01\/30\/pide-arcim-a-sector-productivo-no-caer-en-alarma-por-caso-pizarro\/\" \/>\n<meta property=\"og:locale\" content=\"es_MX\" \/>\n<meta property=\"og:type\" content=\"article\" \/>\n<meta property=\"og:title\" content=\"PIDE ARCIM A SECTOR PRODUCTIVO NO CAER EN ALARMA POR &quot;CASO PIZARRO&quot; - EL INFORMATIVO DE TAMAULIPAS\" \/>\n<meta property=\"og:description\" content=\"*Hay Condiciones De Seguridad En La Regi\u00f3n Desde Hace M\u00e1s De 5 A\u00f1os &nbsp; &nbsp; El caso &quot;Pizarro&quot; que impact\u00f3 a la poblaci\u00f3n de la zona sur el pasado\" \/>\n<meta property=\"og:url\" content=\"https:\/\/elinformativotam.com\/index.php\/2024\/01\/30\/pide-arcim-a-sector-productivo-no-caer-en-alarma-por-caso-pizarro\/\" \/>\n<meta property=\"og:site_name\" content=\"EL INFORMATIVO DE TAMAULIPAS\" \/>\n<meta property=\"article:published_time\" content=\"2024-01-31T04:48:21+00:00\" \/>\n<meta property=\"og:image\" content=\"https:\/\/elinformativotam.com\/wp-content\/uploads\/2024\/01\/Larrion-1.jpeg\" \/>\n\t<meta property=\"og:image:width\" content=\"1280\" \/>\n\t<meta property=\"og:image:height\" content=\"963\" \/>\n\t<meta property=\"og:image:type\" content=\"image\/jpeg\" \/>\n<meta name=\"author\" content=\"El Informativo Tam\" \/>\n<meta name=\"twitter:card\" content=\"summary_large_image\" \/>\n<meta name=\"twitter:label1\" content=\"Escrito por\" \/>\n\t<meta name=\"twitter:data1\" content=\"El Informativo Tam\" \/>\n\t<meta name=\"twitter:label2\" content=\"Tiempo de lectura\" \/>\n\t<meta name=\"twitter:data2\" content=\"2 minutos\" \/>\n<script type=\"application\/ld+json\" class=\"yoast-schema-graph\">{\"@context\":\"https:\\\/\\\/schema.org\",\"@graph\":[{\"@type\":\"Article\",\"@id\":\"https:\\\/\\\/elinformativotam.com\\\/index.php\\\/2024\\\/01\\\/30\\\/pide-arcim-a-sector-productivo-no-caer-en-alarma-por-caso-pizarro\\\/#article\",\"isPartOf\":{\"@id\":\"https:\\\/\\\/elinformativotam.com\\\/index.php\\\/2024\\\/01\\\/30\\\/pide-arcim-a-sector-productivo-no-caer-en-alarma-por-caso-pizarro\\\/\"},\"author\":{\"name\":\"El Informativo Tam\",\"@id\":\"https:\\\/\\\/elinformativotam.com\\\/#\\\/schema\\\/person\\\/78e08040eed0f6110f0c5f83b6153590\"},\"headline\":\"PIDE ARCIM A SECTOR PRODUCTIVO NO CAER EN ALARMA POR &#8220;CASO PIZARRO&#8221;\",\"datePublished\":\"2024-01-31T04:48:21+00:00\",\"mainEntityOfPage\":{\"@id\":\"https:\\\/\\\/elinformativotam.com\\\/index.php\\\/2024\\\/01\\\/30\\\/pide-arcim-a-sector-productivo-no-caer-en-alarma-por-caso-pizarro\\\/\"},\"wordCount\":361,\"commentCount\":0,\"publisher\":{\"@id\":\"https:\\\/\\\/elinformativotam.com\\\/#organization\"},\"image\":{\"@id\":\"https:\\\/\\\/elinformativotam.com\\\/index.php\\\/2024\\\/01\\\/30\\\/pide-arcim-a-sector-productivo-no-caer-en-alarma-por-caso-pizarro\\\/#primaryimage\"},\"thumbnailUrl\":\"https:\\\/\\\/elinformativotam.com\\\/wp-content\\\/uploads\\\/2024\\\/01\\\/Larrion-1.jpeg\",\"articleSection\":[\"Tampico\"],\"inLanguage\":\"es\",\"potentialAction\":[{\"@type\":\"CommentAction\",\"name\":\"Comment\",\"target\":[\"https:\\\/\\\/elinformativotam.com\\\/index.php\\\/2024\\\/01\\\/30\\\/pide-arcim-a-sector-productivo-no-caer-en-alarma-por-caso-pizarro\\\/#respond\"]}]},{\"@type\":\"WebPage\",\"@id\":\"https:\\\/\\\/elinformativotam.com\\\/index.php\\\/2024\\\/01\\\/30\\\/pide-arcim-a-sector-productivo-no-caer-en-alarma-por-caso-pizarro\\\/\",\"url\":\"https:\\\/\\\/elinformativotam.com\\\/index.php\\\/2024\\\/01\\\/30\\\/pide-arcim-a-sector-productivo-no-caer-en-alarma-por-caso-pizarro\\\/\",\"name\":\"PIDE ARCIM A SECTOR PRODUCTIVO NO CAER EN ALARMA POR \\\"CASO PIZARRO\\\" - EL INFORMATIVO DE TAMAULIPAS\",\"isPartOf\":{\"@id\":\"https:\\\/\\\/elinformativotam.com\\\/#website\"},\"primaryImageOfPage\":{\"@id\":\"https:\\\/\\\/elinformativotam.com\\\/index.php\\\/2024\\\/01\\\/30\\\/pide-arcim-a-sector-productivo-no-caer-en-alarma-por-caso-pizarro\\\/#primaryimage\"},\"image\":{\"@id\":\"https:\\\/\\\/elinformativotam.com\\\/index.php\\\/2024\\\/01\\\/30\\\/pide-arcim-a-sector-productivo-no-caer-en-alarma-por-caso-pizarro\\\/#primaryimage\"},\"thumbnailUrl\":\"https:\\\/\\\/elinformativotam.com\\\/wp-content\\\/uploads\\\/2024\\\/01\\\/Larrion-1.jpeg\",\"datePublished\":\"2024-01-31T04:48:21+00:00\",\"description\":\"*Hay Condiciones De Seguridad En La Regi\u00f3n Desde Hace M\u00e1s De 5 A\u00f1os &nbsp; &nbsp; El caso \\\"Pizarro\\\" que impact\u00f3 a la poblaci\u00f3n de la zona sur el pasado\",\"inLanguage\":\"es\",\"potentialAction\":[{\"@type\":\"ReadAction\",\"target\":[\"https:\\\/\\\/elinformativotam.com\\\/index.php\\\/2024\\\/01\\\/30\\\/pide-arcim-a-sector-productivo-no-caer-en-alarma-por-caso-pizarro\\\/\"]}]},{\"@type\":\"ImageObject\",\"inLanguage\":\"es\",\"@id\":\"https:\\\/\\\/elinformativotam.com\\\/index.php\\\/2024\\\/01\\\/30\\\/pide-arcim-a-sector-productivo-no-caer-en-alarma-por-caso-pizarro\\\/#primaryimage\",\"url\":\"https:\\\/\\\/elinformativotam.com\\\/wp-content\\\/uploads\\\/2024\\\/01\\\/Larrion-1.jpeg\",\"contentUrl\":\"https:\\\/\\\/elinformativotam.com\\\/wp-content\\\/uploads\\\/2024\\\/01\\\/Larrion-1.jpeg\",\"width\":1280,\"height\":963},{\"@type\":\"WebSite\",\"@id\":\"https:\\\/\\\/elinformativotam.com\\\/#website\",\"url\":\"https:\\\/\\\/elinformativotam.com\\\/\",\"name\":\"EL INFORMATIVO DE TAMAULIPAS\",\"description\":\"Desde la Zona Metropolitana Para Todo M\u00e9xico\",\"publisher\":{\"@id\":\"https:\\\/\\\/elinformativotam.com\\\/#organization\"},\"potentialAction\":[{\"@type\":\"SearchAction\",\"target\":{\"@type\":\"EntryPoint\",\"urlTemplate\":\"https:\\\/\\\/elinformativotam.com\\\/?s={search_term_string}\"},\"query-input\":{\"@type\":\"PropertyValueSpecification\",\"valueRequired\":true,\"valueName\":\"search_term_string\"}}],\"inLanguage\":\"es\"},{\"@type\":\"Organization\",\"@id\":\"https:\\\/\\\/elinformativotam.com\\\/#organization\",\"name\":\"EL INFORMATIVO DE TAMAULIPAS\",\"url\":\"https:\\\/\\\/elinformativotam.com\\\/\",\"logo\":{\"@type\":\"ImageObject\",\"inLanguage\":\"es\",\"@id\":\"https:\\\/\\\/elinformativotam.com\\\/#\\\/schema\\\/logo\\\/image\\\/\",\"url\":\"https:\\\/\\\/elinformativotam.com\\\/wp-content\\\/uploads\\\/2026\\\/02\\\/Cabezal.png\",\"contentUrl\":\"https:\\\/\\\/elinformativotam.com\\\/wp-content\\\/uploads\\\/2026\\\/02\\\/Cabezal.png\",\"width\":960,\"height\":640,\"caption\":\"EL INFORMATIVO DE TAMAULIPAS\"},\"image\":{\"@id\":\"https:\\\/\\\/elinformativotam.com\\\/#\\\/schema\\\/logo\\\/image\\\/\"}},{\"@type\":\"Person\",\"@id\":\"https:\\\/\\\/elinformativotam.com\\\/#\\\/schema\\\/person\\\/78e08040eed0f6110f0c5f83b6153590\",\"name\":\"El Informativo Tam\",\"image\":{\"@type\":\"ImageObject\",\"inLanguage\":\"es\",\"@id\":\"https:\\\/\\\/secure.gravatar.com\\\/avatar\\\/f3b7ad3af540688955925ac610647be00b0cf41feea9c4978b73a707ee86bc53?s=96&d=mm&r=g\",\"url\":\"https:\\\/\\\/secure.gravatar.com\\\/avatar\\\/f3b7ad3af540688955925ac610647be00b0cf41feea9c4978b73a707ee86bc53?s=96&d=mm&r=g\",\"contentUrl\":\"https:\\\/\\\/secure.gravatar.com\\\/avatar\\\/f3b7ad3af540688955925ac610647be00b0cf41feea9c4978b73a707ee86bc53?s=96&d=mm&r=g\",\"caption\":\"El Informativo Tam\"}}]}<\/script>\n<!-- \/ Yoast SEO plugin. -->","yoast_head_json":{"title":"PIDE ARCIM A SECTOR PRODUCTIVO NO CAER EN ALARMA POR \"CASO PIZARRO\" - EL INFORMATIVO DE TAMAULIPAS","description":"*Hay Condiciones De Seguridad En La Regi\u00f3n Desde Hace M\u00e1s De 5 A\u00f1os &nbsp; &nbsp; El caso \"Pizarro\" que impact\u00f3 a la poblaci\u00f3n de la zona sur el pasado","robots":{"index":"index","follow":"follow","max-snippet":"max-snippet:-1","max-image-preview":"max-image-preview:large","max-video-preview":"max-video-preview:-1"},"canonical":"https:\/\/elinformativotam.com\/index.php\/2024\/01\/30\/pide-arcim-a-sector-productivo-no-caer-en-alarma-por-caso-pizarro\/","og_locale":"es_MX","og_type":"article","og_title":"PIDE ARCIM A SECTOR PRODUCTIVO NO CAER EN ALARMA POR \"CASO PIZARRO\" - EL INFORMATIVO DE TAMAULIPAS","og_description":"*Hay Condiciones De Seguridad En La Regi\u00f3n Desde Hace M\u00e1s De 5 A\u00f1os &nbsp; &nbsp; El caso \"Pizarro\" que impact\u00f3 a la poblaci\u00f3n de la zona sur el pasado","og_url":"https:\/\/elinformativotam.com\/index.php\/2024\/01\/30\/pide-arcim-a-sector-productivo-no-caer-en-alarma-por-caso-pizarro\/","og_site_name":"EL INFORMATIVO DE TAMAULIPAS","article_published_time":"2024-01-31T04:48:21+00:00","og_image":[{"width":1280,"height":963,"url":"https:\/\/elinformativotam.com\/wp-content\/uploads\/2024\/01\/Larrion-1.jpeg","type":"image\/jpeg"}],"author":"El Informativo Tam","twitter_card":"summary_large_image","twitter_misc":{"Escrito por":"El Informativo Tam","Tiempo de lectura":"2 minutos"},"schema":{"@context":"https:\/\/schema.org","@graph":[{"@type":"Article","@id":"https:\/\/elinformativotam.com\/index.php\/2024\/01\/30\/pide-arcim-a-sector-productivo-no-caer-en-alarma-por-caso-pizarro\/#article","isPartOf":{"@id":"https:\/\/elinformativotam.com\/index.php\/2024\/01\/30\/pide-arcim-a-sector-productivo-no-caer-en-alarma-por-caso-pizarro\/"},"author":{"name":"El Informativo Tam","@id":"https:\/\/elinformativotam.com\/#\/schema\/person\/78e08040eed0f6110f0c5f83b6153590"},"headline":"PIDE ARCIM A SECTOR PRODUCTIVO NO CAER EN ALARMA POR &#8220;CASO PIZARRO&#8221;","datePublished":"2024-01-31T04:48:21+00:00","mainEntityOfPage":{"@id":"https:\/\/elinformativotam.com\/index.php\/2024\/01\/30\/pide-arcim-a-sector-productivo-no-caer-en-alarma-por-caso-pizarro\/"},"wordCount":361,"commentCount":0,"publisher":{"@id":"https:\/\/elinformativotam.com\/#organization"},"image":{"@id":"https:\/\/elinformativotam.com\/index.php\/2024\/01\/30\/pide-arcim-a-sector-productivo-no-caer-en-alarma-por-caso-pizarro\/#primaryimage"},"thumbnailUrl":"https:\/\/elinformativotam.com\/wp-content\/uploads\/2024\/01\/Larrion-1.jpeg","articleSection":["Tampico"],"inLanguage":"es","potentialAction":[{"@type":"CommentAction","name":"Comment","target":["https:\/\/elinformativotam.com\/index.php\/2024\/01\/30\/pide-arcim-a-sector-productivo-no-caer-en-alarma-por-caso-pizarro\/#respond"]}]},{"@type":"WebPage","@id":"https:\/\/elinformativotam.com\/index.php\/2024\/01\/30\/pide-arcim-a-sector-productivo-no-caer-en-alarma-por-caso-pizarro\/","url":"https:\/\/elinformativotam.com\/index.php\/2024\/01\/30\/pide-arcim-a-sector-productivo-no-caer-en-alarma-por-caso-pizarro\/","name":"PIDE ARCIM A SECTOR PRODUCTIVO NO CAER EN ALARMA POR \"CASO PIZARRO\" - EL INFORMATIVO DE TAMAULIPAS","isPartOf":{"@id":"https:\/\/elinformativotam.com\/#website"},"primaryImageOfPage":{"@id":"https:\/\/elinformativotam.com\/index.php\/2024\/01\/30\/pide-arcim-a-sector-productivo-no-caer-en-alarma-por-caso-pizarro\/#primaryimage"},"image":{"@id":"https:\/\/elinformativotam.com\/index.php\/2024\/01\/30\/pide-arcim-a-sector-productivo-no-caer-en-alarma-por-caso-pizarro\/#primaryimage"},"thumbnailUrl":"https:\/\/elinformativotam.com\/wp-content\/uploads\/2024\/01\/Larrion-1.jpeg","datePublished":"2024-01-31T04:48:21+00:00","description":"*Hay Condiciones De Seguridad En La Regi\u00f3n Desde Hace M\u00e1s De 5 A\u00f1os &nbsp; &nbsp; El caso \"Pizarro\" que impact\u00f3 a la poblaci\u00f3n de la zona sur el pasado","inLanguage":"es","potentialAction":[{"@type":"ReadAction","target":["https:\/\/elinformativotam.com\/index.php\/2024\/01\/30\/pide-arcim-a-sector-productivo-no-caer-en-alarma-por-caso-pizarro\/"]}]},{"@type":"ImageObject","inLanguage":"es","@id":"https:\/\/elinformativotam.com\/index.php\/2024\/01\/30\/pide-arcim-a-sector-productivo-no-caer-en-alarma-por-caso-pizarro\/#primaryimage","url":"https:\/\/elinformativotam.com\/wp-content\/uploads\/2024\/01\/Larrion-1.jpeg","contentUrl":"https:\/\/elinformativotam.com\/wp-content\/uploads\/2024\/01\/Larrion-1.jpeg","width":1280,"height":963},{"@type":"WebSite","@id":"https:\/\/elinformativotam.com\/#website","url":"https:\/\/elinformativotam.com\/","name":"EL INFORMATIVO DE TAMAULIPAS","description":"Desde la Zona Metropolitana Para Todo M\u00e9xico","publisher":{"@id":"https:\/\/elinformativotam.com\/#organization"},"potentialAction":[{"@type":"SearchAction","target":{"@type":"EntryPoint","urlTemplate":"https:\/\/elinformativotam.com\/?s={search_term_string}"},"query-input":{"@type":"PropertyValueSpecification","valueRequired":true,"valueName":"search_term_string"}}],"inLanguage":"es"},{"@type":"Organization","@id":"https:\/\/elinformativotam.com\/#organization","name":"EL INFORMATIVO DE TAMAULIPAS","url":"https:\/\/elinformativotam.com\/","logo":{"@type":"ImageObject","inLanguage":"es","@id":"https:\/\/elinformativotam.com\/#\/schema\/logo\/image\/","url":"https:\/\/elinformativotam.com\/wp-content\/uploads\/2026\/02\/Cabezal.png","contentUrl":"https:\/\/elinformativotam.com\/wp-content\/uploads\/2026\/02\/Cabezal.png","width":960,"height":640,"caption":"EL INFORMATIVO DE TAMAULIPAS"},"image":{"@id":"https:\/\/elinformativotam.com\/#\/schema\/logo\/image\/"}},{"@type":"Person","@id":"https:\/\/elinformativotam.com\/#\/schema\/person\/78e08040eed0f6110f0c5f83b6153590","name":"El Informativo Tam","image":{"@type":"ImageObject","inLanguage":"es","@id":"https:\/\/secure.gravatar.com\/avatar\/f3b7ad3af540688955925ac610647be00b0cf41feea9c4978b73a707ee86bc53?s=96&d=mm&r=g","url":"https:\/\/secure.gravatar.com\/avatar\/f3b7ad3af540688955925ac610647be00b0cf41feea9c4978b73a707ee86bc53?s=96&d=mm&r=g","contentUrl":"https:\/\/secure.gravatar.com\/avatar\/f3b7ad3af540688955925ac610647be00b0cf41feea9c4978b73a707ee86bc53?s=96&d=mm&r=g","caption":"El Informativo Tam"}}]}},"_links":{"self":[{"href":"https:\/\/elinformativotam.com\/index.php\/wp-json\/wp\/v2\/posts\/48785","targetHints":{"allow":["GET"]}}],"collection":[{"href":"https:\/\/elinformativotam.com\/index.php\/wp-json\/wp\/v2\/posts"}],"about":[{"href":"https:\/\/elinformativotam.com\/index.php\/wp-json\/wp\/v2\/types\/post"}],"author":[{"embeddable":true,"href":"https:\/\/elinformativotam.com\/index.php\/wp-json\/wp\/v2\/users\/1"}],"replies":[{"embeddable":true,"href":"https:\/\/elinformativotam.com\/index.php\/wp-json\/wp\/v2\/comments?post=48785"}],"version-history":[{"count":1,"href":"https:\/\/elinformativotam.com\/index.php\/wp-json\/wp\/v2\/posts\/48785\/revisions"}],"predecessor-version":[{"id":48787,"href":"https:\/\/elinformativotam.com\/index.php\/wp-json\/wp\/v2\/posts\/48785\/revisions\/48787"}],"wp:featuredmedia":[{"embeddable":true,"href":"https:\/\/elinformativotam.com\/index.php\/wp-json\/wp\/v2\/media\/48786"}],"wp:attachment":[{"href":"https:\/\/elinformativotam.com\/index.php\/wp-json\/wp\/v2\/media?parent=48785"}],"wp:term":[{"taxonomy":"category","embeddable":true,"href":"https:\/\/elinformativotam.com\/index.php\/wp-json\/wp\/v2\/categories?post=48785"},{"taxonomy":"post_tag","embeddable":true,"href":"https:\/\/elinformativotam.com\/index.php\/wp-json\/wp\/v2\/tags?post=48785"}],"curies":[{"name":"wp","href":"https:\/\/api.w.org\/{rel}","templated":true}]}}