{"id":48782,"date":"2024-01-30T22:46:33","date_gmt":"2024-01-31T04:46:33","guid":{"rendered":"https:\/\/elinformativotam.com\/?p=48782"},"modified":"2024-01-30T22:46:33","modified_gmt":"2024-01-31T04:46:33","slug":"contribuira-coparmex-con-observadores-electorales-para-el-2-de-junio","status":"publish","type":"post","link":"https:\/\/elinformativotam.com\/index.php\/2024\/01\/30\/contribuira-coparmex-con-observadores-electorales-para-el-2-de-junio\/","title":{"rendered":"CONTRIBUIR\u00c1 COPARMEX CON OBSERVADORES ELECTORALES PARA EL 2 DE JUNIO"},"content":{"rendered":"<p>*Exhortan A La Poblaci\u00f3n A Participar El D\u00eda De Los Comicios Como Ciudadanos Vigilantes<\/p>\n<p>&nbsp;<\/p>\n<p>Debido a la amplia importancia que tiene la elecci\u00f3n concurrente en el pa\u00eds y la zona, la Coparmex del Sur habr\u00e1 de participar en el d\u00eda los comicios con un &#8220;paquete&#8221; de empresarios que apoyar\u00e1n a los \u00f3rganos electorales con la funci\u00f3n de observadores de la elecci\u00f3n.<\/p>\n<p>&nbsp;<\/p>\n<p>Al respecto, el director del centro empresarial de la regi\u00f3n, Pedro Granados Ram\u00edrez, detall\u00f3 que el objetivo esencial es que la IP sea un ente participativo en el d\u00eda m\u00e1s importante para el pa\u00eds, ya que el 2 de Junio se renovar\u00e1 la Presidencia de M\u00e9xico, el Poder Legislativo, y en la entidad los 43 Municipios, sus cabildos y el Congreso, de ah\u00ed la importancia.<\/p>\n<p>&nbsp;<\/p>\n<p>&#8220;De que la iniciativa privada estemos haciendo presencia en esta elecci\u00f3n. La Coparmex es apartidista pero si altamente pol\u00edtica, sobre todo en aquellas pol\u00edticas p\u00fablicas que benefician o perjudican a la sociedad y al sector privado&#8221;.<\/p>\n<p>&nbsp;<\/p>\n<p>El director de Coparmex en la zona sur extern\u00f3 que luego de haber participado en la promoci\u00f3n del programa de renovaci\u00f3n de la credencial para votar, ahora es necesario que la sociedad mexicana se involucre en la observancia de los comicios, y sobre todo.<\/p>\n<p>&nbsp;<\/p>\n<p>&#8220;Analice, vigile, se\u00f1ale y documente todas aquellas inquietudes de la elecci\u00f3n y las presente a los \u00f3rganos electorales&#8221;, apunt\u00f3<\/p>\n<p>&nbsp;<\/p>\n<p>Dej\u00f3 en claro que esperan reunir un grupo de poco m\u00e1s de 20 empresarios para ese d\u00eda crucial en materia de democracia participativa, esperando que, tambi\u00e9n, la poblaci\u00f3n en general participe en dicha labor netamente ciudadana.<\/p>\n<p>&nbsp;<\/p>\n<p>&#8220;Hay que recordar que tambi\u00e9n vienen al pa\u00eds Observadores de otras naciones, y ante ello es necesario ser un ciudadano responsable&#8221; , Acot\u00f3.<\/p>\n","protected":false},"excerpt":{"rendered":"<p>*Exhortan A La Poblaci\u00f3n A Participar El D\u00eda De Los Comicios Como Ciudadanos Vigilantes &nbsp; Debido a la amplia importancia&hellip;<\/p>\n","protected":false},"author":1,"featured_media":48783,"comment_status":"open","ping_status":"open","sticky":false,"template":"","format":"standard","meta":{"footnotes":""},"categories":[3],"tags":[],"class_list":["post-48782","post","type-post","status-publish","format-standard","has-post-thumbnail","hentry","category-tampico"],"yoast_head":"<!-- This site is optimized with the Yoast SEO plugin v27.5 - https:\/\/yoast.com\/product\/yoast-seo-wordpress\/ -->\n<title>CONTRIBUIR\u00c1 COPARMEX CON OBSERVADORES ELECTORALES PARA EL 2 DE JUNIO - EL INFORMATIVO DE TAMAULIPAS<\/title>\n<meta name=\"description\" content=\"*Exhortan A La Poblaci\u00f3n A Participar El D\u00eda De Los Comicios Como Ciudadanos Vigilantes &nbsp; Debido a la amplia importancia que tiene la elecci\u00f3n\" \/>\n<meta name=\"robots\" content=\"index, follow, max-snippet:-1, max-image-preview:large, max-video-preview:-1\" \/>\n<link rel=\"canonical\" href=\"https:\/\/elinformativotam.com\/index.php\/2024\/01\/30\/contribuira-coparmex-con-observadores-electorales-para-el-2-de-junio\/\" \/>\n<meta property=\"og:locale\" content=\"es_MX\" \/>\n<meta property=\"og:type\" content=\"article\" \/>\n<meta property=\"og:title\" content=\"CONTRIBUIR\u00c1 COPARMEX CON OBSERVADORES ELECTORALES PARA EL 2 DE JUNIO - EL INFORMATIVO DE TAMAULIPAS\" \/>\n<meta property=\"og:description\" content=\"*Exhortan A La Poblaci\u00f3n A Participar El D\u00eda De Los Comicios Como Ciudadanos Vigilantes &nbsp; Debido a la amplia importancia que tiene la elecci\u00f3n\" \/>\n<meta property=\"og:url\" content=\"https:\/\/elinformativotam.com\/index.php\/2024\/01\/30\/contribuira-coparmex-con-observadores-electorales-para-el-2-de-junio\/\" \/>\n<meta property=\"og:site_name\" content=\"EL INFORMATIVO DE TAMAULIPAS\" \/>\n<meta property=\"article:published_time\" content=\"2024-01-31T04:46:33+00:00\" \/>\n<meta property=\"og:image\" content=\"https:\/\/elinformativotam.com\/wp-content\/uploads\/2024\/01\/Granados.jpeg\" \/>\n\t<meta property=\"og:image:width\" content=\"1600\" \/>\n\t<meta property=\"og:image:height\" content=\"1204\" \/>\n\t<meta property=\"og:image:type\" content=\"image\/jpeg\" \/>\n<meta name=\"author\" content=\"El Informativo Tam\" \/>\n<meta name=\"twitter:card\" content=\"summary_large_image\" \/>\n<meta name=\"twitter:label1\" content=\"Escrito por\" \/>\n\t<meta name=\"twitter:data1\" content=\"El Informativo Tam\" \/>\n\t<meta name=\"twitter:label2\" content=\"Tiempo de lectura\" \/>\n\t<meta name=\"twitter:data2\" content=\"2 minutos\" \/>\n<script type=\"application\/ld+json\" class=\"yoast-schema-graph\">{\"@context\":\"https:\\\/\\\/schema.org\",\"@graph\":[{\"@type\":\"Article\",\"@id\":\"https:\\\/\\\/elinformativotam.com\\\/index.php\\\/2024\\\/01\\\/30\\\/contribuira-coparmex-con-observadores-electorales-para-el-2-de-junio\\\/#article\",\"isPartOf\":{\"@id\":\"https:\\\/\\\/elinformativotam.com\\\/index.php\\\/2024\\\/01\\\/30\\\/contribuira-coparmex-con-observadores-electorales-para-el-2-de-junio\\\/\"},\"author\":{\"name\":\"El Informativo Tam\",\"@id\":\"https:\\\/\\\/elinformativotam.com\\\/#\\\/schema\\\/person\\\/78e08040eed0f6110f0c5f83b6153590\"},\"headline\":\"CONTRIBUIR\u00c1 COPARMEX CON OBSERVADORES ELECTORALES PARA EL 2 DE JUNIO\",\"datePublished\":\"2024-01-31T04:46:33+00:00\",\"mainEntityOfPage\":{\"@id\":\"https:\\\/\\\/elinformativotam.com\\\/index.php\\\/2024\\\/01\\\/30\\\/contribuira-coparmex-con-observadores-electorales-para-el-2-de-junio\\\/\"},\"wordCount\":324,\"commentCount\":0,\"publisher\":{\"@id\":\"https:\\\/\\\/elinformativotam.com\\\/#organization\"},\"image\":{\"@id\":\"https:\\\/\\\/elinformativotam.com\\\/index.php\\\/2024\\\/01\\\/30\\\/contribuira-coparmex-con-observadores-electorales-para-el-2-de-junio\\\/#primaryimage\"},\"thumbnailUrl\":\"https:\\\/\\\/elinformativotam.com\\\/wp-content\\\/uploads\\\/2024\\\/01\\\/Granados.jpeg\",\"articleSection\":[\"Tampico\"],\"inLanguage\":\"es\",\"potentialAction\":[{\"@type\":\"CommentAction\",\"name\":\"Comment\",\"target\":[\"https:\\\/\\\/elinformativotam.com\\\/index.php\\\/2024\\\/01\\\/30\\\/contribuira-coparmex-con-observadores-electorales-para-el-2-de-junio\\\/#respond\"]}]},{\"@type\":\"WebPage\",\"@id\":\"https:\\\/\\\/elinformativotam.com\\\/index.php\\\/2024\\\/01\\\/30\\\/contribuira-coparmex-con-observadores-electorales-para-el-2-de-junio\\\/\",\"url\":\"https:\\\/\\\/elinformativotam.com\\\/index.php\\\/2024\\\/01\\\/30\\\/contribuira-coparmex-con-observadores-electorales-para-el-2-de-junio\\\/\",\"name\":\"CONTRIBUIR\u00c1 COPARMEX CON OBSERVADORES ELECTORALES PARA EL 2 DE JUNIO - EL INFORMATIVO DE TAMAULIPAS\",\"isPartOf\":{\"@id\":\"https:\\\/\\\/elinformativotam.com\\\/#website\"},\"primaryImageOfPage\":{\"@id\":\"https:\\\/\\\/elinformativotam.com\\\/index.php\\\/2024\\\/01\\\/30\\\/contribuira-coparmex-con-observadores-electorales-para-el-2-de-junio\\\/#primaryimage\"},\"image\":{\"@id\":\"https:\\\/\\\/elinformativotam.com\\\/index.php\\\/2024\\\/01\\\/30\\\/contribuira-coparmex-con-observadores-electorales-para-el-2-de-junio\\\/#primaryimage\"},\"thumbnailUrl\":\"https:\\\/\\\/elinformativotam.com\\\/wp-content\\\/uploads\\\/2024\\\/01\\\/Granados.jpeg\",\"datePublished\":\"2024-01-31T04:46:33+00:00\",\"description\":\"*Exhortan A La Poblaci\u00f3n A Participar El D\u00eda De Los Comicios Como Ciudadanos Vigilantes &nbsp; Debido a la amplia importancia que tiene la elecci\u00f3n\",\"inLanguage\":\"es\",\"potentialAction\":[{\"@type\":\"ReadAction\",\"target\":[\"https:\\\/\\\/elinformativotam.com\\\/index.php\\\/2024\\\/01\\\/30\\\/contribuira-coparmex-con-observadores-electorales-para-el-2-de-junio\\\/\"]}]},{\"@type\":\"ImageObject\",\"inLanguage\":\"es\",\"@id\":\"https:\\\/\\\/elinformativotam.com\\\/index.php\\\/2024\\\/01\\\/30\\\/contribuira-coparmex-con-observadores-electorales-para-el-2-de-junio\\\/#primaryimage\",\"url\":\"https:\\\/\\\/elinformativotam.com\\\/wp-content\\\/uploads\\\/2024\\\/01\\\/Granados.jpeg\",\"contentUrl\":\"https:\\\/\\\/elinformativotam.com\\\/wp-content\\\/uploads\\\/2024\\\/01\\\/Granados.jpeg\",\"width\":1600,\"height\":1204},{\"@type\":\"WebSite\",\"@id\":\"https:\\\/\\\/elinformativotam.com\\\/#website\",\"url\":\"https:\\\/\\\/elinformativotam.com\\\/\",\"name\":\"EL INFORMATIVO DE TAMAULIPAS\",\"description\":\"Desde la Zona Metropolitana Para Todo M\u00e9xico\",\"publisher\":{\"@id\":\"https:\\\/\\\/elinformativotam.com\\\/#organization\"},\"potentialAction\":[{\"@type\":\"SearchAction\",\"target\":{\"@type\":\"EntryPoint\",\"urlTemplate\":\"https:\\\/\\\/elinformativotam.com\\\/?s={search_term_string}\"},\"query-input\":{\"@type\":\"PropertyValueSpecification\",\"valueRequired\":true,\"valueName\":\"search_term_string\"}}],\"inLanguage\":\"es\"},{\"@type\":\"Organization\",\"@id\":\"https:\\\/\\\/elinformativotam.com\\\/#organization\",\"name\":\"EL INFORMATIVO DE TAMAULIPAS\",\"url\":\"https:\\\/\\\/elinformativotam.com\\\/\",\"logo\":{\"@type\":\"ImageObject\",\"inLanguage\":\"es\",\"@id\":\"https:\\\/\\\/elinformativotam.com\\\/#\\\/schema\\\/logo\\\/image\\\/\",\"url\":\"https:\\\/\\\/elinformativotam.com\\\/wp-content\\\/uploads\\\/2026\\\/02\\\/Cabezal.png\",\"contentUrl\":\"https:\\\/\\\/elinformativotam.com\\\/wp-content\\\/uploads\\\/2026\\\/02\\\/Cabezal.png\",\"width\":960,\"height\":640,\"caption\":\"EL INFORMATIVO DE TAMAULIPAS\"},\"image\":{\"@id\":\"https:\\\/\\\/elinformativotam.com\\\/#\\\/schema\\\/logo\\\/image\\\/\"}},{\"@type\":\"Person\",\"@id\":\"https:\\\/\\\/elinformativotam.com\\\/#\\\/schema\\\/person\\\/78e08040eed0f6110f0c5f83b6153590\",\"name\":\"El Informativo Tam\",\"image\":{\"@type\":\"ImageObject\",\"inLanguage\":\"es\",\"@id\":\"https:\\\/\\\/secure.gravatar.com\\\/avatar\\\/f3b7ad3af540688955925ac610647be00b0cf41feea9c4978b73a707ee86bc53?s=96&d=mm&r=g\",\"url\":\"https:\\\/\\\/secure.gravatar.com\\\/avatar\\\/f3b7ad3af540688955925ac610647be00b0cf41feea9c4978b73a707ee86bc53?s=96&d=mm&r=g\",\"contentUrl\":\"https:\\\/\\\/secure.gravatar.com\\\/avatar\\\/f3b7ad3af540688955925ac610647be00b0cf41feea9c4978b73a707ee86bc53?s=96&d=mm&r=g\",\"caption\":\"El Informativo Tam\"}}]}<\/script>\n<!-- \/ Yoast SEO plugin. -->","yoast_head_json":{"title":"CONTRIBUIR\u00c1 COPARMEX CON OBSERVADORES ELECTORALES PARA EL 2 DE JUNIO - EL INFORMATIVO DE TAMAULIPAS","description":"*Exhortan A La Poblaci\u00f3n A Participar El D\u00eda De Los Comicios Como Ciudadanos Vigilantes &nbsp; Debido a la amplia importancia que tiene la elecci\u00f3n","robots":{"index":"index","follow":"follow","max-snippet":"max-snippet:-1","max-image-preview":"max-image-preview:large","max-video-preview":"max-video-preview:-1"},"canonical":"https:\/\/elinformativotam.com\/index.php\/2024\/01\/30\/contribuira-coparmex-con-observadores-electorales-para-el-2-de-junio\/","og_locale":"es_MX","og_type":"article","og_title":"CONTRIBUIR\u00c1 COPARMEX CON OBSERVADORES ELECTORALES PARA EL 2 DE JUNIO - EL INFORMATIVO DE TAMAULIPAS","og_description":"*Exhortan A La Poblaci\u00f3n A Participar El D\u00eda De Los Comicios Como Ciudadanos Vigilantes &nbsp; Debido a la amplia importancia que tiene la elecci\u00f3n","og_url":"https:\/\/elinformativotam.com\/index.php\/2024\/01\/30\/contribuira-coparmex-con-observadores-electorales-para-el-2-de-junio\/","og_site_name":"EL INFORMATIVO DE TAMAULIPAS","article_published_time":"2024-01-31T04:46:33+00:00","og_image":[{"width":1600,"height":1204,"url":"https:\/\/elinformativotam.com\/wp-content\/uploads\/2024\/01\/Granados.jpeg","type":"image\/jpeg"}],"author":"El Informativo Tam","twitter_card":"summary_large_image","twitter_misc":{"Escrito por":"El Informativo Tam","Tiempo de lectura":"2 minutos"},"schema":{"@context":"https:\/\/schema.org","@graph":[{"@type":"Article","@id":"https:\/\/elinformativotam.com\/index.php\/2024\/01\/30\/contribuira-coparmex-con-observadores-electorales-para-el-2-de-junio\/#article","isPartOf":{"@id":"https:\/\/elinformativotam.com\/index.php\/2024\/01\/30\/contribuira-coparmex-con-observadores-electorales-para-el-2-de-junio\/"},"author":{"name":"El Informativo Tam","@id":"https:\/\/elinformativotam.com\/#\/schema\/person\/78e08040eed0f6110f0c5f83b6153590"},"headline":"CONTRIBUIR\u00c1 COPARMEX CON OBSERVADORES ELECTORALES PARA EL 2 DE JUNIO","datePublished":"2024-01-31T04:46:33+00:00","mainEntityOfPage":{"@id":"https:\/\/elinformativotam.com\/index.php\/2024\/01\/30\/contribuira-coparmex-con-observadores-electorales-para-el-2-de-junio\/"},"wordCount":324,"commentCount":0,"publisher":{"@id":"https:\/\/elinformativotam.com\/#organization"},"image":{"@id":"https:\/\/elinformativotam.com\/index.php\/2024\/01\/30\/contribuira-coparmex-con-observadores-electorales-para-el-2-de-junio\/#primaryimage"},"thumbnailUrl":"https:\/\/elinformativotam.com\/wp-content\/uploads\/2024\/01\/Granados.jpeg","articleSection":["Tampico"],"inLanguage":"es","potentialAction":[{"@type":"CommentAction","name":"Comment","target":["https:\/\/elinformativotam.com\/index.php\/2024\/01\/30\/contribuira-coparmex-con-observadores-electorales-para-el-2-de-junio\/#respond"]}]},{"@type":"WebPage","@id":"https:\/\/elinformativotam.com\/index.php\/2024\/01\/30\/contribuira-coparmex-con-observadores-electorales-para-el-2-de-junio\/","url":"https:\/\/elinformativotam.com\/index.php\/2024\/01\/30\/contribuira-coparmex-con-observadores-electorales-para-el-2-de-junio\/","name":"CONTRIBUIR\u00c1 COPARMEX CON OBSERVADORES ELECTORALES PARA EL 2 DE JUNIO - EL INFORMATIVO DE TAMAULIPAS","isPartOf":{"@id":"https:\/\/elinformativotam.com\/#website"},"primaryImageOfPage":{"@id":"https:\/\/elinformativotam.com\/index.php\/2024\/01\/30\/contribuira-coparmex-con-observadores-electorales-para-el-2-de-junio\/#primaryimage"},"image":{"@id":"https:\/\/elinformativotam.com\/index.php\/2024\/01\/30\/contribuira-coparmex-con-observadores-electorales-para-el-2-de-junio\/#primaryimage"},"thumbnailUrl":"https:\/\/elinformativotam.com\/wp-content\/uploads\/2024\/01\/Granados.jpeg","datePublished":"2024-01-31T04:46:33+00:00","description":"*Exhortan A La Poblaci\u00f3n A Participar El D\u00eda De Los Comicios Como Ciudadanos Vigilantes &nbsp; Debido a la amplia importancia que tiene la elecci\u00f3n","inLanguage":"es","potentialAction":[{"@type":"ReadAction","target":["https:\/\/elinformativotam.com\/index.php\/2024\/01\/30\/contribuira-coparmex-con-observadores-electorales-para-el-2-de-junio\/"]}]},{"@type":"ImageObject","inLanguage":"es","@id":"https:\/\/elinformativotam.com\/index.php\/2024\/01\/30\/contribuira-coparmex-con-observadores-electorales-para-el-2-de-junio\/#primaryimage","url":"https:\/\/elinformativotam.com\/wp-content\/uploads\/2024\/01\/Granados.jpeg","contentUrl":"https:\/\/elinformativotam.com\/wp-content\/uploads\/2024\/01\/Granados.jpeg","width":1600,"height":1204},{"@type":"WebSite","@id":"https:\/\/elinformativotam.com\/#website","url":"https:\/\/elinformativotam.com\/","name":"EL INFORMATIVO DE TAMAULIPAS","description":"Desde la Zona Metropolitana Para Todo M\u00e9xico","publisher":{"@id":"https:\/\/elinformativotam.com\/#organization"},"potentialAction":[{"@type":"SearchAction","target":{"@type":"EntryPoint","urlTemplate":"https:\/\/elinformativotam.com\/?s={search_term_string}"},"query-input":{"@type":"PropertyValueSpecification","valueRequired":true,"valueName":"search_term_string"}}],"inLanguage":"es"},{"@type":"Organization","@id":"https:\/\/elinformativotam.com\/#organization","name":"EL INFORMATIVO DE TAMAULIPAS","url":"https:\/\/elinformativotam.com\/","logo":{"@type":"ImageObject","inLanguage":"es","@id":"https:\/\/elinformativotam.com\/#\/schema\/logo\/image\/","url":"https:\/\/elinformativotam.com\/wp-content\/uploads\/2026\/02\/Cabezal.png","contentUrl":"https:\/\/elinformativotam.com\/wp-content\/uploads\/2026\/02\/Cabezal.png","width":960,"height":640,"caption":"EL INFORMATIVO DE TAMAULIPAS"},"image":{"@id":"https:\/\/elinformativotam.com\/#\/schema\/logo\/image\/"}},{"@type":"Person","@id":"https:\/\/elinformativotam.com\/#\/schema\/person\/78e08040eed0f6110f0c5f83b6153590","name":"El Informativo Tam","image":{"@type":"ImageObject","inLanguage":"es","@id":"https:\/\/secure.gravatar.com\/avatar\/f3b7ad3af540688955925ac610647be00b0cf41feea9c4978b73a707ee86bc53?s=96&d=mm&r=g","url":"https:\/\/secure.gravatar.com\/avatar\/f3b7ad3af540688955925ac610647be00b0cf41feea9c4978b73a707ee86bc53?s=96&d=mm&r=g","contentUrl":"https:\/\/secure.gravatar.com\/avatar\/f3b7ad3af540688955925ac610647be00b0cf41feea9c4978b73a707ee86bc53?s=96&d=mm&r=g","caption":"El Informativo Tam"}}]}},"_links":{"self":[{"href":"https:\/\/elinformativotam.com\/index.php\/wp-json\/wp\/v2\/posts\/48782","targetHints":{"allow":["GET"]}}],"collection":[{"href":"https:\/\/elinformativotam.com\/index.php\/wp-json\/wp\/v2\/posts"}],"about":[{"href":"https:\/\/elinformativotam.com\/index.php\/wp-json\/wp\/v2\/types\/post"}],"author":[{"embeddable":true,"href":"https:\/\/elinformativotam.com\/index.php\/wp-json\/wp\/v2\/users\/1"}],"replies":[{"embeddable":true,"href":"https:\/\/elinformativotam.com\/index.php\/wp-json\/wp\/v2\/comments?post=48782"}],"version-history":[{"count":1,"href":"https:\/\/elinformativotam.com\/index.php\/wp-json\/wp\/v2\/posts\/48782\/revisions"}],"predecessor-version":[{"id":48784,"href":"https:\/\/elinformativotam.com\/index.php\/wp-json\/wp\/v2\/posts\/48782\/revisions\/48784"}],"wp:featuredmedia":[{"embeddable":true,"href":"https:\/\/elinformativotam.com\/index.php\/wp-json\/wp\/v2\/media\/48783"}],"wp:attachment":[{"href":"https:\/\/elinformativotam.com\/index.php\/wp-json\/wp\/v2\/media?parent=48782"}],"wp:term":[{"taxonomy":"category","embeddable":true,"href":"https:\/\/elinformativotam.com\/index.php\/wp-json\/wp\/v2\/categories?post=48782"},{"taxonomy":"post_tag","embeddable":true,"href":"https:\/\/elinformativotam.com\/index.php\/wp-json\/wp\/v2\/tags?post=48782"}],"curies":[{"name":"wp","href":"https:\/\/api.w.org\/{rel}","templated":true}]}}