{"id":48774,"date":"2024-01-30T22:12:29","date_gmt":"2024-01-31T04:12:29","guid":{"rendered":"https:\/\/elinformativotam.com\/?p=48774"},"modified":"2024-01-30T22:12:29","modified_gmt":"2024-01-31T04:12:29","slug":"se-llevara-a-cabo-la-rehabilitacion-de-ocho-carcamos-en-altamira","status":"publish","type":"post","link":"https:\/\/elinformativotam.com\/index.php\/2024\/01\/30\/se-llevara-a-cabo-la-rehabilitacion-de-ocho-carcamos-en-altamira\/","title":{"rendered":"SE LLEVAR\u00c1 A CABO LA REHABILITACI\u00d3N DE OCHO C\u00c1RCAMOS EN ALTAMIRA"},"content":{"rendered":"<p>En Altamira se llevar\u00e1 la renovaci\u00f3n de ocho c\u00e1rcamos, con la finalidad de terminar con la problem\u00e1tica con una inversi\u00f3n de 54 millones de esos.<\/p>\n<p>&nbsp;<\/p>\n<p>El presidente municipal de Altamira Armando Mart\u00ednez Manr\u00edquez, expuso que el principal objetivo es concluir con el problema de fuga de aguas negras, que a la vez generan problemas graves de salud p\u00fablicas para las familias.<\/p>\n<p>&nbsp;<\/p>\n<p>&#8220;Estamos hablando de una problem\u00e1tica muy grave pues todas esas aguas negras van a dar a nuestro sistema lagunario que despu\u00e9s se tienen que sanear, para que llegue en \u00f3ptimas condiciones a los domicilios&#8221;, expuso.<\/p>\n<p>&nbsp;<\/p>\n<p>Detall\u00f3 que esto ayudar\u00e1 en mucho para contar ya con el proyecto de la planta de aguas residuales, del cual anunci\u00f3 que en pr\u00f3ximos d\u00edas se estar\u00e1 lanzando la licitaci\u00f3n nacional que permitir\u00e1 el tratado de hasta 600 litros por segundo de aguas limpias.<\/p>\n<p>&nbsp;<\/p>\n<p>Agreg\u00f3 que toma est\u00e1 decisi\u00f3n, porque no se puede tener una planta tratadora, sin c\u00e1rcamos sin funcionar.<\/p>\n","protected":false},"excerpt":{"rendered":"<p>En Altamira se llevar\u00e1 la renovaci\u00f3n de ocho c\u00e1rcamos, con la finalidad de terminar con la problem\u00e1tica con una inversi\u00f3n&hellip;<\/p>\n","protected":false},"author":1,"featured_media":34558,"comment_status":"open","ping_status":"open","sticky":false,"template":"","format":"standard","meta":{"footnotes":""},"categories":[5],"tags":[],"class_list":["post-48774","post","type-post","status-publish","format-standard","has-post-thumbnail","hentry","category-altamira"],"yoast_head":"<!-- This site is optimized with the Yoast SEO plugin v27.5 - https:\/\/yoast.com\/product\/yoast-seo-wordpress\/ -->\n<title>SE LLEVAR\u00c1 A CABO LA REHABILITACI\u00d3N DE OCHO C\u00c1RCAMOS EN ALTAMIRA - EL INFORMATIVO DE TAMAULIPAS<\/title>\n<meta name=\"description\" content=\"En Altamira se llevar\u00e1 la renovaci\u00f3n de ocho c\u00e1rcamos, con la finalidad de terminar con la problem\u00e1tica con una inversi\u00f3n de 54 millones de esos. &nbsp;\" \/>\n<meta name=\"robots\" content=\"index, follow, max-snippet:-1, max-image-preview:large, max-video-preview:-1\" \/>\n<link rel=\"canonical\" href=\"https:\/\/elinformativotam.com\/index.php\/2024\/01\/30\/se-llevara-a-cabo-la-rehabilitacion-de-ocho-carcamos-en-altamira\/\" \/>\n<meta property=\"og:locale\" content=\"es_MX\" \/>\n<meta property=\"og:type\" content=\"article\" \/>\n<meta property=\"og:title\" content=\"SE LLEVAR\u00c1 A CABO LA REHABILITACI\u00d3N DE OCHO C\u00c1RCAMOS EN ALTAMIRA - EL INFORMATIVO DE TAMAULIPAS\" \/>\n<meta property=\"og:description\" content=\"En Altamira se llevar\u00e1 la renovaci\u00f3n de ocho c\u00e1rcamos, con la finalidad de terminar con la problem\u00e1tica con una inversi\u00f3n de 54 millones de esos. &nbsp;\" \/>\n<meta property=\"og:url\" content=\"https:\/\/elinformativotam.com\/index.php\/2024\/01\/30\/se-llevara-a-cabo-la-rehabilitacion-de-ocho-carcamos-en-altamira\/\" \/>\n<meta property=\"og:site_name\" content=\"EL INFORMATIVO DE TAMAULIPAS\" \/>\n<meta property=\"article:published_time\" content=\"2024-01-31T04:12:29+00:00\" \/>\n<meta property=\"og:image\" content=\"https:\/\/elinformativotam.com\/wp-content\/uploads\/2022\/08\/Armando-2.jpg\" \/>\n\t<meta property=\"og:image:width\" content=\"1280\" \/>\n\t<meta property=\"og:image:height\" content=\"960\" \/>\n\t<meta property=\"og:image:type\" content=\"image\/jpeg\" \/>\n<meta name=\"author\" content=\"El Informativo Tam\" \/>\n<meta name=\"twitter:card\" content=\"summary_large_image\" \/>\n<meta name=\"twitter:label1\" content=\"Escrito por\" \/>\n\t<meta name=\"twitter:data1\" content=\"El Informativo Tam\" \/>\n\t<meta name=\"twitter:label2\" content=\"Tiempo de lectura\" \/>\n\t<meta name=\"twitter:data2\" content=\"1 minuto\" \/>\n<script type=\"application\/ld+json\" class=\"yoast-schema-graph\">{\"@context\":\"https:\\\/\\\/schema.org\",\"@graph\":[{\"@type\":\"Article\",\"@id\":\"https:\\\/\\\/elinformativotam.com\\\/index.php\\\/2024\\\/01\\\/30\\\/se-llevara-a-cabo-la-rehabilitacion-de-ocho-carcamos-en-altamira\\\/#article\",\"isPartOf\":{\"@id\":\"https:\\\/\\\/elinformativotam.com\\\/index.php\\\/2024\\\/01\\\/30\\\/se-llevara-a-cabo-la-rehabilitacion-de-ocho-carcamos-en-altamira\\\/\"},\"author\":{\"name\":\"El Informativo Tam\",\"@id\":\"https:\\\/\\\/elinformativotam.com\\\/#\\\/schema\\\/person\\\/78e08040eed0f6110f0c5f83b6153590\"},\"headline\":\"SE LLEVAR\u00c1 A CABO LA REHABILITACI\u00d3N DE OCHO C\u00c1RCAMOS EN ALTAMIRA\",\"datePublished\":\"2024-01-31T04:12:29+00:00\",\"mainEntityOfPage\":{\"@id\":\"https:\\\/\\\/elinformativotam.com\\\/index.php\\\/2024\\\/01\\\/30\\\/se-llevara-a-cabo-la-rehabilitacion-de-ocho-carcamos-en-altamira\\\/\"},\"wordCount\":186,\"commentCount\":0,\"publisher\":{\"@id\":\"https:\\\/\\\/elinformativotam.com\\\/#organization\"},\"image\":{\"@id\":\"https:\\\/\\\/elinformativotam.com\\\/index.php\\\/2024\\\/01\\\/30\\\/se-llevara-a-cabo-la-rehabilitacion-de-ocho-carcamos-en-altamira\\\/#primaryimage\"},\"thumbnailUrl\":\"https:\\\/\\\/elinformativotam.com\\\/wp-content\\\/uploads\\\/2022\\\/08\\\/Armando-2.jpg\",\"articleSection\":[\"Altamira\"],\"inLanguage\":\"es\",\"potentialAction\":[{\"@type\":\"CommentAction\",\"name\":\"Comment\",\"target\":[\"https:\\\/\\\/elinformativotam.com\\\/index.php\\\/2024\\\/01\\\/30\\\/se-llevara-a-cabo-la-rehabilitacion-de-ocho-carcamos-en-altamira\\\/#respond\"]}]},{\"@type\":\"WebPage\",\"@id\":\"https:\\\/\\\/elinformativotam.com\\\/index.php\\\/2024\\\/01\\\/30\\\/se-llevara-a-cabo-la-rehabilitacion-de-ocho-carcamos-en-altamira\\\/\",\"url\":\"https:\\\/\\\/elinformativotam.com\\\/index.php\\\/2024\\\/01\\\/30\\\/se-llevara-a-cabo-la-rehabilitacion-de-ocho-carcamos-en-altamira\\\/\",\"name\":\"SE LLEVAR\u00c1 A CABO LA REHABILITACI\u00d3N DE OCHO C\u00c1RCAMOS EN ALTAMIRA - EL INFORMATIVO DE TAMAULIPAS\",\"isPartOf\":{\"@id\":\"https:\\\/\\\/elinformativotam.com\\\/#website\"},\"primaryImageOfPage\":{\"@id\":\"https:\\\/\\\/elinformativotam.com\\\/index.php\\\/2024\\\/01\\\/30\\\/se-llevara-a-cabo-la-rehabilitacion-de-ocho-carcamos-en-altamira\\\/#primaryimage\"},\"image\":{\"@id\":\"https:\\\/\\\/elinformativotam.com\\\/index.php\\\/2024\\\/01\\\/30\\\/se-llevara-a-cabo-la-rehabilitacion-de-ocho-carcamos-en-altamira\\\/#primaryimage\"},\"thumbnailUrl\":\"https:\\\/\\\/elinformativotam.com\\\/wp-content\\\/uploads\\\/2022\\\/08\\\/Armando-2.jpg\",\"datePublished\":\"2024-01-31T04:12:29+00:00\",\"description\":\"En Altamira se llevar\u00e1 la renovaci\u00f3n de ocho c\u00e1rcamos, con la finalidad de terminar con la problem\u00e1tica con una inversi\u00f3n de 54 millones de esos. &nbsp;\",\"inLanguage\":\"es\",\"potentialAction\":[{\"@type\":\"ReadAction\",\"target\":[\"https:\\\/\\\/elinformativotam.com\\\/index.php\\\/2024\\\/01\\\/30\\\/se-llevara-a-cabo-la-rehabilitacion-de-ocho-carcamos-en-altamira\\\/\"]}]},{\"@type\":\"ImageObject\",\"inLanguage\":\"es\",\"@id\":\"https:\\\/\\\/elinformativotam.com\\\/index.php\\\/2024\\\/01\\\/30\\\/se-llevara-a-cabo-la-rehabilitacion-de-ocho-carcamos-en-altamira\\\/#primaryimage\",\"url\":\"https:\\\/\\\/elinformativotam.com\\\/wp-content\\\/uploads\\\/2022\\\/08\\\/Armando-2.jpg\",\"contentUrl\":\"https:\\\/\\\/elinformativotam.com\\\/wp-content\\\/uploads\\\/2022\\\/08\\\/Armando-2.jpg\",\"width\":1280,\"height\":960},{\"@type\":\"WebSite\",\"@id\":\"https:\\\/\\\/elinformativotam.com\\\/#website\",\"url\":\"https:\\\/\\\/elinformativotam.com\\\/\",\"name\":\"EL INFORMATIVO DE TAMAULIPAS\",\"description\":\"Desde la Zona Metropolitana Para Todo M\u00e9xico\",\"publisher\":{\"@id\":\"https:\\\/\\\/elinformativotam.com\\\/#organization\"},\"potentialAction\":[{\"@type\":\"SearchAction\",\"target\":{\"@type\":\"EntryPoint\",\"urlTemplate\":\"https:\\\/\\\/elinformativotam.com\\\/?s={search_term_string}\"},\"query-input\":{\"@type\":\"PropertyValueSpecification\",\"valueRequired\":true,\"valueName\":\"search_term_string\"}}],\"inLanguage\":\"es\"},{\"@type\":\"Organization\",\"@id\":\"https:\\\/\\\/elinformativotam.com\\\/#organization\",\"name\":\"EL INFORMATIVO DE TAMAULIPAS\",\"url\":\"https:\\\/\\\/elinformativotam.com\\\/\",\"logo\":{\"@type\":\"ImageObject\",\"inLanguage\":\"es\",\"@id\":\"https:\\\/\\\/elinformativotam.com\\\/#\\\/schema\\\/logo\\\/image\\\/\",\"url\":\"https:\\\/\\\/elinformativotam.com\\\/wp-content\\\/uploads\\\/2026\\\/02\\\/Cabezal.png\",\"contentUrl\":\"https:\\\/\\\/elinformativotam.com\\\/wp-content\\\/uploads\\\/2026\\\/02\\\/Cabezal.png\",\"width\":960,\"height\":640,\"caption\":\"EL INFORMATIVO DE TAMAULIPAS\"},\"image\":{\"@id\":\"https:\\\/\\\/elinformativotam.com\\\/#\\\/schema\\\/logo\\\/image\\\/\"}},{\"@type\":\"Person\",\"@id\":\"https:\\\/\\\/elinformativotam.com\\\/#\\\/schema\\\/person\\\/78e08040eed0f6110f0c5f83b6153590\",\"name\":\"El Informativo Tam\",\"image\":{\"@type\":\"ImageObject\",\"inLanguage\":\"es\",\"@id\":\"https:\\\/\\\/secure.gravatar.com\\\/avatar\\\/f3b7ad3af540688955925ac610647be00b0cf41feea9c4978b73a707ee86bc53?s=96&d=mm&r=g\",\"url\":\"https:\\\/\\\/secure.gravatar.com\\\/avatar\\\/f3b7ad3af540688955925ac610647be00b0cf41feea9c4978b73a707ee86bc53?s=96&d=mm&r=g\",\"contentUrl\":\"https:\\\/\\\/secure.gravatar.com\\\/avatar\\\/f3b7ad3af540688955925ac610647be00b0cf41feea9c4978b73a707ee86bc53?s=96&d=mm&r=g\",\"caption\":\"El Informativo Tam\"}}]}<\/script>\n<!-- \/ Yoast SEO plugin. -->","yoast_head_json":{"title":"SE LLEVAR\u00c1 A CABO LA REHABILITACI\u00d3N DE OCHO C\u00c1RCAMOS EN ALTAMIRA - EL INFORMATIVO DE TAMAULIPAS","description":"En Altamira se llevar\u00e1 la renovaci\u00f3n de ocho c\u00e1rcamos, con la finalidad de terminar con la problem\u00e1tica con una inversi\u00f3n de 54 millones de esos. &nbsp;","robots":{"index":"index","follow":"follow","max-snippet":"max-snippet:-1","max-image-preview":"max-image-preview:large","max-video-preview":"max-video-preview:-1"},"canonical":"https:\/\/elinformativotam.com\/index.php\/2024\/01\/30\/se-llevara-a-cabo-la-rehabilitacion-de-ocho-carcamos-en-altamira\/","og_locale":"es_MX","og_type":"article","og_title":"SE LLEVAR\u00c1 A CABO LA REHABILITACI\u00d3N DE OCHO C\u00c1RCAMOS EN ALTAMIRA - EL INFORMATIVO DE TAMAULIPAS","og_description":"En Altamira se llevar\u00e1 la renovaci\u00f3n de ocho c\u00e1rcamos, con la finalidad de terminar con la problem\u00e1tica con una inversi\u00f3n de 54 millones de esos. &nbsp;","og_url":"https:\/\/elinformativotam.com\/index.php\/2024\/01\/30\/se-llevara-a-cabo-la-rehabilitacion-de-ocho-carcamos-en-altamira\/","og_site_name":"EL INFORMATIVO DE TAMAULIPAS","article_published_time":"2024-01-31T04:12:29+00:00","og_image":[{"width":1280,"height":960,"url":"https:\/\/elinformativotam.com\/wp-content\/uploads\/2022\/08\/Armando-2.jpg","type":"image\/jpeg"}],"author":"El Informativo Tam","twitter_card":"summary_large_image","twitter_misc":{"Escrito por":"El Informativo Tam","Tiempo de lectura":"1 minuto"},"schema":{"@context":"https:\/\/schema.org","@graph":[{"@type":"Article","@id":"https:\/\/elinformativotam.com\/index.php\/2024\/01\/30\/se-llevara-a-cabo-la-rehabilitacion-de-ocho-carcamos-en-altamira\/#article","isPartOf":{"@id":"https:\/\/elinformativotam.com\/index.php\/2024\/01\/30\/se-llevara-a-cabo-la-rehabilitacion-de-ocho-carcamos-en-altamira\/"},"author":{"name":"El Informativo Tam","@id":"https:\/\/elinformativotam.com\/#\/schema\/person\/78e08040eed0f6110f0c5f83b6153590"},"headline":"SE LLEVAR\u00c1 A CABO LA REHABILITACI\u00d3N DE OCHO C\u00c1RCAMOS EN ALTAMIRA","datePublished":"2024-01-31T04:12:29+00:00","mainEntityOfPage":{"@id":"https:\/\/elinformativotam.com\/index.php\/2024\/01\/30\/se-llevara-a-cabo-la-rehabilitacion-de-ocho-carcamos-en-altamira\/"},"wordCount":186,"commentCount":0,"publisher":{"@id":"https:\/\/elinformativotam.com\/#organization"},"image":{"@id":"https:\/\/elinformativotam.com\/index.php\/2024\/01\/30\/se-llevara-a-cabo-la-rehabilitacion-de-ocho-carcamos-en-altamira\/#primaryimage"},"thumbnailUrl":"https:\/\/elinformativotam.com\/wp-content\/uploads\/2022\/08\/Armando-2.jpg","articleSection":["Altamira"],"inLanguage":"es","potentialAction":[{"@type":"CommentAction","name":"Comment","target":["https:\/\/elinformativotam.com\/index.php\/2024\/01\/30\/se-llevara-a-cabo-la-rehabilitacion-de-ocho-carcamos-en-altamira\/#respond"]}]},{"@type":"WebPage","@id":"https:\/\/elinformativotam.com\/index.php\/2024\/01\/30\/se-llevara-a-cabo-la-rehabilitacion-de-ocho-carcamos-en-altamira\/","url":"https:\/\/elinformativotam.com\/index.php\/2024\/01\/30\/se-llevara-a-cabo-la-rehabilitacion-de-ocho-carcamos-en-altamira\/","name":"SE LLEVAR\u00c1 A CABO LA REHABILITACI\u00d3N DE OCHO C\u00c1RCAMOS EN ALTAMIRA - EL INFORMATIVO DE TAMAULIPAS","isPartOf":{"@id":"https:\/\/elinformativotam.com\/#website"},"primaryImageOfPage":{"@id":"https:\/\/elinformativotam.com\/index.php\/2024\/01\/30\/se-llevara-a-cabo-la-rehabilitacion-de-ocho-carcamos-en-altamira\/#primaryimage"},"image":{"@id":"https:\/\/elinformativotam.com\/index.php\/2024\/01\/30\/se-llevara-a-cabo-la-rehabilitacion-de-ocho-carcamos-en-altamira\/#primaryimage"},"thumbnailUrl":"https:\/\/elinformativotam.com\/wp-content\/uploads\/2022\/08\/Armando-2.jpg","datePublished":"2024-01-31T04:12:29+00:00","description":"En Altamira se llevar\u00e1 la renovaci\u00f3n de ocho c\u00e1rcamos, con la finalidad de terminar con la problem\u00e1tica con una inversi\u00f3n de 54 millones de esos. &nbsp;","inLanguage":"es","potentialAction":[{"@type":"ReadAction","target":["https:\/\/elinformativotam.com\/index.php\/2024\/01\/30\/se-llevara-a-cabo-la-rehabilitacion-de-ocho-carcamos-en-altamira\/"]}]},{"@type":"ImageObject","inLanguage":"es","@id":"https:\/\/elinformativotam.com\/index.php\/2024\/01\/30\/se-llevara-a-cabo-la-rehabilitacion-de-ocho-carcamos-en-altamira\/#primaryimage","url":"https:\/\/elinformativotam.com\/wp-content\/uploads\/2022\/08\/Armando-2.jpg","contentUrl":"https:\/\/elinformativotam.com\/wp-content\/uploads\/2022\/08\/Armando-2.jpg","width":1280,"height":960},{"@type":"WebSite","@id":"https:\/\/elinformativotam.com\/#website","url":"https:\/\/elinformativotam.com\/","name":"EL INFORMATIVO DE TAMAULIPAS","description":"Desde la Zona Metropolitana Para Todo M\u00e9xico","publisher":{"@id":"https:\/\/elinformativotam.com\/#organization"},"potentialAction":[{"@type":"SearchAction","target":{"@type":"EntryPoint","urlTemplate":"https:\/\/elinformativotam.com\/?s={search_term_string}"},"query-input":{"@type":"PropertyValueSpecification","valueRequired":true,"valueName":"search_term_string"}}],"inLanguage":"es"},{"@type":"Organization","@id":"https:\/\/elinformativotam.com\/#organization","name":"EL INFORMATIVO DE TAMAULIPAS","url":"https:\/\/elinformativotam.com\/","logo":{"@type":"ImageObject","inLanguage":"es","@id":"https:\/\/elinformativotam.com\/#\/schema\/logo\/image\/","url":"https:\/\/elinformativotam.com\/wp-content\/uploads\/2026\/02\/Cabezal.png","contentUrl":"https:\/\/elinformativotam.com\/wp-content\/uploads\/2026\/02\/Cabezal.png","width":960,"height":640,"caption":"EL INFORMATIVO DE TAMAULIPAS"},"image":{"@id":"https:\/\/elinformativotam.com\/#\/schema\/logo\/image\/"}},{"@type":"Person","@id":"https:\/\/elinformativotam.com\/#\/schema\/person\/78e08040eed0f6110f0c5f83b6153590","name":"El Informativo Tam","image":{"@type":"ImageObject","inLanguage":"es","@id":"https:\/\/secure.gravatar.com\/avatar\/f3b7ad3af540688955925ac610647be00b0cf41feea9c4978b73a707ee86bc53?s=96&d=mm&r=g","url":"https:\/\/secure.gravatar.com\/avatar\/f3b7ad3af540688955925ac610647be00b0cf41feea9c4978b73a707ee86bc53?s=96&d=mm&r=g","contentUrl":"https:\/\/secure.gravatar.com\/avatar\/f3b7ad3af540688955925ac610647be00b0cf41feea9c4978b73a707ee86bc53?s=96&d=mm&r=g","caption":"El Informativo Tam"}}]}},"_links":{"self":[{"href":"https:\/\/elinformativotam.com\/index.php\/wp-json\/wp\/v2\/posts\/48774","targetHints":{"allow":["GET"]}}],"collection":[{"href":"https:\/\/elinformativotam.com\/index.php\/wp-json\/wp\/v2\/posts"}],"about":[{"href":"https:\/\/elinformativotam.com\/index.php\/wp-json\/wp\/v2\/types\/post"}],"author":[{"embeddable":true,"href":"https:\/\/elinformativotam.com\/index.php\/wp-json\/wp\/v2\/users\/1"}],"replies":[{"embeddable":true,"href":"https:\/\/elinformativotam.com\/index.php\/wp-json\/wp\/v2\/comments?post=48774"}],"version-history":[{"count":1,"href":"https:\/\/elinformativotam.com\/index.php\/wp-json\/wp\/v2\/posts\/48774\/revisions"}],"predecessor-version":[{"id":48775,"href":"https:\/\/elinformativotam.com\/index.php\/wp-json\/wp\/v2\/posts\/48774\/revisions\/48775"}],"wp:featuredmedia":[{"embeddable":true,"href":"https:\/\/elinformativotam.com\/index.php\/wp-json\/wp\/v2\/media\/34558"}],"wp:attachment":[{"href":"https:\/\/elinformativotam.com\/index.php\/wp-json\/wp\/v2\/media?parent=48774"}],"wp:term":[{"taxonomy":"category","embeddable":true,"href":"https:\/\/elinformativotam.com\/index.php\/wp-json\/wp\/v2\/categories?post=48774"},{"taxonomy":"post_tag","embeddable":true,"href":"https:\/\/elinformativotam.com\/index.php\/wp-json\/wp\/v2\/tags?post=48774"}],"curies":[{"name":"wp","href":"https:\/\/api.w.org\/{rel}","templated":true}]}}