{"id":48765,"date":"2024-01-30T22:06:56","date_gmt":"2024-01-31T04:06:56","guid":{"rendered":"https:\/\/elinformativotam.com\/?p=48765"},"modified":"2024-01-30T22:06:56","modified_gmt":"2024-01-31T04:06:56","slug":"capacita-secretaria-del-trabajo-a-117-servidores-publicos-para-mejora-del-servicio-a-la-ciudadania","status":"publish","type":"post","link":"https:\/\/elinformativotam.com\/index.php\/2024\/01\/30\/capacita-secretaria-del-trabajo-a-117-servidores-publicos-para-mejora-del-servicio-a-la-ciudadania\/","title":{"rendered":"CAPACITA SECRETAR\u00cdA DEL TRABAJO A 117 SERVIDORES P\u00daBLICOS PARA MEJORA DEL SERVICIO A LA CIUDADAN\u00cdA"},"content":{"rendered":"<h2 style=\"text-align: center;\"><em><span style=\"font-family: 'times new roman', times;\">*El Poder Se Convierte En Virtud Cuando Se Sirve A La Gente: Olga Sosa Ru\u00edz<\/span><\/em><\/h2>\n<p>&nbsp;<\/p>\n<p>Ciudad Victoria, Tamaulipas.- Personal de la Secretar\u00eda del Trabajo y del Instituto Registral y Catastral de Ciudad Victoria, recibieron la capacitaci\u00f3n &#8220;El ABC del servidor p\u00fablico&#8221; dando continuidad al plan de acciones de esta dependencia del gobierno de Am\u00e9rico Villarreal Anaya, que aporta atributos b\u00e1sicos para que las entidades p\u00fablicas y privadas ejerzan funciones y transformen su gesti\u00f3n del servicio a la ciudadan\u00eda, con un sello humanista de vocaci\u00f3n y servicio.<\/p>\n<p>&nbsp;<\/p>\n<p>El evento fue presidido por la secretaria del Trabajo y Previsi\u00f3n Social Olga Patricia Sosa Ru\u00edz, principal impulsora de estas capacitaciones que se han realizado a lo largo y ancho del estado, tanto con dependencias p\u00fablicas como con empresas privadas, a trav\u00e9s de la direcci\u00f3n de Capacitaci\u00f3n y Productividad.<\/p>\n<p>&nbsp;<\/p>\n<p>La secretaria del Trabajo se\u00f1al\u00f3 que el prop\u00f3sito de ese taller titulado &#8220;El ABC del servidor p\u00fablico&#8221; es humanizar los procesos que desarrollan d\u00eda a d\u00eda, porque con eso se logra ser emp\u00e1ticos al ponerse en los zapatos del otro e impulsar el respeto de los derechos humanos de todas las personas.<\/p>\n<p>&nbsp;<\/p>\n<p>&#8220;Ser un servidor p\u00fablico humanista es defender lo justo y hacer el bien significa escuchar y ser sensible a las necesidades y tambi\u00e9n actuar y tomar decisiones en favor de la mayor\u00eda, pues tambi\u00e9n significa pensar en el respeto y ampliaci\u00f3n de derechos, por eso en este taller se abordar\u00e1n principios del actor p\u00fablico y habilidades que aporten a nuestra sociedad&#8221; expres\u00f3 en su intervenci\u00f3n la secretaria del Trabajo.<\/p>\n<p>&nbsp;<\/p>\n<p>Hizo un reconocimiento a todos los participantes a nombre del gobernador Am\u00e9rico Villarreal Anaya, porque dijo que el prop\u00f3sito es construir un futuro m\u00e1s justo y pr\u00f3spero para todos, por eso, Tamaulipas se est\u00e1 transformando y los servidores p\u00fablicos capacitados con empat\u00eda y humanismo son art\u00edfices de un trabajo cercano que apunta a un mayor bienestar.<\/p>\n<p>&nbsp;<\/p>\n<p>Por su parte, el subsecretario de Empleo y Previsi\u00f3n Social Abelardo Flores Mendoza, se\u00f1al\u00f3 que durante el 2023 se realizaron diversos cursos y talleres de capacitaci\u00f3n y espera para el plan de trabajo del 2024 incrementar esas acciones, as\u00ed como tambi\u00e9n comenzar a trabajar de manera coordinada con el CONOCER, que a finales del a\u00f1o pasado otorg\u00f3 la certificaci\u00f3n a la Secretar\u00eda del trabajo para ser evaluadores en materia de competencia laboral.<\/p>\n<p>&nbsp;<\/p>\n<p>En ese taller de capacitaci\u00f3n &#8220;El ABC del servidor p\u00fablico&#8221; impartido por el coach profesional Carlos Rodr\u00edguez Aparicio, participaron 117 servidores p\u00fablicos de las diversas dependencias de la secretar\u00eda, as\u00ed como del Instituto Registral y Catastral en Ciudad Victoria, que se sumaron a esta din\u00e1mica para profesionalizar los servicios que brindan a las y los tamaulipecos. El evento cont\u00f3 con la asistencia del titular de la direcci\u00f3n general del Instituto Registral y Catastral Armando de la Cruz Alc\u00e1ntar, el subsecretario de Trabajo y Conciliaci\u00f3n Mario Mireles Salas, Rosa Elena Salazar fuentes titular de la Direcci\u00f3n de Capacitaci\u00f3n y Productividad y el director general del Centro de Conciliaci\u00f3n Laboral en Tamaulipas, Jos\u00e9 Ives Sober\u00f3n Mej\u00eda.<\/p>\n","protected":false},"excerpt":{"rendered":"<p>*El Poder Se Convierte En Virtud Cuando Se Sirve A La Gente: Olga Sosa Ru\u00edz &nbsp; Ciudad Victoria, Tamaulipas.- Personal&hellip;<\/p>\n","protected":false},"author":1,"featured_media":48766,"comment_status":"open","ping_status":"open","sticky":false,"template":"","format":"standard","meta":{"footnotes":""},"categories":[6],"tags":[],"class_list":["post-48765","post","type-post","status-publish","format-standard","has-post-thumbnail","hentry","category-tamaulipas"],"yoast_head":"<!-- This site is optimized with the Yoast SEO plugin v27.5 - https:\/\/yoast.com\/product\/yoast-seo-wordpress\/ -->\n<title>CAPACITA SECRETAR\u00cdA DEL TRABAJO A 117 SERVIDORES P\u00daBLICOS PARA MEJORA DEL SERVICIO A LA CIUDADAN\u00cdA - EL INFORMATIVO DE TAMAULIPAS<\/title>\n<meta name=\"description\" content=\"*El Poder Se Convierte En Virtud Cuando Se Sirve A La Gente: Olga Sosa Ru\u00edz &nbsp; Ciudad Victoria, Tamaulipas.- Personal de la Secretar\u00eda del Trabajo y\" \/>\n<meta name=\"robots\" content=\"index, follow, max-snippet:-1, max-image-preview:large, max-video-preview:-1\" \/>\n<link rel=\"canonical\" href=\"https:\/\/elinformativotam.com\/index.php\/2024\/01\/30\/capacita-secretaria-del-trabajo-a-117-servidores-publicos-para-mejora-del-servicio-a-la-ciudadania\/\" \/>\n<meta property=\"og:locale\" content=\"es_MX\" \/>\n<meta property=\"og:type\" content=\"article\" \/>\n<meta property=\"og:title\" content=\"CAPACITA SECRETAR\u00cdA DEL TRABAJO A 117 SERVIDORES P\u00daBLICOS PARA MEJORA DEL SERVICIO A LA CIUDADAN\u00cdA - EL INFORMATIVO DE TAMAULIPAS\" \/>\n<meta property=\"og:description\" content=\"*El Poder Se Convierte En Virtud Cuando Se Sirve A La Gente: Olga Sosa Ru\u00edz &nbsp; Ciudad Victoria, Tamaulipas.- Personal de la Secretar\u00eda del Trabajo y\" \/>\n<meta property=\"og:url\" content=\"https:\/\/elinformativotam.com\/index.php\/2024\/01\/30\/capacita-secretaria-del-trabajo-a-117-servidores-publicos-para-mejora-del-servicio-a-la-ciudadania\/\" \/>\n<meta property=\"og:site_name\" content=\"EL INFORMATIVO DE TAMAULIPAS\" \/>\n<meta property=\"article:published_time\" content=\"2024-01-31T04:06:56+00:00\" \/>\n<meta property=\"og:image\" content=\"https:\/\/elinformativotam.com\/wp-content\/uploads\/2024\/01\/Olga-1.jpeg\" \/>\n\t<meta property=\"og:image:width\" content=\"1365\" \/>\n\t<meta property=\"og:image:height\" content=\"2048\" \/>\n\t<meta property=\"og:image:type\" content=\"image\/jpeg\" \/>\n<meta name=\"author\" content=\"El Informativo Tam\" \/>\n<meta name=\"twitter:card\" content=\"summary_large_image\" \/>\n<meta name=\"twitter:label1\" content=\"Escrito por\" \/>\n\t<meta name=\"twitter:data1\" content=\"El Informativo Tam\" \/>\n\t<meta name=\"twitter:label2\" content=\"Tiempo de lectura\" \/>\n\t<meta name=\"twitter:data2\" content=\"3 minutos\" \/>\n<script type=\"application\/ld+json\" class=\"yoast-schema-graph\">{\"@context\":\"https:\\\/\\\/schema.org\",\"@graph\":[{\"@type\":\"Article\",\"@id\":\"https:\\\/\\\/elinformativotam.com\\\/index.php\\\/2024\\\/01\\\/30\\\/capacita-secretaria-del-trabajo-a-117-servidores-publicos-para-mejora-del-servicio-a-la-ciudadania\\\/#article\",\"isPartOf\":{\"@id\":\"https:\\\/\\\/elinformativotam.com\\\/index.php\\\/2024\\\/01\\\/30\\\/capacita-secretaria-del-trabajo-a-117-servidores-publicos-para-mejora-del-servicio-a-la-ciudadania\\\/\"},\"author\":{\"name\":\"El Informativo Tam\",\"@id\":\"https:\\\/\\\/elinformativotam.com\\\/#\\\/schema\\\/person\\\/78e08040eed0f6110f0c5f83b6153590\"},\"headline\":\"CAPACITA SECRETAR\u00cdA DEL TRABAJO A 117 SERVIDORES P\u00daBLICOS PARA MEJORA DEL SERVICIO A LA CIUDADAN\u00cdA\",\"datePublished\":\"2024-01-31T04:06:56+00:00\",\"mainEntityOfPage\":{\"@id\":\"https:\\\/\\\/elinformativotam.com\\\/index.php\\\/2024\\\/01\\\/30\\\/capacita-secretaria-del-trabajo-a-117-servidores-publicos-para-mejora-del-servicio-a-la-ciudadania\\\/\"},\"wordCount\":578,\"commentCount\":0,\"publisher\":{\"@id\":\"https:\\\/\\\/elinformativotam.com\\\/#organization\"},\"image\":{\"@id\":\"https:\\\/\\\/elinformativotam.com\\\/index.php\\\/2024\\\/01\\\/30\\\/capacita-secretaria-del-trabajo-a-117-servidores-publicos-para-mejora-del-servicio-a-la-ciudadania\\\/#primaryimage\"},\"thumbnailUrl\":\"https:\\\/\\\/elinformativotam.com\\\/wp-content\\\/uploads\\\/2024\\\/01\\\/Olga-1.jpeg\",\"articleSection\":[\"Tamaulipas\"],\"inLanguage\":\"es\",\"potentialAction\":[{\"@type\":\"CommentAction\",\"name\":\"Comment\",\"target\":[\"https:\\\/\\\/elinformativotam.com\\\/index.php\\\/2024\\\/01\\\/30\\\/capacita-secretaria-del-trabajo-a-117-servidores-publicos-para-mejora-del-servicio-a-la-ciudadania\\\/#respond\"]}]},{\"@type\":\"WebPage\",\"@id\":\"https:\\\/\\\/elinformativotam.com\\\/index.php\\\/2024\\\/01\\\/30\\\/capacita-secretaria-del-trabajo-a-117-servidores-publicos-para-mejora-del-servicio-a-la-ciudadania\\\/\",\"url\":\"https:\\\/\\\/elinformativotam.com\\\/index.php\\\/2024\\\/01\\\/30\\\/capacita-secretaria-del-trabajo-a-117-servidores-publicos-para-mejora-del-servicio-a-la-ciudadania\\\/\",\"name\":\"CAPACITA SECRETAR\u00cdA DEL TRABAJO A 117 SERVIDORES P\u00daBLICOS PARA MEJORA DEL SERVICIO A LA CIUDADAN\u00cdA - EL INFORMATIVO DE TAMAULIPAS\",\"isPartOf\":{\"@id\":\"https:\\\/\\\/elinformativotam.com\\\/#website\"},\"primaryImageOfPage\":{\"@id\":\"https:\\\/\\\/elinformativotam.com\\\/index.php\\\/2024\\\/01\\\/30\\\/capacita-secretaria-del-trabajo-a-117-servidores-publicos-para-mejora-del-servicio-a-la-ciudadania\\\/#primaryimage\"},\"image\":{\"@id\":\"https:\\\/\\\/elinformativotam.com\\\/index.php\\\/2024\\\/01\\\/30\\\/capacita-secretaria-del-trabajo-a-117-servidores-publicos-para-mejora-del-servicio-a-la-ciudadania\\\/#primaryimage\"},\"thumbnailUrl\":\"https:\\\/\\\/elinformativotam.com\\\/wp-content\\\/uploads\\\/2024\\\/01\\\/Olga-1.jpeg\",\"datePublished\":\"2024-01-31T04:06:56+00:00\",\"description\":\"*El Poder Se Convierte En Virtud Cuando Se Sirve A La Gente: Olga Sosa Ru\u00edz &nbsp; Ciudad Victoria, Tamaulipas.- Personal de la Secretar\u00eda del Trabajo y\",\"inLanguage\":\"es\",\"potentialAction\":[{\"@type\":\"ReadAction\",\"target\":[\"https:\\\/\\\/elinformativotam.com\\\/index.php\\\/2024\\\/01\\\/30\\\/capacita-secretaria-del-trabajo-a-117-servidores-publicos-para-mejora-del-servicio-a-la-ciudadania\\\/\"]}]},{\"@type\":\"ImageObject\",\"inLanguage\":\"es\",\"@id\":\"https:\\\/\\\/elinformativotam.com\\\/index.php\\\/2024\\\/01\\\/30\\\/capacita-secretaria-del-trabajo-a-117-servidores-publicos-para-mejora-del-servicio-a-la-ciudadania\\\/#primaryimage\",\"url\":\"https:\\\/\\\/elinformativotam.com\\\/wp-content\\\/uploads\\\/2024\\\/01\\\/Olga-1.jpeg\",\"contentUrl\":\"https:\\\/\\\/elinformativotam.com\\\/wp-content\\\/uploads\\\/2024\\\/01\\\/Olga-1.jpeg\",\"width\":1365,\"height\":2048},{\"@type\":\"WebSite\",\"@id\":\"https:\\\/\\\/elinformativotam.com\\\/#website\",\"url\":\"https:\\\/\\\/elinformativotam.com\\\/\",\"name\":\"EL INFORMATIVO DE TAMAULIPAS\",\"description\":\"Desde la Zona Metropolitana Para Todo M\u00e9xico\",\"publisher\":{\"@id\":\"https:\\\/\\\/elinformativotam.com\\\/#organization\"},\"potentialAction\":[{\"@type\":\"SearchAction\",\"target\":{\"@type\":\"EntryPoint\",\"urlTemplate\":\"https:\\\/\\\/elinformativotam.com\\\/?s={search_term_string}\"},\"query-input\":{\"@type\":\"PropertyValueSpecification\",\"valueRequired\":true,\"valueName\":\"search_term_string\"}}],\"inLanguage\":\"es\"},{\"@type\":\"Organization\",\"@id\":\"https:\\\/\\\/elinformativotam.com\\\/#organization\",\"name\":\"EL INFORMATIVO DE TAMAULIPAS\",\"url\":\"https:\\\/\\\/elinformativotam.com\\\/\",\"logo\":{\"@type\":\"ImageObject\",\"inLanguage\":\"es\",\"@id\":\"https:\\\/\\\/elinformativotam.com\\\/#\\\/schema\\\/logo\\\/image\\\/\",\"url\":\"https:\\\/\\\/elinformativotam.com\\\/wp-content\\\/uploads\\\/2026\\\/02\\\/Cabezal.png\",\"contentUrl\":\"https:\\\/\\\/elinformativotam.com\\\/wp-content\\\/uploads\\\/2026\\\/02\\\/Cabezal.png\",\"width\":960,\"height\":640,\"caption\":\"EL INFORMATIVO DE TAMAULIPAS\"},\"image\":{\"@id\":\"https:\\\/\\\/elinformativotam.com\\\/#\\\/schema\\\/logo\\\/image\\\/\"}},{\"@type\":\"Person\",\"@id\":\"https:\\\/\\\/elinformativotam.com\\\/#\\\/schema\\\/person\\\/78e08040eed0f6110f0c5f83b6153590\",\"name\":\"El Informativo Tam\",\"image\":{\"@type\":\"ImageObject\",\"inLanguage\":\"es\",\"@id\":\"https:\\\/\\\/secure.gravatar.com\\\/avatar\\\/f3b7ad3af540688955925ac610647be00b0cf41feea9c4978b73a707ee86bc53?s=96&d=mm&r=g\",\"url\":\"https:\\\/\\\/secure.gravatar.com\\\/avatar\\\/f3b7ad3af540688955925ac610647be00b0cf41feea9c4978b73a707ee86bc53?s=96&d=mm&r=g\",\"contentUrl\":\"https:\\\/\\\/secure.gravatar.com\\\/avatar\\\/f3b7ad3af540688955925ac610647be00b0cf41feea9c4978b73a707ee86bc53?s=96&d=mm&r=g\",\"caption\":\"El Informativo Tam\"}}]}<\/script>\n<!-- \/ Yoast SEO plugin. -->","yoast_head_json":{"title":"CAPACITA SECRETAR\u00cdA DEL TRABAJO A 117 SERVIDORES P\u00daBLICOS PARA MEJORA DEL SERVICIO A LA CIUDADAN\u00cdA - EL INFORMATIVO DE TAMAULIPAS","description":"*El Poder Se Convierte En Virtud Cuando Se Sirve A La Gente: Olga Sosa Ru\u00edz &nbsp; Ciudad Victoria, Tamaulipas.- Personal de la Secretar\u00eda del Trabajo y","robots":{"index":"index","follow":"follow","max-snippet":"max-snippet:-1","max-image-preview":"max-image-preview:large","max-video-preview":"max-video-preview:-1"},"canonical":"https:\/\/elinformativotam.com\/index.php\/2024\/01\/30\/capacita-secretaria-del-trabajo-a-117-servidores-publicos-para-mejora-del-servicio-a-la-ciudadania\/","og_locale":"es_MX","og_type":"article","og_title":"CAPACITA SECRETAR\u00cdA DEL TRABAJO A 117 SERVIDORES P\u00daBLICOS PARA MEJORA DEL SERVICIO A LA CIUDADAN\u00cdA - EL INFORMATIVO DE TAMAULIPAS","og_description":"*El Poder Se Convierte En Virtud Cuando Se Sirve A La Gente: Olga Sosa Ru\u00edz &nbsp; Ciudad Victoria, Tamaulipas.- Personal de la Secretar\u00eda del Trabajo y","og_url":"https:\/\/elinformativotam.com\/index.php\/2024\/01\/30\/capacita-secretaria-del-trabajo-a-117-servidores-publicos-para-mejora-del-servicio-a-la-ciudadania\/","og_site_name":"EL INFORMATIVO DE TAMAULIPAS","article_published_time":"2024-01-31T04:06:56+00:00","og_image":[{"width":1365,"height":2048,"url":"https:\/\/elinformativotam.com\/wp-content\/uploads\/2024\/01\/Olga-1.jpeg","type":"image\/jpeg"}],"author":"El Informativo Tam","twitter_card":"summary_large_image","twitter_misc":{"Escrito por":"El Informativo Tam","Tiempo de lectura":"3 minutos"},"schema":{"@context":"https:\/\/schema.org","@graph":[{"@type":"Article","@id":"https:\/\/elinformativotam.com\/index.php\/2024\/01\/30\/capacita-secretaria-del-trabajo-a-117-servidores-publicos-para-mejora-del-servicio-a-la-ciudadania\/#article","isPartOf":{"@id":"https:\/\/elinformativotam.com\/index.php\/2024\/01\/30\/capacita-secretaria-del-trabajo-a-117-servidores-publicos-para-mejora-del-servicio-a-la-ciudadania\/"},"author":{"name":"El Informativo Tam","@id":"https:\/\/elinformativotam.com\/#\/schema\/person\/78e08040eed0f6110f0c5f83b6153590"},"headline":"CAPACITA SECRETAR\u00cdA DEL TRABAJO A 117 SERVIDORES P\u00daBLICOS PARA MEJORA DEL SERVICIO A LA CIUDADAN\u00cdA","datePublished":"2024-01-31T04:06:56+00:00","mainEntityOfPage":{"@id":"https:\/\/elinformativotam.com\/index.php\/2024\/01\/30\/capacita-secretaria-del-trabajo-a-117-servidores-publicos-para-mejora-del-servicio-a-la-ciudadania\/"},"wordCount":578,"commentCount":0,"publisher":{"@id":"https:\/\/elinformativotam.com\/#organization"},"image":{"@id":"https:\/\/elinformativotam.com\/index.php\/2024\/01\/30\/capacita-secretaria-del-trabajo-a-117-servidores-publicos-para-mejora-del-servicio-a-la-ciudadania\/#primaryimage"},"thumbnailUrl":"https:\/\/elinformativotam.com\/wp-content\/uploads\/2024\/01\/Olga-1.jpeg","articleSection":["Tamaulipas"],"inLanguage":"es","potentialAction":[{"@type":"CommentAction","name":"Comment","target":["https:\/\/elinformativotam.com\/index.php\/2024\/01\/30\/capacita-secretaria-del-trabajo-a-117-servidores-publicos-para-mejora-del-servicio-a-la-ciudadania\/#respond"]}]},{"@type":"WebPage","@id":"https:\/\/elinformativotam.com\/index.php\/2024\/01\/30\/capacita-secretaria-del-trabajo-a-117-servidores-publicos-para-mejora-del-servicio-a-la-ciudadania\/","url":"https:\/\/elinformativotam.com\/index.php\/2024\/01\/30\/capacita-secretaria-del-trabajo-a-117-servidores-publicos-para-mejora-del-servicio-a-la-ciudadania\/","name":"CAPACITA SECRETAR\u00cdA DEL TRABAJO A 117 SERVIDORES P\u00daBLICOS PARA MEJORA DEL SERVICIO A LA CIUDADAN\u00cdA - EL INFORMATIVO DE TAMAULIPAS","isPartOf":{"@id":"https:\/\/elinformativotam.com\/#website"},"primaryImageOfPage":{"@id":"https:\/\/elinformativotam.com\/index.php\/2024\/01\/30\/capacita-secretaria-del-trabajo-a-117-servidores-publicos-para-mejora-del-servicio-a-la-ciudadania\/#primaryimage"},"image":{"@id":"https:\/\/elinformativotam.com\/index.php\/2024\/01\/30\/capacita-secretaria-del-trabajo-a-117-servidores-publicos-para-mejora-del-servicio-a-la-ciudadania\/#primaryimage"},"thumbnailUrl":"https:\/\/elinformativotam.com\/wp-content\/uploads\/2024\/01\/Olga-1.jpeg","datePublished":"2024-01-31T04:06:56+00:00","description":"*El Poder Se Convierte En Virtud Cuando Se Sirve A La Gente: Olga Sosa Ru\u00edz &nbsp; Ciudad Victoria, Tamaulipas.- Personal de la Secretar\u00eda del Trabajo y","inLanguage":"es","potentialAction":[{"@type":"ReadAction","target":["https:\/\/elinformativotam.com\/index.php\/2024\/01\/30\/capacita-secretaria-del-trabajo-a-117-servidores-publicos-para-mejora-del-servicio-a-la-ciudadania\/"]}]},{"@type":"ImageObject","inLanguage":"es","@id":"https:\/\/elinformativotam.com\/index.php\/2024\/01\/30\/capacita-secretaria-del-trabajo-a-117-servidores-publicos-para-mejora-del-servicio-a-la-ciudadania\/#primaryimage","url":"https:\/\/elinformativotam.com\/wp-content\/uploads\/2024\/01\/Olga-1.jpeg","contentUrl":"https:\/\/elinformativotam.com\/wp-content\/uploads\/2024\/01\/Olga-1.jpeg","width":1365,"height":2048},{"@type":"WebSite","@id":"https:\/\/elinformativotam.com\/#website","url":"https:\/\/elinformativotam.com\/","name":"EL INFORMATIVO DE TAMAULIPAS","description":"Desde la Zona Metropolitana Para Todo M\u00e9xico","publisher":{"@id":"https:\/\/elinformativotam.com\/#organization"},"potentialAction":[{"@type":"SearchAction","target":{"@type":"EntryPoint","urlTemplate":"https:\/\/elinformativotam.com\/?s={search_term_string}"},"query-input":{"@type":"PropertyValueSpecification","valueRequired":true,"valueName":"search_term_string"}}],"inLanguage":"es"},{"@type":"Organization","@id":"https:\/\/elinformativotam.com\/#organization","name":"EL INFORMATIVO DE TAMAULIPAS","url":"https:\/\/elinformativotam.com\/","logo":{"@type":"ImageObject","inLanguage":"es","@id":"https:\/\/elinformativotam.com\/#\/schema\/logo\/image\/","url":"https:\/\/elinformativotam.com\/wp-content\/uploads\/2026\/02\/Cabezal.png","contentUrl":"https:\/\/elinformativotam.com\/wp-content\/uploads\/2026\/02\/Cabezal.png","width":960,"height":640,"caption":"EL INFORMATIVO DE TAMAULIPAS"},"image":{"@id":"https:\/\/elinformativotam.com\/#\/schema\/logo\/image\/"}},{"@type":"Person","@id":"https:\/\/elinformativotam.com\/#\/schema\/person\/78e08040eed0f6110f0c5f83b6153590","name":"El Informativo Tam","image":{"@type":"ImageObject","inLanguage":"es","@id":"https:\/\/secure.gravatar.com\/avatar\/f3b7ad3af540688955925ac610647be00b0cf41feea9c4978b73a707ee86bc53?s=96&d=mm&r=g","url":"https:\/\/secure.gravatar.com\/avatar\/f3b7ad3af540688955925ac610647be00b0cf41feea9c4978b73a707ee86bc53?s=96&d=mm&r=g","contentUrl":"https:\/\/secure.gravatar.com\/avatar\/f3b7ad3af540688955925ac610647be00b0cf41feea9c4978b73a707ee86bc53?s=96&d=mm&r=g","caption":"El Informativo Tam"}}]}},"_links":{"self":[{"href":"https:\/\/elinformativotam.com\/index.php\/wp-json\/wp\/v2\/posts\/48765","targetHints":{"allow":["GET"]}}],"collection":[{"href":"https:\/\/elinformativotam.com\/index.php\/wp-json\/wp\/v2\/posts"}],"about":[{"href":"https:\/\/elinformativotam.com\/index.php\/wp-json\/wp\/v2\/types\/post"}],"author":[{"embeddable":true,"href":"https:\/\/elinformativotam.com\/index.php\/wp-json\/wp\/v2\/users\/1"}],"replies":[{"embeddable":true,"href":"https:\/\/elinformativotam.com\/index.php\/wp-json\/wp\/v2\/comments?post=48765"}],"version-history":[{"count":1,"href":"https:\/\/elinformativotam.com\/index.php\/wp-json\/wp\/v2\/posts\/48765\/revisions"}],"predecessor-version":[{"id":48767,"href":"https:\/\/elinformativotam.com\/index.php\/wp-json\/wp\/v2\/posts\/48765\/revisions\/48767"}],"wp:featuredmedia":[{"embeddable":true,"href":"https:\/\/elinformativotam.com\/index.php\/wp-json\/wp\/v2\/media\/48766"}],"wp:attachment":[{"href":"https:\/\/elinformativotam.com\/index.php\/wp-json\/wp\/v2\/media?parent=48765"}],"wp:term":[{"taxonomy":"category","embeddable":true,"href":"https:\/\/elinformativotam.com\/index.php\/wp-json\/wp\/v2\/categories?post=48765"},{"taxonomy":"post_tag","embeddable":true,"href":"https:\/\/elinformativotam.com\/index.php\/wp-json\/wp\/v2\/tags?post=48765"}],"curies":[{"name":"wp","href":"https:\/\/api.w.org\/{rel}","templated":true}]}}