{"id":48762,"date":"2024-01-30T22:05:03","date_gmt":"2024-01-31T04:05:03","guid":{"rendered":"https:\/\/elinformativotam.com\/?p=48762"},"modified":"2024-01-30T22:05:03","modified_gmt":"2024-01-31T04:05:03","slug":"llevan-rosa-gonzalez-y-pepe-schekaiban-jornada-de-limpieza-a-zonas-prioritarias","status":"publish","type":"post","link":"https:\/\/elinformativotam.com\/index.php\/2024\/01\/30\/llevan-rosa-gonzalez-y-pepe-schekaiban-jornada-de-limpieza-a-zonas-prioritarias\/","title":{"rendered":"LLEVAN ROSA GONZ\u00c1LEZ Y PEPE SCHEKAIB\u00c1N JORNADA DE LIMPIEZA A ZONAS PRIORITARIAS"},"content":{"rendered":"<p>Rosa Gonz\u00e1lez y Pepe Schekaib\u00e1n, acompa\u00f1ados de varias cuadrillas de trabajadores de limpia y alumbrado p\u00fablico, encabezaron este d\u00eda una amplia jornada de limpieza en las colonias Nuevo Amanecer y Vista Bella en el marco del programa Tampico Brilla.<\/p>\n<p>&nbsp;<\/p>\n<p>La Diputada Federal y el Secretario de Servicios P\u00fablicos, respectivamente, sostuvieron adem\u00e1s di\u00e1logos con los vecinos, comerciantes y transe\u00fantes del lugar con el prop\u00f3sito de conocer sus principales necesidades en cuanto a la prestaci\u00f3n de los servicios p\u00fablicos.<\/p>\n<p>&nbsp;<\/p>\n<p>&#8220;Este d\u00eda tenemos la oportunidad de acompa\u00f1ar a las cuadrillas de trabajadores del Ayuntamiento en esta nueva jornada de limpieza que ha iniciativa del Presidente municipal Chucho Nader se desarrollan en los diferentes sectores de la ciudad, lo hacemos con la finalidad de recoger las impresiones y necesidades de la poblaci\u00f3n y para reiterar el compromiso del gobierno municipal de darle continuidad a este importante programa de orden y limpieza que, sin duda, ha cambiado el rostro de Tampico en los \u00faltimos cinco a\u00f1os&#8221;, expres\u00f3 Gonz\u00e1lez Azc\u00e1rraga.<\/p>\n<p>&nbsp;<\/p>\n<p>Por su parte, Pepe Schekaib\u00e1n subray\u00f3 que las jornadas Diciendo y Haciendo se han intensificado en los \u00faltimos meses para darle continuidad a uno de los programas prioritarios del gobierno municipal y precis\u00f3 que en paralelo, se siguen desarrollando las acciones de limpieza en todas las colonias y espacios p\u00fablicos del municipio.<\/p>\n<p>&nbsp;<\/p>\n<p>&#8220;En esta ocasi\u00f3n venimos a realizar una jornada especial de limpieza en este sector, donde adem\u00e1s extendemos los beneficios con acciones adicionales como la reposici\u00f3n de las l\u00e1mparas de alumbrado p\u00fablico, rehabilitaci\u00f3n general de espacios recreativos; limpieza en canales pluviales, as\u00ed como el retiro de escombro y basura de grandes dimensiones tanto de la v\u00eda p\u00fablica como de los hogares&#8221;, detall\u00f3.<\/p>\n<p>&nbsp;<\/p>\n<p>El funcionario dio a conocer que los trabajos de limpieza se continuar\u00e1n realizando en las distintas colonias de Tampico e invit\u00f3 a la ciudadan\u00eda a reportar cualquier irregularidad en materia de servicios p\u00fablicos, para atenderla de inmediato.<\/p>\n","protected":false},"excerpt":{"rendered":"<p>Rosa Gonz\u00e1lez y Pepe Schekaib\u00e1n, acompa\u00f1ados de varias cuadrillas de trabajadores de limpia y alumbrado p\u00fablico, encabezaron este d\u00eda una&hellip;<\/p>\n","protected":false},"author":1,"featured_media":48763,"comment_status":"open","ping_status":"open","sticky":false,"template":"","format":"standard","meta":{"footnotes":""},"categories":[3],"tags":[],"class_list":["post-48762","post","type-post","status-publish","format-standard","has-post-thumbnail","hentry","category-tampico"],"yoast_head":"<!-- This site is optimized with the Yoast SEO plugin v27.5 - https:\/\/yoast.com\/product\/yoast-seo-wordpress\/ -->\n<title>LLEVAN ROSA GONZ\u00c1LEZ Y PEPE SCHEKAIB\u00c1N JORNADA DE LIMPIEZA A ZONAS PRIORITARIAS - EL INFORMATIVO DE TAMAULIPAS<\/title>\n<meta name=\"description\" content=\"Rosa Gonz\u00e1lez y Pepe Schekaib\u00e1n, acompa\u00f1ados de varias cuadrillas de trabajadores de limpia y alumbrado p\u00fablico, encabezaron este d\u00eda una amplia jornada\" \/>\n<meta name=\"robots\" content=\"index, follow, max-snippet:-1, max-image-preview:large, max-video-preview:-1\" \/>\n<link rel=\"canonical\" href=\"https:\/\/elinformativotam.com\/index.php\/2024\/01\/30\/llevan-rosa-gonzalez-y-pepe-schekaiban-jornada-de-limpieza-a-zonas-prioritarias\/\" \/>\n<meta property=\"og:locale\" content=\"es_MX\" \/>\n<meta property=\"og:type\" content=\"article\" \/>\n<meta property=\"og:title\" content=\"LLEVAN ROSA GONZ\u00c1LEZ Y PEPE SCHEKAIB\u00c1N JORNADA DE LIMPIEZA A ZONAS PRIORITARIAS - EL INFORMATIVO DE TAMAULIPAS\" \/>\n<meta property=\"og:description\" content=\"Rosa Gonz\u00e1lez y Pepe Schekaib\u00e1n, acompa\u00f1ados de varias cuadrillas de trabajadores de limpia y alumbrado p\u00fablico, encabezaron este d\u00eda una amplia jornada\" \/>\n<meta property=\"og:url\" content=\"https:\/\/elinformativotam.com\/index.php\/2024\/01\/30\/llevan-rosa-gonzalez-y-pepe-schekaiban-jornada-de-limpieza-a-zonas-prioritarias\/\" \/>\n<meta property=\"og:site_name\" content=\"EL INFORMATIVO DE TAMAULIPAS\" \/>\n<meta property=\"article:published_time\" content=\"2024-01-31T04:05:03+00:00\" \/>\n<meta property=\"og:image\" content=\"https:\/\/elinformativotam.com\/wp-content\/uploads\/2024\/01\/Rosa-y-Pepe-scaled.jpeg\" \/>\n\t<meta property=\"og:image:width\" content=\"2560\" \/>\n\t<meta property=\"og:image:height\" content=\"1706\" \/>\n\t<meta property=\"og:image:type\" content=\"image\/jpeg\" \/>\n<meta name=\"author\" content=\"El Informativo Tam\" \/>\n<meta name=\"twitter:card\" content=\"summary_large_image\" \/>\n<meta name=\"twitter:label1\" content=\"Escrito por\" \/>\n\t<meta name=\"twitter:data1\" content=\"El Informativo Tam\" \/>\n\t<meta name=\"twitter:label2\" content=\"Tiempo de lectura\" \/>\n\t<meta name=\"twitter:data2\" content=\"2 minutos\" \/>\n<script type=\"application\/ld+json\" class=\"yoast-schema-graph\">{\"@context\":\"https:\\\/\\\/schema.org\",\"@graph\":[{\"@type\":\"Article\",\"@id\":\"https:\\\/\\\/elinformativotam.com\\\/index.php\\\/2024\\\/01\\\/30\\\/llevan-rosa-gonzalez-y-pepe-schekaiban-jornada-de-limpieza-a-zonas-prioritarias\\\/#article\",\"isPartOf\":{\"@id\":\"https:\\\/\\\/elinformativotam.com\\\/index.php\\\/2024\\\/01\\\/30\\\/llevan-rosa-gonzalez-y-pepe-schekaiban-jornada-de-limpieza-a-zonas-prioritarias\\\/\"},\"author\":{\"name\":\"El Informativo Tam\",\"@id\":\"https:\\\/\\\/elinformativotam.com\\\/#\\\/schema\\\/person\\\/78e08040eed0f6110f0c5f83b6153590\"},\"headline\":\"LLEVAN ROSA GONZ\u00c1LEZ Y PEPE SCHEKAIB\u00c1N JORNADA DE LIMPIEZA A ZONAS PRIORITARIAS\",\"datePublished\":\"2024-01-31T04:05:03+00:00\",\"mainEntityOfPage\":{\"@id\":\"https:\\\/\\\/elinformativotam.com\\\/index.php\\\/2024\\\/01\\\/30\\\/llevan-rosa-gonzalez-y-pepe-schekaiban-jornada-de-limpieza-a-zonas-prioritarias\\\/\"},\"wordCount\":364,\"commentCount\":0,\"publisher\":{\"@id\":\"https:\\\/\\\/elinformativotam.com\\\/#organization\"},\"image\":{\"@id\":\"https:\\\/\\\/elinformativotam.com\\\/index.php\\\/2024\\\/01\\\/30\\\/llevan-rosa-gonzalez-y-pepe-schekaiban-jornada-de-limpieza-a-zonas-prioritarias\\\/#primaryimage\"},\"thumbnailUrl\":\"https:\\\/\\\/elinformativotam.com\\\/wp-content\\\/uploads\\\/2024\\\/01\\\/Rosa-y-Pepe-scaled.jpeg\",\"articleSection\":[\"Tampico\"],\"inLanguage\":\"es\",\"potentialAction\":[{\"@type\":\"CommentAction\",\"name\":\"Comment\",\"target\":[\"https:\\\/\\\/elinformativotam.com\\\/index.php\\\/2024\\\/01\\\/30\\\/llevan-rosa-gonzalez-y-pepe-schekaiban-jornada-de-limpieza-a-zonas-prioritarias\\\/#respond\"]}]},{\"@type\":\"WebPage\",\"@id\":\"https:\\\/\\\/elinformativotam.com\\\/index.php\\\/2024\\\/01\\\/30\\\/llevan-rosa-gonzalez-y-pepe-schekaiban-jornada-de-limpieza-a-zonas-prioritarias\\\/\",\"url\":\"https:\\\/\\\/elinformativotam.com\\\/index.php\\\/2024\\\/01\\\/30\\\/llevan-rosa-gonzalez-y-pepe-schekaiban-jornada-de-limpieza-a-zonas-prioritarias\\\/\",\"name\":\"LLEVAN ROSA GONZ\u00c1LEZ Y PEPE SCHEKAIB\u00c1N JORNADA DE LIMPIEZA A ZONAS PRIORITARIAS - EL INFORMATIVO DE TAMAULIPAS\",\"isPartOf\":{\"@id\":\"https:\\\/\\\/elinformativotam.com\\\/#website\"},\"primaryImageOfPage\":{\"@id\":\"https:\\\/\\\/elinformativotam.com\\\/index.php\\\/2024\\\/01\\\/30\\\/llevan-rosa-gonzalez-y-pepe-schekaiban-jornada-de-limpieza-a-zonas-prioritarias\\\/#primaryimage\"},\"image\":{\"@id\":\"https:\\\/\\\/elinformativotam.com\\\/index.php\\\/2024\\\/01\\\/30\\\/llevan-rosa-gonzalez-y-pepe-schekaiban-jornada-de-limpieza-a-zonas-prioritarias\\\/#primaryimage\"},\"thumbnailUrl\":\"https:\\\/\\\/elinformativotam.com\\\/wp-content\\\/uploads\\\/2024\\\/01\\\/Rosa-y-Pepe-scaled.jpeg\",\"datePublished\":\"2024-01-31T04:05:03+00:00\",\"description\":\"Rosa Gonz\u00e1lez y Pepe Schekaib\u00e1n, acompa\u00f1ados de varias cuadrillas de trabajadores de limpia y alumbrado p\u00fablico, encabezaron este d\u00eda una amplia jornada\",\"inLanguage\":\"es\",\"potentialAction\":[{\"@type\":\"ReadAction\",\"target\":[\"https:\\\/\\\/elinformativotam.com\\\/index.php\\\/2024\\\/01\\\/30\\\/llevan-rosa-gonzalez-y-pepe-schekaiban-jornada-de-limpieza-a-zonas-prioritarias\\\/\"]}]},{\"@type\":\"ImageObject\",\"inLanguage\":\"es\",\"@id\":\"https:\\\/\\\/elinformativotam.com\\\/index.php\\\/2024\\\/01\\\/30\\\/llevan-rosa-gonzalez-y-pepe-schekaiban-jornada-de-limpieza-a-zonas-prioritarias\\\/#primaryimage\",\"url\":\"https:\\\/\\\/elinformativotam.com\\\/wp-content\\\/uploads\\\/2024\\\/01\\\/Rosa-y-Pepe-scaled.jpeg\",\"contentUrl\":\"https:\\\/\\\/elinformativotam.com\\\/wp-content\\\/uploads\\\/2024\\\/01\\\/Rosa-y-Pepe-scaled.jpeg\",\"width\":2560,\"height\":1706},{\"@type\":\"WebSite\",\"@id\":\"https:\\\/\\\/elinformativotam.com\\\/#website\",\"url\":\"https:\\\/\\\/elinformativotam.com\\\/\",\"name\":\"EL INFORMATIVO DE TAMAULIPAS\",\"description\":\"Desde la Zona Metropolitana Para Todo M\u00e9xico\",\"publisher\":{\"@id\":\"https:\\\/\\\/elinformativotam.com\\\/#organization\"},\"potentialAction\":[{\"@type\":\"SearchAction\",\"target\":{\"@type\":\"EntryPoint\",\"urlTemplate\":\"https:\\\/\\\/elinformativotam.com\\\/?s={search_term_string}\"},\"query-input\":{\"@type\":\"PropertyValueSpecification\",\"valueRequired\":true,\"valueName\":\"search_term_string\"}}],\"inLanguage\":\"es\"},{\"@type\":\"Organization\",\"@id\":\"https:\\\/\\\/elinformativotam.com\\\/#organization\",\"name\":\"EL INFORMATIVO DE TAMAULIPAS\",\"url\":\"https:\\\/\\\/elinformativotam.com\\\/\",\"logo\":{\"@type\":\"ImageObject\",\"inLanguage\":\"es\",\"@id\":\"https:\\\/\\\/elinformativotam.com\\\/#\\\/schema\\\/logo\\\/image\\\/\",\"url\":\"https:\\\/\\\/elinformativotam.com\\\/wp-content\\\/uploads\\\/2026\\\/02\\\/Cabezal.png\",\"contentUrl\":\"https:\\\/\\\/elinformativotam.com\\\/wp-content\\\/uploads\\\/2026\\\/02\\\/Cabezal.png\",\"width\":960,\"height\":640,\"caption\":\"EL INFORMATIVO DE TAMAULIPAS\"},\"image\":{\"@id\":\"https:\\\/\\\/elinformativotam.com\\\/#\\\/schema\\\/logo\\\/image\\\/\"}},{\"@type\":\"Person\",\"@id\":\"https:\\\/\\\/elinformativotam.com\\\/#\\\/schema\\\/person\\\/78e08040eed0f6110f0c5f83b6153590\",\"name\":\"El Informativo Tam\",\"image\":{\"@type\":\"ImageObject\",\"inLanguage\":\"es\",\"@id\":\"https:\\\/\\\/secure.gravatar.com\\\/avatar\\\/f3b7ad3af540688955925ac610647be00b0cf41feea9c4978b73a707ee86bc53?s=96&d=mm&r=g\",\"url\":\"https:\\\/\\\/secure.gravatar.com\\\/avatar\\\/f3b7ad3af540688955925ac610647be00b0cf41feea9c4978b73a707ee86bc53?s=96&d=mm&r=g\",\"contentUrl\":\"https:\\\/\\\/secure.gravatar.com\\\/avatar\\\/f3b7ad3af540688955925ac610647be00b0cf41feea9c4978b73a707ee86bc53?s=96&d=mm&r=g\",\"caption\":\"El Informativo Tam\"}}]}<\/script>\n<!-- \/ Yoast SEO plugin. -->","yoast_head_json":{"title":"LLEVAN ROSA GONZ\u00c1LEZ Y PEPE SCHEKAIB\u00c1N JORNADA DE LIMPIEZA A ZONAS PRIORITARIAS - EL INFORMATIVO DE TAMAULIPAS","description":"Rosa Gonz\u00e1lez y Pepe Schekaib\u00e1n, acompa\u00f1ados de varias cuadrillas de trabajadores de limpia y alumbrado p\u00fablico, encabezaron este d\u00eda una amplia jornada","robots":{"index":"index","follow":"follow","max-snippet":"max-snippet:-1","max-image-preview":"max-image-preview:large","max-video-preview":"max-video-preview:-1"},"canonical":"https:\/\/elinformativotam.com\/index.php\/2024\/01\/30\/llevan-rosa-gonzalez-y-pepe-schekaiban-jornada-de-limpieza-a-zonas-prioritarias\/","og_locale":"es_MX","og_type":"article","og_title":"LLEVAN ROSA GONZ\u00c1LEZ Y PEPE SCHEKAIB\u00c1N JORNADA DE LIMPIEZA A ZONAS PRIORITARIAS - EL INFORMATIVO DE TAMAULIPAS","og_description":"Rosa Gonz\u00e1lez y Pepe Schekaib\u00e1n, acompa\u00f1ados de varias cuadrillas de trabajadores de limpia y alumbrado p\u00fablico, encabezaron este d\u00eda una amplia jornada","og_url":"https:\/\/elinformativotam.com\/index.php\/2024\/01\/30\/llevan-rosa-gonzalez-y-pepe-schekaiban-jornada-de-limpieza-a-zonas-prioritarias\/","og_site_name":"EL INFORMATIVO DE TAMAULIPAS","article_published_time":"2024-01-31T04:05:03+00:00","og_image":[{"width":2560,"height":1706,"url":"https:\/\/elinformativotam.com\/wp-content\/uploads\/2024\/01\/Rosa-y-Pepe-scaled.jpeg","type":"image\/jpeg"}],"author":"El Informativo Tam","twitter_card":"summary_large_image","twitter_misc":{"Escrito por":"El Informativo Tam","Tiempo de lectura":"2 minutos"},"schema":{"@context":"https:\/\/schema.org","@graph":[{"@type":"Article","@id":"https:\/\/elinformativotam.com\/index.php\/2024\/01\/30\/llevan-rosa-gonzalez-y-pepe-schekaiban-jornada-de-limpieza-a-zonas-prioritarias\/#article","isPartOf":{"@id":"https:\/\/elinformativotam.com\/index.php\/2024\/01\/30\/llevan-rosa-gonzalez-y-pepe-schekaiban-jornada-de-limpieza-a-zonas-prioritarias\/"},"author":{"name":"El Informativo Tam","@id":"https:\/\/elinformativotam.com\/#\/schema\/person\/78e08040eed0f6110f0c5f83b6153590"},"headline":"LLEVAN ROSA GONZ\u00c1LEZ Y PEPE SCHEKAIB\u00c1N JORNADA DE LIMPIEZA A ZONAS PRIORITARIAS","datePublished":"2024-01-31T04:05:03+00:00","mainEntityOfPage":{"@id":"https:\/\/elinformativotam.com\/index.php\/2024\/01\/30\/llevan-rosa-gonzalez-y-pepe-schekaiban-jornada-de-limpieza-a-zonas-prioritarias\/"},"wordCount":364,"commentCount":0,"publisher":{"@id":"https:\/\/elinformativotam.com\/#organization"},"image":{"@id":"https:\/\/elinformativotam.com\/index.php\/2024\/01\/30\/llevan-rosa-gonzalez-y-pepe-schekaiban-jornada-de-limpieza-a-zonas-prioritarias\/#primaryimage"},"thumbnailUrl":"https:\/\/elinformativotam.com\/wp-content\/uploads\/2024\/01\/Rosa-y-Pepe-scaled.jpeg","articleSection":["Tampico"],"inLanguage":"es","potentialAction":[{"@type":"CommentAction","name":"Comment","target":["https:\/\/elinformativotam.com\/index.php\/2024\/01\/30\/llevan-rosa-gonzalez-y-pepe-schekaiban-jornada-de-limpieza-a-zonas-prioritarias\/#respond"]}]},{"@type":"WebPage","@id":"https:\/\/elinformativotam.com\/index.php\/2024\/01\/30\/llevan-rosa-gonzalez-y-pepe-schekaiban-jornada-de-limpieza-a-zonas-prioritarias\/","url":"https:\/\/elinformativotam.com\/index.php\/2024\/01\/30\/llevan-rosa-gonzalez-y-pepe-schekaiban-jornada-de-limpieza-a-zonas-prioritarias\/","name":"LLEVAN ROSA GONZ\u00c1LEZ Y PEPE SCHEKAIB\u00c1N JORNADA DE LIMPIEZA A ZONAS PRIORITARIAS - EL INFORMATIVO DE TAMAULIPAS","isPartOf":{"@id":"https:\/\/elinformativotam.com\/#website"},"primaryImageOfPage":{"@id":"https:\/\/elinformativotam.com\/index.php\/2024\/01\/30\/llevan-rosa-gonzalez-y-pepe-schekaiban-jornada-de-limpieza-a-zonas-prioritarias\/#primaryimage"},"image":{"@id":"https:\/\/elinformativotam.com\/index.php\/2024\/01\/30\/llevan-rosa-gonzalez-y-pepe-schekaiban-jornada-de-limpieza-a-zonas-prioritarias\/#primaryimage"},"thumbnailUrl":"https:\/\/elinformativotam.com\/wp-content\/uploads\/2024\/01\/Rosa-y-Pepe-scaled.jpeg","datePublished":"2024-01-31T04:05:03+00:00","description":"Rosa Gonz\u00e1lez y Pepe Schekaib\u00e1n, acompa\u00f1ados de varias cuadrillas de trabajadores de limpia y alumbrado p\u00fablico, encabezaron este d\u00eda una amplia jornada","inLanguage":"es","potentialAction":[{"@type":"ReadAction","target":["https:\/\/elinformativotam.com\/index.php\/2024\/01\/30\/llevan-rosa-gonzalez-y-pepe-schekaiban-jornada-de-limpieza-a-zonas-prioritarias\/"]}]},{"@type":"ImageObject","inLanguage":"es","@id":"https:\/\/elinformativotam.com\/index.php\/2024\/01\/30\/llevan-rosa-gonzalez-y-pepe-schekaiban-jornada-de-limpieza-a-zonas-prioritarias\/#primaryimage","url":"https:\/\/elinformativotam.com\/wp-content\/uploads\/2024\/01\/Rosa-y-Pepe-scaled.jpeg","contentUrl":"https:\/\/elinformativotam.com\/wp-content\/uploads\/2024\/01\/Rosa-y-Pepe-scaled.jpeg","width":2560,"height":1706},{"@type":"WebSite","@id":"https:\/\/elinformativotam.com\/#website","url":"https:\/\/elinformativotam.com\/","name":"EL INFORMATIVO DE TAMAULIPAS","description":"Desde la Zona Metropolitana Para Todo M\u00e9xico","publisher":{"@id":"https:\/\/elinformativotam.com\/#organization"},"potentialAction":[{"@type":"SearchAction","target":{"@type":"EntryPoint","urlTemplate":"https:\/\/elinformativotam.com\/?s={search_term_string}"},"query-input":{"@type":"PropertyValueSpecification","valueRequired":true,"valueName":"search_term_string"}}],"inLanguage":"es"},{"@type":"Organization","@id":"https:\/\/elinformativotam.com\/#organization","name":"EL INFORMATIVO DE TAMAULIPAS","url":"https:\/\/elinformativotam.com\/","logo":{"@type":"ImageObject","inLanguage":"es","@id":"https:\/\/elinformativotam.com\/#\/schema\/logo\/image\/","url":"https:\/\/elinformativotam.com\/wp-content\/uploads\/2026\/02\/Cabezal.png","contentUrl":"https:\/\/elinformativotam.com\/wp-content\/uploads\/2026\/02\/Cabezal.png","width":960,"height":640,"caption":"EL INFORMATIVO DE TAMAULIPAS"},"image":{"@id":"https:\/\/elinformativotam.com\/#\/schema\/logo\/image\/"}},{"@type":"Person","@id":"https:\/\/elinformativotam.com\/#\/schema\/person\/78e08040eed0f6110f0c5f83b6153590","name":"El Informativo Tam","image":{"@type":"ImageObject","inLanguage":"es","@id":"https:\/\/secure.gravatar.com\/avatar\/f3b7ad3af540688955925ac610647be00b0cf41feea9c4978b73a707ee86bc53?s=96&d=mm&r=g","url":"https:\/\/secure.gravatar.com\/avatar\/f3b7ad3af540688955925ac610647be00b0cf41feea9c4978b73a707ee86bc53?s=96&d=mm&r=g","contentUrl":"https:\/\/secure.gravatar.com\/avatar\/f3b7ad3af540688955925ac610647be00b0cf41feea9c4978b73a707ee86bc53?s=96&d=mm&r=g","caption":"El Informativo Tam"}}]}},"_links":{"self":[{"href":"https:\/\/elinformativotam.com\/index.php\/wp-json\/wp\/v2\/posts\/48762","targetHints":{"allow":["GET"]}}],"collection":[{"href":"https:\/\/elinformativotam.com\/index.php\/wp-json\/wp\/v2\/posts"}],"about":[{"href":"https:\/\/elinformativotam.com\/index.php\/wp-json\/wp\/v2\/types\/post"}],"author":[{"embeddable":true,"href":"https:\/\/elinformativotam.com\/index.php\/wp-json\/wp\/v2\/users\/1"}],"replies":[{"embeddable":true,"href":"https:\/\/elinformativotam.com\/index.php\/wp-json\/wp\/v2\/comments?post=48762"}],"version-history":[{"count":1,"href":"https:\/\/elinformativotam.com\/index.php\/wp-json\/wp\/v2\/posts\/48762\/revisions"}],"predecessor-version":[{"id":48764,"href":"https:\/\/elinformativotam.com\/index.php\/wp-json\/wp\/v2\/posts\/48762\/revisions\/48764"}],"wp:featuredmedia":[{"embeddable":true,"href":"https:\/\/elinformativotam.com\/index.php\/wp-json\/wp\/v2\/media\/48763"}],"wp:attachment":[{"href":"https:\/\/elinformativotam.com\/index.php\/wp-json\/wp\/v2\/media?parent=48762"}],"wp:term":[{"taxonomy":"category","embeddable":true,"href":"https:\/\/elinformativotam.com\/index.php\/wp-json\/wp\/v2\/categories?post=48762"},{"taxonomy":"post_tag","embeddable":true,"href":"https:\/\/elinformativotam.com\/index.php\/wp-json\/wp\/v2\/tags?post=48762"}],"curies":[{"name":"wp","href":"https:\/\/api.w.org\/{rel}","templated":true}]}}