{"id":48759,"date":"2024-01-30T22:03:18","date_gmt":"2024-01-31T04:03:18","guid":{"rendered":"https:\/\/elinformativotam.com\/?p=48759"},"modified":"2024-01-30T22:03:18","modified_gmt":"2024-01-31T04:03:18","slug":"analiza-coepris-calidad-del-agua-potable-en-zonas-aledanas-a-la-playa","status":"publish","type":"post","link":"https:\/\/elinformativotam.com\/index.php\/2024\/01\/30\/analiza-coepris-calidad-del-agua-potable-en-zonas-aledanas-a-la-playa\/","title":{"rendered":"ANALIZA COEPRIS CALIDAD DEL AGUA POTABLE EN ZONAS ALEDA\u00d1AS A LA PLAYA."},"content":{"rendered":"<p>Cd. Madero, Tamaulipas.- La Comisi\u00f3n Estatal para la Protecci\u00f3n contra Riesgos Sanitarios, lleva a cabo el an\u00e1lisis de cloro residual que se tiene en el agua que es suministrada por Comapa.<\/p>\n<p>&nbsp;<\/p>\n<p>Nicol\u00e1s Berumen \u00c1valos, titular de la dependencia, dijo que se verifica el \u00edndice de cloro residual que tiene el vital l\u00edquido, ya que es importante que los niveles se mantengan estables.<\/p>\n<p>&nbsp;<\/p>\n<p>Destac\u00f3 que este tipo de revisiones se hacen de manera constante en 70 puntos diferentes a la semana, por ello es que este martes acudieron al centro de salud de la colonia La Barra.<\/p>\n<p>&nbsp;<\/p>\n<p>Expuso que todos los puntos son verificados y los resultados se env\u00edan a Ciudad Victoria, sin que se hayan encontrado irregularidades en lo relacionado al cloro residual, evitando con ello enfermedades, principalmente gastrointestinales.<\/p>\n<p>&nbsp;<\/p>\n<p>A\u00f1adi\u00f3 que esta labor la realizan de manera conjunta con el personal de COMAPA, por lo que destac\u00f3 que se ha realizado buena labor por parte del organismo operador del agua en Tampico y Madero.<\/p>\n<p>&nbsp;<\/p>\n","protected":false},"excerpt":{"rendered":"<p>Cd. Madero, Tamaulipas.- La Comisi\u00f3n Estatal para la Protecci\u00f3n contra Riesgos Sanitarios, lleva a cabo el an\u00e1lisis de cloro residual&hellip;<\/p>\n","protected":false},"author":1,"featured_media":48760,"comment_status":"open","ping_status":"open","sticky":false,"template":"","format":"standard","meta":{"footnotes":""},"categories":[4],"tags":[],"class_list":["post-48759","post","type-post","status-publish","format-standard","has-post-thumbnail","hentry","category-madero"],"yoast_head":"<!-- This site is optimized with the Yoast SEO plugin v27.5 - https:\/\/yoast.com\/product\/yoast-seo-wordpress\/ -->\n<title>ANALIZA COEPRIS CALIDAD DEL AGUA POTABLE EN ZONAS ALEDA\u00d1AS A LA PLAYA. - EL INFORMATIVO DE TAMAULIPAS<\/title>\n<meta name=\"description\" content=\"Cd. Madero, Tamaulipas.- La Comisi\u00f3n Estatal para la Protecci\u00f3n contra Riesgos Sanitarios, lleva a cabo el an\u00e1lisis de cloro residual que se tiene en el\" \/>\n<meta name=\"robots\" content=\"index, follow, max-snippet:-1, max-image-preview:large, max-video-preview:-1\" \/>\n<link rel=\"canonical\" href=\"https:\/\/elinformativotam.com\/index.php\/2024\/01\/30\/analiza-coepris-calidad-del-agua-potable-en-zonas-aledanas-a-la-playa\/\" \/>\n<meta property=\"og:locale\" content=\"es_MX\" \/>\n<meta property=\"og:type\" content=\"article\" \/>\n<meta property=\"og:title\" content=\"ANALIZA COEPRIS CALIDAD DEL AGUA POTABLE EN ZONAS ALEDA\u00d1AS A LA PLAYA. - EL INFORMATIVO DE TAMAULIPAS\" \/>\n<meta property=\"og:description\" content=\"Cd. Madero, Tamaulipas.- La Comisi\u00f3n Estatal para la Protecci\u00f3n contra Riesgos Sanitarios, lleva a cabo el an\u00e1lisis de cloro residual que se tiene en el\" \/>\n<meta property=\"og:url\" content=\"https:\/\/elinformativotam.com\/index.php\/2024\/01\/30\/analiza-coepris-calidad-del-agua-potable-en-zonas-aledanas-a-la-playa\/\" \/>\n<meta property=\"og:site_name\" content=\"EL INFORMATIVO DE TAMAULIPAS\" \/>\n<meta property=\"article:published_time\" content=\"2024-01-31T04:03:18+00:00\" \/>\n<meta property=\"og:image\" content=\"https:\/\/elinformativotam.com\/wp-content\/uploads\/2024\/01\/Berumen.jpeg\" \/>\n\t<meta property=\"og:image:width\" content=\"1600\" \/>\n\t<meta property=\"og:image:height\" content=\"900\" \/>\n\t<meta property=\"og:image:type\" content=\"image\/jpeg\" \/>\n<meta name=\"author\" content=\"El Informativo Tam\" \/>\n<meta name=\"twitter:card\" content=\"summary_large_image\" \/>\n<meta name=\"twitter:label1\" content=\"Escrito por\" \/>\n\t<meta name=\"twitter:data1\" content=\"El Informativo Tam\" \/>\n\t<meta name=\"twitter:label2\" content=\"Tiempo de lectura\" \/>\n\t<meta name=\"twitter:data2\" content=\"1 minuto\" \/>\n<script type=\"application\/ld+json\" class=\"yoast-schema-graph\">{\"@context\":\"https:\\\/\\\/schema.org\",\"@graph\":[{\"@type\":\"Article\",\"@id\":\"https:\\\/\\\/elinformativotam.com\\\/index.php\\\/2024\\\/01\\\/30\\\/analiza-coepris-calidad-del-agua-potable-en-zonas-aledanas-a-la-playa\\\/#article\",\"isPartOf\":{\"@id\":\"https:\\\/\\\/elinformativotam.com\\\/index.php\\\/2024\\\/01\\\/30\\\/analiza-coepris-calidad-del-agua-potable-en-zonas-aledanas-a-la-playa\\\/\"},\"author\":{\"name\":\"El Informativo Tam\",\"@id\":\"https:\\\/\\\/elinformativotam.com\\\/#\\\/schema\\\/person\\\/78e08040eed0f6110f0c5f83b6153590\"},\"headline\":\"ANALIZA COEPRIS CALIDAD DEL AGUA POTABLE EN ZONAS ALEDA\u00d1AS A LA PLAYA.\",\"datePublished\":\"2024-01-31T04:03:18+00:00\",\"mainEntityOfPage\":{\"@id\":\"https:\\\/\\\/elinformativotam.com\\\/index.php\\\/2024\\\/01\\\/30\\\/analiza-coepris-calidad-del-agua-potable-en-zonas-aledanas-a-la-playa\\\/\"},\"wordCount\":189,\"commentCount\":0,\"publisher\":{\"@id\":\"https:\\\/\\\/elinformativotam.com\\\/#organization\"},\"image\":{\"@id\":\"https:\\\/\\\/elinformativotam.com\\\/index.php\\\/2024\\\/01\\\/30\\\/analiza-coepris-calidad-del-agua-potable-en-zonas-aledanas-a-la-playa\\\/#primaryimage\"},\"thumbnailUrl\":\"https:\\\/\\\/elinformativotam.com\\\/wp-content\\\/uploads\\\/2024\\\/01\\\/Berumen.jpeg\",\"articleSection\":[\"Cd Madero\"],\"inLanguage\":\"es\",\"potentialAction\":[{\"@type\":\"CommentAction\",\"name\":\"Comment\",\"target\":[\"https:\\\/\\\/elinformativotam.com\\\/index.php\\\/2024\\\/01\\\/30\\\/analiza-coepris-calidad-del-agua-potable-en-zonas-aledanas-a-la-playa\\\/#respond\"]}]},{\"@type\":\"WebPage\",\"@id\":\"https:\\\/\\\/elinformativotam.com\\\/index.php\\\/2024\\\/01\\\/30\\\/analiza-coepris-calidad-del-agua-potable-en-zonas-aledanas-a-la-playa\\\/\",\"url\":\"https:\\\/\\\/elinformativotam.com\\\/index.php\\\/2024\\\/01\\\/30\\\/analiza-coepris-calidad-del-agua-potable-en-zonas-aledanas-a-la-playa\\\/\",\"name\":\"ANALIZA COEPRIS CALIDAD DEL AGUA POTABLE EN ZONAS ALEDA\u00d1AS A LA PLAYA. - EL INFORMATIVO DE TAMAULIPAS\",\"isPartOf\":{\"@id\":\"https:\\\/\\\/elinformativotam.com\\\/#website\"},\"primaryImageOfPage\":{\"@id\":\"https:\\\/\\\/elinformativotam.com\\\/index.php\\\/2024\\\/01\\\/30\\\/analiza-coepris-calidad-del-agua-potable-en-zonas-aledanas-a-la-playa\\\/#primaryimage\"},\"image\":{\"@id\":\"https:\\\/\\\/elinformativotam.com\\\/index.php\\\/2024\\\/01\\\/30\\\/analiza-coepris-calidad-del-agua-potable-en-zonas-aledanas-a-la-playa\\\/#primaryimage\"},\"thumbnailUrl\":\"https:\\\/\\\/elinformativotam.com\\\/wp-content\\\/uploads\\\/2024\\\/01\\\/Berumen.jpeg\",\"datePublished\":\"2024-01-31T04:03:18+00:00\",\"description\":\"Cd. Madero, Tamaulipas.- La Comisi\u00f3n Estatal para la Protecci\u00f3n contra Riesgos Sanitarios, lleva a cabo el an\u00e1lisis de cloro residual que se tiene en el\",\"inLanguage\":\"es\",\"potentialAction\":[{\"@type\":\"ReadAction\",\"target\":[\"https:\\\/\\\/elinformativotam.com\\\/index.php\\\/2024\\\/01\\\/30\\\/analiza-coepris-calidad-del-agua-potable-en-zonas-aledanas-a-la-playa\\\/\"]}]},{\"@type\":\"ImageObject\",\"inLanguage\":\"es\",\"@id\":\"https:\\\/\\\/elinformativotam.com\\\/index.php\\\/2024\\\/01\\\/30\\\/analiza-coepris-calidad-del-agua-potable-en-zonas-aledanas-a-la-playa\\\/#primaryimage\",\"url\":\"https:\\\/\\\/elinformativotam.com\\\/wp-content\\\/uploads\\\/2024\\\/01\\\/Berumen.jpeg\",\"contentUrl\":\"https:\\\/\\\/elinformativotam.com\\\/wp-content\\\/uploads\\\/2024\\\/01\\\/Berumen.jpeg\",\"width\":1600,\"height\":900},{\"@type\":\"WebSite\",\"@id\":\"https:\\\/\\\/elinformativotam.com\\\/#website\",\"url\":\"https:\\\/\\\/elinformativotam.com\\\/\",\"name\":\"EL INFORMATIVO DE TAMAULIPAS\",\"description\":\"Desde la Zona Metropolitana Para Todo M\u00e9xico\",\"publisher\":{\"@id\":\"https:\\\/\\\/elinformativotam.com\\\/#organization\"},\"potentialAction\":[{\"@type\":\"SearchAction\",\"target\":{\"@type\":\"EntryPoint\",\"urlTemplate\":\"https:\\\/\\\/elinformativotam.com\\\/?s={search_term_string}\"},\"query-input\":{\"@type\":\"PropertyValueSpecification\",\"valueRequired\":true,\"valueName\":\"search_term_string\"}}],\"inLanguage\":\"es\"},{\"@type\":\"Organization\",\"@id\":\"https:\\\/\\\/elinformativotam.com\\\/#organization\",\"name\":\"EL INFORMATIVO DE TAMAULIPAS\",\"url\":\"https:\\\/\\\/elinformativotam.com\\\/\",\"logo\":{\"@type\":\"ImageObject\",\"inLanguage\":\"es\",\"@id\":\"https:\\\/\\\/elinformativotam.com\\\/#\\\/schema\\\/logo\\\/image\\\/\",\"url\":\"https:\\\/\\\/elinformativotam.com\\\/wp-content\\\/uploads\\\/2026\\\/02\\\/Cabezal.png\",\"contentUrl\":\"https:\\\/\\\/elinformativotam.com\\\/wp-content\\\/uploads\\\/2026\\\/02\\\/Cabezal.png\",\"width\":960,\"height\":640,\"caption\":\"EL INFORMATIVO DE TAMAULIPAS\"},\"image\":{\"@id\":\"https:\\\/\\\/elinformativotam.com\\\/#\\\/schema\\\/logo\\\/image\\\/\"}},{\"@type\":\"Person\",\"@id\":\"https:\\\/\\\/elinformativotam.com\\\/#\\\/schema\\\/person\\\/78e08040eed0f6110f0c5f83b6153590\",\"name\":\"El Informativo Tam\",\"image\":{\"@type\":\"ImageObject\",\"inLanguage\":\"es\",\"@id\":\"https:\\\/\\\/secure.gravatar.com\\\/avatar\\\/f3b7ad3af540688955925ac610647be00b0cf41feea9c4978b73a707ee86bc53?s=96&d=mm&r=g\",\"url\":\"https:\\\/\\\/secure.gravatar.com\\\/avatar\\\/f3b7ad3af540688955925ac610647be00b0cf41feea9c4978b73a707ee86bc53?s=96&d=mm&r=g\",\"contentUrl\":\"https:\\\/\\\/secure.gravatar.com\\\/avatar\\\/f3b7ad3af540688955925ac610647be00b0cf41feea9c4978b73a707ee86bc53?s=96&d=mm&r=g\",\"caption\":\"El Informativo Tam\"}}]}<\/script>\n<!-- \/ Yoast SEO plugin. -->","yoast_head_json":{"title":"ANALIZA COEPRIS CALIDAD DEL AGUA POTABLE EN ZONAS ALEDA\u00d1AS A LA PLAYA. - EL INFORMATIVO DE TAMAULIPAS","description":"Cd. Madero, Tamaulipas.- La Comisi\u00f3n Estatal para la Protecci\u00f3n contra Riesgos Sanitarios, lleva a cabo el an\u00e1lisis de cloro residual que se tiene en el","robots":{"index":"index","follow":"follow","max-snippet":"max-snippet:-1","max-image-preview":"max-image-preview:large","max-video-preview":"max-video-preview:-1"},"canonical":"https:\/\/elinformativotam.com\/index.php\/2024\/01\/30\/analiza-coepris-calidad-del-agua-potable-en-zonas-aledanas-a-la-playa\/","og_locale":"es_MX","og_type":"article","og_title":"ANALIZA COEPRIS CALIDAD DEL AGUA POTABLE EN ZONAS ALEDA\u00d1AS A LA PLAYA. - EL INFORMATIVO DE TAMAULIPAS","og_description":"Cd. Madero, Tamaulipas.- La Comisi\u00f3n Estatal para la Protecci\u00f3n contra Riesgos Sanitarios, lleva a cabo el an\u00e1lisis de cloro residual que se tiene en el","og_url":"https:\/\/elinformativotam.com\/index.php\/2024\/01\/30\/analiza-coepris-calidad-del-agua-potable-en-zonas-aledanas-a-la-playa\/","og_site_name":"EL INFORMATIVO DE TAMAULIPAS","article_published_time":"2024-01-31T04:03:18+00:00","og_image":[{"width":1600,"height":900,"url":"https:\/\/elinformativotam.com\/wp-content\/uploads\/2024\/01\/Berumen.jpeg","type":"image\/jpeg"}],"author":"El Informativo Tam","twitter_card":"summary_large_image","twitter_misc":{"Escrito por":"El Informativo Tam","Tiempo de lectura":"1 minuto"},"schema":{"@context":"https:\/\/schema.org","@graph":[{"@type":"Article","@id":"https:\/\/elinformativotam.com\/index.php\/2024\/01\/30\/analiza-coepris-calidad-del-agua-potable-en-zonas-aledanas-a-la-playa\/#article","isPartOf":{"@id":"https:\/\/elinformativotam.com\/index.php\/2024\/01\/30\/analiza-coepris-calidad-del-agua-potable-en-zonas-aledanas-a-la-playa\/"},"author":{"name":"El Informativo Tam","@id":"https:\/\/elinformativotam.com\/#\/schema\/person\/78e08040eed0f6110f0c5f83b6153590"},"headline":"ANALIZA COEPRIS CALIDAD DEL AGUA POTABLE EN ZONAS ALEDA\u00d1AS A LA PLAYA.","datePublished":"2024-01-31T04:03:18+00:00","mainEntityOfPage":{"@id":"https:\/\/elinformativotam.com\/index.php\/2024\/01\/30\/analiza-coepris-calidad-del-agua-potable-en-zonas-aledanas-a-la-playa\/"},"wordCount":189,"commentCount":0,"publisher":{"@id":"https:\/\/elinformativotam.com\/#organization"},"image":{"@id":"https:\/\/elinformativotam.com\/index.php\/2024\/01\/30\/analiza-coepris-calidad-del-agua-potable-en-zonas-aledanas-a-la-playa\/#primaryimage"},"thumbnailUrl":"https:\/\/elinformativotam.com\/wp-content\/uploads\/2024\/01\/Berumen.jpeg","articleSection":["Cd Madero"],"inLanguage":"es","potentialAction":[{"@type":"CommentAction","name":"Comment","target":["https:\/\/elinformativotam.com\/index.php\/2024\/01\/30\/analiza-coepris-calidad-del-agua-potable-en-zonas-aledanas-a-la-playa\/#respond"]}]},{"@type":"WebPage","@id":"https:\/\/elinformativotam.com\/index.php\/2024\/01\/30\/analiza-coepris-calidad-del-agua-potable-en-zonas-aledanas-a-la-playa\/","url":"https:\/\/elinformativotam.com\/index.php\/2024\/01\/30\/analiza-coepris-calidad-del-agua-potable-en-zonas-aledanas-a-la-playa\/","name":"ANALIZA COEPRIS CALIDAD DEL AGUA POTABLE EN ZONAS ALEDA\u00d1AS A LA PLAYA. - EL INFORMATIVO DE TAMAULIPAS","isPartOf":{"@id":"https:\/\/elinformativotam.com\/#website"},"primaryImageOfPage":{"@id":"https:\/\/elinformativotam.com\/index.php\/2024\/01\/30\/analiza-coepris-calidad-del-agua-potable-en-zonas-aledanas-a-la-playa\/#primaryimage"},"image":{"@id":"https:\/\/elinformativotam.com\/index.php\/2024\/01\/30\/analiza-coepris-calidad-del-agua-potable-en-zonas-aledanas-a-la-playa\/#primaryimage"},"thumbnailUrl":"https:\/\/elinformativotam.com\/wp-content\/uploads\/2024\/01\/Berumen.jpeg","datePublished":"2024-01-31T04:03:18+00:00","description":"Cd. Madero, Tamaulipas.- La Comisi\u00f3n Estatal para la Protecci\u00f3n contra Riesgos Sanitarios, lleva a cabo el an\u00e1lisis de cloro residual que se tiene en el","inLanguage":"es","potentialAction":[{"@type":"ReadAction","target":["https:\/\/elinformativotam.com\/index.php\/2024\/01\/30\/analiza-coepris-calidad-del-agua-potable-en-zonas-aledanas-a-la-playa\/"]}]},{"@type":"ImageObject","inLanguage":"es","@id":"https:\/\/elinformativotam.com\/index.php\/2024\/01\/30\/analiza-coepris-calidad-del-agua-potable-en-zonas-aledanas-a-la-playa\/#primaryimage","url":"https:\/\/elinformativotam.com\/wp-content\/uploads\/2024\/01\/Berumen.jpeg","contentUrl":"https:\/\/elinformativotam.com\/wp-content\/uploads\/2024\/01\/Berumen.jpeg","width":1600,"height":900},{"@type":"WebSite","@id":"https:\/\/elinformativotam.com\/#website","url":"https:\/\/elinformativotam.com\/","name":"EL INFORMATIVO DE TAMAULIPAS","description":"Desde la Zona Metropolitana Para Todo M\u00e9xico","publisher":{"@id":"https:\/\/elinformativotam.com\/#organization"},"potentialAction":[{"@type":"SearchAction","target":{"@type":"EntryPoint","urlTemplate":"https:\/\/elinformativotam.com\/?s={search_term_string}"},"query-input":{"@type":"PropertyValueSpecification","valueRequired":true,"valueName":"search_term_string"}}],"inLanguage":"es"},{"@type":"Organization","@id":"https:\/\/elinformativotam.com\/#organization","name":"EL INFORMATIVO DE TAMAULIPAS","url":"https:\/\/elinformativotam.com\/","logo":{"@type":"ImageObject","inLanguage":"es","@id":"https:\/\/elinformativotam.com\/#\/schema\/logo\/image\/","url":"https:\/\/elinformativotam.com\/wp-content\/uploads\/2026\/02\/Cabezal.png","contentUrl":"https:\/\/elinformativotam.com\/wp-content\/uploads\/2026\/02\/Cabezal.png","width":960,"height":640,"caption":"EL INFORMATIVO DE TAMAULIPAS"},"image":{"@id":"https:\/\/elinformativotam.com\/#\/schema\/logo\/image\/"}},{"@type":"Person","@id":"https:\/\/elinformativotam.com\/#\/schema\/person\/78e08040eed0f6110f0c5f83b6153590","name":"El Informativo Tam","image":{"@type":"ImageObject","inLanguage":"es","@id":"https:\/\/secure.gravatar.com\/avatar\/f3b7ad3af540688955925ac610647be00b0cf41feea9c4978b73a707ee86bc53?s=96&d=mm&r=g","url":"https:\/\/secure.gravatar.com\/avatar\/f3b7ad3af540688955925ac610647be00b0cf41feea9c4978b73a707ee86bc53?s=96&d=mm&r=g","contentUrl":"https:\/\/secure.gravatar.com\/avatar\/f3b7ad3af540688955925ac610647be00b0cf41feea9c4978b73a707ee86bc53?s=96&d=mm&r=g","caption":"El Informativo Tam"}}]}},"_links":{"self":[{"href":"https:\/\/elinformativotam.com\/index.php\/wp-json\/wp\/v2\/posts\/48759","targetHints":{"allow":["GET"]}}],"collection":[{"href":"https:\/\/elinformativotam.com\/index.php\/wp-json\/wp\/v2\/posts"}],"about":[{"href":"https:\/\/elinformativotam.com\/index.php\/wp-json\/wp\/v2\/types\/post"}],"author":[{"embeddable":true,"href":"https:\/\/elinformativotam.com\/index.php\/wp-json\/wp\/v2\/users\/1"}],"replies":[{"embeddable":true,"href":"https:\/\/elinformativotam.com\/index.php\/wp-json\/wp\/v2\/comments?post=48759"}],"version-history":[{"count":1,"href":"https:\/\/elinformativotam.com\/index.php\/wp-json\/wp\/v2\/posts\/48759\/revisions"}],"predecessor-version":[{"id":48761,"href":"https:\/\/elinformativotam.com\/index.php\/wp-json\/wp\/v2\/posts\/48759\/revisions\/48761"}],"wp:featuredmedia":[{"embeddable":true,"href":"https:\/\/elinformativotam.com\/index.php\/wp-json\/wp\/v2\/media\/48760"}],"wp:attachment":[{"href":"https:\/\/elinformativotam.com\/index.php\/wp-json\/wp\/v2\/media?parent=48759"}],"wp:term":[{"taxonomy":"category","embeddable":true,"href":"https:\/\/elinformativotam.com\/index.php\/wp-json\/wp\/v2\/categories?post=48759"},{"taxonomy":"post_tag","embeddable":true,"href":"https:\/\/elinformativotam.com\/index.php\/wp-json\/wp\/v2\/tags?post=48759"}],"curies":[{"name":"wp","href":"https:\/\/api.w.org\/{rel}","templated":true}]}}