{"id":48754,"date":"2024-01-30T22:00:12","date_gmt":"2024-01-31T04:00:12","guid":{"rendered":"https:\/\/elinformativotam.com\/?p=48754"},"modified":"2024-01-30T22:00:12","modified_gmt":"2024-01-31T04:00:12","slug":"homicidio-enciende-alarmas-senala-alcalde-de-madero","status":"publish","type":"post","link":"https:\/\/elinformativotam.com\/index.php\/2024\/01\/30\/homicidio-enciende-alarmas-senala-alcalde-de-madero\/","title":{"rendered":"HOMICIDIO ENCIENDE ALARMAS, SE\u00d1ALA ALCALDE DE MADERO."},"content":{"rendered":"<p>Cd. Madero, Tamaulipas.- El homicidio ocurrido la noche del domingo en la colonia Ampliaci\u00f3n de la Unidad Nacional de Madero, enciende alarmas en las autoridades, tomando en cuenta los hechos de inseguridad ocurridos hace algunos a\u00f1os en la zona.<\/p>\n<p>&nbsp;<\/p>\n<p>El alcalde Adri\u00e1n Oseguera Kernion, dijo que el asesinato de una mujer en su propia casa, provoca que las autoridades est\u00e9n al pendiente, pues no desean que esto vuelva a ocurrir.<\/p>\n<p>&nbsp;<\/p>\n<p>Exigi\u00f3 justicia para los familiares, por lo que se requiere dar de forma pronta con las personas responsables del homicidio de la se\u00f1ora Elizabeth.<\/p>\n<p>&nbsp;<\/p>\n<p>\u201cEnciende las alarmas por la situaci\u00f3n tan lamentable que pasamos a\u00f1os atr\u00e1s, entonces no queremos este tipo de situaciones en Ciudad Madero y lo lamentamos\u201d.<\/p>\n<p>&nbsp;<\/p>\n<p>Indic\u00f3 que es lamentable el asesinato que ocurri\u00f3, as\u00ed como el hecho que se registraran m\u00e1s personas lesionadas.<\/p>\n<p>&nbsp;<\/p>\n<p>Oseguera Kernion, expuso que las autoridades no pueden hablar de un hecho aislado, ya que por desgracia le quitaron la vida a una mujer, por lo que pidi\u00f3 la aplicaci\u00f3n de todo el peso de la ley contra los responsables.<\/p>\n","protected":false},"excerpt":{"rendered":"<p>Cd. Madero, Tamaulipas.- El homicidio ocurrido la noche del domingo en la colonia Ampliaci\u00f3n de la Unidad Nacional de Madero,&hellip;<\/p>\n","protected":false},"author":1,"featured_media":48389,"comment_status":"open","ping_status":"open","sticky":false,"template":"","format":"standard","meta":{"footnotes":""},"categories":[4],"tags":[],"class_list":["post-48754","post","type-post","status-publish","format-standard","has-post-thumbnail","hentry","category-madero"],"yoast_head":"<!-- This site is optimized with the Yoast SEO plugin v27.5 - https:\/\/yoast.com\/product\/yoast-seo-wordpress\/ -->\n<title>HOMICIDIO ENCIENDE ALARMAS, SE\u00d1ALA ALCALDE DE MADERO. - EL INFORMATIVO DE TAMAULIPAS<\/title>\n<meta name=\"description\" content=\"Cd. Madero, Tamaulipas.- El homicidio ocurrido la noche del domingo en la colonia Ampliaci\u00f3n de la Unidad Nacional de Madero, enciende alarmas en las\" \/>\n<meta name=\"robots\" content=\"index, follow, max-snippet:-1, max-image-preview:large, max-video-preview:-1\" \/>\n<link rel=\"canonical\" href=\"https:\/\/elinformativotam.com\/index.php\/2024\/01\/30\/homicidio-enciende-alarmas-senala-alcalde-de-madero\/\" \/>\n<meta property=\"og:locale\" content=\"es_MX\" \/>\n<meta property=\"og:type\" content=\"article\" \/>\n<meta property=\"og:title\" content=\"HOMICIDIO ENCIENDE ALARMAS, SE\u00d1ALA ALCALDE DE MADERO. - EL INFORMATIVO DE TAMAULIPAS\" \/>\n<meta property=\"og:description\" content=\"Cd. Madero, Tamaulipas.- El homicidio ocurrido la noche del domingo en la colonia Ampliaci\u00f3n de la Unidad Nacional de Madero, enciende alarmas en las\" \/>\n<meta property=\"og:url\" content=\"https:\/\/elinformativotam.com\/index.php\/2024\/01\/30\/homicidio-enciende-alarmas-senala-alcalde-de-madero\/\" \/>\n<meta property=\"og:site_name\" content=\"EL INFORMATIVO DE TAMAULIPAS\" \/>\n<meta property=\"article:published_time\" content=\"2024-01-31T04:00:12+00:00\" \/>\n<meta property=\"og:image\" content=\"https:\/\/elinformativotam.com\/wp-content\/uploads\/2024\/01\/Adrian.jpeg\" \/>\n\t<meta property=\"og:image:width\" content=\"1600\" \/>\n\t<meta property=\"og:image:height\" content=\"1200\" \/>\n\t<meta property=\"og:image:type\" content=\"image\/jpeg\" \/>\n<meta name=\"author\" content=\"El Informativo Tam\" \/>\n<meta name=\"twitter:card\" content=\"summary_large_image\" \/>\n<meta name=\"twitter:label1\" content=\"Escrito por\" \/>\n\t<meta name=\"twitter:data1\" content=\"El Informativo Tam\" \/>\n\t<meta name=\"twitter:label2\" content=\"Tiempo de lectura\" \/>\n\t<meta name=\"twitter:data2\" content=\"2 minutos\" \/>\n<script type=\"application\/ld+json\" class=\"yoast-schema-graph\">{\"@context\":\"https:\\\/\\\/schema.org\",\"@graph\":[{\"@type\":\"Article\",\"@id\":\"https:\\\/\\\/elinformativotam.com\\\/index.php\\\/2024\\\/01\\\/30\\\/homicidio-enciende-alarmas-senala-alcalde-de-madero\\\/#article\",\"isPartOf\":{\"@id\":\"https:\\\/\\\/elinformativotam.com\\\/index.php\\\/2024\\\/01\\\/30\\\/homicidio-enciende-alarmas-senala-alcalde-de-madero\\\/\"},\"author\":{\"name\":\"El Informativo Tam\",\"@id\":\"https:\\\/\\\/elinformativotam.com\\\/#\\\/schema\\\/person\\\/78e08040eed0f6110f0c5f83b6153590\"},\"headline\":\"HOMICIDIO ENCIENDE ALARMAS, SE\u00d1ALA ALCALDE DE MADERO.\",\"datePublished\":\"2024-01-31T04:00:12+00:00\",\"mainEntityOfPage\":{\"@id\":\"https:\\\/\\\/elinformativotam.com\\\/index.php\\\/2024\\\/01\\\/30\\\/homicidio-enciende-alarmas-senala-alcalde-de-madero\\\/\"},\"wordCount\":201,\"commentCount\":0,\"publisher\":{\"@id\":\"https:\\\/\\\/elinformativotam.com\\\/#organization\"},\"image\":{\"@id\":\"https:\\\/\\\/elinformativotam.com\\\/index.php\\\/2024\\\/01\\\/30\\\/homicidio-enciende-alarmas-senala-alcalde-de-madero\\\/#primaryimage\"},\"thumbnailUrl\":\"https:\\\/\\\/elinformativotam.com\\\/wp-content\\\/uploads\\\/2024\\\/01\\\/Adrian.jpeg\",\"articleSection\":[\"Cd Madero\"],\"inLanguage\":\"es\",\"potentialAction\":[{\"@type\":\"CommentAction\",\"name\":\"Comment\",\"target\":[\"https:\\\/\\\/elinformativotam.com\\\/index.php\\\/2024\\\/01\\\/30\\\/homicidio-enciende-alarmas-senala-alcalde-de-madero\\\/#respond\"]}]},{\"@type\":\"WebPage\",\"@id\":\"https:\\\/\\\/elinformativotam.com\\\/index.php\\\/2024\\\/01\\\/30\\\/homicidio-enciende-alarmas-senala-alcalde-de-madero\\\/\",\"url\":\"https:\\\/\\\/elinformativotam.com\\\/index.php\\\/2024\\\/01\\\/30\\\/homicidio-enciende-alarmas-senala-alcalde-de-madero\\\/\",\"name\":\"HOMICIDIO ENCIENDE ALARMAS, SE\u00d1ALA ALCALDE DE MADERO. - EL INFORMATIVO DE TAMAULIPAS\",\"isPartOf\":{\"@id\":\"https:\\\/\\\/elinformativotam.com\\\/#website\"},\"primaryImageOfPage\":{\"@id\":\"https:\\\/\\\/elinformativotam.com\\\/index.php\\\/2024\\\/01\\\/30\\\/homicidio-enciende-alarmas-senala-alcalde-de-madero\\\/#primaryimage\"},\"image\":{\"@id\":\"https:\\\/\\\/elinformativotam.com\\\/index.php\\\/2024\\\/01\\\/30\\\/homicidio-enciende-alarmas-senala-alcalde-de-madero\\\/#primaryimage\"},\"thumbnailUrl\":\"https:\\\/\\\/elinformativotam.com\\\/wp-content\\\/uploads\\\/2024\\\/01\\\/Adrian.jpeg\",\"datePublished\":\"2024-01-31T04:00:12+00:00\",\"description\":\"Cd. Madero, Tamaulipas.- El homicidio ocurrido la noche del domingo en la colonia Ampliaci\u00f3n de la Unidad Nacional de Madero, enciende alarmas en las\",\"inLanguage\":\"es\",\"potentialAction\":[{\"@type\":\"ReadAction\",\"target\":[\"https:\\\/\\\/elinformativotam.com\\\/index.php\\\/2024\\\/01\\\/30\\\/homicidio-enciende-alarmas-senala-alcalde-de-madero\\\/\"]}]},{\"@type\":\"ImageObject\",\"inLanguage\":\"es\",\"@id\":\"https:\\\/\\\/elinformativotam.com\\\/index.php\\\/2024\\\/01\\\/30\\\/homicidio-enciende-alarmas-senala-alcalde-de-madero\\\/#primaryimage\",\"url\":\"https:\\\/\\\/elinformativotam.com\\\/wp-content\\\/uploads\\\/2024\\\/01\\\/Adrian.jpeg\",\"contentUrl\":\"https:\\\/\\\/elinformativotam.com\\\/wp-content\\\/uploads\\\/2024\\\/01\\\/Adrian.jpeg\",\"width\":1600,\"height\":1200},{\"@type\":\"WebSite\",\"@id\":\"https:\\\/\\\/elinformativotam.com\\\/#website\",\"url\":\"https:\\\/\\\/elinformativotam.com\\\/\",\"name\":\"EL INFORMATIVO DE TAMAULIPAS\",\"description\":\"Desde la Zona Metropolitana Para Todo M\u00e9xico\",\"publisher\":{\"@id\":\"https:\\\/\\\/elinformativotam.com\\\/#organization\"},\"potentialAction\":[{\"@type\":\"SearchAction\",\"target\":{\"@type\":\"EntryPoint\",\"urlTemplate\":\"https:\\\/\\\/elinformativotam.com\\\/?s={search_term_string}\"},\"query-input\":{\"@type\":\"PropertyValueSpecification\",\"valueRequired\":true,\"valueName\":\"search_term_string\"}}],\"inLanguage\":\"es\"},{\"@type\":\"Organization\",\"@id\":\"https:\\\/\\\/elinformativotam.com\\\/#organization\",\"name\":\"EL INFORMATIVO DE TAMAULIPAS\",\"url\":\"https:\\\/\\\/elinformativotam.com\\\/\",\"logo\":{\"@type\":\"ImageObject\",\"inLanguage\":\"es\",\"@id\":\"https:\\\/\\\/elinformativotam.com\\\/#\\\/schema\\\/logo\\\/image\\\/\",\"url\":\"https:\\\/\\\/elinformativotam.com\\\/wp-content\\\/uploads\\\/2026\\\/02\\\/Cabezal.png\",\"contentUrl\":\"https:\\\/\\\/elinformativotam.com\\\/wp-content\\\/uploads\\\/2026\\\/02\\\/Cabezal.png\",\"width\":960,\"height\":640,\"caption\":\"EL INFORMATIVO DE TAMAULIPAS\"},\"image\":{\"@id\":\"https:\\\/\\\/elinformativotam.com\\\/#\\\/schema\\\/logo\\\/image\\\/\"}},{\"@type\":\"Person\",\"@id\":\"https:\\\/\\\/elinformativotam.com\\\/#\\\/schema\\\/person\\\/78e08040eed0f6110f0c5f83b6153590\",\"name\":\"El Informativo Tam\",\"image\":{\"@type\":\"ImageObject\",\"inLanguage\":\"es\",\"@id\":\"https:\\\/\\\/secure.gravatar.com\\\/avatar\\\/f3b7ad3af540688955925ac610647be00b0cf41feea9c4978b73a707ee86bc53?s=96&d=mm&r=g\",\"url\":\"https:\\\/\\\/secure.gravatar.com\\\/avatar\\\/f3b7ad3af540688955925ac610647be00b0cf41feea9c4978b73a707ee86bc53?s=96&d=mm&r=g\",\"contentUrl\":\"https:\\\/\\\/secure.gravatar.com\\\/avatar\\\/f3b7ad3af540688955925ac610647be00b0cf41feea9c4978b73a707ee86bc53?s=96&d=mm&r=g\",\"caption\":\"El Informativo Tam\"}}]}<\/script>\n<!-- \/ Yoast SEO plugin. -->","yoast_head_json":{"title":"HOMICIDIO ENCIENDE ALARMAS, SE\u00d1ALA ALCALDE DE MADERO. - EL INFORMATIVO DE TAMAULIPAS","description":"Cd. Madero, Tamaulipas.- El homicidio ocurrido la noche del domingo en la colonia Ampliaci\u00f3n de la Unidad Nacional de Madero, enciende alarmas en las","robots":{"index":"index","follow":"follow","max-snippet":"max-snippet:-1","max-image-preview":"max-image-preview:large","max-video-preview":"max-video-preview:-1"},"canonical":"https:\/\/elinformativotam.com\/index.php\/2024\/01\/30\/homicidio-enciende-alarmas-senala-alcalde-de-madero\/","og_locale":"es_MX","og_type":"article","og_title":"HOMICIDIO ENCIENDE ALARMAS, SE\u00d1ALA ALCALDE DE MADERO. - EL INFORMATIVO DE TAMAULIPAS","og_description":"Cd. Madero, Tamaulipas.- El homicidio ocurrido la noche del domingo en la colonia Ampliaci\u00f3n de la Unidad Nacional de Madero, enciende alarmas en las","og_url":"https:\/\/elinformativotam.com\/index.php\/2024\/01\/30\/homicidio-enciende-alarmas-senala-alcalde-de-madero\/","og_site_name":"EL INFORMATIVO DE TAMAULIPAS","article_published_time":"2024-01-31T04:00:12+00:00","og_image":[{"width":1600,"height":1200,"url":"https:\/\/elinformativotam.com\/wp-content\/uploads\/2024\/01\/Adrian.jpeg","type":"image\/jpeg"}],"author":"El Informativo Tam","twitter_card":"summary_large_image","twitter_misc":{"Escrito por":"El Informativo Tam","Tiempo de lectura":"2 minutos"},"schema":{"@context":"https:\/\/schema.org","@graph":[{"@type":"Article","@id":"https:\/\/elinformativotam.com\/index.php\/2024\/01\/30\/homicidio-enciende-alarmas-senala-alcalde-de-madero\/#article","isPartOf":{"@id":"https:\/\/elinformativotam.com\/index.php\/2024\/01\/30\/homicidio-enciende-alarmas-senala-alcalde-de-madero\/"},"author":{"name":"El Informativo Tam","@id":"https:\/\/elinformativotam.com\/#\/schema\/person\/78e08040eed0f6110f0c5f83b6153590"},"headline":"HOMICIDIO ENCIENDE ALARMAS, SE\u00d1ALA ALCALDE DE MADERO.","datePublished":"2024-01-31T04:00:12+00:00","mainEntityOfPage":{"@id":"https:\/\/elinformativotam.com\/index.php\/2024\/01\/30\/homicidio-enciende-alarmas-senala-alcalde-de-madero\/"},"wordCount":201,"commentCount":0,"publisher":{"@id":"https:\/\/elinformativotam.com\/#organization"},"image":{"@id":"https:\/\/elinformativotam.com\/index.php\/2024\/01\/30\/homicidio-enciende-alarmas-senala-alcalde-de-madero\/#primaryimage"},"thumbnailUrl":"https:\/\/elinformativotam.com\/wp-content\/uploads\/2024\/01\/Adrian.jpeg","articleSection":["Cd Madero"],"inLanguage":"es","potentialAction":[{"@type":"CommentAction","name":"Comment","target":["https:\/\/elinformativotam.com\/index.php\/2024\/01\/30\/homicidio-enciende-alarmas-senala-alcalde-de-madero\/#respond"]}]},{"@type":"WebPage","@id":"https:\/\/elinformativotam.com\/index.php\/2024\/01\/30\/homicidio-enciende-alarmas-senala-alcalde-de-madero\/","url":"https:\/\/elinformativotam.com\/index.php\/2024\/01\/30\/homicidio-enciende-alarmas-senala-alcalde-de-madero\/","name":"HOMICIDIO ENCIENDE ALARMAS, SE\u00d1ALA ALCALDE DE MADERO. - EL INFORMATIVO DE TAMAULIPAS","isPartOf":{"@id":"https:\/\/elinformativotam.com\/#website"},"primaryImageOfPage":{"@id":"https:\/\/elinformativotam.com\/index.php\/2024\/01\/30\/homicidio-enciende-alarmas-senala-alcalde-de-madero\/#primaryimage"},"image":{"@id":"https:\/\/elinformativotam.com\/index.php\/2024\/01\/30\/homicidio-enciende-alarmas-senala-alcalde-de-madero\/#primaryimage"},"thumbnailUrl":"https:\/\/elinformativotam.com\/wp-content\/uploads\/2024\/01\/Adrian.jpeg","datePublished":"2024-01-31T04:00:12+00:00","description":"Cd. Madero, Tamaulipas.- El homicidio ocurrido la noche del domingo en la colonia Ampliaci\u00f3n de la Unidad Nacional de Madero, enciende alarmas en las","inLanguage":"es","potentialAction":[{"@type":"ReadAction","target":["https:\/\/elinformativotam.com\/index.php\/2024\/01\/30\/homicidio-enciende-alarmas-senala-alcalde-de-madero\/"]}]},{"@type":"ImageObject","inLanguage":"es","@id":"https:\/\/elinformativotam.com\/index.php\/2024\/01\/30\/homicidio-enciende-alarmas-senala-alcalde-de-madero\/#primaryimage","url":"https:\/\/elinformativotam.com\/wp-content\/uploads\/2024\/01\/Adrian.jpeg","contentUrl":"https:\/\/elinformativotam.com\/wp-content\/uploads\/2024\/01\/Adrian.jpeg","width":1600,"height":1200},{"@type":"WebSite","@id":"https:\/\/elinformativotam.com\/#website","url":"https:\/\/elinformativotam.com\/","name":"EL INFORMATIVO DE TAMAULIPAS","description":"Desde la Zona Metropolitana Para Todo M\u00e9xico","publisher":{"@id":"https:\/\/elinformativotam.com\/#organization"},"potentialAction":[{"@type":"SearchAction","target":{"@type":"EntryPoint","urlTemplate":"https:\/\/elinformativotam.com\/?s={search_term_string}"},"query-input":{"@type":"PropertyValueSpecification","valueRequired":true,"valueName":"search_term_string"}}],"inLanguage":"es"},{"@type":"Organization","@id":"https:\/\/elinformativotam.com\/#organization","name":"EL INFORMATIVO DE TAMAULIPAS","url":"https:\/\/elinformativotam.com\/","logo":{"@type":"ImageObject","inLanguage":"es","@id":"https:\/\/elinformativotam.com\/#\/schema\/logo\/image\/","url":"https:\/\/elinformativotam.com\/wp-content\/uploads\/2026\/02\/Cabezal.png","contentUrl":"https:\/\/elinformativotam.com\/wp-content\/uploads\/2026\/02\/Cabezal.png","width":960,"height":640,"caption":"EL INFORMATIVO DE TAMAULIPAS"},"image":{"@id":"https:\/\/elinformativotam.com\/#\/schema\/logo\/image\/"}},{"@type":"Person","@id":"https:\/\/elinformativotam.com\/#\/schema\/person\/78e08040eed0f6110f0c5f83b6153590","name":"El Informativo Tam","image":{"@type":"ImageObject","inLanguage":"es","@id":"https:\/\/secure.gravatar.com\/avatar\/f3b7ad3af540688955925ac610647be00b0cf41feea9c4978b73a707ee86bc53?s=96&d=mm&r=g","url":"https:\/\/secure.gravatar.com\/avatar\/f3b7ad3af540688955925ac610647be00b0cf41feea9c4978b73a707ee86bc53?s=96&d=mm&r=g","contentUrl":"https:\/\/secure.gravatar.com\/avatar\/f3b7ad3af540688955925ac610647be00b0cf41feea9c4978b73a707ee86bc53?s=96&d=mm&r=g","caption":"El Informativo Tam"}}]}},"_links":{"self":[{"href":"https:\/\/elinformativotam.com\/index.php\/wp-json\/wp\/v2\/posts\/48754","targetHints":{"allow":["GET"]}}],"collection":[{"href":"https:\/\/elinformativotam.com\/index.php\/wp-json\/wp\/v2\/posts"}],"about":[{"href":"https:\/\/elinformativotam.com\/index.php\/wp-json\/wp\/v2\/types\/post"}],"author":[{"embeddable":true,"href":"https:\/\/elinformativotam.com\/index.php\/wp-json\/wp\/v2\/users\/1"}],"replies":[{"embeddable":true,"href":"https:\/\/elinformativotam.com\/index.php\/wp-json\/wp\/v2\/comments?post=48754"}],"version-history":[{"count":1,"href":"https:\/\/elinformativotam.com\/index.php\/wp-json\/wp\/v2\/posts\/48754\/revisions"}],"predecessor-version":[{"id":48755,"href":"https:\/\/elinformativotam.com\/index.php\/wp-json\/wp\/v2\/posts\/48754\/revisions\/48755"}],"wp:featuredmedia":[{"embeddable":true,"href":"https:\/\/elinformativotam.com\/index.php\/wp-json\/wp\/v2\/media\/48389"}],"wp:attachment":[{"href":"https:\/\/elinformativotam.com\/index.php\/wp-json\/wp\/v2\/media?parent=48754"}],"wp:term":[{"taxonomy":"category","embeddable":true,"href":"https:\/\/elinformativotam.com\/index.php\/wp-json\/wp\/v2\/categories?post=48754"},{"taxonomy":"post_tag","embeddable":true,"href":"https:\/\/elinformativotam.com\/index.php\/wp-json\/wp\/v2\/tags?post=48754"}],"curies":[{"name":"wp","href":"https:\/\/api.w.org\/{rel}","templated":true}]}}