{"id":48744,"date":"2024-01-30T09:16:23","date_gmt":"2024-01-30T15:16:23","guid":{"rendered":"https:\/\/elinformativotam.com\/?p=48744"},"modified":"2024-01-30T09:16:23","modified_gmt":"2024-01-30T15:16:23","slug":"necesario-que-ietam-inicie-de-manera-adecuada-eleccion-en-tampico","status":"publish","type":"post","link":"https:\/\/elinformativotam.com\/index.php\/2024\/01\/30\/necesario-que-ietam-inicie-de-manera-adecuada-eleccion-en-tampico\/","title":{"rendered":"NECESARIO QUE IETAM INICIE DE MANERA ADECUADA ELECCI\u00d3N EN TAMPICO"},"content":{"rendered":"<h2 style=\"text-align: center;\"><em><span style=\"font-family: 'times new roman', times;\">*Los Consejos Electorales Deben Instalarse F\u00edsicamente Como Debe Ser<\/span><\/em><\/h2>\n<p>Los consejos municipal y distritales que estar\u00e1n encabezando la elecci\u00f3n en Tampico deber\u00e1n de estar situados en lugares estrat\u00e9gicos que permitan un r\u00e1pido acceso ha qui\u00e9nes estar\u00e1n involucrados directa e indirectamente en los comicios del 2 de junio, se\u00f1al\u00f3 el Presidente del PT en esta ciudad, Mart\u00edn Castellanos Castel\u00e1n.<\/p>\n<p>&nbsp;<\/p>\n<p>Mencion\u00f3 que ser\u00e1 \u00e9ste pr\u00f3ximo domingo cuando los integrantes del consejo municipal electoral as\u00ed como los dos distritales (21y22) sesionen por primera vez para dejarlos instalados de manera formal, de cara al comienzo de lo que ser\u00e1 el pr\u00f3ximo registro de candidatos.<\/p>\n<p>&nbsp;<\/p>\n<p>Se\u00f1al\u00f3 que el consejo municipal deber\u00e1 estar ubicado en un lugar c\u00e9ntrico, o por lo menos de acceso r\u00e1pido, debido a que tendr\u00e1 mucha actividad al tratarse de la renovaci\u00f3n del ayuntamiento.<\/p>\n<p>&nbsp;<\/p>\n<p>Manifest\u00f3 que otro caso igual son los dos consejos distritales, el 21 que se ubicar\u00e1 en la zona norte y el 22 en la parte centro de la ciudad, sitios que tambi\u00e9n deber\u00e1n estar no muy lejanos y s\u00ed con una localizaci\u00f3n acorde a la importancia que tendr\u00e1n pata la democracia en unos d\u00edas m\u00e1s.<\/p>\n<p>&nbsp;<\/p>\n<p>Reiter\u00f3 que una vez tomando protesta los presidentes y consejeros, respectivamente, debieron de comenzar a informar la ubicaci\u00f3n que tendr\u00e1n \u00e9stos, pues record\u00f3 que en varias ocasiones en la primera sesi\u00f3n han tenido que hacerlo en caf\u00e9s o en sitios que no corresponden a la importancia que requiere la elecci\u00f3n local.<\/p>\n<p>&nbsp;<\/p>\n<p>&#8220;El domingo pr\u00f3ximo habr\u00e1n de instalarse los tres consejos locales y hasta el momento no sabemos los lugares en donde habr\u00e1n de ubicarse, ser\u00eda bueno que ya comenzaran a informarlo a los partidos pol\u00edticos&#8221;, dijo el representante del PT<\/p>\n<p>&nbsp;<\/p>\n<p>Resalt\u00f3 que el IETAM es el \u00f3rgano electoral local importante que habr\u00e1 de regir la elecci\u00f3n en los 43 municipios as\u00ed como la renovaci\u00f3n del Congreso Local, y por ello es de vital importancia que desde la instalaci\u00f3n de dichos consejos impere la seriedad que requiere esta clase de elecci\u00f3n recurrente.<\/p>\n","protected":false},"excerpt":{"rendered":"<p>*Los Consejos Electorales Deben Instalarse F\u00edsicamente Como Debe Ser Los consejos municipal y distritales que estar\u00e1n encabezando la elecci\u00f3n en&hellip;<\/p>\n","protected":false},"author":1,"featured_media":48745,"comment_status":"open","ping_status":"open","sticky":false,"template":"","format":"standard","meta":{"footnotes":""},"categories":[3],"tags":[],"class_list":["post-48744","post","type-post","status-publish","format-standard","has-post-thumbnail","hentry","category-tampico"],"yoast_head":"<!-- This site is optimized with the Yoast SEO plugin v27.5 - https:\/\/yoast.com\/product\/yoast-seo-wordpress\/ -->\n<title>NECESARIO QUE IETAM INICIE DE MANERA ADECUADA ELECCI\u00d3N EN TAMPICO - EL INFORMATIVO DE TAMAULIPAS<\/title>\n<meta name=\"description\" content=\"*Los Consejos Electorales Deben Instalarse F\u00edsicamente Como Debe Ser Los consejos municipal y distritales que estar\u00e1n encabezando la elecci\u00f3n en Tampico\" \/>\n<meta name=\"robots\" content=\"index, follow, max-snippet:-1, max-image-preview:large, max-video-preview:-1\" \/>\n<link rel=\"canonical\" href=\"https:\/\/elinformativotam.com\/index.php\/2024\/01\/30\/necesario-que-ietam-inicie-de-manera-adecuada-eleccion-en-tampico\/\" \/>\n<meta property=\"og:locale\" content=\"es_MX\" \/>\n<meta property=\"og:type\" content=\"article\" \/>\n<meta property=\"og:title\" content=\"NECESARIO QUE IETAM INICIE DE MANERA ADECUADA ELECCI\u00d3N EN TAMPICO - EL INFORMATIVO DE TAMAULIPAS\" \/>\n<meta property=\"og:description\" content=\"*Los Consejos Electorales Deben Instalarse F\u00edsicamente Como Debe Ser Los consejos municipal y distritales que estar\u00e1n encabezando la elecci\u00f3n en Tampico\" \/>\n<meta property=\"og:url\" content=\"https:\/\/elinformativotam.com\/index.php\/2024\/01\/30\/necesario-que-ietam-inicie-de-manera-adecuada-eleccion-en-tampico\/\" \/>\n<meta property=\"og:site_name\" content=\"EL INFORMATIVO DE TAMAULIPAS\" \/>\n<meta property=\"article:published_time\" content=\"2024-01-30T15:16:23+00:00\" \/>\n<meta property=\"og:image\" content=\"https:\/\/elinformativotam.com\/wp-content\/uploads\/2024\/01\/PT-1.jpg\" \/>\n\t<meta property=\"og:image:width\" content=\"1040\" \/>\n\t<meta property=\"og:image:height\" content=\"780\" \/>\n\t<meta property=\"og:image:type\" content=\"image\/jpeg\" \/>\n<meta name=\"author\" content=\"El Informativo Tam\" \/>\n<meta name=\"twitter:card\" content=\"summary_large_image\" \/>\n<meta name=\"twitter:label1\" content=\"Escrito por\" \/>\n\t<meta name=\"twitter:data1\" content=\"El Informativo Tam\" \/>\n\t<meta name=\"twitter:label2\" content=\"Tiempo de lectura\" \/>\n\t<meta name=\"twitter:data2\" content=\"2 minutos\" \/>\n<script type=\"application\/ld+json\" class=\"yoast-schema-graph\">{\"@context\":\"https:\\\/\\\/schema.org\",\"@graph\":[{\"@type\":\"Article\",\"@id\":\"https:\\\/\\\/elinformativotam.com\\\/index.php\\\/2024\\\/01\\\/30\\\/necesario-que-ietam-inicie-de-manera-adecuada-eleccion-en-tampico\\\/#article\",\"isPartOf\":{\"@id\":\"https:\\\/\\\/elinformativotam.com\\\/index.php\\\/2024\\\/01\\\/30\\\/necesario-que-ietam-inicie-de-manera-adecuada-eleccion-en-tampico\\\/\"},\"author\":{\"name\":\"El Informativo Tam\",\"@id\":\"https:\\\/\\\/elinformativotam.com\\\/#\\\/schema\\\/person\\\/78e08040eed0f6110f0c5f83b6153590\"},\"headline\":\"NECESARIO QUE IETAM INICIE DE MANERA ADECUADA ELECCI\u00d3N EN TAMPICO\",\"datePublished\":\"2024-01-30T15:16:23+00:00\",\"mainEntityOfPage\":{\"@id\":\"https:\\\/\\\/elinformativotam.com\\\/index.php\\\/2024\\\/01\\\/30\\\/necesario-que-ietam-inicie-de-manera-adecuada-eleccion-en-tampico\\\/\"},\"wordCount\":378,\"commentCount\":0,\"publisher\":{\"@id\":\"https:\\\/\\\/elinformativotam.com\\\/#organization\"},\"image\":{\"@id\":\"https:\\\/\\\/elinformativotam.com\\\/index.php\\\/2024\\\/01\\\/30\\\/necesario-que-ietam-inicie-de-manera-adecuada-eleccion-en-tampico\\\/#primaryimage\"},\"thumbnailUrl\":\"https:\\\/\\\/elinformativotam.com\\\/wp-content\\\/uploads\\\/2024\\\/01\\\/PT-1.jpg\",\"articleSection\":[\"Tampico\"],\"inLanguage\":\"es\",\"potentialAction\":[{\"@type\":\"CommentAction\",\"name\":\"Comment\",\"target\":[\"https:\\\/\\\/elinformativotam.com\\\/index.php\\\/2024\\\/01\\\/30\\\/necesario-que-ietam-inicie-de-manera-adecuada-eleccion-en-tampico\\\/#respond\"]}]},{\"@type\":\"WebPage\",\"@id\":\"https:\\\/\\\/elinformativotam.com\\\/index.php\\\/2024\\\/01\\\/30\\\/necesario-que-ietam-inicie-de-manera-adecuada-eleccion-en-tampico\\\/\",\"url\":\"https:\\\/\\\/elinformativotam.com\\\/index.php\\\/2024\\\/01\\\/30\\\/necesario-que-ietam-inicie-de-manera-adecuada-eleccion-en-tampico\\\/\",\"name\":\"NECESARIO QUE IETAM INICIE DE MANERA ADECUADA ELECCI\u00d3N EN TAMPICO - EL INFORMATIVO DE TAMAULIPAS\",\"isPartOf\":{\"@id\":\"https:\\\/\\\/elinformativotam.com\\\/#website\"},\"primaryImageOfPage\":{\"@id\":\"https:\\\/\\\/elinformativotam.com\\\/index.php\\\/2024\\\/01\\\/30\\\/necesario-que-ietam-inicie-de-manera-adecuada-eleccion-en-tampico\\\/#primaryimage\"},\"image\":{\"@id\":\"https:\\\/\\\/elinformativotam.com\\\/index.php\\\/2024\\\/01\\\/30\\\/necesario-que-ietam-inicie-de-manera-adecuada-eleccion-en-tampico\\\/#primaryimage\"},\"thumbnailUrl\":\"https:\\\/\\\/elinformativotam.com\\\/wp-content\\\/uploads\\\/2024\\\/01\\\/PT-1.jpg\",\"datePublished\":\"2024-01-30T15:16:23+00:00\",\"description\":\"*Los Consejos Electorales Deben Instalarse F\u00edsicamente Como Debe Ser Los consejos municipal y distritales que estar\u00e1n encabezando la elecci\u00f3n en Tampico\",\"inLanguage\":\"es\",\"potentialAction\":[{\"@type\":\"ReadAction\",\"target\":[\"https:\\\/\\\/elinformativotam.com\\\/index.php\\\/2024\\\/01\\\/30\\\/necesario-que-ietam-inicie-de-manera-adecuada-eleccion-en-tampico\\\/\"]}]},{\"@type\":\"ImageObject\",\"inLanguage\":\"es\",\"@id\":\"https:\\\/\\\/elinformativotam.com\\\/index.php\\\/2024\\\/01\\\/30\\\/necesario-que-ietam-inicie-de-manera-adecuada-eleccion-en-tampico\\\/#primaryimage\",\"url\":\"https:\\\/\\\/elinformativotam.com\\\/wp-content\\\/uploads\\\/2024\\\/01\\\/PT-1.jpg\",\"contentUrl\":\"https:\\\/\\\/elinformativotam.com\\\/wp-content\\\/uploads\\\/2024\\\/01\\\/PT-1.jpg\",\"width\":1040,\"height\":780},{\"@type\":\"WebSite\",\"@id\":\"https:\\\/\\\/elinformativotam.com\\\/#website\",\"url\":\"https:\\\/\\\/elinformativotam.com\\\/\",\"name\":\"EL INFORMATIVO DE TAMAULIPAS\",\"description\":\"Desde la Zona Metropolitana Para Todo M\u00e9xico\",\"publisher\":{\"@id\":\"https:\\\/\\\/elinformativotam.com\\\/#organization\"},\"potentialAction\":[{\"@type\":\"SearchAction\",\"target\":{\"@type\":\"EntryPoint\",\"urlTemplate\":\"https:\\\/\\\/elinformativotam.com\\\/?s={search_term_string}\"},\"query-input\":{\"@type\":\"PropertyValueSpecification\",\"valueRequired\":true,\"valueName\":\"search_term_string\"}}],\"inLanguage\":\"es\"},{\"@type\":\"Organization\",\"@id\":\"https:\\\/\\\/elinformativotam.com\\\/#organization\",\"name\":\"EL INFORMATIVO DE TAMAULIPAS\",\"url\":\"https:\\\/\\\/elinformativotam.com\\\/\",\"logo\":{\"@type\":\"ImageObject\",\"inLanguage\":\"es\",\"@id\":\"https:\\\/\\\/elinformativotam.com\\\/#\\\/schema\\\/logo\\\/image\\\/\",\"url\":\"https:\\\/\\\/elinformativotam.com\\\/wp-content\\\/uploads\\\/2026\\\/02\\\/Cabezal.png\",\"contentUrl\":\"https:\\\/\\\/elinformativotam.com\\\/wp-content\\\/uploads\\\/2026\\\/02\\\/Cabezal.png\",\"width\":960,\"height\":640,\"caption\":\"EL INFORMATIVO DE TAMAULIPAS\"},\"image\":{\"@id\":\"https:\\\/\\\/elinformativotam.com\\\/#\\\/schema\\\/logo\\\/image\\\/\"}},{\"@type\":\"Person\",\"@id\":\"https:\\\/\\\/elinformativotam.com\\\/#\\\/schema\\\/person\\\/78e08040eed0f6110f0c5f83b6153590\",\"name\":\"El Informativo Tam\",\"image\":{\"@type\":\"ImageObject\",\"inLanguage\":\"es\",\"@id\":\"https:\\\/\\\/secure.gravatar.com\\\/avatar\\\/f3b7ad3af540688955925ac610647be00b0cf41feea9c4978b73a707ee86bc53?s=96&d=mm&r=g\",\"url\":\"https:\\\/\\\/secure.gravatar.com\\\/avatar\\\/f3b7ad3af540688955925ac610647be00b0cf41feea9c4978b73a707ee86bc53?s=96&d=mm&r=g\",\"contentUrl\":\"https:\\\/\\\/secure.gravatar.com\\\/avatar\\\/f3b7ad3af540688955925ac610647be00b0cf41feea9c4978b73a707ee86bc53?s=96&d=mm&r=g\",\"caption\":\"El Informativo Tam\"}}]}<\/script>\n<!-- \/ Yoast SEO plugin. -->","yoast_head_json":{"title":"NECESARIO QUE IETAM INICIE DE MANERA ADECUADA ELECCI\u00d3N EN TAMPICO - EL INFORMATIVO DE TAMAULIPAS","description":"*Los Consejos Electorales Deben Instalarse F\u00edsicamente Como Debe Ser Los consejos municipal y distritales que estar\u00e1n encabezando la elecci\u00f3n en Tampico","robots":{"index":"index","follow":"follow","max-snippet":"max-snippet:-1","max-image-preview":"max-image-preview:large","max-video-preview":"max-video-preview:-1"},"canonical":"https:\/\/elinformativotam.com\/index.php\/2024\/01\/30\/necesario-que-ietam-inicie-de-manera-adecuada-eleccion-en-tampico\/","og_locale":"es_MX","og_type":"article","og_title":"NECESARIO QUE IETAM INICIE DE MANERA ADECUADA ELECCI\u00d3N EN TAMPICO - EL INFORMATIVO DE TAMAULIPAS","og_description":"*Los Consejos Electorales Deben Instalarse F\u00edsicamente Como Debe Ser Los consejos municipal y distritales que estar\u00e1n encabezando la elecci\u00f3n en Tampico","og_url":"https:\/\/elinformativotam.com\/index.php\/2024\/01\/30\/necesario-que-ietam-inicie-de-manera-adecuada-eleccion-en-tampico\/","og_site_name":"EL INFORMATIVO DE TAMAULIPAS","article_published_time":"2024-01-30T15:16:23+00:00","og_image":[{"width":1040,"height":780,"url":"https:\/\/elinformativotam.com\/wp-content\/uploads\/2024\/01\/PT-1.jpg","type":"image\/jpeg"}],"author":"El Informativo Tam","twitter_card":"summary_large_image","twitter_misc":{"Escrito por":"El Informativo Tam","Tiempo de lectura":"2 minutos"},"schema":{"@context":"https:\/\/schema.org","@graph":[{"@type":"Article","@id":"https:\/\/elinformativotam.com\/index.php\/2024\/01\/30\/necesario-que-ietam-inicie-de-manera-adecuada-eleccion-en-tampico\/#article","isPartOf":{"@id":"https:\/\/elinformativotam.com\/index.php\/2024\/01\/30\/necesario-que-ietam-inicie-de-manera-adecuada-eleccion-en-tampico\/"},"author":{"name":"El Informativo Tam","@id":"https:\/\/elinformativotam.com\/#\/schema\/person\/78e08040eed0f6110f0c5f83b6153590"},"headline":"NECESARIO QUE IETAM INICIE DE MANERA ADECUADA ELECCI\u00d3N EN TAMPICO","datePublished":"2024-01-30T15:16:23+00:00","mainEntityOfPage":{"@id":"https:\/\/elinformativotam.com\/index.php\/2024\/01\/30\/necesario-que-ietam-inicie-de-manera-adecuada-eleccion-en-tampico\/"},"wordCount":378,"commentCount":0,"publisher":{"@id":"https:\/\/elinformativotam.com\/#organization"},"image":{"@id":"https:\/\/elinformativotam.com\/index.php\/2024\/01\/30\/necesario-que-ietam-inicie-de-manera-adecuada-eleccion-en-tampico\/#primaryimage"},"thumbnailUrl":"https:\/\/elinformativotam.com\/wp-content\/uploads\/2024\/01\/PT-1.jpg","articleSection":["Tampico"],"inLanguage":"es","potentialAction":[{"@type":"CommentAction","name":"Comment","target":["https:\/\/elinformativotam.com\/index.php\/2024\/01\/30\/necesario-que-ietam-inicie-de-manera-adecuada-eleccion-en-tampico\/#respond"]}]},{"@type":"WebPage","@id":"https:\/\/elinformativotam.com\/index.php\/2024\/01\/30\/necesario-que-ietam-inicie-de-manera-adecuada-eleccion-en-tampico\/","url":"https:\/\/elinformativotam.com\/index.php\/2024\/01\/30\/necesario-que-ietam-inicie-de-manera-adecuada-eleccion-en-tampico\/","name":"NECESARIO QUE IETAM INICIE DE MANERA ADECUADA ELECCI\u00d3N EN TAMPICO - EL INFORMATIVO DE TAMAULIPAS","isPartOf":{"@id":"https:\/\/elinformativotam.com\/#website"},"primaryImageOfPage":{"@id":"https:\/\/elinformativotam.com\/index.php\/2024\/01\/30\/necesario-que-ietam-inicie-de-manera-adecuada-eleccion-en-tampico\/#primaryimage"},"image":{"@id":"https:\/\/elinformativotam.com\/index.php\/2024\/01\/30\/necesario-que-ietam-inicie-de-manera-adecuada-eleccion-en-tampico\/#primaryimage"},"thumbnailUrl":"https:\/\/elinformativotam.com\/wp-content\/uploads\/2024\/01\/PT-1.jpg","datePublished":"2024-01-30T15:16:23+00:00","description":"*Los Consejos Electorales Deben Instalarse F\u00edsicamente Como Debe Ser Los consejos municipal y distritales que estar\u00e1n encabezando la elecci\u00f3n en Tampico","inLanguage":"es","potentialAction":[{"@type":"ReadAction","target":["https:\/\/elinformativotam.com\/index.php\/2024\/01\/30\/necesario-que-ietam-inicie-de-manera-adecuada-eleccion-en-tampico\/"]}]},{"@type":"ImageObject","inLanguage":"es","@id":"https:\/\/elinformativotam.com\/index.php\/2024\/01\/30\/necesario-que-ietam-inicie-de-manera-adecuada-eleccion-en-tampico\/#primaryimage","url":"https:\/\/elinformativotam.com\/wp-content\/uploads\/2024\/01\/PT-1.jpg","contentUrl":"https:\/\/elinformativotam.com\/wp-content\/uploads\/2024\/01\/PT-1.jpg","width":1040,"height":780},{"@type":"WebSite","@id":"https:\/\/elinformativotam.com\/#website","url":"https:\/\/elinformativotam.com\/","name":"EL INFORMATIVO DE TAMAULIPAS","description":"Desde la Zona Metropolitana Para Todo M\u00e9xico","publisher":{"@id":"https:\/\/elinformativotam.com\/#organization"},"potentialAction":[{"@type":"SearchAction","target":{"@type":"EntryPoint","urlTemplate":"https:\/\/elinformativotam.com\/?s={search_term_string}"},"query-input":{"@type":"PropertyValueSpecification","valueRequired":true,"valueName":"search_term_string"}}],"inLanguage":"es"},{"@type":"Organization","@id":"https:\/\/elinformativotam.com\/#organization","name":"EL INFORMATIVO DE TAMAULIPAS","url":"https:\/\/elinformativotam.com\/","logo":{"@type":"ImageObject","inLanguage":"es","@id":"https:\/\/elinformativotam.com\/#\/schema\/logo\/image\/","url":"https:\/\/elinformativotam.com\/wp-content\/uploads\/2026\/02\/Cabezal.png","contentUrl":"https:\/\/elinformativotam.com\/wp-content\/uploads\/2026\/02\/Cabezal.png","width":960,"height":640,"caption":"EL INFORMATIVO DE TAMAULIPAS"},"image":{"@id":"https:\/\/elinformativotam.com\/#\/schema\/logo\/image\/"}},{"@type":"Person","@id":"https:\/\/elinformativotam.com\/#\/schema\/person\/78e08040eed0f6110f0c5f83b6153590","name":"El Informativo Tam","image":{"@type":"ImageObject","inLanguage":"es","@id":"https:\/\/secure.gravatar.com\/avatar\/f3b7ad3af540688955925ac610647be00b0cf41feea9c4978b73a707ee86bc53?s=96&d=mm&r=g","url":"https:\/\/secure.gravatar.com\/avatar\/f3b7ad3af540688955925ac610647be00b0cf41feea9c4978b73a707ee86bc53?s=96&d=mm&r=g","contentUrl":"https:\/\/secure.gravatar.com\/avatar\/f3b7ad3af540688955925ac610647be00b0cf41feea9c4978b73a707ee86bc53?s=96&d=mm&r=g","caption":"El Informativo Tam"}}]}},"_links":{"self":[{"href":"https:\/\/elinformativotam.com\/index.php\/wp-json\/wp\/v2\/posts\/48744","targetHints":{"allow":["GET"]}}],"collection":[{"href":"https:\/\/elinformativotam.com\/index.php\/wp-json\/wp\/v2\/posts"}],"about":[{"href":"https:\/\/elinformativotam.com\/index.php\/wp-json\/wp\/v2\/types\/post"}],"author":[{"embeddable":true,"href":"https:\/\/elinformativotam.com\/index.php\/wp-json\/wp\/v2\/users\/1"}],"replies":[{"embeddable":true,"href":"https:\/\/elinformativotam.com\/index.php\/wp-json\/wp\/v2\/comments?post=48744"}],"version-history":[{"count":1,"href":"https:\/\/elinformativotam.com\/index.php\/wp-json\/wp\/v2\/posts\/48744\/revisions"}],"predecessor-version":[{"id":48746,"href":"https:\/\/elinformativotam.com\/index.php\/wp-json\/wp\/v2\/posts\/48744\/revisions\/48746"}],"wp:featuredmedia":[{"embeddable":true,"href":"https:\/\/elinformativotam.com\/index.php\/wp-json\/wp\/v2\/media\/48745"}],"wp:attachment":[{"href":"https:\/\/elinformativotam.com\/index.php\/wp-json\/wp\/v2\/media?parent=48744"}],"wp:term":[{"taxonomy":"category","embeddable":true,"href":"https:\/\/elinformativotam.com\/index.php\/wp-json\/wp\/v2\/categories?post=48744"},{"taxonomy":"post_tag","embeddable":true,"href":"https:\/\/elinformativotam.com\/index.php\/wp-json\/wp\/v2\/tags?post=48744"}],"curies":[{"name":"wp","href":"https:\/\/api.w.org\/{rel}","templated":true}]}}