{"id":48741,"date":"2024-01-30T09:14:43","date_gmt":"2024-01-30T15:14:43","guid":{"rendered":"https:\/\/elinformativotam.com\/?p=48741"},"modified":"2024-01-30T09:14:43","modified_gmt":"2024-01-30T15:14:43","slug":"federacion-debe-hacer-frente-al-fenomeno-migratorio-no-las-entidades","status":"publish","type":"post","link":"https:\/\/elinformativotam.com\/index.php\/2024\/01\/30\/federacion-debe-hacer-frente-al-fenomeno-migratorio-no-las-entidades\/","title":{"rendered":"FEDERACI\u00d3N DEBE HACER FRENTE AL FEN\u00d3MENO MIGRATORIO, NO LAS ENTIDADES"},"content":{"rendered":"<h2 style=\"text-align: center;\"><em><span style=\"font-family: 'times new roman', times;\">*Necesario Que El Gobierno Federal Asigne Recursos A Tamaulipas Para Controlar La Migraci\u00f3n, Con Ayuda De La Secretar\u00eda Del Migrante<\/span><\/em><\/h2>\n<p>El gobierno federal es qui\u00e9n debe de asumir la responsabilidad total en el tema migrante en el pa\u00eds, y por lo menos asignar recursos necesarios a las entidades y sus municipios que hoy mantienen una severa contingencia migratoria, advirti\u00f3 la legisladora federal, Rosa Mar\u00eda Gonz\u00e1lez Azc\u00e1rraga.<\/p>\n<p>&nbsp;<\/p>\n<p>Mencion\u00f3 que si bien en el caso de Tamaulipas hace lo humanamente posible para atender el problema de hacinamiento en sus municipios fronterizos, el gobierno federal es qui\u00e9n debe de tomar la batuta en el tema.<\/p>\n<p>&nbsp;<\/p>\n<p>La Presidenta de la Comisi\u00f3n de Asuntos Migratorios de la C\u00e1mara Baja, celebr\u00f3 la implementaci\u00f3n de programas y pol\u00edticas p\u00fablicas del gobierno del estado encaminadas para atender y dar soluci\u00f3n a la crisis migrante que se vive en las ciudades colindantes con Texas, EUA.<\/p>\n<p>&nbsp;<\/p>\n<p>Gonz\u00e1lez, enfatiz\u00f3 que dentro del problema de migraci\u00f3n preocupa los menores de edad que viajan en las caravanas y con miles de familias que buscan alcanzar el llamado sue\u00f1o americano.<\/p>\n<p>&nbsp;<\/p>\n<p>&#8220;No hay un registro claro y exacto de cu\u00e1ntos menores migrantes de edad viajan con sus familias, sabemos que son cientos, pero que bueno que el gobierno del estado ya est\u00e1 implementando pol\u00edticas p\u00fablicas que ayudar\u00e1n a dar una mejor atenci\u00f3n a los menores de edad&#8221;, expuso<\/p>\n<p>&nbsp;<\/p>\n<p>La congresista del PAN dej\u00f3 en claro que un acierto mucho mayor del gobierno de AVA ser\u00eda que el Congreso del Estado hubiera autorizado la creaci\u00f3n de la Secretar\u00eda del Migrante, pues con esa dependencia se tendr\u00eda un m\u00e1rgen econ\u00f3mico y de operatividad mucho m\u00e1s amplio y de mejores resultados en la atenci\u00f3n al tema social.<\/p>\n","protected":false},"excerpt":{"rendered":"<p>*Necesario Que El Gobierno Federal Asigne Recursos A Tamaulipas Para Controlar La Migraci\u00f3n, Con Ayuda De La Secretar\u00eda Del Migrante&hellip;<\/p>\n","protected":false},"author":1,"featured_media":48742,"comment_status":"open","ping_status":"open","sticky":false,"template":"","format":"standard","meta":{"footnotes":""},"categories":[3],"tags":[],"class_list":["post-48741","post","type-post","status-publish","format-standard","has-post-thumbnail","hentry","category-tampico"],"yoast_head":"<!-- This site is optimized with the Yoast SEO plugin v27.5 - https:\/\/yoast.com\/product\/yoast-seo-wordpress\/ -->\n<title>FEDERACI\u00d3N DEBE HACER FRENTE AL FEN\u00d3MENO MIGRATORIO, NO LAS ENTIDADES - EL INFORMATIVO DE TAMAULIPAS<\/title>\n<meta name=\"description\" content=\"*Necesario Que El Gobierno Federal Asigne Recursos A Tamaulipas Para Controlar La Migraci\u00f3n, Con Ayuda De La Secretar\u00eda Del Migrante El gobierno federal\" \/>\n<meta name=\"robots\" content=\"index, follow, max-snippet:-1, max-image-preview:large, max-video-preview:-1\" \/>\n<link rel=\"canonical\" href=\"https:\/\/elinformativotam.com\/index.php\/2024\/01\/30\/federacion-debe-hacer-frente-al-fenomeno-migratorio-no-las-entidades\/\" \/>\n<meta property=\"og:locale\" content=\"es_MX\" \/>\n<meta property=\"og:type\" content=\"article\" \/>\n<meta property=\"og:title\" content=\"FEDERACI\u00d3N DEBE HACER FRENTE AL FEN\u00d3MENO MIGRATORIO, NO LAS ENTIDADES - EL INFORMATIVO DE TAMAULIPAS\" \/>\n<meta property=\"og:description\" content=\"*Necesario Que El Gobierno Federal Asigne Recursos A Tamaulipas Para Controlar La Migraci\u00f3n, Con Ayuda De La Secretar\u00eda Del Migrante El gobierno federal\" \/>\n<meta property=\"og:url\" content=\"https:\/\/elinformativotam.com\/index.php\/2024\/01\/30\/federacion-debe-hacer-frente-al-fenomeno-migratorio-no-las-entidades\/\" \/>\n<meta property=\"og:site_name\" content=\"EL INFORMATIVO DE TAMAULIPAS\" \/>\n<meta property=\"article:published_time\" content=\"2024-01-30T15:14:43+00:00\" \/>\n<meta property=\"og:image\" content=\"https:\/\/elinformativotam.com\/wp-content\/uploads\/2024\/01\/Rosa-1.jpg\" \/>\n\t<meta property=\"og:image:width\" content=\"1280\" \/>\n\t<meta property=\"og:image:height\" content=\"963\" \/>\n\t<meta property=\"og:image:type\" content=\"image\/jpeg\" \/>\n<meta name=\"author\" content=\"El Informativo Tam\" \/>\n<meta name=\"twitter:card\" content=\"summary_large_image\" \/>\n<meta name=\"twitter:label1\" content=\"Escrito por\" \/>\n\t<meta name=\"twitter:data1\" content=\"El Informativo Tam\" \/>\n\t<meta name=\"twitter:label2\" content=\"Tiempo de lectura\" \/>\n\t<meta name=\"twitter:data2\" content=\"2 minutos\" \/>\n<script type=\"application\/ld+json\" class=\"yoast-schema-graph\">{\"@context\":\"https:\\\/\\\/schema.org\",\"@graph\":[{\"@type\":\"Article\",\"@id\":\"https:\\\/\\\/elinformativotam.com\\\/index.php\\\/2024\\\/01\\\/30\\\/federacion-debe-hacer-frente-al-fenomeno-migratorio-no-las-entidades\\\/#article\",\"isPartOf\":{\"@id\":\"https:\\\/\\\/elinformativotam.com\\\/index.php\\\/2024\\\/01\\\/30\\\/federacion-debe-hacer-frente-al-fenomeno-migratorio-no-las-entidades\\\/\"},\"author\":{\"name\":\"El Informativo Tam\",\"@id\":\"https:\\\/\\\/elinformativotam.com\\\/#\\\/schema\\\/person\\\/78e08040eed0f6110f0c5f83b6153590\"},\"headline\":\"FEDERACI\u00d3N DEBE HACER FRENTE AL FEN\u00d3MENO MIGRATORIO, NO LAS ENTIDADES\",\"datePublished\":\"2024-01-30T15:14:43+00:00\",\"mainEntityOfPage\":{\"@id\":\"https:\\\/\\\/elinformativotam.com\\\/index.php\\\/2024\\\/01\\\/30\\\/federacion-debe-hacer-frente-al-fenomeno-migratorio-no-las-entidades\\\/\"},\"wordCount\":326,\"commentCount\":0,\"publisher\":{\"@id\":\"https:\\\/\\\/elinformativotam.com\\\/#organization\"},\"image\":{\"@id\":\"https:\\\/\\\/elinformativotam.com\\\/index.php\\\/2024\\\/01\\\/30\\\/federacion-debe-hacer-frente-al-fenomeno-migratorio-no-las-entidades\\\/#primaryimage\"},\"thumbnailUrl\":\"https:\\\/\\\/elinformativotam.com\\\/wp-content\\\/uploads\\\/2024\\\/01\\\/Rosa-1.jpg\",\"articleSection\":[\"Tampico\"],\"inLanguage\":\"es\",\"potentialAction\":[{\"@type\":\"CommentAction\",\"name\":\"Comment\",\"target\":[\"https:\\\/\\\/elinformativotam.com\\\/index.php\\\/2024\\\/01\\\/30\\\/federacion-debe-hacer-frente-al-fenomeno-migratorio-no-las-entidades\\\/#respond\"]}]},{\"@type\":\"WebPage\",\"@id\":\"https:\\\/\\\/elinformativotam.com\\\/index.php\\\/2024\\\/01\\\/30\\\/federacion-debe-hacer-frente-al-fenomeno-migratorio-no-las-entidades\\\/\",\"url\":\"https:\\\/\\\/elinformativotam.com\\\/index.php\\\/2024\\\/01\\\/30\\\/federacion-debe-hacer-frente-al-fenomeno-migratorio-no-las-entidades\\\/\",\"name\":\"FEDERACI\u00d3N DEBE HACER FRENTE AL FEN\u00d3MENO MIGRATORIO, NO LAS ENTIDADES - EL INFORMATIVO DE TAMAULIPAS\",\"isPartOf\":{\"@id\":\"https:\\\/\\\/elinformativotam.com\\\/#website\"},\"primaryImageOfPage\":{\"@id\":\"https:\\\/\\\/elinformativotam.com\\\/index.php\\\/2024\\\/01\\\/30\\\/federacion-debe-hacer-frente-al-fenomeno-migratorio-no-las-entidades\\\/#primaryimage\"},\"image\":{\"@id\":\"https:\\\/\\\/elinformativotam.com\\\/index.php\\\/2024\\\/01\\\/30\\\/federacion-debe-hacer-frente-al-fenomeno-migratorio-no-las-entidades\\\/#primaryimage\"},\"thumbnailUrl\":\"https:\\\/\\\/elinformativotam.com\\\/wp-content\\\/uploads\\\/2024\\\/01\\\/Rosa-1.jpg\",\"datePublished\":\"2024-01-30T15:14:43+00:00\",\"description\":\"*Necesario Que El Gobierno Federal Asigne Recursos A Tamaulipas Para Controlar La Migraci\u00f3n, Con Ayuda De La Secretar\u00eda Del Migrante El gobierno federal\",\"inLanguage\":\"es\",\"potentialAction\":[{\"@type\":\"ReadAction\",\"target\":[\"https:\\\/\\\/elinformativotam.com\\\/index.php\\\/2024\\\/01\\\/30\\\/federacion-debe-hacer-frente-al-fenomeno-migratorio-no-las-entidades\\\/\"]}]},{\"@type\":\"ImageObject\",\"inLanguage\":\"es\",\"@id\":\"https:\\\/\\\/elinformativotam.com\\\/index.php\\\/2024\\\/01\\\/30\\\/federacion-debe-hacer-frente-al-fenomeno-migratorio-no-las-entidades\\\/#primaryimage\",\"url\":\"https:\\\/\\\/elinformativotam.com\\\/wp-content\\\/uploads\\\/2024\\\/01\\\/Rosa-1.jpg\",\"contentUrl\":\"https:\\\/\\\/elinformativotam.com\\\/wp-content\\\/uploads\\\/2024\\\/01\\\/Rosa-1.jpg\",\"width\":1280,\"height\":963},{\"@type\":\"WebSite\",\"@id\":\"https:\\\/\\\/elinformativotam.com\\\/#website\",\"url\":\"https:\\\/\\\/elinformativotam.com\\\/\",\"name\":\"EL INFORMATIVO DE TAMAULIPAS\",\"description\":\"Desde la Zona Metropolitana Para Todo M\u00e9xico\",\"publisher\":{\"@id\":\"https:\\\/\\\/elinformativotam.com\\\/#organization\"},\"potentialAction\":[{\"@type\":\"SearchAction\",\"target\":{\"@type\":\"EntryPoint\",\"urlTemplate\":\"https:\\\/\\\/elinformativotam.com\\\/?s={search_term_string}\"},\"query-input\":{\"@type\":\"PropertyValueSpecification\",\"valueRequired\":true,\"valueName\":\"search_term_string\"}}],\"inLanguage\":\"es\"},{\"@type\":\"Organization\",\"@id\":\"https:\\\/\\\/elinformativotam.com\\\/#organization\",\"name\":\"EL INFORMATIVO DE TAMAULIPAS\",\"url\":\"https:\\\/\\\/elinformativotam.com\\\/\",\"logo\":{\"@type\":\"ImageObject\",\"inLanguage\":\"es\",\"@id\":\"https:\\\/\\\/elinformativotam.com\\\/#\\\/schema\\\/logo\\\/image\\\/\",\"url\":\"https:\\\/\\\/elinformativotam.com\\\/wp-content\\\/uploads\\\/2026\\\/02\\\/Cabezal.png\",\"contentUrl\":\"https:\\\/\\\/elinformativotam.com\\\/wp-content\\\/uploads\\\/2026\\\/02\\\/Cabezal.png\",\"width\":960,\"height\":640,\"caption\":\"EL INFORMATIVO DE TAMAULIPAS\"},\"image\":{\"@id\":\"https:\\\/\\\/elinformativotam.com\\\/#\\\/schema\\\/logo\\\/image\\\/\"}},{\"@type\":\"Person\",\"@id\":\"https:\\\/\\\/elinformativotam.com\\\/#\\\/schema\\\/person\\\/78e08040eed0f6110f0c5f83b6153590\",\"name\":\"El Informativo Tam\",\"image\":{\"@type\":\"ImageObject\",\"inLanguage\":\"es\",\"@id\":\"https:\\\/\\\/secure.gravatar.com\\\/avatar\\\/f3b7ad3af540688955925ac610647be00b0cf41feea9c4978b73a707ee86bc53?s=96&d=mm&r=g\",\"url\":\"https:\\\/\\\/secure.gravatar.com\\\/avatar\\\/f3b7ad3af540688955925ac610647be00b0cf41feea9c4978b73a707ee86bc53?s=96&d=mm&r=g\",\"contentUrl\":\"https:\\\/\\\/secure.gravatar.com\\\/avatar\\\/f3b7ad3af540688955925ac610647be00b0cf41feea9c4978b73a707ee86bc53?s=96&d=mm&r=g\",\"caption\":\"El Informativo Tam\"}}]}<\/script>\n<!-- \/ Yoast SEO plugin. -->","yoast_head_json":{"title":"FEDERACI\u00d3N DEBE HACER FRENTE AL FEN\u00d3MENO MIGRATORIO, NO LAS ENTIDADES - EL INFORMATIVO DE TAMAULIPAS","description":"*Necesario Que El Gobierno Federal Asigne Recursos A Tamaulipas Para Controlar La Migraci\u00f3n, Con Ayuda De La Secretar\u00eda Del Migrante El gobierno federal","robots":{"index":"index","follow":"follow","max-snippet":"max-snippet:-1","max-image-preview":"max-image-preview:large","max-video-preview":"max-video-preview:-1"},"canonical":"https:\/\/elinformativotam.com\/index.php\/2024\/01\/30\/federacion-debe-hacer-frente-al-fenomeno-migratorio-no-las-entidades\/","og_locale":"es_MX","og_type":"article","og_title":"FEDERACI\u00d3N DEBE HACER FRENTE AL FEN\u00d3MENO MIGRATORIO, NO LAS ENTIDADES - EL INFORMATIVO DE TAMAULIPAS","og_description":"*Necesario Que El Gobierno Federal Asigne Recursos A Tamaulipas Para Controlar La Migraci\u00f3n, Con Ayuda De La Secretar\u00eda Del Migrante El gobierno federal","og_url":"https:\/\/elinformativotam.com\/index.php\/2024\/01\/30\/federacion-debe-hacer-frente-al-fenomeno-migratorio-no-las-entidades\/","og_site_name":"EL INFORMATIVO DE TAMAULIPAS","article_published_time":"2024-01-30T15:14:43+00:00","og_image":[{"width":1280,"height":963,"url":"https:\/\/elinformativotam.com\/wp-content\/uploads\/2024\/01\/Rosa-1.jpg","type":"image\/jpeg"}],"author":"El Informativo Tam","twitter_card":"summary_large_image","twitter_misc":{"Escrito por":"El Informativo Tam","Tiempo de lectura":"2 minutos"},"schema":{"@context":"https:\/\/schema.org","@graph":[{"@type":"Article","@id":"https:\/\/elinformativotam.com\/index.php\/2024\/01\/30\/federacion-debe-hacer-frente-al-fenomeno-migratorio-no-las-entidades\/#article","isPartOf":{"@id":"https:\/\/elinformativotam.com\/index.php\/2024\/01\/30\/federacion-debe-hacer-frente-al-fenomeno-migratorio-no-las-entidades\/"},"author":{"name":"El Informativo Tam","@id":"https:\/\/elinformativotam.com\/#\/schema\/person\/78e08040eed0f6110f0c5f83b6153590"},"headline":"FEDERACI\u00d3N DEBE HACER FRENTE AL FEN\u00d3MENO MIGRATORIO, NO LAS ENTIDADES","datePublished":"2024-01-30T15:14:43+00:00","mainEntityOfPage":{"@id":"https:\/\/elinformativotam.com\/index.php\/2024\/01\/30\/federacion-debe-hacer-frente-al-fenomeno-migratorio-no-las-entidades\/"},"wordCount":326,"commentCount":0,"publisher":{"@id":"https:\/\/elinformativotam.com\/#organization"},"image":{"@id":"https:\/\/elinformativotam.com\/index.php\/2024\/01\/30\/federacion-debe-hacer-frente-al-fenomeno-migratorio-no-las-entidades\/#primaryimage"},"thumbnailUrl":"https:\/\/elinformativotam.com\/wp-content\/uploads\/2024\/01\/Rosa-1.jpg","articleSection":["Tampico"],"inLanguage":"es","potentialAction":[{"@type":"CommentAction","name":"Comment","target":["https:\/\/elinformativotam.com\/index.php\/2024\/01\/30\/federacion-debe-hacer-frente-al-fenomeno-migratorio-no-las-entidades\/#respond"]}]},{"@type":"WebPage","@id":"https:\/\/elinformativotam.com\/index.php\/2024\/01\/30\/federacion-debe-hacer-frente-al-fenomeno-migratorio-no-las-entidades\/","url":"https:\/\/elinformativotam.com\/index.php\/2024\/01\/30\/federacion-debe-hacer-frente-al-fenomeno-migratorio-no-las-entidades\/","name":"FEDERACI\u00d3N DEBE HACER FRENTE AL FEN\u00d3MENO MIGRATORIO, NO LAS ENTIDADES - EL INFORMATIVO DE TAMAULIPAS","isPartOf":{"@id":"https:\/\/elinformativotam.com\/#website"},"primaryImageOfPage":{"@id":"https:\/\/elinformativotam.com\/index.php\/2024\/01\/30\/federacion-debe-hacer-frente-al-fenomeno-migratorio-no-las-entidades\/#primaryimage"},"image":{"@id":"https:\/\/elinformativotam.com\/index.php\/2024\/01\/30\/federacion-debe-hacer-frente-al-fenomeno-migratorio-no-las-entidades\/#primaryimage"},"thumbnailUrl":"https:\/\/elinformativotam.com\/wp-content\/uploads\/2024\/01\/Rosa-1.jpg","datePublished":"2024-01-30T15:14:43+00:00","description":"*Necesario Que El Gobierno Federal Asigne Recursos A Tamaulipas Para Controlar La Migraci\u00f3n, Con Ayuda De La Secretar\u00eda Del Migrante El gobierno federal","inLanguage":"es","potentialAction":[{"@type":"ReadAction","target":["https:\/\/elinformativotam.com\/index.php\/2024\/01\/30\/federacion-debe-hacer-frente-al-fenomeno-migratorio-no-las-entidades\/"]}]},{"@type":"ImageObject","inLanguage":"es","@id":"https:\/\/elinformativotam.com\/index.php\/2024\/01\/30\/federacion-debe-hacer-frente-al-fenomeno-migratorio-no-las-entidades\/#primaryimage","url":"https:\/\/elinformativotam.com\/wp-content\/uploads\/2024\/01\/Rosa-1.jpg","contentUrl":"https:\/\/elinformativotam.com\/wp-content\/uploads\/2024\/01\/Rosa-1.jpg","width":1280,"height":963},{"@type":"WebSite","@id":"https:\/\/elinformativotam.com\/#website","url":"https:\/\/elinformativotam.com\/","name":"EL INFORMATIVO DE TAMAULIPAS","description":"Desde la Zona Metropolitana Para Todo M\u00e9xico","publisher":{"@id":"https:\/\/elinformativotam.com\/#organization"},"potentialAction":[{"@type":"SearchAction","target":{"@type":"EntryPoint","urlTemplate":"https:\/\/elinformativotam.com\/?s={search_term_string}"},"query-input":{"@type":"PropertyValueSpecification","valueRequired":true,"valueName":"search_term_string"}}],"inLanguage":"es"},{"@type":"Organization","@id":"https:\/\/elinformativotam.com\/#organization","name":"EL INFORMATIVO DE TAMAULIPAS","url":"https:\/\/elinformativotam.com\/","logo":{"@type":"ImageObject","inLanguage":"es","@id":"https:\/\/elinformativotam.com\/#\/schema\/logo\/image\/","url":"https:\/\/elinformativotam.com\/wp-content\/uploads\/2026\/02\/Cabezal.png","contentUrl":"https:\/\/elinformativotam.com\/wp-content\/uploads\/2026\/02\/Cabezal.png","width":960,"height":640,"caption":"EL INFORMATIVO DE TAMAULIPAS"},"image":{"@id":"https:\/\/elinformativotam.com\/#\/schema\/logo\/image\/"}},{"@type":"Person","@id":"https:\/\/elinformativotam.com\/#\/schema\/person\/78e08040eed0f6110f0c5f83b6153590","name":"El Informativo Tam","image":{"@type":"ImageObject","inLanguage":"es","@id":"https:\/\/secure.gravatar.com\/avatar\/f3b7ad3af540688955925ac610647be00b0cf41feea9c4978b73a707ee86bc53?s=96&d=mm&r=g","url":"https:\/\/secure.gravatar.com\/avatar\/f3b7ad3af540688955925ac610647be00b0cf41feea9c4978b73a707ee86bc53?s=96&d=mm&r=g","contentUrl":"https:\/\/secure.gravatar.com\/avatar\/f3b7ad3af540688955925ac610647be00b0cf41feea9c4978b73a707ee86bc53?s=96&d=mm&r=g","caption":"El Informativo Tam"}}]}},"_links":{"self":[{"href":"https:\/\/elinformativotam.com\/index.php\/wp-json\/wp\/v2\/posts\/48741","targetHints":{"allow":["GET"]}}],"collection":[{"href":"https:\/\/elinformativotam.com\/index.php\/wp-json\/wp\/v2\/posts"}],"about":[{"href":"https:\/\/elinformativotam.com\/index.php\/wp-json\/wp\/v2\/types\/post"}],"author":[{"embeddable":true,"href":"https:\/\/elinformativotam.com\/index.php\/wp-json\/wp\/v2\/users\/1"}],"replies":[{"embeddable":true,"href":"https:\/\/elinformativotam.com\/index.php\/wp-json\/wp\/v2\/comments?post=48741"}],"version-history":[{"count":1,"href":"https:\/\/elinformativotam.com\/index.php\/wp-json\/wp\/v2\/posts\/48741\/revisions"}],"predecessor-version":[{"id":48743,"href":"https:\/\/elinformativotam.com\/index.php\/wp-json\/wp\/v2\/posts\/48741\/revisions\/48743"}],"wp:featuredmedia":[{"embeddable":true,"href":"https:\/\/elinformativotam.com\/index.php\/wp-json\/wp\/v2\/media\/48742"}],"wp:attachment":[{"href":"https:\/\/elinformativotam.com\/index.php\/wp-json\/wp\/v2\/media?parent=48741"}],"wp:term":[{"taxonomy":"category","embeddable":true,"href":"https:\/\/elinformativotam.com\/index.php\/wp-json\/wp\/v2\/categories?post=48741"},{"taxonomy":"post_tag","embeddable":true,"href":"https:\/\/elinformativotam.com\/index.php\/wp-json\/wp\/v2\/tags?post=48741"}],"curies":[{"name":"wp","href":"https:\/\/api.w.org\/{rel}","templated":true}]}}