{"id":48738,"date":"2024-01-30T09:12:58","date_gmt":"2024-01-30T15:12:58","guid":{"rendered":"https:\/\/elinformativotam.com\/?p=48738"},"modified":"2024-01-30T09:12:58","modified_gmt":"2024-01-30T15:12:58","slug":"contempla-municipio-atender-infraestructura-de-sus-plazas-publicas","status":"publish","type":"post","link":"https:\/\/elinformativotam.com\/index.php\/2024\/01\/30\/contempla-municipio-atender-infraestructura-de-sus-plazas-publicas\/","title":{"rendered":"CONTEMPLA MUNICIPIO ATENDER INFRAESTRUCTURA DE SUS PLAZAS P\u00daBLICAS"},"content":{"rendered":"<h2 style=\"text-align: center;\"><em><span style=\"font-family: 'times new roman', times;\">*Dar\u00e1n Un Embellecimiento Integral A Todos Esos Espacios De La Ciudadan\u00eda<\/span><\/em><\/h2>\n<p>&nbsp;<\/p>\n<p>Todas las plazas p\u00fablicas que tiene el municipio de Tampico ser\u00e1n atendidas en lo m\u00e1s b\u00e1sico, se\u00f1al\u00f3 el secretario de servicios p\u00fablicos, Jos\u00e9 Schekaib\u00e1n Ongay, al manifestar que se trata de trabajos de embellecimiento y cuidado de \u00e1rboles as\u00ed como pintura en general.<\/p>\n<p>&nbsp;<\/p>\n<p>El funcionario porte\u00f1o, indic\u00f3 que las plazas de la zona centro son las primeras que han sido sometidas a un intenso programa de limpieza y mantenimiento, al ser las m\u00e1s visitadas por los tampique\u00f1os y vacacionistas.<\/p>\n<p>&nbsp;<\/p>\n<p>Expuso que aunado a ello funcionarios de la secretar\u00eda de servicios p\u00fablicos ha reforzado el programa diciendo y haciendo en las colonias, a las que se est\u00e1n visitando desde la semana pasada.<\/p>\n<p>&nbsp;<\/p>\n<p>Schekaib\u00e1n, explic\u00f3 que mediante este programa se logra el contacto directo con la poblaci\u00f3n, ya que con equipo se toca la puerta de las familias para retirar toda clase de basura as\u00ed como la realizaci\u00f3n de desmonte y acciones de mejora b\u00e1sicas.<\/p>\n<p>&nbsp;<\/p>\n<p>&#8220;Estamos visitando a las familias calle por calle para poner a su disposici\u00f3n la infraestructura municipal y poder ayudarles a retirar todo aquello que ya no les sirva o que represente un riesgo para la salud p\u00fablica&#8221;, dijo<\/p>\n<p>El titular de esa dependencia porte\u00f1a remarc\u00f3 que asimismo se atienden las peticiones de la sociedad en materia de alumbrado y s\u00e9 da tr\u00e1mite otras m\u00e1s que tienen que ver con otras \u00e1reas del municipio.<\/p>\n<p>&nbsp;<\/p>\n<p>&#8220;Estamos visitando de nueva cuenta las colonias de la zona norte y del sur, pues la idea es que el programa Tampico Brilla se refuerce en \u00e9ste a\u00f1o&#8221;,<\/p>\n","protected":false},"excerpt":{"rendered":"<p>*Dar\u00e1n Un Embellecimiento Integral A Todos Esos Espacios De La Ciudadan\u00eda &nbsp; Todas las plazas p\u00fablicas que tiene el municipio&hellip;<\/p>\n","protected":false},"author":1,"featured_media":48739,"comment_status":"open","ping_status":"open","sticky":false,"template":"","format":"standard","meta":{"footnotes":""},"categories":[3],"tags":[],"class_list":["post-48738","post","type-post","status-publish","format-standard","has-post-thumbnail","hentry","category-tampico"],"yoast_head":"<!-- This site is optimized with the Yoast SEO plugin v27.5 - https:\/\/yoast.com\/product\/yoast-seo-wordpress\/ -->\n<title>CONTEMPLA MUNICIPIO ATENDER INFRAESTRUCTURA DE SUS PLAZAS P\u00daBLICAS - EL INFORMATIVO DE TAMAULIPAS<\/title>\n<meta name=\"description\" content=\"*Dar\u00e1n Un Embellecimiento Integral A Todos Esos Espacios De La Ciudadan\u00eda &nbsp; Todas las plazas p\u00fablicas que tiene el municipio de Tampico ser\u00e1n\" \/>\n<meta name=\"robots\" content=\"index, follow, max-snippet:-1, max-image-preview:large, max-video-preview:-1\" \/>\n<link rel=\"canonical\" href=\"https:\/\/elinformativotam.com\/index.php\/2024\/01\/30\/contempla-municipio-atender-infraestructura-de-sus-plazas-publicas\/\" \/>\n<meta property=\"og:locale\" content=\"es_MX\" \/>\n<meta property=\"og:type\" content=\"article\" \/>\n<meta property=\"og:title\" content=\"CONTEMPLA MUNICIPIO ATENDER INFRAESTRUCTURA DE SUS PLAZAS P\u00daBLICAS - EL INFORMATIVO DE TAMAULIPAS\" \/>\n<meta property=\"og:description\" content=\"*Dar\u00e1n Un Embellecimiento Integral A Todos Esos Espacios De La Ciudadan\u00eda &nbsp; Todas las plazas p\u00fablicas que tiene el municipio de Tampico ser\u00e1n\" \/>\n<meta property=\"og:url\" content=\"https:\/\/elinformativotam.com\/index.php\/2024\/01\/30\/contempla-municipio-atender-infraestructura-de-sus-plazas-publicas\/\" \/>\n<meta property=\"og:site_name\" content=\"EL INFORMATIVO DE TAMAULIPAS\" \/>\n<meta property=\"article:published_time\" content=\"2024-01-30T15:12:58+00:00\" \/>\n<meta property=\"og:image\" content=\"https:\/\/elinformativotam.com\/wp-content\/uploads\/2024\/01\/Pepe.jpg\" \/>\n\t<meta property=\"og:image:width\" content=\"1280\" \/>\n\t<meta property=\"og:image:height\" content=\"963\" \/>\n\t<meta property=\"og:image:type\" content=\"image\/jpeg\" \/>\n<meta name=\"author\" content=\"El Informativo Tam\" \/>\n<meta name=\"twitter:card\" content=\"summary_large_image\" \/>\n<meta name=\"twitter:label1\" content=\"Escrito por\" \/>\n\t<meta name=\"twitter:data1\" content=\"El Informativo Tam\" \/>\n\t<meta name=\"twitter:label2\" content=\"Tiempo de lectura\" \/>\n\t<meta name=\"twitter:data2\" content=\"2 minutos\" \/>\n<script type=\"application\/ld+json\" class=\"yoast-schema-graph\">{\"@context\":\"https:\\\/\\\/schema.org\",\"@graph\":[{\"@type\":\"Article\",\"@id\":\"https:\\\/\\\/elinformativotam.com\\\/index.php\\\/2024\\\/01\\\/30\\\/contempla-municipio-atender-infraestructura-de-sus-plazas-publicas\\\/#article\",\"isPartOf\":{\"@id\":\"https:\\\/\\\/elinformativotam.com\\\/index.php\\\/2024\\\/01\\\/30\\\/contempla-municipio-atender-infraestructura-de-sus-plazas-publicas\\\/\"},\"author\":{\"name\":\"El Informativo Tam\",\"@id\":\"https:\\\/\\\/elinformativotam.com\\\/#\\\/schema\\\/person\\\/78e08040eed0f6110f0c5f83b6153590\"},\"headline\":\"CONTEMPLA MUNICIPIO ATENDER INFRAESTRUCTURA DE SUS PLAZAS P\u00daBLICAS\",\"datePublished\":\"2024-01-30T15:12:58+00:00\",\"mainEntityOfPage\":{\"@id\":\"https:\\\/\\\/elinformativotam.com\\\/index.php\\\/2024\\\/01\\\/30\\\/contempla-municipio-atender-infraestructura-de-sus-plazas-publicas\\\/\"},\"wordCount\":305,\"commentCount\":0,\"publisher\":{\"@id\":\"https:\\\/\\\/elinformativotam.com\\\/#organization\"},\"image\":{\"@id\":\"https:\\\/\\\/elinformativotam.com\\\/index.php\\\/2024\\\/01\\\/30\\\/contempla-municipio-atender-infraestructura-de-sus-plazas-publicas\\\/#primaryimage\"},\"thumbnailUrl\":\"https:\\\/\\\/elinformativotam.com\\\/wp-content\\\/uploads\\\/2024\\\/01\\\/Pepe.jpg\",\"articleSection\":[\"Tampico\"],\"inLanguage\":\"es\",\"potentialAction\":[{\"@type\":\"CommentAction\",\"name\":\"Comment\",\"target\":[\"https:\\\/\\\/elinformativotam.com\\\/index.php\\\/2024\\\/01\\\/30\\\/contempla-municipio-atender-infraestructura-de-sus-plazas-publicas\\\/#respond\"]}]},{\"@type\":\"WebPage\",\"@id\":\"https:\\\/\\\/elinformativotam.com\\\/index.php\\\/2024\\\/01\\\/30\\\/contempla-municipio-atender-infraestructura-de-sus-plazas-publicas\\\/\",\"url\":\"https:\\\/\\\/elinformativotam.com\\\/index.php\\\/2024\\\/01\\\/30\\\/contempla-municipio-atender-infraestructura-de-sus-plazas-publicas\\\/\",\"name\":\"CONTEMPLA MUNICIPIO ATENDER INFRAESTRUCTURA DE SUS PLAZAS P\u00daBLICAS - EL INFORMATIVO DE TAMAULIPAS\",\"isPartOf\":{\"@id\":\"https:\\\/\\\/elinformativotam.com\\\/#website\"},\"primaryImageOfPage\":{\"@id\":\"https:\\\/\\\/elinformativotam.com\\\/index.php\\\/2024\\\/01\\\/30\\\/contempla-municipio-atender-infraestructura-de-sus-plazas-publicas\\\/#primaryimage\"},\"image\":{\"@id\":\"https:\\\/\\\/elinformativotam.com\\\/index.php\\\/2024\\\/01\\\/30\\\/contempla-municipio-atender-infraestructura-de-sus-plazas-publicas\\\/#primaryimage\"},\"thumbnailUrl\":\"https:\\\/\\\/elinformativotam.com\\\/wp-content\\\/uploads\\\/2024\\\/01\\\/Pepe.jpg\",\"datePublished\":\"2024-01-30T15:12:58+00:00\",\"description\":\"*Dar\u00e1n Un Embellecimiento Integral A Todos Esos Espacios De La Ciudadan\u00eda &nbsp; Todas las plazas p\u00fablicas que tiene el municipio de Tampico ser\u00e1n\",\"inLanguage\":\"es\",\"potentialAction\":[{\"@type\":\"ReadAction\",\"target\":[\"https:\\\/\\\/elinformativotam.com\\\/index.php\\\/2024\\\/01\\\/30\\\/contempla-municipio-atender-infraestructura-de-sus-plazas-publicas\\\/\"]}]},{\"@type\":\"ImageObject\",\"inLanguage\":\"es\",\"@id\":\"https:\\\/\\\/elinformativotam.com\\\/index.php\\\/2024\\\/01\\\/30\\\/contempla-municipio-atender-infraestructura-de-sus-plazas-publicas\\\/#primaryimage\",\"url\":\"https:\\\/\\\/elinformativotam.com\\\/wp-content\\\/uploads\\\/2024\\\/01\\\/Pepe.jpg\",\"contentUrl\":\"https:\\\/\\\/elinformativotam.com\\\/wp-content\\\/uploads\\\/2024\\\/01\\\/Pepe.jpg\",\"width\":1280,\"height\":963},{\"@type\":\"WebSite\",\"@id\":\"https:\\\/\\\/elinformativotam.com\\\/#website\",\"url\":\"https:\\\/\\\/elinformativotam.com\\\/\",\"name\":\"EL INFORMATIVO DE TAMAULIPAS\",\"description\":\"Desde la Zona Metropolitana Para Todo M\u00e9xico\",\"publisher\":{\"@id\":\"https:\\\/\\\/elinformativotam.com\\\/#organization\"},\"potentialAction\":[{\"@type\":\"SearchAction\",\"target\":{\"@type\":\"EntryPoint\",\"urlTemplate\":\"https:\\\/\\\/elinformativotam.com\\\/?s={search_term_string}\"},\"query-input\":{\"@type\":\"PropertyValueSpecification\",\"valueRequired\":true,\"valueName\":\"search_term_string\"}}],\"inLanguage\":\"es\"},{\"@type\":\"Organization\",\"@id\":\"https:\\\/\\\/elinformativotam.com\\\/#organization\",\"name\":\"EL INFORMATIVO DE TAMAULIPAS\",\"url\":\"https:\\\/\\\/elinformativotam.com\\\/\",\"logo\":{\"@type\":\"ImageObject\",\"inLanguage\":\"es\",\"@id\":\"https:\\\/\\\/elinformativotam.com\\\/#\\\/schema\\\/logo\\\/image\\\/\",\"url\":\"https:\\\/\\\/elinformativotam.com\\\/wp-content\\\/uploads\\\/2026\\\/02\\\/Cabezal.png\",\"contentUrl\":\"https:\\\/\\\/elinformativotam.com\\\/wp-content\\\/uploads\\\/2026\\\/02\\\/Cabezal.png\",\"width\":960,\"height\":640,\"caption\":\"EL INFORMATIVO DE TAMAULIPAS\"},\"image\":{\"@id\":\"https:\\\/\\\/elinformativotam.com\\\/#\\\/schema\\\/logo\\\/image\\\/\"}},{\"@type\":\"Person\",\"@id\":\"https:\\\/\\\/elinformativotam.com\\\/#\\\/schema\\\/person\\\/78e08040eed0f6110f0c5f83b6153590\",\"name\":\"El Informativo Tam\",\"image\":{\"@type\":\"ImageObject\",\"inLanguage\":\"es\",\"@id\":\"https:\\\/\\\/secure.gravatar.com\\\/avatar\\\/f3b7ad3af540688955925ac610647be00b0cf41feea9c4978b73a707ee86bc53?s=96&d=mm&r=g\",\"url\":\"https:\\\/\\\/secure.gravatar.com\\\/avatar\\\/f3b7ad3af540688955925ac610647be00b0cf41feea9c4978b73a707ee86bc53?s=96&d=mm&r=g\",\"contentUrl\":\"https:\\\/\\\/secure.gravatar.com\\\/avatar\\\/f3b7ad3af540688955925ac610647be00b0cf41feea9c4978b73a707ee86bc53?s=96&d=mm&r=g\",\"caption\":\"El Informativo Tam\"}}]}<\/script>\n<!-- \/ Yoast SEO plugin. -->","yoast_head_json":{"title":"CONTEMPLA MUNICIPIO ATENDER INFRAESTRUCTURA DE SUS PLAZAS P\u00daBLICAS - EL INFORMATIVO DE TAMAULIPAS","description":"*Dar\u00e1n Un Embellecimiento Integral A Todos Esos Espacios De La Ciudadan\u00eda &nbsp; Todas las plazas p\u00fablicas que tiene el municipio de Tampico ser\u00e1n","robots":{"index":"index","follow":"follow","max-snippet":"max-snippet:-1","max-image-preview":"max-image-preview:large","max-video-preview":"max-video-preview:-1"},"canonical":"https:\/\/elinformativotam.com\/index.php\/2024\/01\/30\/contempla-municipio-atender-infraestructura-de-sus-plazas-publicas\/","og_locale":"es_MX","og_type":"article","og_title":"CONTEMPLA MUNICIPIO ATENDER INFRAESTRUCTURA DE SUS PLAZAS P\u00daBLICAS - EL INFORMATIVO DE TAMAULIPAS","og_description":"*Dar\u00e1n Un Embellecimiento Integral A Todos Esos Espacios De La Ciudadan\u00eda &nbsp; Todas las plazas p\u00fablicas que tiene el municipio de Tampico ser\u00e1n","og_url":"https:\/\/elinformativotam.com\/index.php\/2024\/01\/30\/contempla-municipio-atender-infraestructura-de-sus-plazas-publicas\/","og_site_name":"EL INFORMATIVO DE TAMAULIPAS","article_published_time":"2024-01-30T15:12:58+00:00","og_image":[{"width":1280,"height":963,"url":"https:\/\/elinformativotam.com\/wp-content\/uploads\/2024\/01\/Pepe.jpg","type":"image\/jpeg"}],"author":"El Informativo Tam","twitter_card":"summary_large_image","twitter_misc":{"Escrito por":"El Informativo Tam","Tiempo de lectura":"2 minutos"},"schema":{"@context":"https:\/\/schema.org","@graph":[{"@type":"Article","@id":"https:\/\/elinformativotam.com\/index.php\/2024\/01\/30\/contempla-municipio-atender-infraestructura-de-sus-plazas-publicas\/#article","isPartOf":{"@id":"https:\/\/elinformativotam.com\/index.php\/2024\/01\/30\/contempla-municipio-atender-infraestructura-de-sus-plazas-publicas\/"},"author":{"name":"El Informativo Tam","@id":"https:\/\/elinformativotam.com\/#\/schema\/person\/78e08040eed0f6110f0c5f83b6153590"},"headline":"CONTEMPLA MUNICIPIO ATENDER INFRAESTRUCTURA DE SUS PLAZAS P\u00daBLICAS","datePublished":"2024-01-30T15:12:58+00:00","mainEntityOfPage":{"@id":"https:\/\/elinformativotam.com\/index.php\/2024\/01\/30\/contempla-municipio-atender-infraestructura-de-sus-plazas-publicas\/"},"wordCount":305,"commentCount":0,"publisher":{"@id":"https:\/\/elinformativotam.com\/#organization"},"image":{"@id":"https:\/\/elinformativotam.com\/index.php\/2024\/01\/30\/contempla-municipio-atender-infraestructura-de-sus-plazas-publicas\/#primaryimage"},"thumbnailUrl":"https:\/\/elinformativotam.com\/wp-content\/uploads\/2024\/01\/Pepe.jpg","articleSection":["Tampico"],"inLanguage":"es","potentialAction":[{"@type":"CommentAction","name":"Comment","target":["https:\/\/elinformativotam.com\/index.php\/2024\/01\/30\/contempla-municipio-atender-infraestructura-de-sus-plazas-publicas\/#respond"]}]},{"@type":"WebPage","@id":"https:\/\/elinformativotam.com\/index.php\/2024\/01\/30\/contempla-municipio-atender-infraestructura-de-sus-plazas-publicas\/","url":"https:\/\/elinformativotam.com\/index.php\/2024\/01\/30\/contempla-municipio-atender-infraestructura-de-sus-plazas-publicas\/","name":"CONTEMPLA MUNICIPIO ATENDER INFRAESTRUCTURA DE SUS PLAZAS P\u00daBLICAS - EL INFORMATIVO DE TAMAULIPAS","isPartOf":{"@id":"https:\/\/elinformativotam.com\/#website"},"primaryImageOfPage":{"@id":"https:\/\/elinformativotam.com\/index.php\/2024\/01\/30\/contempla-municipio-atender-infraestructura-de-sus-plazas-publicas\/#primaryimage"},"image":{"@id":"https:\/\/elinformativotam.com\/index.php\/2024\/01\/30\/contempla-municipio-atender-infraestructura-de-sus-plazas-publicas\/#primaryimage"},"thumbnailUrl":"https:\/\/elinformativotam.com\/wp-content\/uploads\/2024\/01\/Pepe.jpg","datePublished":"2024-01-30T15:12:58+00:00","description":"*Dar\u00e1n Un Embellecimiento Integral A Todos Esos Espacios De La Ciudadan\u00eda &nbsp; Todas las plazas p\u00fablicas que tiene el municipio de Tampico ser\u00e1n","inLanguage":"es","potentialAction":[{"@type":"ReadAction","target":["https:\/\/elinformativotam.com\/index.php\/2024\/01\/30\/contempla-municipio-atender-infraestructura-de-sus-plazas-publicas\/"]}]},{"@type":"ImageObject","inLanguage":"es","@id":"https:\/\/elinformativotam.com\/index.php\/2024\/01\/30\/contempla-municipio-atender-infraestructura-de-sus-plazas-publicas\/#primaryimage","url":"https:\/\/elinformativotam.com\/wp-content\/uploads\/2024\/01\/Pepe.jpg","contentUrl":"https:\/\/elinformativotam.com\/wp-content\/uploads\/2024\/01\/Pepe.jpg","width":1280,"height":963},{"@type":"WebSite","@id":"https:\/\/elinformativotam.com\/#website","url":"https:\/\/elinformativotam.com\/","name":"EL INFORMATIVO DE TAMAULIPAS","description":"Desde la Zona Metropolitana Para Todo M\u00e9xico","publisher":{"@id":"https:\/\/elinformativotam.com\/#organization"},"potentialAction":[{"@type":"SearchAction","target":{"@type":"EntryPoint","urlTemplate":"https:\/\/elinformativotam.com\/?s={search_term_string}"},"query-input":{"@type":"PropertyValueSpecification","valueRequired":true,"valueName":"search_term_string"}}],"inLanguage":"es"},{"@type":"Organization","@id":"https:\/\/elinformativotam.com\/#organization","name":"EL INFORMATIVO DE TAMAULIPAS","url":"https:\/\/elinformativotam.com\/","logo":{"@type":"ImageObject","inLanguage":"es","@id":"https:\/\/elinformativotam.com\/#\/schema\/logo\/image\/","url":"https:\/\/elinformativotam.com\/wp-content\/uploads\/2026\/02\/Cabezal.png","contentUrl":"https:\/\/elinformativotam.com\/wp-content\/uploads\/2026\/02\/Cabezal.png","width":960,"height":640,"caption":"EL INFORMATIVO DE TAMAULIPAS"},"image":{"@id":"https:\/\/elinformativotam.com\/#\/schema\/logo\/image\/"}},{"@type":"Person","@id":"https:\/\/elinformativotam.com\/#\/schema\/person\/78e08040eed0f6110f0c5f83b6153590","name":"El Informativo Tam","image":{"@type":"ImageObject","inLanguage":"es","@id":"https:\/\/secure.gravatar.com\/avatar\/f3b7ad3af540688955925ac610647be00b0cf41feea9c4978b73a707ee86bc53?s=96&d=mm&r=g","url":"https:\/\/secure.gravatar.com\/avatar\/f3b7ad3af540688955925ac610647be00b0cf41feea9c4978b73a707ee86bc53?s=96&d=mm&r=g","contentUrl":"https:\/\/secure.gravatar.com\/avatar\/f3b7ad3af540688955925ac610647be00b0cf41feea9c4978b73a707ee86bc53?s=96&d=mm&r=g","caption":"El Informativo Tam"}}]}},"_links":{"self":[{"href":"https:\/\/elinformativotam.com\/index.php\/wp-json\/wp\/v2\/posts\/48738","targetHints":{"allow":["GET"]}}],"collection":[{"href":"https:\/\/elinformativotam.com\/index.php\/wp-json\/wp\/v2\/posts"}],"about":[{"href":"https:\/\/elinformativotam.com\/index.php\/wp-json\/wp\/v2\/types\/post"}],"author":[{"embeddable":true,"href":"https:\/\/elinformativotam.com\/index.php\/wp-json\/wp\/v2\/users\/1"}],"replies":[{"embeddable":true,"href":"https:\/\/elinformativotam.com\/index.php\/wp-json\/wp\/v2\/comments?post=48738"}],"version-history":[{"count":1,"href":"https:\/\/elinformativotam.com\/index.php\/wp-json\/wp\/v2\/posts\/48738\/revisions"}],"predecessor-version":[{"id":48740,"href":"https:\/\/elinformativotam.com\/index.php\/wp-json\/wp\/v2\/posts\/48738\/revisions\/48740"}],"wp:featuredmedia":[{"embeddable":true,"href":"https:\/\/elinformativotam.com\/index.php\/wp-json\/wp\/v2\/media\/48739"}],"wp:attachment":[{"href":"https:\/\/elinformativotam.com\/index.php\/wp-json\/wp\/v2\/media?parent=48738"}],"wp:term":[{"taxonomy":"category","embeddable":true,"href":"https:\/\/elinformativotam.com\/index.php\/wp-json\/wp\/v2\/categories?post=48738"},{"taxonomy":"post_tag","embeddable":true,"href":"https:\/\/elinformativotam.com\/index.php\/wp-json\/wp\/v2\/tags?post=48738"}],"curies":[{"name":"wp","href":"https:\/\/api.w.org\/{rel}","templated":true}]}}