{"id":48693,"date":"2024-01-26T20:31:58","date_gmt":"2024-01-27T02:31:58","guid":{"rendered":"https:\/\/elinformativotam.com\/?p=48693"},"modified":"2024-01-26T20:31:58","modified_gmt":"2024-01-27T02:31:58","slug":"encabeza-rossy-luque-de-martinez-gira-de-trabajo-por-zona-rural","status":"publish","type":"post","link":"https:\/\/elinformativotam.com\/index.php\/2024\/01\/26\/encabeza-rossy-luque-de-martinez-gira-de-trabajo-por-zona-rural\/","title":{"rendered":"ENCABEZA ROSSY LUQUE DE MART\u00cdNEZ GIRA DE TRABAJO POR ZONA RURAL"},"content":{"rendered":"<p>Altamira, Tamaulipas.- La presidenta del Sistema DIF Altamira, C.P. Rossy Luque de Mart\u00ednez, contin\u00faa llevando esperanza y bienestar a las comunidades m\u00e1s necesitadas de la zona rural, esto a trav\u00e9s de la sexta entrega de apoyos alimenticios que ha realizado el organismo desde el 2021.<\/p>\n<p>&nbsp;<\/p>\n<p>La iniciativa de fomento a la nutrici\u00f3n de los adultos mayores ha llegado a diversos ejidos y localidades como: Providencia, Naranjo, El Chapopote, Vuelta de las Yeguas, Las Tres B, Francisco Villa, Graneros del Sur, el Ejido Jos\u00e9 Mar\u00eda Luis Mora, mejor conocido como Margaritas, el Ejido Sacrificio, Ejido Jos\u00e9 Mar\u00eda Morelos, San Carlitos, Maclovio Herrera, Mata del Abra, Ejido Benito Ju\u00e1rez, R\u00edo Tamiahua, Ejido Mariano Matamoros, Santa Juana y San Antonio (conocido como El Pl\u00e1tano).<\/p>\n<p>&nbsp;<\/p>\n<p>En lo que va de la presente semana, la presidenta ha visitado tambi\u00e9n sectores como El Fuerte, L\u00e1zaro C\u00e1rdenas, Cervantes, Estaci\u00f3n Colonias, y Ejido Tres de Mayo, sumando as\u00ed un total de 80,558 paquetes alimenticios entregados a trav\u00e9s del programa Adulto Mayor Activo, representando con esto un alivio en la econom\u00eda de sus hogares.<\/p>\n<p>&nbsp;<\/p>\n<p>\u201cCon la entrega de 460 apoyos esta semana, se prev\u00e9 que la cifra alcance los 81,318 paquetes alimenticios distribuidos. Hemos innovado la manera de canalizarlos, pues ahora se entregan de manera directa a los beneficiarios, se han acabado los intermediarios para recibir este beneficio\u201d, destac\u00f3 Rossy Luque.<\/p>\n<p>&nbsp;<\/p>\n<p>Asimismo, subray\u00f3 que en el DIF Altamira continuar\u00e1n comprometidos de coraz\u00f3n para cuidar de la salud y el bienestar de los abuelitos de todos los sectores del municipio.<\/p>\n","protected":false},"excerpt":{"rendered":"<p>Altamira, Tamaulipas.- La presidenta del Sistema DIF Altamira, C.P. Rossy Luque de Mart\u00ednez, contin\u00faa llevando esperanza y bienestar a las&hellip;<\/p>\n","protected":false},"author":1,"featured_media":48694,"comment_status":"open","ping_status":"open","sticky":false,"template":"","format":"standard","meta":{"footnotes":""},"categories":[5],"tags":[],"class_list":["post-48693","post","type-post","status-publish","format-standard","has-post-thumbnail","hentry","category-altamira"],"yoast_head":"<!-- This site is optimized with the Yoast SEO plugin v27.5 - https:\/\/yoast.com\/product\/yoast-seo-wordpress\/ -->\n<title>ENCABEZA ROSSY LUQUE DE MART\u00cdNEZ GIRA DE TRABAJO POR ZONA RURAL - EL INFORMATIVO DE TAMAULIPAS<\/title>\n<meta name=\"description\" content=\"Altamira, Tamaulipas.- La presidenta del Sistema DIF Altamira, C.P. Rossy Luque de Mart\u00ednez, contin\u00faa llevando esperanza y bienestar a las comunidades m\u00e1s\" \/>\n<meta name=\"robots\" content=\"index, follow, max-snippet:-1, max-image-preview:large, max-video-preview:-1\" \/>\n<link rel=\"canonical\" href=\"https:\/\/elinformativotam.com\/index.php\/2024\/01\/26\/encabeza-rossy-luque-de-martinez-gira-de-trabajo-por-zona-rural\/\" \/>\n<meta property=\"og:locale\" content=\"es_MX\" \/>\n<meta property=\"og:type\" content=\"article\" \/>\n<meta property=\"og:title\" content=\"ENCABEZA ROSSY LUQUE DE MART\u00cdNEZ GIRA DE TRABAJO POR ZONA RURAL - EL INFORMATIVO DE TAMAULIPAS\" \/>\n<meta property=\"og:description\" content=\"Altamira, Tamaulipas.- La presidenta del Sistema DIF Altamira, C.P. Rossy Luque de Mart\u00ednez, contin\u00faa llevando esperanza y bienestar a las comunidades m\u00e1s\" \/>\n<meta property=\"og:url\" content=\"https:\/\/elinformativotam.com\/index.php\/2024\/01\/26\/encabeza-rossy-luque-de-martinez-gira-de-trabajo-por-zona-rural\/\" \/>\n<meta property=\"og:site_name\" content=\"EL INFORMATIVO DE TAMAULIPAS\" \/>\n<meta property=\"article:published_time\" content=\"2024-01-27T02:31:58+00:00\" \/>\n<meta property=\"og:image\" content=\"https:\/\/elinformativotam.com\/wp-content\/uploads\/2024\/01\/Apoyos.jpeg\" \/>\n\t<meta property=\"og:image:width\" content=\"1280\" \/>\n\t<meta property=\"og:image:height\" content=\"853\" \/>\n\t<meta property=\"og:image:type\" content=\"image\/jpeg\" \/>\n<meta name=\"author\" content=\"El Informativo Tam\" \/>\n<meta name=\"twitter:card\" content=\"summary_large_image\" \/>\n<meta name=\"twitter:label1\" content=\"Escrito por\" \/>\n\t<meta name=\"twitter:data1\" content=\"El Informativo Tam\" \/>\n\t<meta name=\"twitter:label2\" content=\"Tiempo de lectura\" \/>\n\t<meta name=\"twitter:data2\" content=\"1 minuto\" \/>\n<script type=\"application\/ld+json\" class=\"yoast-schema-graph\">{\"@context\":\"https:\\\/\\\/schema.org\",\"@graph\":[{\"@type\":\"Article\",\"@id\":\"https:\\\/\\\/elinformativotam.com\\\/index.php\\\/2024\\\/01\\\/26\\\/encabeza-rossy-luque-de-martinez-gira-de-trabajo-por-zona-rural\\\/#article\",\"isPartOf\":{\"@id\":\"https:\\\/\\\/elinformativotam.com\\\/index.php\\\/2024\\\/01\\\/26\\\/encabeza-rossy-luque-de-martinez-gira-de-trabajo-por-zona-rural\\\/\"},\"author\":{\"name\":\"El Informativo Tam\",\"@id\":\"https:\\\/\\\/elinformativotam.com\\\/#\\\/schema\\\/person\\\/78e08040eed0f6110f0c5f83b6153590\"},\"headline\":\"ENCABEZA ROSSY LUQUE DE MART\u00cdNEZ GIRA DE TRABAJO POR ZONA RURAL\",\"datePublished\":\"2024-01-27T02:31:58+00:00\",\"mainEntityOfPage\":{\"@id\":\"https:\\\/\\\/elinformativotam.com\\\/index.php\\\/2024\\\/01\\\/26\\\/encabeza-rossy-luque-de-martinez-gira-de-trabajo-por-zona-rural\\\/\"},\"wordCount\":282,\"commentCount\":0,\"publisher\":{\"@id\":\"https:\\\/\\\/elinformativotam.com\\\/#organization\"},\"image\":{\"@id\":\"https:\\\/\\\/elinformativotam.com\\\/index.php\\\/2024\\\/01\\\/26\\\/encabeza-rossy-luque-de-martinez-gira-de-trabajo-por-zona-rural\\\/#primaryimage\"},\"thumbnailUrl\":\"https:\\\/\\\/elinformativotam.com\\\/wp-content\\\/uploads\\\/2024\\\/01\\\/Apoyos.jpeg\",\"articleSection\":[\"Altamira\"],\"inLanguage\":\"es\",\"potentialAction\":[{\"@type\":\"CommentAction\",\"name\":\"Comment\",\"target\":[\"https:\\\/\\\/elinformativotam.com\\\/index.php\\\/2024\\\/01\\\/26\\\/encabeza-rossy-luque-de-martinez-gira-de-trabajo-por-zona-rural\\\/#respond\"]}]},{\"@type\":\"WebPage\",\"@id\":\"https:\\\/\\\/elinformativotam.com\\\/index.php\\\/2024\\\/01\\\/26\\\/encabeza-rossy-luque-de-martinez-gira-de-trabajo-por-zona-rural\\\/\",\"url\":\"https:\\\/\\\/elinformativotam.com\\\/index.php\\\/2024\\\/01\\\/26\\\/encabeza-rossy-luque-de-martinez-gira-de-trabajo-por-zona-rural\\\/\",\"name\":\"ENCABEZA ROSSY LUQUE DE MART\u00cdNEZ GIRA DE TRABAJO POR ZONA RURAL - EL INFORMATIVO DE TAMAULIPAS\",\"isPartOf\":{\"@id\":\"https:\\\/\\\/elinformativotam.com\\\/#website\"},\"primaryImageOfPage\":{\"@id\":\"https:\\\/\\\/elinformativotam.com\\\/index.php\\\/2024\\\/01\\\/26\\\/encabeza-rossy-luque-de-martinez-gira-de-trabajo-por-zona-rural\\\/#primaryimage\"},\"image\":{\"@id\":\"https:\\\/\\\/elinformativotam.com\\\/index.php\\\/2024\\\/01\\\/26\\\/encabeza-rossy-luque-de-martinez-gira-de-trabajo-por-zona-rural\\\/#primaryimage\"},\"thumbnailUrl\":\"https:\\\/\\\/elinformativotam.com\\\/wp-content\\\/uploads\\\/2024\\\/01\\\/Apoyos.jpeg\",\"datePublished\":\"2024-01-27T02:31:58+00:00\",\"description\":\"Altamira, Tamaulipas.- La presidenta del Sistema DIF Altamira, C.P. Rossy Luque de Mart\u00ednez, contin\u00faa llevando esperanza y bienestar a las comunidades m\u00e1s\",\"inLanguage\":\"es\",\"potentialAction\":[{\"@type\":\"ReadAction\",\"target\":[\"https:\\\/\\\/elinformativotam.com\\\/index.php\\\/2024\\\/01\\\/26\\\/encabeza-rossy-luque-de-martinez-gira-de-trabajo-por-zona-rural\\\/\"]}]},{\"@type\":\"ImageObject\",\"inLanguage\":\"es\",\"@id\":\"https:\\\/\\\/elinformativotam.com\\\/index.php\\\/2024\\\/01\\\/26\\\/encabeza-rossy-luque-de-martinez-gira-de-trabajo-por-zona-rural\\\/#primaryimage\",\"url\":\"https:\\\/\\\/elinformativotam.com\\\/wp-content\\\/uploads\\\/2024\\\/01\\\/Apoyos.jpeg\",\"contentUrl\":\"https:\\\/\\\/elinformativotam.com\\\/wp-content\\\/uploads\\\/2024\\\/01\\\/Apoyos.jpeg\",\"width\":1280,\"height\":853},{\"@type\":\"WebSite\",\"@id\":\"https:\\\/\\\/elinformativotam.com\\\/#website\",\"url\":\"https:\\\/\\\/elinformativotam.com\\\/\",\"name\":\"EL INFORMATIVO DE TAMAULIPAS\",\"description\":\"Desde la Zona Metropolitana Para Todo M\u00e9xico\",\"publisher\":{\"@id\":\"https:\\\/\\\/elinformativotam.com\\\/#organization\"},\"potentialAction\":[{\"@type\":\"SearchAction\",\"target\":{\"@type\":\"EntryPoint\",\"urlTemplate\":\"https:\\\/\\\/elinformativotam.com\\\/?s={search_term_string}\"},\"query-input\":{\"@type\":\"PropertyValueSpecification\",\"valueRequired\":true,\"valueName\":\"search_term_string\"}}],\"inLanguage\":\"es\"},{\"@type\":\"Organization\",\"@id\":\"https:\\\/\\\/elinformativotam.com\\\/#organization\",\"name\":\"EL INFORMATIVO DE TAMAULIPAS\",\"url\":\"https:\\\/\\\/elinformativotam.com\\\/\",\"logo\":{\"@type\":\"ImageObject\",\"inLanguage\":\"es\",\"@id\":\"https:\\\/\\\/elinformativotam.com\\\/#\\\/schema\\\/logo\\\/image\\\/\",\"url\":\"https:\\\/\\\/elinformativotam.com\\\/wp-content\\\/uploads\\\/2026\\\/02\\\/Cabezal.png\",\"contentUrl\":\"https:\\\/\\\/elinformativotam.com\\\/wp-content\\\/uploads\\\/2026\\\/02\\\/Cabezal.png\",\"width\":960,\"height\":640,\"caption\":\"EL INFORMATIVO DE TAMAULIPAS\"},\"image\":{\"@id\":\"https:\\\/\\\/elinformativotam.com\\\/#\\\/schema\\\/logo\\\/image\\\/\"}},{\"@type\":\"Person\",\"@id\":\"https:\\\/\\\/elinformativotam.com\\\/#\\\/schema\\\/person\\\/78e08040eed0f6110f0c5f83b6153590\",\"name\":\"El Informativo Tam\",\"image\":{\"@type\":\"ImageObject\",\"inLanguage\":\"es\",\"@id\":\"https:\\\/\\\/secure.gravatar.com\\\/avatar\\\/f3b7ad3af540688955925ac610647be00b0cf41feea9c4978b73a707ee86bc53?s=96&d=mm&r=g\",\"url\":\"https:\\\/\\\/secure.gravatar.com\\\/avatar\\\/f3b7ad3af540688955925ac610647be00b0cf41feea9c4978b73a707ee86bc53?s=96&d=mm&r=g\",\"contentUrl\":\"https:\\\/\\\/secure.gravatar.com\\\/avatar\\\/f3b7ad3af540688955925ac610647be00b0cf41feea9c4978b73a707ee86bc53?s=96&d=mm&r=g\",\"caption\":\"El Informativo Tam\"}}]}<\/script>\n<!-- \/ Yoast SEO plugin. -->","yoast_head_json":{"title":"ENCABEZA ROSSY LUQUE DE MART\u00cdNEZ GIRA DE TRABAJO POR ZONA RURAL - EL INFORMATIVO DE TAMAULIPAS","description":"Altamira, Tamaulipas.- La presidenta del Sistema DIF Altamira, C.P. Rossy Luque de Mart\u00ednez, contin\u00faa llevando esperanza y bienestar a las comunidades m\u00e1s","robots":{"index":"index","follow":"follow","max-snippet":"max-snippet:-1","max-image-preview":"max-image-preview:large","max-video-preview":"max-video-preview:-1"},"canonical":"https:\/\/elinformativotam.com\/index.php\/2024\/01\/26\/encabeza-rossy-luque-de-martinez-gira-de-trabajo-por-zona-rural\/","og_locale":"es_MX","og_type":"article","og_title":"ENCABEZA ROSSY LUQUE DE MART\u00cdNEZ GIRA DE TRABAJO POR ZONA RURAL - EL INFORMATIVO DE TAMAULIPAS","og_description":"Altamira, Tamaulipas.- La presidenta del Sistema DIF Altamira, C.P. Rossy Luque de Mart\u00ednez, contin\u00faa llevando esperanza y bienestar a las comunidades m\u00e1s","og_url":"https:\/\/elinformativotam.com\/index.php\/2024\/01\/26\/encabeza-rossy-luque-de-martinez-gira-de-trabajo-por-zona-rural\/","og_site_name":"EL INFORMATIVO DE TAMAULIPAS","article_published_time":"2024-01-27T02:31:58+00:00","og_image":[{"width":1280,"height":853,"url":"https:\/\/elinformativotam.com\/wp-content\/uploads\/2024\/01\/Apoyos.jpeg","type":"image\/jpeg"}],"author":"El Informativo Tam","twitter_card":"summary_large_image","twitter_misc":{"Escrito por":"El Informativo Tam","Tiempo de lectura":"1 minuto"},"schema":{"@context":"https:\/\/schema.org","@graph":[{"@type":"Article","@id":"https:\/\/elinformativotam.com\/index.php\/2024\/01\/26\/encabeza-rossy-luque-de-martinez-gira-de-trabajo-por-zona-rural\/#article","isPartOf":{"@id":"https:\/\/elinformativotam.com\/index.php\/2024\/01\/26\/encabeza-rossy-luque-de-martinez-gira-de-trabajo-por-zona-rural\/"},"author":{"name":"El Informativo Tam","@id":"https:\/\/elinformativotam.com\/#\/schema\/person\/78e08040eed0f6110f0c5f83b6153590"},"headline":"ENCABEZA ROSSY LUQUE DE MART\u00cdNEZ GIRA DE TRABAJO POR ZONA RURAL","datePublished":"2024-01-27T02:31:58+00:00","mainEntityOfPage":{"@id":"https:\/\/elinformativotam.com\/index.php\/2024\/01\/26\/encabeza-rossy-luque-de-martinez-gira-de-trabajo-por-zona-rural\/"},"wordCount":282,"commentCount":0,"publisher":{"@id":"https:\/\/elinformativotam.com\/#organization"},"image":{"@id":"https:\/\/elinformativotam.com\/index.php\/2024\/01\/26\/encabeza-rossy-luque-de-martinez-gira-de-trabajo-por-zona-rural\/#primaryimage"},"thumbnailUrl":"https:\/\/elinformativotam.com\/wp-content\/uploads\/2024\/01\/Apoyos.jpeg","articleSection":["Altamira"],"inLanguage":"es","potentialAction":[{"@type":"CommentAction","name":"Comment","target":["https:\/\/elinformativotam.com\/index.php\/2024\/01\/26\/encabeza-rossy-luque-de-martinez-gira-de-trabajo-por-zona-rural\/#respond"]}]},{"@type":"WebPage","@id":"https:\/\/elinformativotam.com\/index.php\/2024\/01\/26\/encabeza-rossy-luque-de-martinez-gira-de-trabajo-por-zona-rural\/","url":"https:\/\/elinformativotam.com\/index.php\/2024\/01\/26\/encabeza-rossy-luque-de-martinez-gira-de-trabajo-por-zona-rural\/","name":"ENCABEZA ROSSY LUQUE DE MART\u00cdNEZ GIRA DE TRABAJO POR ZONA RURAL - EL INFORMATIVO DE TAMAULIPAS","isPartOf":{"@id":"https:\/\/elinformativotam.com\/#website"},"primaryImageOfPage":{"@id":"https:\/\/elinformativotam.com\/index.php\/2024\/01\/26\/encabeza-rossy-luque-de-martinez-gira-de-trabajo-por-zona-rural\/#primaryimage"},"image":{"@id":"https:\/\/elinformativotam.com\/index.php\/2024\/01\/26\/encabeza-rossy-luque-de-martinez-gira-de-trabajo-por-zona-rural\/#primaryimage"},"thumbnailUrl":"https:\/\/elinformativotam.com\/wp-content\/uploads\/2024\/01\/Apoyos.jpeg","datePublished":"2024-01-27T02:31:58+00:00","description":"Altamira, Tamaulipas.- La presidenta del Sistema DIF Altamira, C.P. Rossy Luque de Mart\u00ednez, contin\u00faa llevando esperanza y bienestar a las comunidades m\u00e1s","inLanguage":"es","potentialAction":[{"@type":"ReadAction","target":["https:\/\/elinformativotam.com\/index.php\/2024\/01\/26\/encabeza-rossy-luque-de-martinez-gira-de-trabajo-por-zona-rural\/"]}]},{"@type":"ImageObject","inLanguage":"es","@id":"https:\/\/elinformativotam.com\/index.php\/2024\/01\/26\/encabeza-rossy-luque-de-martinez-gira-de-trabajo-por-zona-rural\/#primaryimage","url":"https:\/\/elinformativotam.com\/wp-content\/uploads\/2024\/01\/Apoyos.jpeg","contentUrl":"https:\/\/elinformativotam.com\/wp-content\/uploads\/2024\/01\/Apoyos.jpeg","width":1280,"height":853},{"@type":"WebSite","@id":"https:\/\/elinformativotam.com\/#website","url":"https:\/\/elinformativotam.com\/","name":"EL INFORMATIVO DE TAMAULIPAS","description":"Desde la Zona Metropolitana Para Todo M\u00e9xico","publisher":{"@id":"https:\/\/elinformativotam.com\/#organization"},"potentialAction":[{"@type":"SearchAction","target":{"@type":"EntryPoint","urlTemplate":"https:\/\/elinformativotam.com\/?s={search_term_string}"},"query-input":{"@type":"PropertyValueSpecification","valueRequired":true,"valueName":"search_term_string"}}],"inLanguage":"es"},{"@type":"Organization","@id":"https:\/\/elinformativotam.com\/#organization","name":"EL INFORMATIVO DE TAMAULIPAS","url":"https:\/\/elinformativotam.com\/","logo":{"@type":"ImageObject","inLanguage":"es","@id":"https:\/\/elinformativotam.com\/#\/schema\/logo\/image\/","url":"https:\/\/elinformativotam.com\/wp-content\/uploads\/2026\/02\/Cabezal.png","contentUrl":"https:\/\/elinformativotam.com\/wp-content\/uploads\/2026\/02\/Cabezal.png","width":960,"height":640,"caption":"EL INFORMATIVO DE TAMAULIPAS"},"image":{"@id":"https:\/\/elinformativotam.com\/#\/schema\/logo\/image\/"}},{"@type":"Person","@id":"https:\/\/elinformativotam.com\/#\/schema\/person\/78e08040eed0f6110f0c5f83b6153590","name":"El Informativo Tam","image":{"@type":"ImageObject","inLanguage":"es","@id":"https:\/\/secure.gravatar.com\/avatar\/f3b7ad3af540688955925ac610647be00b0cf41feea9c4978b73a707ee86bc53?s=96&d=mm&r=g","url":"https:\/\/secure.gravatar.com\/avatar\/f3b7ad3af540688955925ac610647be00b0cf41feea9c4978b73a707ee86bc53?s=96&d=mm&r=g","contentUrl":"https:\/\/secure.gravatar.com\/avatar\/f3b7ad3af540688955925ac610647be00b0cf41feea9c4978b73a707ee86bc53?s=96&d=mm&r=g","caption":"El Informativo Tam"}}]}},"_links":{"self":[{"href":"https:\/\/elinformativotam.com\/index.php\/wp-json\/wp\/v2\/posts\/48693","targetHints":{"allow":["GET"]}}],"collection":[{"href":"https:\/\/elinformativotam.com\/index.php\/wp-json\/wp\/v2\/posts"}],"about":[{"href":"https:\/\/elinformativotam.com\/index.php\/wp-json\/wp\/v2\/types\/post"}],"author":[{"embeddable":true,"href":"https:\/\/elinformativotam.com\/index.php\/wp-json\/wp\/v2\/users\/1"}],"replies":[{"embeddable":true,"href":"https:\/\/elinformativotam.com\/index.php\/wp-json\/wp\/v2\/comments?post=48693"}],"version-history":[{"count":1,"href":"https:\/\/elinformativotam.com\/index.php\/wp-json\/wp\/v2\/posts\/48693\/revisions"}],"predecessor-version":[{"id":48695,"href":"https:\/\/elinformativotam.com\/index.php\/wp-json\/wp\/v2\/posts\/48693\/revisions\/48695"}],"wp:featuredmedia":[{"embeddable":true,"href":"https:\/\/elinformativotam.com\/index.php\/wp-json\/wp\/v2\/media\/48694"}],"wp:attachment":[{"href":"https:\/\/elinformativotam.com\/index.php\/wp-json\/wp\/v2\/media?parent=48693"}],"wp:term":[{"taxonomy":"category","embeddable":true,"href":"https:\/\/elinformativotam.com\/index.php\/wp-json\/wp\/v2\/categories?post=48693"},{"taxonomy":"post_tag","embeddable":true,"href":"https:\/\/elinformativotam.com\/index.php\/wp-json\/wp\/v2\/tags?post=48693"}],"curies":[{"name":"wp","href":"https:\/\/api.w.org\/{rel}","templated":true}]}}