{"id":48677,"date":"2024-01-25T20:27:43","date_gmt":"2024-01-26T02:27:43","guid":{"rendered":"https:\/\/elinformativotam.com\/?p=48677"},"modified":"2024-01-25T20:27:43","modified_gmt":"2024-01-26T02:27:43","slug":"se-preparan-reformas-constitucionales-para-esta-legislacion","status":"publish","type":"post","link":"https:\/\/elinformativotam.com\/index.php\/2024\/01\/25\/se-preparan-reformas-constitucionales-para-esta-legislacion\/","title":{"rendered":"SE PREPARAN REFORMAS CONSTITUCIONALES PARA ESTA LEGISLACI\u00d3N"},"content":{"rendered":"<p>Hasta 20 reformas constitucionales son las que quieren dar para adelante en este \u00faltimo periodo legislativo entre ellas destacan el tema de pensiones, de la propuesta es asegurar que los trabajadores que llegan al retiro pueda tener mayores alcances con su \u00faltimo salario, se\u00f1al\u00f3 Erasmo Gonz\u00e1lez Robledo, diputado federal.<\/p>\n<p>&nbsp;<\/p>\n<p>Expuso que tambi\u00e9n modificar\u00e1 la Constituci\u00f3n, para que a partir de los 60 a\u00f1os, la pensi\u00f3n de los adultos mayores pueda ser la edad universal para recibir este apoyo.<\/p>\n<p>&nbsp;<\/p>\n<p>&#8220;La pol\u00edtica del presidente de la rep\u00fablica dese\u00f3 un inicio (2018) ha sido clara, pues ha sido de bienestar para las familias, adem\u00e1s reformas al poder judicial y electoral&#8221;, coment\u00f3.<\/p>\n<p>&nbsp;<\/p>\n<p>Expuso que tambi\u00e9n habr\u00e1 iniciativas en materia de Guardia Nacional, parte de esto es lo que se entregar\u00e1 en un paquete de iniciativas, por parte del ejecutivo el pr\u00f3ximo 5 de febrero.<\/p>\n<p>&nbsp;<\/p>\n<p>Agreg\u00f3 que para dar adelante estas iniciativas se requiere de dos terceras partes de la c\u00e1mara de diputados y del senado de la Rep\u00fablica adem\u00e1s de pasar por la mitad pas\u00f3 uno de los congresos locales.<\/p>\n<p>&nbsp;<\/p>\n","protected":false},"excerpt":{"rendered":"<p>Hasta 20 reformas constitucionales son las que quieren dar para adelante en este \u00faltimo periodo legislativo entre ellas destacan el&hellip;<\/p>\n","protected":false},"author":1,"featured_media":48297,"comment_status":"open","ping_status":"open","sticky":false,"template":"","format":"standard","meta":{"footnotes":""},"categories":[5],"tags":[],"class_list":["post-48677","post","type-post","status-publish","format-standard","has-post-thumbnail","hentry","category-altamira"],"yoast_head":"<!-- This site is optimized with the Yoast SEO plugin v27.5 - https:\/\/yoast.com\/product\/yoast-seo-wordpress\/ -->\n<title>SE PREPARAN REFORMAS CONSTITUCIONALES PARA ESTA LEGISLACI\u00d3N - EL INFORMATIVO DE TAMAULIPAS<\/title>\n<meta name=\"description\" content=\"Hasta 20 reformas constitucionales son las que quieren dar para adelante en este \u00faltimo periodo legislativo entre ellas destacan el tema de pensiones, de\" \/>\n<meta name=\"robots\" content=\"index, follow, max-snippet:-1, max-image-preview:large, max-video-preview:-1\" \/>\n<link rel=\"canonical\" href=\"https:\/\/elinformativotam.com\/index.php\/2024\/01\/25\/se-preparan-reformas-constitucionales-para-esta-legislacion\/\" \/>\n<meta property=\"og:locale\" content=\"es_MX\" \/>\n<meta property=\"og:type\" content=\"article\" \/>\n<meta property=\"og:title\" content=\"SE PREPARAN REFORMAS CONSTITUCIONALES PARA ESTA LEGISLACI\u00d3N - EL INFORMATIVO DE TAMAULIPAS\" \/>\n<meta property=\"og:description\" content=\"Hasta 20 reformas constitucionales son las que quieren dar para adelante en este \u00faltimo periodo legislativo entre ellas destacan el tema de pensiones, de\" \/>\n<meta property=\"og:url\" content=\"https:\/\/elinformativotam.com\/index.php\/2024\/01\/25\/se-preparan-reformas-constitucionales-para-esta-legislacion\/\" \/>\n<meta property=\"og:site_name\" content=\"EL INFORMATIVO DE TAMAULIPAS\" \/>\n<meta property=\"article:published_time\" content=\"2024-01-26T02:27:43+00:00\" \/>\n<meta property=\"og:image\" content=\"https:\/\/elinformativotam.com\/wp-content\/uploads\/2024\/01\/Erasmo.jpeg\" \/>\n\t<meta property=\"og:image:width\" content=\"1024\" \/>\n\t<meta property=\"og:image:height\" content=\"768\" \/>\n\t<meta property=\"og:image:type\" content=\"image\/jpeg\" \/>\n<meta name=\"author\" content=\"El Informativo Tam\" \/>\n<meta name=\"twitter:card\" content=\"summary_large_image\" \/>\n<meta name=\"twitter:label1\" content=\"Escrito por\" \/>\n\t<meta name=\"twitter:data1\" content=\"El Informativo Tam\" \/>\n\t<meta name=\"twitter:label2\" content=\"Tiempo de lectura\" \/>\n\t<meta name=\"twitter:data2\" content=\"2 minutos\" \/>\n<script type=\"application\/ld+json\" class=\"yoast-schema-graph\">{\"@context\":\"https:\\\/\\\/schema.org\",\"@graph\":[{\"@type\":\"Article\",\"@id\":\"https:\\\/\\\/elinformativotam.com\\\/index.php\\\/2024\\\/01\\\/25\\\/se-preparan-reformas-constitucionales-para-esta-legislacion\\\/#article\",\"isPartOf\":{\"@id\":\"https:\\\/\\\/elinformativotam.com\\\/index.php\\\/2024\\\/01\\\/25\\\/se-preparan-reformas-constitucionales-para-esta-legislacion\\\/\"},\"author\":{\"name\":\"El Informativo Tam\",\"@id\":\"https:\\\/\\\/elinformativotam.com\\\/#\\\/schema\\\/person\\\/78e08040eed0f6110f0c5f83b6153590\"},\"headline\":\"SE PREPARAN REFORMAS CONSTITUCIONALES PARA ESTA LEGISLACI\u00d3N\",\"datePublished\":\"2024-01-26T02:27:43+00:00\",\"mainEntityOfPage\":{\"@id\":\"https:\\\/\\\/elinformativotam.com\\\/index.php\\\/2024\\\/01\\\/25\\\/se-preparan-reformas-constitucionales-para-esta-legislacion\\\/\"},\"wordCount\":199,\"commentCount\":0,\"publisher\":{\"@id\":\"https:\\\/\\\/elinformativotam.com\\\/#organization\"},\"image\":{\"@id\":\"https:\\\/\\\/elinformativotam.com\\\/index.php\\\/2024\\\/01\\\/25\\\/se-preparan-reformas-constitucionales-para-esta-legislacion\\\/#primaryimage\"},\"thumbnailUrl\":\"https:\\\/\\\/elinformativotam.com\\\/wp-content\\\/uploads\\\/2024\\\/01\\\/Erasmo.jpeg\",\"articleSection\":[\"Altamira\"],\"inLanguage\":\"es\",\"potentialAction\":[{\"@type\":\"CommentAction\",\"name\":\"Comment\",\"target\":[\"https:\\\/\\\/elinformativotam.com\\\/index.php\\\/2024\\\/01\\\/25\\\/se-preparan-reformas-constitucionales-para-esta-legislacion\\\/#respond\"]}]},{\"@type\":\"WebPage\",\"@id\":\"https:\\\/\\\/elinformativotam.com\\\/index.php\\\/2024\\\/01\\\/25\\\/se-preparan-reformas-constitucionales-para-esta-legislacion\\\/\",\"url\":\"https:\\\/\\\/elinformativotam.com\\\/index.php\\\/2024\\\/01\\\/25\\\/se-preparan-reformas-constitucionales-para-esta-legislacion\\\/\",\"name\":\"SE PREPARAN REFORMAS CONSTITUCIONALES PARA ESTA LEGISLACI\u00d3N - EL INFORMATIVO DE TAMAULIPAS\",\"isPartOf\":{\"@id\":\"https:\\\/\\\/elinformativotam.com\\\/#website\"},\"primaryImageOfPage\":{\"@id\":\"https:\\\/\\\/elinformativotam.com\\\/index.php\\\/2024\\\/01\\\/25\\\/se-preparan-reformas-constitucionales-para-esta-legislacion\\\/#primaryimage\"},\"image\":{\"@id\":\"https:\\\/\\\/elinformativotam.com\\\/index.php\\\/2024\\\/01\\\/25\\\/se-preparan-reformas-constitucionales-para-esta-legislacion\\\/#primaryimage\"},\"thumbnailUrl\":\"https:\\\/\\\/elinformativotam.com\\\/wp-content\\\/uploads\\\/2024\\\/01\\\/Erasmo.jpeg\",\"datePublished\":\"2024-01-26T02:27:43+00:00\",\"description\":\"Hasta 20 reformas constitucionales son las que quieren dar para adelante en este \u00faltimo periodo legislativo entre ellas destacan el tema de pensiones, de\",\"inLanguage\":\"es\",\"potentialAction\":[{\"@type\":\"ReadAction\",\"target\":[\"https:\\\/\\\/elinformativotam.com\\\/index.php\\\/2024\\\/01\\\/25\\\/se-preparan-reformas-constitucionales-para-esta-legislacion\\\/\"]}]},{\"@type\":\"ImageObject\",\"inLanguage\":\"es\",\"@id\":\"https:\\\/\\\/elinformativotam.com\\\/index.php\\\/2024\\\/01\\\/25\\\/se-preparan-reformas-constitucionales-para-esta-legislacion\\\/#primaryimage\",\"url\":\"https:\\\/\\\/elinformativotam.com\\\/wp-content\\\/uploads\\\/2024\\\/01\\\/Erasmo.jpeg\",\"contentUrl\":\"https:\\\/\\\/elinformativotam.com\\\/wp-content\\\/uploads\\\/2024\\\/01\\\/Erasmo.jpeg\",\"width\":1024,\"height\":768},{\"@type\":\"WebSite\",\"@id\":\"https:\\\/\\\/elinformativotam.com\\\/#website\",\"url\":\"https:\\\/\\\/elinformativotam.com\\\/\",\"name\":\"EL INFORMATIVO DE TAMAULIPAS\",\"description\":\"Desde la Zona Metropolitana Para Todo M\u00e9xico\",\"publisher\":{\"@id\":\"https:\\\/\\\/elinformativotam.com\\\/#organization\"},\"potentialAction\":[{\"@type\":\"SearchAction\",\"target\":{\"@type\":\"EntryPoint\",\"urlTemplate\":\"https:\\\/\\\/elinformativotam.com\\\/?s={search_term_string}\"},\"query-input\":{\"@type\":\"PropertyValueSpecification\",\"valueRequired\":true,\"valueName\":\"search_term_string\"}}],\"inLanguage\":\"es\"},{\"@type\":\"Organization\",\"@id\":\"https:\\\/\\\/elinformativotam.com\\\/#organization\",\"name\":\"EL INFORMATIVO DE TAMAULIPAS\",\"url\":\"https:\\\/\\\/elinformativotam.com\\\/\",\"logo\":{\"@type\":\"ImageObject\",\"inLanguage\":\"es\",\"@id\":\"https:\\\/\\\/elinformativotam.com\\\/#\\\/schema\\\/logo\\\/image\\\/\",\"url\":\"https:\\\/\\\/elinformativotam.com\\\/wp-content\\\/uploads\\\/2026\\\/02\\\/Cabezal.png\",\"contentUrl\":\"https:\\\/\\\/elinformativotam.com\\\/wp-content\\\/uploads\\\/2026\\\/02\\\/Cabezal.png\",\"width\":960,\"height\":640,\"caption\":\"EL INFORMATIVO DE TAMAULIPAS\"},\"image\":{\"@id\":\"https:\\\/\\\/elinformativotam.com\\\/#\\\/schema\\\/logo\\\/image\\\/\"}},{\"@type\":\"Person\",\"@id\":\"https:\\\/\\\/elinformativotam.com\\\/#\\\/schema\\\/person\\\/78e08040eed0f6110f0c5f83b6153590\",\"name\":\"El Informativo Tam\",\"image\":{\"@type\":\"ImageObject\",\"inLanguage\":\"es\",\"@id\":\"https:\\\/\\\/secure.gravatar.com\\\/avatar\\\/f3b7ad3af540688955925ac610647be00b0cf41feea9c4978b73a707ee86bc53?s=96&d=mm&r=g\",\"url\":\"https:\\\/\\\/secure.gravatar.com\\\/avatar\\\/f3b7ad3af540688955925ac610647be00b0cf41feea9c4978b73a707ee86bc53?s=96&d=mm&r=g\",\"contentUrl\":\"https:\\\/\\\/secure.gravatar.com\\\/avatar\\\/f3b7ad3af540688955925ac610647be00b0cf41feea9c4978b73a707ee86bc53?s=96&d=mm&r=g\",\"caption\":\"El Informativo Tam\"}}]}<\/script>\n<!-- \/ Yoast SEO plugin. -->","yoast_head_json":{"title":"SE PREPARAN REFORMAS CONSTITUCIONALES PARA ESTA LEGISLACI\u00d3N - EL INFORMATIVO DE TAMAULIPAS","description":"Hasta 20 reformas constitucionales son las que quieren dar para adelante en este \u00faltimo periodo legislativo entre ellas destacan el tema de pensiones, de","robots":{"index":"index","follow":"follow","max-snippet":"max-snippet:-1","max-image-preview":"max-image-preview:large","max-video-preview":"max-video-preview:-1"},"canonical":"https:\/\/elinformativotam.com\/index.php\/2024\/01\/25\/se-preparan-reformas-constitucionales-para-esta-legislacion\/","og_locale":"es_MX","og_type":"article","og_title":"SE PREPARAN REFORMAS CONSTITUCIONALES PARA ESTA LEGISLACI\u00d3N - EL INFORMATIVO DE TAMAULIPAS","og_description":"Hasta 20 reformas constitucionales son las que quieren dar para adelante en este \u00faltimo periodo legislativo entre ellas destacan el tema de pensiones, de","og_url":"https:\/\/elinformativotam.com\/index.php\/2024\/01\/25\/se-preparan-reformas-constitucionales-para-esta-legislacion\/","og_site_name":"EL INFORMATIVO DE TAMAULIPAS","article_published_time":"2024-01-26T02:27:43+00:00","og_image":[{"width":1024,"height":768,"url":"https:\/\/elinformativotam.com\/wp-content\/uploads\/2024\/01\/Erasmo.jpeg","type":"image\/jpeg"}],"author":"El Informativo Tam","twitter_card":"summary_large_image","twitter_misc":{"Escrito por":"El Informativo Tam","Tiempo de lectura":"2 minutos"},"schema":{"@context":"https:\/\/schema.org","@graph":[{"@type":"Article","@id":"https:\/\/elinformativotam.com\/index.php\/2024\/01\/25\/se-preparan-reformas-constitucionales-para-esta-legislacion\/#article","isPartOf":{"@id":"https:\/\/elinformativotam.com\/index.php\/2024\/01\/25\/se-preparan-reformas-constitucionales-para-esta-legislacion\/"},"author":{"name":"El Informativo Tam","@id":"https:\/\/elinformativotam.com\/#\/schema\/person\/78e08040eed0f6110f0c5f83b6153590"},"headline":"SE PREPARAN REFORMAS CONSTITUCIONALES PARA ESTA LEGISLACI\u00d3N","datePublished":"2024-01-26T02:27:43+00:00","mainEntityOfPage":{"@id":"https:\/\/elinformativotam.com\/index.php\/2024\/01\/25\/se-preparan-reformas-constitucionales-para-esta-legislacion\/"},"wordCount":199,"commentCount":0,"publisher":{"@id":"https:\/\/elinformativotam.com\/#organization"},"image":{"@id":"https:\/\/elinformativotam.com\/index.php\/2024\/01\/25\/se-preparan-reformas-constitucionales-para-esta-legislacion\/#primaryimage"},"thumbnailUrl":"https:\/\/elinformativotam.com\/wp-content\/uploads\/2024\/01\/Erasmo.jpeg","articleSection":["Altamira"],"inLanguage":"es","potentialAction":[{"@type":"CommentAction","name":"Comment","target":["https:\/\/elinformativotam.com\/index.php\/2024\/01\/25\/se-preparan-reformas-constitucionales-para-esta-legislacion\/#respond"]}]},{"@type":"WebPage","@id":"https:\/\/elinformativotam.com\/index.php\/2024\/01\/25\/se-preparan-reformas-constitucionales-para-esta-legislacion\/","url":"https:\/\/elinformativotam.com\/index.php\/2024\/01\/25\/se-preparan-reformas-constitucionales-para-esta-legislacion\/","name":"SE PREPARAN REFORMAS CONSTITUCIONALES PARA ESTA LEGISLACI\u00d3N - EL INFORMATIVO DE TAMAULIPAS","isPartOf":{"@id":"https:\/\/elinformativotam.com\/#website"},"primaryImageOfPage":{"@id":"https:\/\/elinformativotam.com\/index.php\/2024\/01\/25\/se-preparan-reformas-constitucionales-para-esta-legislacion\/#primaryimage"},"image":{"@id":"https:\/\/elinformativotam.com\/index.php\/2024\/01\/25\/se-preparan-reformas-constitucionales-para-esta-legislacion\/#primaryimage"},"thumbnailUrl":"https:\/\/elinformativotam.com\/wp-content\/uploads\/2024\/01\/Erasmo.jpeg","datePublished":"2024-01-26T02:27:43+00:00","description":"Hasta 20 reformas constitucionales son las que quieren dar para adelante en este \u00faltimo periodo legislativo entre ellas destacan el tema de pensiones, de","inLanguage":"es","potentialAction":[{"@type":"ReadAction","target":["https:\/\/elinformativotam.com\/index.php\/2024\/01\/25\/se-preparan-reformas-constitucionales-para-esta-legislacion\/"]}]},{"@type":"ImageObject","inLanguage":"es","@id":"https:\/\/elinformativotam.com\/index.php\/2024\/01\/25\/se-preparan-reformas-constitucionales-para-esta-legislacion\/#primaryimage","url":"https:\/\/elinformativotam.com\/wp-content\/uploads\/2024\/01\/Erasmo.jpeg","contentUrl":"https:\/\/elinformativotam.com\/wp-content\/uploads\/2024\/01\/Erasmo.jpeg","width":1024,"height":768},{"@type":"WebSite","@id":"https:\/\/elinformativotam.com\/#website","url":"https:\/\/elinformativotam.com\/","name":"EL INFORMATIVO DE TAMAULIPAS","description":"Desde la Zona Metropolitana Para Todo M\u00e9xico","publisher":{"@id":"https:\/\/elinformativotam.com\/#organization"},"potentialAction":[{"@type":"SearchAction","target":{"@type":"EntryPoint","urlTemplate":"https:\/\/elinformativotam.com\/?s={search_term_string}"},"query-input":{"@type":"PropertyValueSpecification","valueRequired":true,"valueName":"search_term_string"}}],"inLanguage":"es"},{"@type":"Organization","@id":"https:\/\/elinformativotam.com\/#organization","name":"EL INFORMATIVO DE TAMAULIPAS","url":"https:\/\/elinformativotam.com\/","logo":{"@type":"ImageObject","inLanguage":"es","@id":"https:\/\/elinformativotam.com\/#\/schema\/logo\/image\/","url":"https:\/\/elinformativotam.com\/wp-content\/uploads\/2026\/02\/Cabezal.png","contentUrl":"https:\/\/elinformativotam.com\/wp-content\/uploads\/2026\/02\/Cabezal.png","width":960,"height":640,"caption":"EL INFORMATIVO DE TAMAULIPAS"},"image":{"@id":"https:\/\/elinformativotam.com\/#\/schema\/logo\/image\/"}},{"@type":"Person","@id":"https:\/\/elinformativotam.com\/#\/schema\/person\/78e08040eed0f6110f0c5f83b6153590","name":"El Informativo Tam","image":{"@type":"ImageObject","inLanguage":"es","@id":"https:\/\/secure.gravatar.com\/avatar\/f3b7ad3af540688955925ac610647be00b0cf41feea9c4978b73a707ee86bc53?s=96&d=mm&r=g","url":"https:\/\/secure.gravatar.com\/avatar\/f3b7ad3af540688955925ac610647be00b0cf41feea9c4978b73a707ee86bc53?s=96&d=mm&r=g","contentUrl":"https:\/\/secure.gravatar.com\/avatar\/f3b7ad3af540688955925ac610647be00b0cf41feea9c4978b73a707ee86bc53?s=96&d=mm&r=g","caption":"El Informativo Tam"}}]}},"_links":{"self":[{"href":"https:\/\/elinformativotam.com\/index.php\/wp-json\/wp\/v2\/posts\/48677","targetHints":{"allow":["GET"]}}],"collection":[{"href":"https:\/\/elinformativotam.com\/index.php\/wp-json\/wp\/v2\/posts"}],"about":[{"href":"https:\/\/elinformativotam.com\/index.php\/wp-json\/wp\/v2\/types\/post"}],"author":[{"embeddable":true,"href":"https:\/\/elinformativotam.com\/index.php\/wp-json\/wp\/v2\/users\/1"}],"replies":[{"embeddable":true,"href":"https:\/\/elinformativotam.com\/index.php\/wp-json\/wp\/v2\/comments?post=48677"}],"version-history":[{"count":1,"href":"https:\/\/elinformativotam.com\/index.php\/wp-json\/wp\/v2\/posts\/48677\/revisions"}],"predecessor-version":[{"id":48678,"href":"https:\/\/elinformativotam.com\/index.php\/wp-json\/wp\/v2\/posts\/48677\/revisions\/48678"}],"wp:featuredmedia":[{"embeddable":true,"href":"https:\/\/elinformativotam.com\/index.php\/wp-json\/wp\/v2\/media\/48297"}],"wp:attachment":[{"href":"https:\/\/elinformativotam.com\/index.php\/wp-json\/wp\/v2\/media?parent=48677"}],"wp:term":[{"taxonomy":"category","embeddable":true,"href":"https:\/\/elinformativotam.com\/index.php\/wp-json\/wp\/v2\/categories?post=48677"},{"taxonomy":"post_tag","embeddable":true,"href":"https:\/\/elinformativotam.com\/index.php\/wp-json\/wp\/v2\/tags?post=48677"}],"curies":[{"name":"wp","href":"https:\/\/api.w.org\/{rel}","templated":true}]}}