{"id":48671,"date":"2024-01-25T20:16:43","date_gmt":"2024-01-26T02:16:43","guid":{"rendered":"https:\/\/elinformativotam.com\/?p=48671"},"modified":"2024-01-25T20:16:43","modified_gmt":"2024-01-26T02:16:43","slug":"pan-respalda-a-aspirante-a-diputada-tras-ser-despedida","status":"publish","type":"post","link":"https:\/\/elinformativotam.com\/index.php\/2024\/01\/25\/pan-respalda-a-aspirante-a-diputada-tras-ser-despedida\/","title":{"rendered":"PAN RESPALDA A ASPIRANTE A DIPUTADA, TRAS SER DESPEDIDA."},"content":{"rendered":"<p>Cd. Madero, Tamaulipas.- El partido Acci\u00f3n Nacional, mostr\u00f3 su total respaldo al caso del presunto despido injustificado de una trabajadora del hospital civil maderense.<\/p>\n<p>&nbsp;<\/p>\n<p>El magistrado Andr\u00e9s Gonz\u00e1lez Galv\u00e1n, dijo que el partido buscar\u00e1 que el director del Hospital Civil de Madero, Salvador Mojarro, sea ingresado en el padr\u00f3n de personas sancionadas por violencia pol\u00edtica de g\u00e9nero.<\/p>\n<p>&nbsp;<\/p>\n<p>Destac\u00f3 que esto fue originado el pasado lunes, ya que se dio de baja a la encargada de Recursos Humanos del nosocomio, Ana Marcela Garc\u00eda Padilla, luego de que se registr\u00f3 como pre candidata del PAN a la diputaci\u00f3n local de Ciudad Madero.<\/p>\n<p>&nbsp;<\/p>\n<p>Mencion\u00f3 que el padr\u00f3n est\u00e1 activo, y por esta raz\u00f3n buscar\u00edan que el funcionario de la Secretar\u00eda de Salud sea colocado en ella.<\/p>\n<p>&nbsp;<\/p>\n<p>Detall\u00f3 que en ese padr\u00f3n la poblaci\u00f3n se entera de los funcionarios que cometen violencia en raz\u00f3n de g\u00e9nero.<\/p>\n","protected":false},"excerpt":{"rendered":"<p>Cd. Madero, Tamaulipas.- El partido Acci\u00f3n Nacional, mostr\u00f3 su total respaldo al caso del presunto despido injustificado de una trabajadora&hellip;<\/p>\n","protected":false},"author":1,"featured_media":48658,"comment_status":"open","ping_status":"open","sticky":false,"template":"","format":"standard","meta":{"footnotes":""},"categories":[5],"tags":[],"class_list":["post-48671","post","type-post","status-publish","format-standard","has-post-thumbnail","hentry","category-altamira"],"yoast_head":"<!-- This site is optimized with the Yoast SEO plugin v27.5 - https:\/\/yoast.com\/product\/yoast-seo-wordpress\/ -->\n<title>PAN RESPALDA A ASPIRANTE A DIPUTADA, TRAS SER DESPEDIDA. - EL INFORMATIVO DE TAMAULIPAS<\/title>\n<meta name=\"description\" content=\"Cd. Madero, Tamaulipas.- El partido Acci\u00f3n Nacional, mostr\u00f3 su total respaldo al caso del presunto despido injustificado de una trabajadora del hospital\" \/>\n<meta name=\"robots\" content=\"index, follow, max-snippet:-1, max-image-preview:large, max-video-preview:-1\" \/>\n<link rel=\"canonical\" href=\"https:\/\/elinformativotam.com\/index.php\/2024\/01\/25\/pan-respalda-a-aspirante-a-diputada-tras-ser-despedida\/\" \/>\n<meta property=\"og:locale\" content=\"es_MX\" \/>\n<meta property=\"og:type\" content=\"article\" \/>\n<meta property=\"og:title\" content=\"PAN RESPALDA A ASPIRANTE A DIPUTADA, TRAS SER DESPEDIDA. - EL INFORMATIVO DE TAMAULIPAS\" \/>\n<meta property=\"og:description\" content=\"Cd. Madero, Tamaulipas.- El partido Acci\u00f3n Nacional, mostr\u00f3 su total respaldo al caso del presunto despido injustificado de una trabajadora del hospital\" \/>\n<meta property=\"og:url\" content=\"https:\/\/elinformativotam.com\/index.php\/2024\/01\/25\/pan-respalda-a-aspirante-a-diputada-tras-ser-despedida\/\" \/>\n<meta property=\"og:site_name\" content=\"EL INFORMATIVO DE TAMAULIPAS\" \/>\n<meta property=\"article:published_time\" content=\"2024-01-26T02:16:43+00:00\" \/>\n<meta property=\"og:image\" content=\"https:\/\/elinformativotam.com\/wp-content\/uploads\/2024\/01\/Panistas.jpeg\" \/>\n\t<meta property=\"og:image:width\" content=\"1192\" \/>\n\t<meta property=\"og:image:height\" content=\"627\" \/>\n\t<meta property=\"og:image:type\" content=\"image\/jpeg\" \/>\n<meta name=\"author\" content=\"El Informativo Tam\" \/>\n<meta name=\"twitter:card\" content=\"summary_large_image\" \/>\n<meta name=\"twitter:label1\" content=\"Escrito por\" \/>\n\t<meta name=\"twitter:data1\" content=\"El Informativo Tam\" \/>\n\t<meta name=\"twitter:label2\" content=\"Tiempo de lectura\" \/>\n\t<meta name=\"twitter:data2\" content=\"1 minuto\" \/>\n<script type=\"application\/ld+json\" class=\"yoast-schema-graph\">{\"@context\":\"https:\\\/\\\/schema.org\",\"@graph\":[{\"@type\":\"Article\",\"@id\":\"https:\\\/\\\/elinformativotam.com\\\/index.php\\\/2024\\\/01\\\/25\\\/pan-respalda-a-aspirante-a-diputada-tras-ser-despedida\\\/#article\",\"isPartOf\":{\"@id\":\"https:\\\/\\\/elinformativotam.com\\\/index.php\\\/2024\\\/01\\\/25\\\/pan-respalda-a-aspirante-a-diputada-tras-ser-despedida\\\/\"},\"author\":{\"name\":\"El Informativo Tam\",\"@id\":\"https:\\\/\\\/elinformativotam.com\\\/#\\\/schema\\\/person\\\/78e08040eed0f6110f0c5f83b6153590\"},\"headline\":\"PAN RESPALDA A ASPIRANTE A DIPUTADA, TRAS SER DESPEDIDA.\",\"datePublished\":\"2024-01-26T02:16:43+00:00\",\"mainEntityOfPage\":{\"@id\":\"https:\\\/\\\/elinformativotam.com\\\/index.php\\\/2024\\\/01\\\/25\\\/pan-respalda-a-aspirante-a-diputada-tras-ser-despedida\\\/\"},\"wordCount\":173,\"commentCount\":0,\"publisher\":{\"@id\":\"https:\\\/\\\/elinformativotam.com\\\/#organization\"},\"image\":{\"@id\":\"https:\\\/\\\/elinformativotam.com\\\/index.php\\\/2024\\\/01\\\/25\\\/pan-respalda-a-aspirante-a-diputada-tras-ser-despedida\\\/#primaryimage\"},\"thumbnailUrl\":\"https:\\\/\\\/elinformativotam.com\\\/wp-content\\\/uploads\\\/2024\\\/01\\\/Panistas.jpeg\",\"articleSection\":[\"Altamira\"],\"inLanguage\":\"es\",\"potentialAction\":[{\"@type\":\"CommentAction\",\"name\":\"Comment\",\"target\":[\"https:\\\/\\\/elinformativotam.com\\\/index.php\\\/2024\\\/01\\\/25\\\/pan-respalda-a-aspirante-a-diputada-tras-ser-despedida\\\/#respond\"]}]},{\"@type\":\"WebPage\",\"@id\":\"https:\\\/\\\/elinformativotam.com\\\/index.php\\\/2024\\\/01\\\/25\\\/pan-respalda-a-aspirante-a-diputada-tras-ser-despedida\\\/\",\"url\":\"https:\\\/\\\/elinformativotam.com\\\/index.php\\\/2024\\\/01\\\/25\\\/pan-respalda-a-aspirante-a-diputada-tras-ser-despedida\\\/\",\"name\":\"PAN RESPALDA A ASPIRANTE A DIPUTADA, TRAS SER DESPEDIDA. - EL INFORMATIVO DE TAMAULIPAS\",\"isPartOf\":{\"@id\":\"https:\\\/\\\/elinformativotam.com\\\/#website\"},\"primaryImageOfPage\":{\"@id\":\"https:\\\/\\\/elinformativotam.com\\\/index.php\\\/2024\\\/01\\\/25\\\/pan-respalda-a-aspirante-a-diputada-tras-ser-despedida\\\/#primaryimage\"},\"image\":{\"@id\":\"https:\\\/\\\/elinformativotam.com\\\/index.php\\\/2024\\\/01\\\/25\\\/pan-respalda-a-aspirante-a-diputada-tras-ser-despedida\\\/#primaryimage\"},\"thumbnailUrl\":\"https:\\\/\\\/elinformativotam.com\\\/wp-content\\\/uploads\\\/2024\\\/01\\\/Panistas.jpeg\",\"datePublished\":\"2024-01-26T02:16:43+00:00\",\"description\":\"Cd. Madero, Tamaulipas.- El partido Acci\u00f3n Nacional, mostr\u00f3 su total respaldo al caso del presunto despido injustificado de una trabajadora del hospital\",\"inLanguage\":\"es\",\"potentialAction\":[{\"@type\":\"ReadAction\",\"target\":[\"https:\\\/\\\/elinformativotam.com\\\/index.php\\\/2024\\\/01\\\/25\\\/pan-respalda-a-aspirante-a-diputada-tras-ser-despedida\\\/\"]}]},{\"@type\":\"ImageObject\",\"inLanguage\":\"es\",\"@id\":\"https:\\\/\\\/elinformativotam.com\\\/index.php\\\/2024\\\/01\\\/25\\\/pan-respalda-a-aspirante-a-diputada-tras-ser-despedida\\\/#primaryimage\",\"url\":\"https:\\\/\\\/elinformativotam.com\\\/wp-content\\\/uploads\\\/2024\\\/01\\\/Panistas.jpeg\",\"contentUrl\":\"https:\\\/\\\/elinformativotam.com\\\/wp-content\\\/uploads\\\/2024\\\/01\\\/Panistas.jpeg\",\"width\":1192,\"height\":627},{\"@type\":\"WebSite\",\"@id\":\"https:\\\/\\\/elinformativotam.com\\\/#website\",\"url\":\"https:\\\/\\\/elinformativotam.com\\\/\",\"name\":\"EL INFORMATIVO DE TAMAULIPAS\",\"description\":\"Desde la Zona Metropolitana Para Todo M\u00e9xico\",\"publisher\":{\"@id\":\"https:\\\/\\\/elinformativotam.com\\\/#organization\"},\"potentialAction\":[{\"@type\":\"SearchAction\",\"target\":{\"@type\":\"EntryPoint\",\"urlTemplate\":\"https:\\\/\\\/elinformativotam.com\\\/?s={search_term_string}\"},\"query-input\":{\"@type\":\"PropertyValueSpecification\",\"valueRequired\":true,\"valueName\":\"search_term_string\"}}],\"inLanguage\":\"es\"},{\"@type\":\"Organization\",\"@id\":\"https:\\\/\\\/elinformativotam.com\\\/#organization\",\"name\":\"EL INFORMATIVO DE TAMAULIPAS\",\"url\":\"https:\\\/\\\/elinformativotam.com\\\/\",\"logo\":{\"@type\":\"ImageObject\",\"inLanguage\":\"es\",\"@id\":\"https:\\\/\\\/elinformativotam.com\\\/#\\\/schema\\\/logo\\\/image\\\/\",\"url\":\"https:\\\/\\\/elinformativotam.com\\\/wp-content\\\/uploads\\\/2026\\\/02\\\/Cabezal.png\",\"contentUrl\":\"https:\\\/\\\/elinformativotam.com\\\/wp-content\\\/uploads\\\/2026\\\/02\\\/Cabezal.png\",\"width\":960,\"height\":640,\"caption\":\"EL INFORMATIVO DE TAMAULIPAS\"},\"image\":{\"@id\":\"https:\\\/\\\/elinformativotam.com\\\/#\\\/schema\\\/logo\\\/image\\\/\"}},{\"@type\":\"Person\",\"@id\":\"https:\\\/\\\/elinformativotam.com\\\/#\\\/schema\\\/person\\\/78e08040eed0f6110f0c5f83b6153590\",\"name\":\"El Informativo Tam\",\"image\":{\"@type\":\"ImageObject\",\"inLanguage\":\"es\",\"@id\":\"https:\\\/\\\/secure.gravatar.com\\\/avatar\\\/f3b7ad3af540688955925ac610647be00b0cf41feea9c4978b73a707ee86bc53?s=96&d=mm&r=g\",\"url\":\"https:\\\/\\\/secure.gravatar.com\\\/avatar\\\/f3b7ad3af540688955925ac610647be00b0cf41feea9c4978b73a707ee86bc53?s=96&d=mm&r=g\",\"contentUrl\":\"https:\\\/\\\/secure.gravatar.com\\\/avatar\\\/f3b7ad3af540688955925ac610647be00b0cf41feea9c4978b73a707ee86bc53?s=96&d=mm&r=g\",\"caption\":\"El Informativo Tam\"}}]}<\/script>\n<!-- \/ Yoast SEO plugin. -->","yoast_head_json":{"title":"PAN RESPALDA A ASPIRANTE A DIPUTADA, TRAS SER DESPEDIDA. - EL INFORMATIVO DE TAMAULIPAS","description":"Cd. Madero, Tamaulipas.- El partido Acci\u00f3n Nacional, mostr\u00f3 su total respaldo al caso del presunto despido injustificado de una trabajadora del hospital","robots":{"index":"index","follow":"follow","max-snippet":"max-snippet:-1","max-image-preview":"max-image-preview:large","max-video-preview":"max-video-preview:-1"},"canonical":"https:\/\/elinformativotam.com\/index.php\/2024\/01\/25\/pan-respalda-a-aspirante-a-diputada-tras-ser-despedida\/","og_locale":"es_MX","og_type":"article","og_title":"PAN RESPALDA A ASPIRANTE A DIPUTADA, TRAS SER DESPEDIDA. - EL INFORMATIVO DE TAMAULIPAS","og_description":"Cd. Madero, Tamaulipas.- El partido Acci\u00f3n Nacional, mostr\u00f3 su total respaldo al caso del presunto despido injustificado de una trabajadora del hospital","og_url":"https:\/\/elinformativotam.com\/index.php\/2024\/01\/25\/pan-respalda-a-aspirante-a-diputada-tras-ser-despedida\/","og_site_name":"EL INFORMATIVO DE TAMAULIPAS","article_published_time":"2024-01-26T02:16:43+00:00","og_image":[{"width":1192,"height":627,"url":"https:\/\/elinformativotam.com\/wp-content\/uploads\/2024\/01\/Panistas.jpeg","type":"image\/jpeg"}],"author":"El Informativo Tam","twitter_card":"summary_large_image","twitter_misc":{"Escrito por":"El Informativo Tam","Tiempo de lectura":"1 minuto"},"schema":{"@context":"https:\/\/schema.org","@graph":[{"@type":"Article","@id":"https:\/\/elinformativotam.com\/index.php\/2024\/01\/25\/pan-respalda-a-aspirante-a-diputada-tras-ser-despedida\/#article","isPartOf":{"@id":"https:\/\/elinformativotam.com\/index.php\/2024\/01\/25\/pan-respalda-a-aspirante-a-diputada-tras-ser-despedida\/"},"author":{"name":"El Informativo Tam","@id":"https:\/\/elinformativotam.com\/#\/schema\/person\/78e08040eed0f6110f0c5f83b6153590"},"headline":"PAN RESPALDA A ASPIRANTE A DIPUTADA, TRAS SER DESPEDIDA.","datePublished":"2024-01-26T02:16:43+00:00","mainEntityOfPage":{"@id":"https:\/\/elinformativotam.com\/index.php\/2024\/01\/25\/pan-respalda-a-aspirante-a-diputada-tras-ser-despedida\/"},"wordCount":173,"commentCount":0,"publisher":{"@id":"https:\/\/elinformativotam.com\/#organization"},"image":{"@id":"https:\/\/elinformativotam.com\/index.php\/2024\/01\/25\/pan-respalda-a-aspirante-a-diputada-tras-ser-despedida\/#primaryimage"},"thumbnailUrl":"https:\/\/elinformativotam.com\/wp-content\/uploads\/2024\/01\/Panistas.jpeg","articleSection":["Altamira"],"inLanguage":"es","potentialAction":[{"@type":"CommentAction","name":"Comment","target":["https:\/\/elinformativotam.com\/index.php\/2024\/01\/25\/pan-respalda-a-aspirante-a-diputada-tras-ser-despedida\/#respond"]}]},{"@type":"WebPage","@id":"https:\/\/elinformativotam.com\/index.php\/2024\/01\/25\/pan-respalda-a-aspirante-a-diputada-tras-ser-despedida\/","url":"https:\/\/elinformativotam.com\/index.php\/2024\/01\/25\/pan-respalda-a-aspirante-a-diputada-tras-ser-despedida\/","name":"PAN RESPALDA A ASPIRANTE A DIPUTADA, TRAS SER DESPEDIDA. - EL INFORMATIVO DE TAMAULIPAS","isPartOf":{"@id":"https:\/\/elinformativotam.com\/#website"},"primaryImageOfPage":{"@id":"https:\/\/elinformativotam.com\/index.php\/2024\/01\/25\/pan-respalda-a-aspirante-a-diputada-tras-ser-despedida\/#primaryimage"},"image":{"@id":"https:\/\/elinformativotam.com\/index.php\/2024\/01\/25\/pan-respalda-a-aspirante-a-diputada-tras-ser-despedida\/#primaryimage"},"thumbnailUrl":"https:\/\/elinformativotam.com\/wp-content\/uploads\/2024\/01\/Panistas.jpeg","datePublished":"2024-01-26T02:16:43+00:00","description":"Cd. Madero, Tamaulipas.- El partido Acci\u00f3n Nacional, mostr\u00f3 su total respaldo al caso del presunto despido injustificado de una trabajadora del hospital","inLanguage":"es","potentialAction":[{"@type":"ReadAction","target":["https:\/\/elinformativotam.com\/index.php\/2024\/01\/25\/pan-respalda-a-aspirante-a-diputada-tras-ser-despedida\/"]}]},{"@type":"ImageObject","inLanguage":"es","@id":"https:\/\/elinformativotam.com\/index.php\/2024\/01\/25\/pan-respalda-a-aspirante-a-diputada-tras-ser-despedida\/#primaryimage","url":"https:\/\/elinformativotam.com\/wp-content\/uploads\/2024\/01\/Panistas.jpeg","contentUrl":"https:\/\/elinformativotam.com\/wp-content\/uploads\/2024\/01\/Panistas.jpeg","width":1192,"height":627},{"@type":"WebSite","@id":"https:\/\/elinformativotam.com\/#website","url":"https:\/\/elinformativotam.com\/","name":"EL INFORMATIVO DE TAMAULIPAS","description":"Desde la Zona Metropolitana Para Todo M\u00e9xico","publisher":{"@id":"https:\/\/elinformativotam.com\/#organization"},"potentialAction":[{"@type":"SearchAction","target":{"@type":"EntryPoint","urlTemplate":"https:\/\/elinformativotam.com\/?s={search_term_string}"},"query-input":{"@type":"PropertyValueSpecification","valueRequired":true,"valueName":"search_term_string"}}],"inLanguage":"es"},{"@type":"Organization","@id":"https:\/\/elinformativotam.com\/#organization","name":"EL INFORMATIVO DE TAMAULIPAS","url":"https:\/\/elinformativotam.com\/","logo":{"@type":"ImageObject","inLanguage":"es","@id":"https:\/\/elinformativotam.com\/#\/schema\/logo\/image\/","url":"https:\/\/elinformativotam.com\/wp-content\/uploads\/2026\/02\/Cabezal.png","contentUrl":"https:\/\/elinformativotam.com\/wp-content\/uploads\/2026\/02\/Cabezal.png","width":960,"height":640,"caption":"EL INFORMATIVO DE TAMAULIPAS"},"image":{"@id":"https:\/\/elinformativotam.com\/#\/schema\/logo\/image\/"}},{"@type":"Person","@id":"https:\/\/elinformativotam.com\/#\/schema\/person\/78e08040eed0f6110f0c5f83b6153590","name":"El Informativo Tam","image":{"@type":"ImageObject","inLanguage":"es","@id":"https:\/\/secure.gravatar.com\/avatar\/f3b7ad3af540688955925ac610647be00b0cf41feea9c4978b73a707ee86bc53?s=96&d=mm&r=g","url":"https:\/\/secure.gravatar.com\/avatar\/f3b7ad3af540688955925ac610647be00b0cf41feea9c4978b73a707ee86bc53?s=96&d=mm&r=g","contentUrl":"https:\/\/secure.gravatar.com\/avatar\/f3b7ad3af540688955925ac610647be00b0cf41feea9c4978b73a707ee86bc53?s=96&d=mm&r=g","caption":"El Informativo Tam"}}]}},"_links":{"self":[{"href":"https:\/\/elinformativotam.com\/index.php\/wp-json\/wp\/v2\/posts\/48671","targetHints":{"allow":["GET"]}}],"collection":[{"href":"https:\/\/elinformativotam.com\/index.php\/wp-json\/wp\/v2\/posts"}],"about":[{"href":"https:\/\/elinformativotam.com\/index.php\/wp-json\/wp\/v2\/types\/post"}],"author":[{"embeddable":true,"href":"https:\/\/elinformativotam.com\/index.php\/wp-json\/wp\/v2\/users\/1"}],"replies":[{"embeddable":true,"href":"https:\/\/elinformativotam.com\/index.php\/wp-json\/wp\/v2\/comments?post=48671"}],"version-history":[{"count":1,"href":"https:\/\/elinformativotam.com\/index.php\/wp-json\/wp\/v2\/posts\/48671\/revisions"}],"predecessor-version":[{"id":48672,"href":"https:\/\/elinformativotam.com\/index.php\/wp-json\/wp\/v2\/posts\/48671\/revisions\/48672"}],"wp:featuredmedia":[{"embeddable":true,"href":"https:\/\/elinformativotam.com\/index.php\/wp-json\/wp\/v2\/media\/48658"}],"wp:attachment":[{"href":"https:\/\/elinformativotam.com\/index.php\/wp-json\/wp\/v2\/media?parent=48671"}],"wp:term":[{"taxonomy":"category","embeddable":true,"href":"https:\/\/elinformativotam.com\/index.php\/wp-json\/wp\/v2\/categories?post=48671"},{"taxonomy":"post_tag","embeddable":true,"href":"https:\/\/elinformativotam.com\/index.php\/wp-json\/wp\/v2\/tags?post=48671"}],"curies":[{"name":"wp","href":"https:\/\/api.w.org\/{rel}","templated":true}]}}