{"id":48663,"date":"2024-01-25T20:05:39","date_gmt":"2024-01-26T02:05:39","guid":{"rendered":"https:\/\/elinformativotam.com\/?p=48663"},"modified":"2024-01-25T20:05:39","modified_gmt":"2024-01-26T02:05:39","slug":"encabezan-rosa-gonzalez-y-pepe-schekaiban-nueva-jornada-de-limpieza-y-atencion-en-la-zona-norte","status":"publish","type":"post","link":"https:\/\/elinformativotam.com\/index.php\/2024\/01\/25\/encabezan-rosa-gonzalez-y-pepe-schekaiban-nueva-jornada-de-limpieza-y-atencion-en-la-zona-norte\/","title":{"rendered":"ENCABEZAN ROSA GONZ\u00c1LEZ Y PEPE SCHEKAIB\u00c1N NUEVA JORNADA DE LIMPIEZA Y ATENCI\u00d3N EN LA ZONA NORTE"},"content":{"rendered":"<p>A fin de seguir garantizando entornos limpios y saludables; y recoger, adem\u00e1s, las necesidades prioritarias de la poblaci\u00f3n, este d\u00eda, la Diputada Federal Rosa Gonz\u00e1lez Azc\u00e1rraga y el titular de Servicios P\u00fablicos del Ayuntamiento porte\u00f1o, Pepe Schekaib\u00e1n encabezaron una nueva jornada de limpieza en diversas colonias de la zona norte.<\/p>\n<p>&nbsp;<\/p>\n<p>La jornada, en la que participaron varias cuadrillas de trabajadores, incluy\u00f3 labores de limpieza de calles y banquetas, retiro de escombro de la v\u00eda p\u00fablica, desmonte de terrenos en el abandono, rehabilitaci\u00f3n de luminarias, retiro de basura especial y mejoramiento de espacios deportivos y recreativos, entre otras acciones.<\/p>\n<p>&nbsp;<\/p>\n<p>Durante la actividad, Rosa Gonz\u00e1lez sostuvo diversos di\u00e1logos con los vecinos y comerciantes, quienes agradecieron los trabajos de limpieza que de manera frecuente se desarrollan en la zona y expusieron adem\u00e1s las necesidades que enfrentan algunos sectores, principalmente en materia de pavimentaci\u00f3n.<\/p>\n<p>&nbsp;<\/p>\n<p>&#8220;Hemos encontrado en esta jornada una gran participaci\u00f3n de los vecinos que nos han manifestado el gran cambio logrado durante la administraci\u00f3n del Alcalde Chucho Nader, que les ha devuelto la limpieza, seguridad y mejora de sus calles, parques y espacios de recreo; por ello es importante que exista continuidad en las pol\u00edticas p\u00fablicas que han dado resultados y que, sin duda, han elevado la calidad de vida de la poblaci\u00f3n&#8221;.<\/p>\n<p>&nbsp;<\/p>\n<p>Por su parte, el titular de Servicios P\u00fablicos, Pepe Schekaib\u00e1n reiter\u00f3 el compromiso del gobierno local de continuar consolidando las jornadas de orden y limpieza &#8220;Diciendo y Haciendo&#8221; hacia todos los sectores del municipio; as\u00ed como responder con oportunidad al llamado ciudadano en cuanto al mejoramiento de los diversos servicios.<\/p>\n<p>&nbsp;<\/p>\n<p>Record\u00f3 que durante los \u00faltimos cinco a\u00f1os, se ha dado cobertura total al servicio de alumbrado p\u00fablico, mejoramiento de la red hidr\u00e1ulica y al servicio de recolecci\u00f3n de basura, donde, dijo, se han puesto en marcha estrategias como la adquisici\u00f3n de nuevos camiones recolectores, reconfiguraci\u00f3n de rutas; y la instalaci\u00f3n de m\u00e1s de 1500 contenedores especiales para la basura, entre otras.<\/p>\n<p>&nbsp;<\/p>\n<p>Ambos funcionarios coincidieron en que se continuar\u00e1n ampliando y fortaleciendo las citadas jornadas, a fin de garantizar entornos de limpieza, salud y bienestar.<\/p>\n","protected":false},"excerpt":{"rendered":"<p>A fin de seguir garantizando entornos limpios y saludables; y recoger, adem\u00e1s, las necesidades prioritarias de la poblaci\u00f3n, este d\u00eda,&hellip;<\/p>\n","protected":false},"author":1,"featured_media":48660,"comment_status":"open","ping_status":"open","sticky":false,"template":"","format":"standard","meta":{"footnotes":""},"categories":[3],"tags":[],"class_list":["post-48663","post","type-post","status-publish","format-standard","has-post-thumbnail","hentry","category-tampico"],"yoast_head":"<!-- This site is optimized with the Yoast SEO plugin v27.5 - https:\/\/yoast.com\/product\/yoast-seo-wordpress\/ -->\n<title>ENCABEZAN ROSA GONZ\u00c1LEZ Y PEPE SCHEKAIB\u00c1N NUEVA JORNADA DE LIMPIEZA Y ATENCI\u00d3N EN LA ZONA NORTE - EL INFORMATIVO DE TAMAULIPAS<\/title>\n<meta name=\"description\" content=\"A fin de seguir garantizando entornos limpios y saludables; y recoger, adem\u00e1s, las necesidades prioritarias de la poblaci\u00f3n, este d\u00eda, la Diputada Federal\" \/>\n<meta name=\"robots\" content=\"index, follow, max-snippet:-1, max-image-preview:large, max-video-preview:-1\" \/>\n<link rel=\"canonical\" href=\"https:\/\/elinformativotam.com\/index.php\/2024\/01\/25\/encabezan-rosa-gonzalez-y-pepe-schekaiban-nueva-jornada-de-limpieza-y-atencion-en-la-zona-norte\/\" \/>\n<meta property=\"og:locale\" content=\"es_MX\" \/>\n<meta property=\"og:type\" content=\"article\" \/>\n<meta property=\"og:title\" content=\"ENCABEZAN ROSA GONZ\u00c1LEZ Y PEPE SCHEKAIB\u00c1N NUEVA JORNADA DE LIMPIEZA Y ATENCI\u00d3N EN LA ZONA NORTE - EL INFORMATIVO DE TAMAULIPAS\" \/>\n<meta property=\"og:description\" content=\"A fin de seguir garantizando entornos limpios y saludables; y recoger, adem\u00e1s, las necesidades prioritarias de la poblaci\u00f3n, este d\u00eda, la Diputada Federal\" \/>\n<meta property=\"og:url\" content=\"https:\/\/elinformativotam.com\/index.php\/2024\/01\/25\/encabezan-rosa-gonzalez-y-pepe-schekaiban-nueva-jornada-de-limpieza-y-atencion-en-la-zona-norte\/\" \/>\n<meta property=\"og:site_name\" content=\"EL INFORMATIVO DE TAMAULIPAS\" \/>\n<meta property=\"article:published_time\" content=\"2024-01-26T02:05:39+00:00\" \/>\n<meta property=\"og:image\" content=\"https:\/\/elinformativotam.com\/wp-content\/uploads\/2024\/01\/Candidatos.jpeg\" \/>\n\t<meta property=\"og:image:width\" content=\"1600\" \/>\n\t<meta property=\"og:image:height\" content=\"1066\" \/>\n\t<meta property=\"og:image:type\" content=\"image\/jpeg\" \/>\n<meta name=\"author\" content=\"El Informativo Tam\" \/>\n<meta name=\"twitter:card\" content=\"summary_large_image\" \/>\n<meta name=\"twitter:label1\" content=\"Escrito por\" \/>\n\t<meta name=\"twitter:data1\" content=\"El Informativo Tam\" \/>\n\t<meta name=\"twitter:label2\" content=\"Tiempo de lectura\" \/>\n\t<meta name=\"twitter:data2\" content=\"2 minutos\" \/>\n<script type=\"application\/ld+json\" class=\"yoast-schema-graph\">{\"@context\":\"https:\\\/\\\/schema.org\",\"@graph\":[{\"@type\":\"Article\",\"@id\":\"https:\\\/\\\/elinformativotam.com\\\/index.php\\\/2024\\\/01\\\/25\\\/encabezan-rosa-gonzalez-y-pepe-schekaiban-nueva-jornada-de-limpieza-y-atencion-en-la-zona-norte\\\/#article\",\"isPartOf\":{\"@id\":\"https:\\\/\\\/elinformativotam.com\\\/index.php\\\/2024\\\/01\\\/25\\\/encabezan-rosa-gonzalez-y-pepe-schekaiban-nueva-jornada-de-limpieza-y-atencion-en-la-zona-norte\\\/\"},\"author\":{\"name\":\"El Informativo Tam\",\"@id\":\"https:\\\/\\\/elinformativotam.com\\\/#\\\/schema\\\/person\\\/78e08040eed0f6110f0c5f83b6153590\"},\"headline\":\"ENCABEZAN ROSA GONZ\u00c1LEZ Y PEPE SCHEKAIB\u00c1N NUEVA JORNADA DE LIMPIEZA Y ATENCI\u00d3N EN LA ZONA NORTE\",\"datePublished\":\"2024-01-26T02:05:39+00:00\",\"mainEntityOfPage\":{\"@id\":\"https:\\\/\\\/elinformativotam.com\\\/index.php\\\/2024\\\/01\\\/25\\\/encabezan-rosa-gonzalez-y-pepe-schekaiban-nueva-jornada-de-limpieza-y-atencion-en-la-zona-norte\\\/\"},\"wordCount\":400,\"commentCount\":0,\"publisher\":{\"@id\":\"https:\\\/\\\/elinformativotam.com\\\/#organization\"},\"image\":{\"@id\":\"https:\\\/\\\/elinformativotam.com\\\/index.php\\\/2024\\\/01\\\/25\\\/encabezan-rosa-gonzalez-y-pepe-schekaiban-nueva-jornada-de-limpieza-y-atencion-en-la-zona-norte\\\/#primaryimage\"},\"thumbnailUrl\":\"https:\\\/\\\/elinformativotam.com\\\/wp-content\\\/uploads\\\/2024\\\/01\\\/Candidatos.jpeg\",\"articleSection\":[\"Tampico\"],\"inLanguage\":\"es\",\"potentialAction\":[{\"@type\":\"CommentAction\",\"name\":\"Comment\",\"target\":[\"https:\\\/\\\/elinformativotam.com\\\/index.php\\\/2024\\\/01\\\/25\\\/encabezan-rosa-gonzalez-y-pepe-schekaiban-nueva-jornada-de-limpieza-y-atencion-en-la-zona-norte\\\/#respond\"]}]},{\"@type\":\"WebPage\",\"@id\":\"https:\\\/\\\/elinformativotam.com\\\/index.php\\\/2024\\\/01\\\/25\\\/encabezan-rosa-gonzalez-y-pepe-schekaiban-nueva-jornada-de-limpieza-y-atencion-en-la-zona-norte\\\/\",\"url\":\"https:\\\/\\\/elinformativotam.com\\\/index.php\\\/2024\\\/01\\\/25\\\/encabezan-rosa-gonzalez-y-pepe-schekaiban-nueva-jornada-de-limpieza-y-atencion-en-la-zona-norte\\\/\",\"name\":\"ENCABEZAN ROSA GONZ\u00c1LEZ Y PEPE SCHEKAIB\u00c1N NUEVA JORNADA DE LIMPIEZA Y ATENCI\u00d3N EN LA ZONA NORTE - EL INFORMATIVO DE TAMAULIPAS\",\"isPartOf\":{\"@id\":\"https:\\\/\\\/elinformativotam.com\\\/#website\"},\"primaryImageOfPage\":{\"@id\":\"https:\\\/\\\/elinformativotam.com\\\/index.php\\\/2024\\\/01\\\/25\\\/encabezan-rosa-gonzalez-y-pepe-schekaiban-nueva-jornada-de-limpieza-y-atencion-en-la-zona-norte\\\/#primaryimage\"},\"image\":{\"@id\":\"https:\\\/\\\/elinformativotam.com\\\/index.php\\\/2024\\\/01\\\/25\\\/encabezan-rosa-gonzalez-y-pepe-schekaiban-nueva-jornada-de-limpieza-y-atencion-en-la-zona-norte\\\/#primaryimage\"},\"thumbnailUrl\":\"https:\\\/\\\/elinformativotam.com\\\/wp-content\\\/uploads\\\/2024\\\/01\\\/Candidatos.jpeg\",\"datePublished\":\"2024-01-26T02:05:39+00:00\",\"description\":\"A fin de seguir garantizando entornos limpios y saludables; y recoger, adem\u00e1s, las necesidades prioritarias de la poblaci\u00f3n, este d\u00eda, la Diputada Federal\",\"inLanguage\":\"es\",\"potentialAction\":[{\"@type\":\"ReadAction\",\"target\":[\"https:\\\/\\\/elinformativotam.com\\\/index.php\\\/2024\\\/01\\\/25\\\/encabezan-rosa-gonzalez-y-pepe-schekaiban-nueva-jornada-de-limpieza-y-atencion-en-la-zona-norte\\\/\"]}]},{\"@type\":\"ImageObject\",\"inLanguage\":\"es\",\"@id\":\"https:\\\/\\\/elinformativotam.com\\\/index.php\\\/2024\\\/01\\\/25\\\/encabezan-rosa-gonzalez-y-pepe-schekaiban-nueva-jornada-de-limpieza-y-atencion-en-la-zona-norte\\\/#primaryimage\",\"url\":\"https:\\\/\\\/elinformativotam.com\\\/wp-content\\\/uploads\\\/2024\\\/01\\\/Candidatos.jpeg\",\"contentUrl\":\"https:\\\/\\\/elinformativotam.com\\\/wp-content\\\/uploads\\\/2024\\\/01\\\/Candidatos.jpeg\",\"width\":1600,\"height\":1066},{\"@type\":\"WebSite\",\"@id\":\"https:\\\/\\\/elinformativotam.com\\\/#website\",\"url\":\"https:\\\/\\\/elinformativotam.com\\\/\",\"name\":\"EL INFORMATIVO DE TAMAULIPAS\",\"description\":\"Desde la Zona Metropolitana Para Todo M\u00e9xico\",\"publisher\":{\"@id\":\"https:\\\/\\\/elinformativotam.com\\\/#organization\"},\"potentialAction\":[{\"@type\":\"SearchAction\",\"target\":{\"@type\":\"EntryPoint\",\"urlTemplate\":\"https:\\\/\\\/elinformativotam.com\\\/?s={search_term_string}\"},\"query-input\":{\"@type\":\"PropertyValueSpecification\",\"valueRequired\":true,\"valueName\":\"search_term_string\"}}],\"inLanguage\":\"es\"},{\"@type\":\"Organization\",\"@id\":\"https:\\\/\\\/elinformativotam.com\\\/#organization\",\"name\":\"EL INFORMATIVO DE TAMAULIPAS\",\"url\":\"https:\\\/\\\/elinformativotam.com\\\/\",\"logo\":{\"@type\":\"ImageObject\",\"inLanguage\":\"es\",\"@id\":\"https:\\\/\\\/elinformativotam.com\\\/#\\\/schema\\\/logo\\\/image\\\/\",\"url\":\"https:\\\/\\\/elinformativotam.com\\\/wp-content\\\/uploads\\\/2026\\\/02\\\/Cabezal.png\",\"contentUrl\":\"https:\\\/\\\/elinformativotam.com\\\/wp-content\\\/uploads\\\/2026\\\/02\\\/Cabezal.png\",\"width\":960,\"height\":640,\"caption\":\"EL INFORMATIVO DE TAMAULIPAS\"},\"image\":{\"@id\":\"https:\\\/\\\/elinformativotam.com\\\/#\\\/schema\\\/logo\\\/image\\\/\"}},{\"@type\":\"Person\",\"@id\":\"https:\\\/\\\/elinformativotam.com\\\/#\\\/schema\\\/person\\\/78e08040eed0f6110f0c5f83b6153590\",\"name\":\"El Informativo Tam\",\"image\":{\"@type\":\"ImageObject\",\"inLanguage\":\"es\",\"@id\":\"https:\\\/\\\/secure.gravatar.com\\\/avatar\\\/f3b7ad3af540688955925ac610647be00b0cf41feea9c4978b73a707ee86bc53?s=96&d=mm&r=g\",\"url\":\"https:\\\/\\\/secure.gravatar.com\\\/avatar\\\/f3b7ad3af540688955925ac610647be00b0cf41feea9c4978b73a707ee86bc53?s=96&d=mm&r=g\",\"contentUrl\":\"https:\\\/\\\/secure.gravatar.com\\\/avatar\\\/f3b7ad3af540688955925ac610647be00b0cf41feea9c4978b73a707ee86bc53?s=96&d=mm&r=g\",\"caption\":\"El Informativo Tam\"}}]}<\/script>\n<!-- \/ Yoast SEO plugin. -->","yoast_head_json":{"title":"ENCABEZAN ROSA GONZ\u00c1LEZ Y PEPE SCHEKAIB\u00c1N NUEVA JORNADA DE LIMPIEZA Y ATENCI\u00d3N EN LA ZONA NORTE - EL INFORMATIVO DE TAMAULIPAS","description":"A fin de seguir garantizando entornos limpios y saludables; y recoger, adem\u00e1s, las necesidades prioritarias de la poblaci\u00f3n, este d\u00eda, la Diputada Federal","robots":{"index":"index","follow":"follow","max-snippet":"max-snippet:-1","max-image-preview":"max-image-preview:large","max-video-preview":"max-video-preview:-1"},"canonical":"https:\/\/elinformativotam.com\/index.php\/2024\/01\/25\/encabezan-rosa-gonzalez-y-pepe-schekaiban-nueva-jornada-de-limpieza-y-atencion-en-la-zona-norte\/","og_locale":"es_MX","og_type":"article","og_title":"ENCABEZAN ROSA GONZ\u00c1LEZ Y PEPE SCHEKAIB\u00c1N NUEVA JORNADA DE LIMPIEZA Y ATENCI\u00d3N EN LA ZONA NORTE - EL INFORMATIVO DE TAMAULIPAS","og_description":"A fin de seguir garantizando entornos limpios y saludables; y recoger, adem\u00e1s, las necesidades prioritarias de la poblaci\u00f3n, este d\u00eda, la Diputada Federal","og_url":"https:\/\/elinformativotam.com\/index.php\/2024\/01\/25\/encabezan-rosa-gonzalez-y-pepe-schekaiban-nueva-jornada-de-limpieza-y-atencion-en-la-zona-norte\/","og_site_name":"EL INFORMATIVO DE TAMAULIPAS","article_published_time":"2024-01-26T02:05:39+00:00","og_image":[{"width":1600,"height":1066,"url":"https:\/\/elinformativotam.com\/wp-content\/uploads\/2024\/01\/Candidatos.jpeg","type":"image\/jpeg"}],"author":"El Informativo Tam","twitter_card":"summary_large_image","twitter_misc":{"Escrito por":"El Informativo Tam","Tiempo de lectura":"2 minutos"},"schema":{"@context":"https:\/\/schema.org","@graph":[{"@type":"Article","@id":"https:\/\/elinformativotam.com\/index.php\/2024\/01\/25\/encabezan-rosa-gonzalez-y-pepe-schekaiban-nueva-jornada-de-limpieza-y-atencion-en-la-zona-norte\/#article","isPartOf":{"@id":"https:\/\/elinformativotam.com\/index.php\/2024\/01\/25\/encabezan-rosa-gonzalez-y-pepe-schekaiban-nueva-jornada-de-limpieza-y-atencion-en-la-zona-norte\/"},"author":{"name":"El Informativo Tam","@id":"https:\/\/elinformativotam.com\/#\/schema\/person\/78e08040eed0f6110f0c5f83b6153590"},"headline":"ENCABEZAN ROSA GONZ\u00c1LEZ Y PEPE SCHEKAIB\u00c1N NUEVA JORNADA DE LIMPIEZA Y ATENCI\u00d3N EN LA ZONA NORTE","datePublished":"2024-01-26T02:05:39+00:00","mainEntityOfPage":{"@id":"https:\/\/elinformativotam.com\/index.php\/2024\/01\/25\/encabezan-rosa-gonzalez-y-pepe-schekaiban-nueva-jornada-de-limpieza-y-atencion-en-la-zona-norte\/"},"wordCount":400,"commentCount":0,"publisher":{"@id":"https:\/\/elinformativotam.com\/#organization"},"image":{"@id":"https:\/\/elinformativotam.com\/index.php\/2024\/01\/25\/encabezan-rosa-gonzalez-y-pepe-schekaiban-nueva-jornada-de-limpieza-y-atencion-en-la-zona-norte\/#primaryimage"},"thumbnailUrl":"https:\/\/elinformativotam.com\/wp-content\/uploads\/2024\/01\/Candidatos.jpeg","articleSection":["Tampico"],"inLanguage":"es","potentialAction":[{"@type":"CommentAction","name":"Comment","target":["https:\/\/elinformativotam.com\/index.php\/2024\/01\/25\/encabezan-rosa-gonzalez-y-pepe-schekaiban-nueva-jornada-de-limpieza-y-atencion-en-la-zona-norte\/#respond"]}]},{"@type":"WebPage","@id":"https:\/\/elinformativotam.com\/index.php\/2024\/01\/25\/encabezan-rosa-gonzalez-y-pepe-schekaiban-nueva-jornada-de-limpieza-y-atencion-en-la-zona-norte\/","url":"https:\/\/elinformativotam.com\/index.php\/2024\/01\/25\/encabezan-rosa-gonzalez-y-pepe-schekaiban-nueva-jornada-de-limpieza-y-atencion-en-la-zona-norte\/","name":"ENCABEZAN ROSA GONZ\u00c1LEZ Y PEPE SCHEKAIB\u00c1N NUEVA JORNADA DE LIMPIEZA Y ATENCI\u00d3N EN LA ZONA NORTE - EL INFORMATIVO DE TAMAULIPAS","isPartOf":{"@id":"https:\/\/elinformativotam.com\/#website"},"primaryImageOfPage":{"@id":"https:\/\/elinformativotam.com\/index.php\/2024\/01\/25\/encabezan-rosa-gonzalez-y-pepe-schekaiban-nueva-jornada-de-limpieza-y-atencion-en-la-zona-norte\/#primaryimage"},"image":{"@id":"https:\/\/elinformativotam.com\/index.php\/2024\/01\/25\/encabezan-rosa-gonzalez-y-pepe-schekaiban-nueva-jornada-de-limpieza-y-atencion-en-la-zona-norte\/#primaryimage"},"thumbnailUrl":"https:\/\/elinformativotam.com\/wp-content\/uploads\/2024\/01\/Candidatos.jpeg","datePublished":"2024-01-26T02:05:39+00:00","description":"A fin de seguir garantizando entornos limpios y saludables; y recoger, adem\u00e1s, las necesidades prioritarias de la poblaci\u00f3n, este d\u00eda, la Diputada Federal","inLanguage":"es","potentialAction":[{"@type":"ReadAction","target":["https:\/\/elinformativotam.com\/index.php\/2024\/01\/25\/encabezan-rosa-gonzalez-y-pepe-schekaiban-nueva-jornada-de-limpieza-y-atencion-en-la-zona-norte\/"]}]},{"@type":"ImageObject","inLanguage":"es","@id":"https:\/\/elinformativotam.com\/index.php\/2024\/01\/25\/encabezan-rosa-gonzalez-y-pepe-schekaiban-nueva-jornada-de-limpieza-y-atencion-en-la-zona-norte\/#primaryimage","url":"https:\/\/elinformativotam.com\/wp-content\/uploads\/2024\/01\/Candidatos.jpeg","contentUrl":"https:\/\/elinformativotam.com\/wp-content\/uploads\/2024\/01\/Candidatos.jpeg","width":1600,"height":1066},{"@type":"WebSite","@id":"https:\/\/elinformativotam.com\/#website","url":"https:\/\/elinformativotam.com\/","name":"EL INFORMATIVO DE TAMAULIPAS","description":"Desde la Zona Metropolitana Para Todo M\u00e9xico","publisher":{"@id":"https:\/\/elinformativotam.com\/#organization"},"potentialAction":[{"@type":"SearchAction","target":{"@type":"EntryPoint","urlTemplate":"https:\/\/elinformativotam.com\/?s={search_term_string}"},"query-input":{"@type":"PropertyValueSpecification","valueRequired":true,"valueName":"search_term_string"}}],"inLanguage":"es"},{"@type":"Organization","@id":"https:\/\/elinformativotam.com\/#organization","name":"EL INFORMATIVO DE TAMAULIPAS","url":"https:\/\/elinformativotam.com\/","logo":{"@type":"ImageObject","inLanguage":"es","@id":"https:\/\/elinformativotam.com\/#\/schema\/logo\/image\/","url":"https:\/\/elinformativotam.com\/wp-content\/uploads\/2026\/02\/Cabezal.png","contentUrl":"https:\/\/elinformativotam.com\/wp-content\/uploads\/2026\/02\/Cabezal.png","width":960,"height":640,"caption":"EL INFORMATIVO DE TAMAULIPAS"},"image":{"@id":"https:\/\/elinformativotam.com\/#\/schema\/logo\/image\/"}},{"@type":"Person","@id":"https:\/\/elinformativotam.com\/#\/schema\/person\/78e08040eed0f6110f0c5f83b6153590","name":"El Informativo Tam","image":{"@type":"ImageObject","inLanguage":"es","@id":"https:\/\/secure.gravatar.com\/avatar\/f3b7ad3af540688955925ac610647be00b0cf41feea9c4978b73a707ee86bc53?s=96&d=mm&r=g","url":"https:\/\/secure.gravatar.com\/avatar\/f3b7ad3af540688955925ac610647be00b0cf41feea9c4978b73a707ee86bc53?s=96&d=mm&r=g","contentUrl":"https:\/\/secure.gravatar.com\/avatar\/f3b7ad3af540688955925ac610647be00b0cf41feea9c4978b73a707ee86bc53?s=96&d=mm&r=g","caption":"El Informativo Tam"}}]}},"_links":{"self":[{"href":"https:\/\/elinformativotam.com\/index.php\/wp-json\/wp\/v2\/posts\/48663","targetHints":{"allow":["GET"]}}],"collection":[{"href":"https:\/\/elinformativotam.com\/index.php\/wp-json\/wp\/v2\/posts"}],"about":[{"href":"https:\/\/elinformativotam.com\/index.php\/wp-json\/wp\/v2\/types\/post"}],"author":[{"embeddable":true,"href":"https:\/\/elinformativotam.com\/index.php\/wp-json\/wp\/v2\/users\/1"}],"replies":[{"embeddable":true,"href":"https:\/\/elinformativotam.com\/index.php\/wp-json\/wp\/v2\/comments?post=48663"}],"version-history":[{"count":1,"href":"https:\/\/elinformativotam.com\/index.php\/wp-json\/wp\/v2\/posts\/48663\/revisions"}],"predecessor-version":[{"id":48664,"href":"https:\/\/elinformativotam.com\/index.php\/wp-json\/wp\/v2\/posts\/48663\/revisions\/48664"}],"wp:featuredmedia":[{"embeddable":true,"href":"https:\/\/elinformativotam.com\/index.php\/wp-json\/wp\/v2\/media\/48660"}],"wp:attachment":[{"href":"https:\/\/elinformativotam.com\/index.php\/wp-json\/wp\/v2\/media?parent=48663"}],"wp:term":[{"taxonomy":"category","embeddable":true,"href":"https:\/\/elinformativotam.com\/index.php\/wp-json\/wp\/v2\/categories?post=48663"},{"taxonomy":"post_tag","embeddable":true,"href":"https:\/\/elinformativotam.com\/index.php\/wp-json\/wp\/v2\/tags?post=48663"}],"curies":[{"name":"wp","href":"https:\/\/api.w.org\/{rel}","templated":true}]}}