{"id":48647,"date":"2024-01-25T09:46:23","date_gmt":"2024-01-25T15:46:23","guid":{"rendered":"https:\/\/elinformativotam.com\/?p=48647"},"modified":"2024-01-25T09:46:23","modified_gmt":"2024-01-25T15:46:23","slug":"sin-avance-la-creacion-de-la-unidad-de-manejo-ambiental-en-altamira","status":"publish","type":"post","link":"https:\/\/elinformativotam.com\/index.php\/2024\/01\/25\/sin-avance-la-creacion-de-la-unidad-de-manejo-ambiental-en-altamira\/","title":{"rendered":"SIN AVANCE LA CREACI\u00d3N DE LA UNIDAD DE MANEJO AMBIENTAL EN ALTAMIRA"},"content":{"rendered":"<p>Este martes se dio a conocer la situaci\u00f3n que vivi\u00f3 un joven el cual se adentr\u00f3 a las aguas en la Laguna del carpintero que est\u00e1 infestada de cocodrilos situaci\u00f3n que gener\u00f3 que un saurio lo atacara y mordiera su mano derecha.<\/p>\n<p>&nbsp;<\/p>\n<p>Ante la situaci\u00f3n, en Altamira se dio a conocer que el proyecto de la creaci\u00f3n de la Unidad de Manejo Ambiental sigue sin dar avance, situaci\u00f3n que conocedores del \u00e1rea, consideran esto urgente ante la cantidad de usuarios que llegan a verse ya muy cerca de la margen urbana<\/p>\n<p>&nbsp;<\/p>\n<p>El director de Ecolog\u00eda de la urbe industrial, Rub\u00e9n Herbert Z\u00e1rate, explic\u00f3 que en los \u00faltimos a\u00f1os se trabajado de manera incansable en el manejo y conservaci\u00f3n de la vida silvestre, situaci\u00f3n que los ha llevado a estar m\u00e1s preparados en caso de que las especies lleguen a poner en riesgo la integridad de la poblaci\u00f3n.<\/p>\n<p>&nbsp;<\/p>\n<p>Expuso que una de las situaciones que llega a preocupar, son el incremento de saurios en los sistemas lagunarios, lo cual ha llevado a ataques como lo sucedido el pasado 03 de agosto del 2022, cuando una ni\u00f1a con apenas 8 a\u00f1os fue mordida por un cocodrilo de 2 metros en la laguna del sector Nuevo Madero de Altamira.<\/p>\n<p>&nbsp;<\/p>\n<p>Agreg\u00f3 que tambi\u00e9n el imeplan est\u00e1 muy interesado en llevar a cabo un proyecto que tenga que ver con el control de estos animales.<\/p>\n<p>&nbsp;<\/p>\n","protected":false},"excerpt":{"rendered":"<p>Este martes se dio a conocer la situaci\u00f3n que vivi\u00f3 un joven el cual se adentr\u00f3 a las aguas en&hellip;<\/p>\n","protected":false},"author":1,"featured_media":48648,"comment_status":"open","ping_status":"open","sticky":false,"template":"","format":"standard","meta":{"footnotes":""},"categories":[5],"tags":[],"class_list":["post-48647","post","type-post","status-publish","format-standard","has-post-thumbnail","hentry","category-altamira"],"yoast_head":"<!-- This site is optimized with the Yoast SEO plugin v27.5 - https:\/\/yoast.com\/product\/yoast-seo-wordpress\/ -->\n<title>SIN AVANCE LA CREACI\u00d3N DE LA UNIDAD DE MANEJO AMBIENTAL EN ALTAMIRA - EL INFORMATIVO DE TAMAULIPAS<\/title>\n<meta name=\"description\" content=\"Este martes se dio a conocer la situaci\u00f3n que vivi\u00f3 un joven el cual se adentr\u00f3 a las aguas en la Laguna del carpintero que est\u00e1 infestada de cocodrilos\" \/>\n<meta name=\"robots\" content=\"index, follow, max-snippet:-1, max-image-preview:large, max-video-preview:-1\" \/>\n<link rel=\"canonical\" href=\"https:\/\/elinformativotam.com\/index.php\/2024\/01\/25\/sin-avance-la-creacion-de-la-unidad-de-manejo-ambiental-en-altamira\/\" \/>\n<meta property=\"og:locale\" content=\"es_MX\" \/>\n<meta property=\"og:type\" content=\"article\" \/>\n<meta property=\"og:title\" content=\"SIN AVANCE LA CREACI\u00d3N DE LA UNIDAD DE MANEJO AMBIENTAL EN ALTAMIRA - EL INFORMATIVO DE TAMAULIPAS\" \/>\n<meta property=\"og:description\" content=\"Este martes se dio a conocer la situaci\u00f3n que vivi\u00f3 un joven el cual se adentr\u00f3 a las aguas en la Laguna del carpintero que est\u00e1 infestada de cocodrilos\" \/>\n<meta property=\"og:url\" content=\"https:\/\/elinformativotam.com\/index.php\/2024\/01\/25\/sin-avance-la-creacion-de-la-unidad-de-manejo-ambiental-en-altamira\/\" \/>\n<meta property=\"og:site_name\" content=\"EL INFORMATIVO DE TAMAULIPAS\" \/>\n<meta property=\"article:published_time\" content=\"2024-01-25T15:46:23+00:00\" \/>\n<meta property=\"og:image\" content=\"https:\/\/elinformativotam.com\/wp-content\/uploads\/2024\/01\/ambiental-Altamira.jpeg\" \/>\n\t<meta property=\"og:image:width\" content=\"768\" \/>\n\t<meta property=\"og:image:height\" content=\"410\" \/>\n\t<meta property=\"og:image:type\" content=\"image\/jpeg\" \/>\n<meta name=\"author\" content=\"El Informativo Tam\" \/>\n<meta name=\"twitter:card\" content=\"summary_large_image\" \/>\n<meta name=\"twitter:label1\" content=\"Escrito por\" \/>\n\t<meta name=\"twitter:data1\" content=\"El Informativo Tam\" \/>\n\t<meta name=\"twitter:label2\" content=\"Tiempo de lectura\" \/>\n\t<meta name=\"twitter:data2\" content=\"1 minuto\" \/>\n<script type=\"application\/ld+json\" class=\"yoast-schema-graph\">{\"@context\":\"https:\\\/\\\/schema.org\",\"@graph\":[{\"@type\":\"Article\",\"@id\":\"https:\\\/\\\/elinformativotam.com\\\/index.php\\\/2024\\\/01\\\/25\\\/sin-avance-la-creacion-de-la-unidad-de-manejo-ambiental-en-altamira\\\/#article\",\"isPartOf\":{\"@id\":\"https:\\\/\\\/elinformativotam.com\\\/index.php\\\/2024\\\/01\\\/25\\\/sin-avance-la-creacion-de-la-unidad-de-manejo-ambiental-en-altamira\\\/\"},\"author\":{\"name\":\"El Informativo Tam\",\"@id\":\"https:\\\/\\\/elinformativotam.com\\\/#\\\/schema\\\/person\\\/78e08040eed0f6110f0c5f83b6153590\"},\"headline\":\"SIN AVANCE LA CREACI\u00d3N DE LA UNIDAD DE MANEJO AMBIENTAL EN ALTAMIRA\",\"datePublished\":\"2024-01-25T15:46:23+00:00\",\"mainEntityOfPage\":{\"@id\":\"https:\\\/\\\/elinformativotam.com\\\/index.php\\\/2024\\\/01\\\/25\\\/sin-avance-la-creacion-de-la-unidad-de-manejo-ambiental-en-altamira\\\/\"},\"wordCount\":260,\"commentCount\":0,\"publisher\":{\"@id\":\"https:\\\/\\\/elinformativotam.com\\\/#organization\"},\"image\":{\"@id\":\"https:\\\/\\\/elinformativotam.com\\\/index.php\\\/2024\\\/01\\\/25\\\/sin-avance-la-creacion-de-la-unidad-de-manejo-ambiental-en-altamira\\\/#primaryimage\"},\"thumbnailUrl\":\"https:\\\/\\\/elinformativotam.com\\\/wp-content\\\/uploads\\\/2024\\\/01\\\/ambiental-Altamira.jpeg\",\"articleSection\":[\"Altamira\"],\"inLanguage\":\"es\",\"potentialAction\":[{\"@type\":\"CommentAction\",\"name\":\"Comment\",\"target\":[\"https:\\\/\\\/elinformativotam.com\\\/index.php\\\/2024\\\/01\\\/25\\\/sin-avance-la-creacion-de-la-unidad-de-manejo-ambiental-en-altamira\\\/#respond\"]}]},{\"@type\":\"WebPage\",\"@id\":\"https:\\\/\\\/elinformativotam.com\\\/index.php\\\/2024\\\/01\\\/25\\\/sin-avance-la-creacion-de-la-unidad-de-manejo-ambiental-en-altamira\\\/\",\"url\":\"https:\\\/\\\/elinformativotam.com\\\/index.php\\\/2024\\\/01\\\/25\\\/sin-avance-la-creacion-de-la-unidad-de-manejo-ambiental-en-altamira\\\/\",\"name\":\"SIN AVANCE LA CREACI\u00d3N DE LA UNIDAD DE MANEJO AMBIENTAL EN ALTAMIRA - EL INFORMATIVO DE TAMAULIPAS\",\"isPartOf\":{\"@id\":\"https:\\\/\\\/elinformativotam.com\\\/#website\"},\"primaryImageOfPage\":{\"@id\":\"https:\\\/\\\/elinformativotam.com\\\/index.php\\\/2024\\\/01\\\/25\\\/sin-avance-la-creacion-de-la-unidad-de-manejo-ambiental-en-altamira\\\/#primaryimage\"},\"image\":{\"@id\":\"https:\\\/\\\/elinformativotam.com\\\/index.php\\\/2024\\\/01\\\/25\\\/sin-avance-la-creacion-de-la-unidad-de-manejo-ambiental-en-altamira\\\/#primaryimage\"},\"thumbnailUrl\":\"https:\\\/\\\/elinformativotam.com\\\/wp-content\\\/uploads\\\/2024\\\/01\\\/ambiental-Altamira.jpeg\",\"datePublished\":\"2024-01-25T15:46:23+00:00\",\"description\":\"Este martes se dio a conocer la situaci\u00f3n que vivi\u00f3 un joven el cual se adentr\u00f3 a las aguas en la Laguna del carpintero que est\u00e1 infestada de cocodrilos\",\"inLanguage\":\"es\",\"potentialAction\":[{\"@type\":\"ReadAction\",\"target\":[\"https:\\\/\\\/elinformativotam.com\\\/index.php\\\/2024\\\/01\\\/25\\\/sin-avance-la-creacion-de-la-unidad-de-manejo-ambiental-en-altamira\\\/\"]}]},{\"@type\":\"ImageObject\",\"inLanguage\":\"es\",\"@id\":\"https:\\\/\\\/elinformativotam.com\\\/index.php\\\/2024\\\/01\\\/25\\\/sin-avance-la-creacion-de-la-unidad-de-manejo-ambiental-en-altamira\\\/#primaryimage\",\"url\":\"https:\\\/\\\/elinformativotam.com\\\/wp-content\\\/uploads\\\/2024\\\/01\\\/ambiental-Altamira.jpeg\",\"contentUrl\":\"https:\\\/\\\/elinformativotam.com\\\/wp-content\\\/uploads\\\/2024\\\/01\\\/ambiental-Altamira.jpeg\",\"width\":768,\"height\":410},{\"@type\":\"WebSite\",\"@id\":\"https:\\\/\\\/elinformativotam.com\\\/#website\",\"url\":\"https:\\\/\\\/elinformativotam.com\\\/\",\"name\":\"EL INFORMATIVO DE TAMAULIPAS\",\"description\":\"Desde la Zona Metropolitana Para Todo M\u00e9xico\",\"publisher\":{\"@id\":\"https:\\\/\\\/elinformativotam.com\\\/#organization\"},\"potentialAction\":[{\"@type\":\"SearchAction\",\"target\":{\"@type\":\"EntryPoint\",\"urlTemplate\":\"https:\\\/\\\/elinformativotam.com\\\/?s={search_term_string}\"},\"query-input\":{\"@type\":\"PropertyValueSpecification\",\"valueRequired\":true,\"valueName\":\"search_term_string\"}}],\"inLanguage\":\"es\"},{\"@type\":\"Organization\",\"@id\":\"https:\\\/\\\/elinformativotam.com\\\/#organization\",\"name\":\"EL INFORMATIVO DE TAMAULIPAS\",\"url\":\"https:\\\/\\\/elinformativotam.com\\\/\",\"logo\":{\"@type\":\"ImageObject\",\"inLanguage\":\"es\",\"@id\":\"https:\\\/\\\/elinformativotam.com\\\/#\\\/schema\\\/logo\\\/image\\\/\",\"url\":\"https:\\\/\\\/elinformativotam.com\\\/wp-content\\\/uploads\\\/2026\\\/02\\\/Cabezal.png\",\"contentUrl\":\"https:\\\/\\\/elinformativotam.com\\\/wp-content\\\/uploads\\\/2026\\\/02\\\/Cabezal.png\",\"width\":960,\"height\":640,\"caption\":\"EL INFORMATIVO DE TAMAULIPAS\"},\"image\":{\"@id\":\"https:\\\/\\\/elinformativotam.com\\\/#\\\/schema\\\/logo\\\/image\\\/\"}},{\"@type\":\"Person\",\"@id\":\"https:\\\/\\\/elinformativotam.com\\\/#\\\/schema\\\/person\\\/78e08040eed0f6110f0c5f83b6153590\",\"name\":\"El Informativo Tam\",\"image\":{\"@type\":\"ImageObject\",\"inLanguage\":\"es\",\"@id\":\"https:\\\/\\\/secure.gravatar.com\\\/avatar\\\/f3b7ad3af540688955925ac610647be00b0cf41feea9c4978b73a707ee86bc53?s=96&d=mm&r=g\",\"url\":\"https:\\\/\\\/secure.gravatar.com\\\/avatar\\\/f3b7ad3af540688955925ac610647be00b0cf41feea9c4978b73a707ee86bc53?s=96&d=mm&r=g\",\"contentUrl\":\"https:\\\/\\\/secure.gravatar.com\\\/avatar\\\/f3b7ad3af540688955925ac610647be00b0cf41feea9c4978b73a707ee86bc53?s=96&d=mm&r=g\",\"caption\":\"El Informativo Tam\"}}]}<\/script>\n<!-- \/ Yoast SEO plugin. -->","yoast_head_json":{"title":"SIN AVANCE LA CREACI\u00d3N DE LA UNIDAD DE MANEJO AMBIENTAL EN ALTAMIRA - EL INFORMATIVO DE TAMAULIPAS","description":"Este martes se dio a conocer la situaci\u00f3n que vivi\u00f3 un joven el cual se adentr\u00f3 a las aguas en la Laguna del carpintero que est\u00e1 infestada de cocodrilos","robots":{"index":"index","follow":"follow","max-snippet":"max-snippet:-1","max-image-preview":"max-image-preview:large","max-video-preview":"max-video-preview:-1"},"canonical":"https:\/\/elinformativotam.com\/index.php\/2024\/01\/25\/sin-avance-la-creacion-de-la-unidad-de-manejo-ambiental-en-altamira\/","og_locale":"es_MX","og_type":"article","og_title":"SIN AVANCE LA CREACI\u00d3N DE LA UNIDAD DE MANEJO AMBIENTAL EN ALTAMIRA - EL INFORMATIVO DE TAMAULIPAS","og_description":"Este martes se dio a conocer la situaci\u00f3n que vivi\u00f3 un joven el cual se adentr\u00f3 a las aguas en la Laguna del carpintero que est\u00e1 infestada de cocodrilos","og_url":"https:\/\/elinformativotam.com\/index.php\/2024\/01\/25\/sin-avance-la-creacion-de-la-unidad-de-manejo-ambiental-en-altamira\/","og_site_name":"EL INFORMATIVO DE TAMAULIPAS","article_published_time":"2024-01-25T15:46:23+00:00","og_image":[{"width":768,"height":410,"url":"https:\/\/elinformativotam.com\/wp-content\/uploads\/2024\/01\/ambiental-Altamira.jpeg","type":"image\/jpeg"}],"author":"El Informativo Tam","twitter_card":"summary_large_image","twitter_misc":{"Escrito por":"El Informativo Tam","Tiempo de lectura":"1 minuto"},"schema":{"@context":"https:\/\/schema.org","@graph":[{"@type":"Article","@id":"https:\/\/elinformativotam.com\/index.php\/2024\/01\/25\/sin-avance-la-creacion-de-la-unidad-de-manejo-ambiental-en-altamira\/#article","isPartOf":{"@id":"https:\/\/elinformativotam.com\/index.php\/2024\/01\/25\/sin-avance-la-creacion-de-la-unidad-de-manejo-ambiental-en-altamira\/"},"author":{"name":"El Informativo Tam","@id":"https:\/\/elinformativotam.com\/#\/schema\/person\/78e08040eed0f6110f0c5f83b6153590"},"headline":"SIN AVANCE LA CREACI\u00d3N DE LA UNIDAD DE MANEJO AMBIENTAL EN ALTAMIRA","datePublished":"2024-01-25T15:46:23+00:00","mainEntityOfPage":{"@id":"https:\/\/elinformativotam.com\/index.php\/2024\/01\/25\/sin-avance-la-creacion-de-la-unidad-de-manejo-ambiental-en-altamira\/"},"wordCount":260,"commentCount":0,"publisher":{"@id":"https:\/\/elinformativotam.com\/#organization"},"image":{"@id":"https:\/\/elinformativotam.com\/index.php\/2024\/01\/25\/sin-avance-la-creacion-de-la-unidad-de-manejo-ambiental-en-altamira\/#primaryimage"},"thumbnailUrl":"https:\/\/elinformativotam.com\/wp-content\/uploads\/2024\/01\/ambiental-Altamira.jpeg","articleSection":["Altamira"],"inLanguage":"es","potentialAction":[{"@type":"CommentAction","name":"Comment","target":["https:\/\/elinformativotam.com\/index.php\/2024\/01\/25\/sin-avance-la-creacion-de-la-unidad-de-manejo-ambiental-en-altamira\/#respond"]}]},{"@type":"WebPage","@id":"https:\/\/elinformativotam.com\/index.php\/2024\/01\/25\/sin-avance-la-creacion-de-la-unidad-de-manejo-ambiental-en-altamira\/","url":"https:\/\/elinformativotam.com\/index.php\/2024\/01\/25\/sin-avance-la-creacion-de-la-unidad-de-manejo-ambiental-en-altamira\/","name":"SIN AVANCE LA CREACI\u00d3N DE LA UNIDAD DE MANEJO AMBIENTAL EN ALTAMIRA - EL INFORMATIVO DE TAMAULIPAS","isPartOf":{"@id":"https:\/\/elinformativotam.com\/#website"},"primaryImageOfPage":{"@id":"https:\/\/elinformativotam.com\/index.php\/2024\/01\/25\/sin-avance-la-creacion-de-la-unidad-de-manejo-ambiental-en-altamira\/#primaryimage"},"image":{"@id":"https:\/\/elinformativotam.com\/index.php\/2024\/01\/25\/sin-avance-la-creacion-de-la-unidad-de-manejo-ambiental-en-altamira\/#primaryimage"},"thumbnailUrl":"https:\/\/elinformativotam.com\/wp-content\/uploads\/2024\/01\/ambiental-Altamira.jpeg","datePublished":"2024-01-25T15:46:23+00:00","description":"Este martes se dio a conocer la situaci\u00f3n que vivi\u00f3 un joven el cual se adentr\u00f3 a las aguas en la Laguna del carpintero que est\u00e1 infestada de cocodrilos","inLanguage":"es","potentialAction":[{"@type":"ReadAction","target":["https:\/\/elinformativotam.com\/index.php\/2024\/01\/25\/sin-avance-la-creacion-de-la-unidad-de-manejo-ambiental-en-altamira\/"]}]},{"@type":"ImageObject","inLanguage":"es","@id":"https:\/\/elinformativotam.com\/index.php\/2024\/01\/25\/sin-avance-la-creacion-de-la-unidad-de-manejo-ambiental-en-altamira\/#primaryimage","url":"https:\/\/elinformativotam.com\/wp-content\/uploads\/2024\/01\/ambiental-Altamira.jpeg","contentUrl":"https:\/\/elinformativotam.com\/wp-content\/uploads\/2024\/01\/ambiental-Altamira.jpeg","width":768,"height":410},{"@type":"WebSite","@id":"https:\/\/elinformativotam.com\/#website","url":"https:\/\/elinformativotam.com\/","name":"EL INFORMATIVO DE TAMAULIPAS","description":"Desde la Zona Metropolitana Para Todo M\u00e9xico","publisher":{"@id":"https:\/\/elinformativotam.com\/#organization"},"potentialAction":[{"@type":"SearchAction","target":{"@type":"EntryPoint","urlTemplate":"https:\/\/elinformativotam.com\/?s={search_term_string}"},"query-input":{"@type":"PropertyValueSpecification","valueRequired":true,"valueName":"search_term_string"}}],"inLanguage":"es"},{"@type":"Organization","@id":"https:\/\/elinformativotam.com\/#organization","name":"EL INFORMATIVO DE TAMAULIPAS","url":"https:\/\/elinformativotam.com\/","logo":{"@type":"ImageObject","inLanguage":"es","@id":"https:\/\/elinformativotam.com\/#\/schema\/logo\/image\/","url":"https:\/\/elinformativotam.com\/wp-content\/uploads\/2026\/02\/Cabezal.png","contentUrl":"https:\/\/elinformativotam.com\/wp-content\/uploads\/2026\/02\/Cabezal.png","width":960,"height":640,"caption":"EL INFORMATIVO DE TAMAULIPAS"},"image":{"@id":"https:\/\/elinformativotam.com\/#\/schema\/logo\/image\/"}},{"@type":"Person","@id":"https:\/\/elinformativotam.com\/#\/schema\/person\/78e08040eed0f6110f0c5f83b6153590","name":"El Informativo Tam","image":{"@type":"ImageObject","inLanguage":"es","@id":"https:\/\/secure.gravatar.com\/avatar\/f3b7ad3af540688955925ac610647be00b0cf41feea9c4978b73a707ee86bc53?s=96&d=mm&r=g","url":"https:\/\/secure.gravatar.com\/avatar\/f3b7ad3af540688955925ac610647be00b0cf41feea9c4978b73a707ee86bc53?s=96&d=mm&r=g","contentUrl":"https:\/\/secure.gravatar.com\/avatar\/f3b7ad3af540688955925ac610647be00b0cf41feea9c4978b73a707ee86bc53?s=96&d=mm&r=g","caption":"El Informativo Tam"}}]}},"_links":{"self":[{"href":"https:\/\/elinformativotam.com\/index.php\/wp-json\/wp\/v2\/posts\/48647","targetHints":{"allow":["GET"]}}],"collection":[{"href":"https:\/\/elinformativotam.com\/index.php\/wp-json\/wp\/v2\/posts"}],"about":[{"href":"https:\/\/elinformativotam.com\/index.php\/wp-json\/wp\/v2\/types\/post"}],"author":[{"embeddable":true,"href":"https:\/\/elinformativotam.com\/index.php\/wp-json\/wp\/v2\/users\/1"}],"replies":[{"embeddable":true,"href":"https:\/\/elinformativotam.com\/index.php\/wp-json\/wp\/v2\/comments?post=48647"}],"version-history":[{"count":1,"href":"https:\/\/elinformativotam.com\/index.php\/wp-json\/wp\/v2\/posts\/48647\/revisions"}],"predecessor-version":[{"id":48649,"href":"https:\/\/elinformativotam.com\/index.php\/wp-json\/wp\/v2\/posts\/48647\/revisions\/48649"}],"wp:featuredmedia":[{"embeddable":true,"href":"https:\/\/elinformativotam.com\/index.php\/wp-json\/wp\/v2\/media\/48648"}],"wp:attachment":[{"href":"https:\/\/elinformativotam.com\/index.php\/wp-json\/wp\/v2\/media?parent=48647"}],"wp:term":[{"taxonomy":"category","embeddable":true,"href":"https:\/\/elinformativotam.com\/index.php\/wp-json\/wp\/v2\/categories?post=48647"},{"taxonomy":"post_tag","embeddable":true,"href":"https:\/\/elinformativotam.com\/index.php\/wp-json\/wp\/v2\/tags?post=48647"}],"curies":[{"name":"wp","href":"https:\/\/api.w.org\/{rel}","templated":true}]}}