{"id":48645,"date":"2024-01-25T09:44:28","date_gmt":"2024-01-25T15:44:28","guid":{"rendered":"https:\/\/elinformativotam.com\/?p=48645"},"modified":"2024-01-25T09:44:28","modified_gmt":"2024-01-25T15:44:28","slug":"preparan-que-tema-de-conciliacion-sea-en-linea","status":"publish","type":"post","link":"https:\/\/elinformativotam.com\/index.php\/2024\/01\/25\/preparan-que-tema-de-conciliacion-sea-en-linea\/","title":{"rendered":"PREPARAN QUE TEMA DE CONCILIACI\u00d3N SEA EN L\u00cdNEA"},"content":{"rendered":"<p>En Tamaulipas se prepara para que conflictos laborales sean digitales, se\u00f1al\u00f3 Olga Sosa Ruiz, secretar\u00eda de Trabajo en Tamaulipas, para esto se preparan ya los medios.<\/p>\n<p>&nbsp;<\/p>\n<p>Adem\u00e1s mencion\u00f3 que habr\u00e1 una calculadora que es especial para calcular cu\u00e1nto es lo proporcional si un trabajador es corrido, si se va de vacaciones, aguinaldo, todo esto va depender de las condiciones laborales que tenga.<\/p>\n<p>&nbsp;<\/p>\n<p>&#8220;Tenemos un chat bot, que les pueda contestar todas las dudas de las condiciones laborales y esto es poco de los muchos proyectos que tenemos para este 2024&#8221;, coment\u00f3.<\/p>\n<p>&nbsp;<\/p>\n<p>Detall\u00f3 que esto es para evitar demoras y que los conflictos laborales salgan con mayor agilidad a los casos.<\/p>\n<p>&nbsp;<\/p>\n<p>Agreg\u00f3 que en el gobierno anterior se quedaron 24 mil casos estancados, esto en las juntas de conciliaci\u00f3n avanzando en 6 mil carpetas.<\/p>\n","protected":false},"excerpt":{"rendered":"<p>En Tamaulipas se prepara para que conflictos laborales sean digitales, se\u00f1al\u00f3 Olga Sosa Ruiz, secretar\u00eda de Trabajo en Tamaulipas, para&hellip;<\/p>\n","protected":false},"author":1,"featured_media":42623,"comment_status":"open","ping_status":"open","sticky":false,"template":"","format":"standard","meta":{"footnotes":""},"categories":[5],"tags":[],"class_list":["post-48645","post","type-post","status-publish","format-standard","has-post-thumbnail","hentry","category-altamira"],"yoast_head":"<!-- This site is optimized with the Yoast SEO plugin v27.5 - https:\/\/yoast.com\/product\/yoast-seo-wordpress\/ -->\n<title>PREPARAN QUE TEMA DE CONCILIACI\u00d3N SEA EN L\u00cdNEA - EL INFORMATIVO DE TAMAULIPAS<\/title>\n<meta name=\"description\" content=\"En Tamaulipas se prepara para que conflictos laborales sean digitales, se\u00f1al\u00f3 Olga Sosa Ruiz, secretar\u00eda de Trabajo en Tamaulipas, para esto se preparan\" \/>\n<meta name=\"robots\" content=\"index, follow, max-snippet:-1, max-image-preview:large, max-video-preview:-1\" \/>\n<link rel=\"canonical\" href=\"https:\/\/elinformativotam.com\/index.php\/2024\/01\/25\/preparan-que-tema-de-conciliacion-sea-en-linea\/\" \/>\n<meta property=\"og:locale\" content=\"es_MX\" \/>\n<meta property=\"og:type\" content=\"article\" \/>\n<meta property=\"og:title\" content=\"PREPARAN QUE TEMA DE CONCILIACI\u00d3N SEA EN L\u00cdNEA - EL INFORMATIVO DE TAMAULIPAS\" \/>\n<meta property=\"og:description\" content=\"En Tamaulipas se prepara para que conflictos laborales sean digitales, se\u00f1al\u00f3 Olga Sosa Ruiz, secretar\u00eda de Trabajo en Tamaulipas, para esto se preparan\" \/>\n<meta property=\"og:url\" content=\"https:\/\/elinformativotam.com\/index.php\/2024\/01\/25\/preparan-que-tema-de-conciliacion-sea-en-linea\/\" \/>\n<meta property=\"og:site_name\" content=\"EL INFORMATIVO DE TAMAULIPAS\" \/>\n<meta property=\"article:published_time\" content=\"2024-01-25T15:44:28+00:00\" \/>\n<meta property=\"og:image\" content=\"https:\/\/elinformativotam.com\/wp-content\/uploads\/2023\/05\/Olga-3.jpg\" \/>\n\t<meta property=\"og:image:width\" content=\"1600\" \/>\n\t<meta property=\"og:image:height\" content=\"1204\" \/>\n\t<meta property=\"og:image:type\" content=\"image\/jpeg\" \/>\n<meta name=\"author\" content=\"El Informativo Tam\" \/>\n<meta name=\"twitter:card\" content=\"summary_large_image\" \/>\n<meta name=\"twitter:label1\" content=\"Escrito por\" \/>\n\t<meta name=\"twitter:data1\" content=\"El Informativo Tam\" \/>\n\t<meta name=\"twitter:label2\" content=\"Tiempo de lectura\" \/>\n\t<meta name=\"twitter:data2\" content=\"1 minuto\" \/>\n<script type=\"application\/ld+json\" class=\"yoast-schema-graph\">{\"@context\":\"https:\\\/\\\/schema.org\",\"@graph\":[{\"@type\":\"Article\",\"@id\":\"https:\\\/\\\/elinformativotam.com\\\/index.php\\\/2024\\\/01\\\/25\\\/preparan-que-tema-de-conciliacion-sea-en-linea\\\/#article\",\"isPartOf\":{\"@id\":\"https:\\\/\\\/elinformativotam.com\\\/index.php\\\/2024\\\/01\\\/25\\\/preparan-que-tema-de-conciliacion-sea-en-linea\\\/\"},\"author\":{\"name\":\"El Informativo Tam\",\"@id\":\"https:\\\/\\\/elinformativotam.com\\\/#\\\/schema\\\/person\\\/78e08040eed0f6110f0c5f83b6153590\"},\"headline\":\"PREPARAN QUE TEMA DE CONCILIACI\u00d3N SEA EN L\u00cdNEA\",\"datePublished\":\"2024-01-25T15:44:28+00:00\",\"mainEntityOfPage\":{\"@id\":\"https:\\\/\\\/elinformativotam.com\\\/index.php\\\/2024\\\/01\\\/25\\\/preparan-que-tema-de-conciliacion-sea-en-linea\\\/\"},\"wordCount\":149,\"commentCount\":0,\"publisher\":{\"@id\":\"https:\\\/\\\/elinformativotam.com\\\/#organization\"},\"image\":{\"@id\":\"https:\\\/\\\/elinformativotam.com\\\/index.php\\\/2024\\\/01\\\/25\\\/preparan-que-tema-de-conciliacion-sea-en-linea\\\/#primaryimage\"},\"thumbnailUrl\":\"https:\\\/\\\/elinformativotam.com\\\/wp-content\\\/uploads\\\/2023\\\/05\\\/Olga-3.jpg\",\"articleSection\":[\"Altamira\"],\"inLanguage\":\"es\",\"potentialAction\":[{\"@type\":\"CommentAction\",\"name\":\"Comment\",\"target\":[\"https:\\\/\\\/elinformativotam.com\\\/index.php\\\/2024\\\/01\\\/25\\\/preparan-que-tema-de-conciliacion-sea-en-linea\\\/#respond\"]}]},{\"@type\":\"WebPage\",\"@id\":\"https:\\\/\\\/elinformativotam.com\\\/index.php\\\/2024\\\/01\\\/25\\\/preparan-que-tema-de-conciliacion-sea-en-linea\\\/\",\"url\":\"https:\\\/\\\/elinformativotam.com\\\/index.php\\\/2024\\\/01\\\/25\\\/preparan-que-tema-de-conciliacion-sea-en-linea\\\/\",\"name\":\"PREPARAN QUE TEMA DE CONCILIACI\u00d3N SEA EN L\u00cdNEA - EL INFORMATIVO DE TAMAULIPAS\",\"isPartOf\":{\"@id\":\"https:\\\/\\\/elinformativotam.com\\\/#website\"},\"primaryImageOfPage\":{\"@id\":\"https:\\\/\\\/elinformativotam.com\\\/index.php\\\/2024\\\/01\\\/25\\\/preparan-que-tema-de-conciliacion-sea-en-linea\\\/#primaryimage\"},\"image\":{\"@id\":\"https:\\\/\\\/elinformativotam.com\\\/index.php\\\/2024\\\/01\\\/25\\\/preparan-que-tema-de-conciliacion-sea-en-linea\\\/#primaryimage\"},\"thumbnailUrl\":\"https:\\\/\\\/elinformativotam.com\\\/wp-content\\\/uploads\\\/2023\\\/05\\\/Olga-3.jpg\",\"datePublished\":\"2024-01-25T15:44:28+00:00\",\"description\":\"En Tamaulipas se prepara para que conflictos laborales sean digitales, se\u00f1al\u00f3 Olga Sosa Ruiz, secretar\u00eda de Trabajo en Tamaulipas, para esto se preparan\",\"inLanguage\":\"es\",\"potentialAction\":[{\"@type\":\"ReadAction\",\"target\":[\"https:\\\/\\\/elinformativotam.com\\\/index.php\\\/2024\\\/01\\\/25\\\/preparan-que-tema-de-conciliacion-sea-en-linea\\\/\"]}]},{\"@type\":\"ImageObject\",\"inLanguage\":\"es\",\"@id\":\"https:\\\/\\\/elinformativotam.com\\\/index.php\\\/2024\\\/01\\\/25\\\/preparan-que-tema-de-conciliacion-sea-en-linea\\\/#primaryimage\",\"url\":\"https:\\\/\\\/elinformativotam.com\\\/wp-content\\\/uploads\\\/2023\\\/05\\\/Olga-3.jpg\",\"contentUrl\":\"https:\\\/\\\/elinformativotam.com\\\/wp-content\\\/uploads\\\/2023\\\/05\\\/Olga-3.jpg\",\"width\":1600,\"height\":1204},{\"@type\":\"WebSite\",\"@id\":\"https:\\\/\\\/elinformativotam.com\\\/#website\",\"url\":\"https:\\\/\\\/elinformativotam.com\\\/\",\"name\":\"EL INFORMATIVO DE TAMAULIPAS\",\"description\":\"Desde la Zona Metropolitana Para Todo M\u00e9xico\",\"publisher\":{\"@id\":\"https:\\\/\\\/elinformativotam.com\\\/#organization\"},\"potentialAction\":[{\"@type\":\"SearchAction\",\"target\":{\"@type\":\"EntryPoint\",\"urlTemplate\":\"https:\\\/\\\/elinformativotam.com\\\/?s={search_term_string}\"},\"query-input\":{\"@type\":\"PropertyValueSpecification\",\"valueRequired\":true,\"valueName\":\"search_term_string\"}}],\"inLanguage\":\"es\"},{\"@type\":\"Organization\",\"@id\":\"https:\\\/\\\/elinformativotam.com\\\/#organization\",\"name\":\"EL INFORMATIVO DE TAMAULIPAS\",\"url\":\"https:\\\/\\\/elinformativotam.com\\\/\",\"logo\":{\"@type\":\"ImageObject\",\"inLanguage\":\"es\",\"@id\":\"https:\\\/\\\/elinformativotam.com\\\/#\\\/schema\\\/logo\\\/image\\\/\",\"url\":\"https:\\\/\\\/elinformativotam.com\\\/wp-content\\\/uploads\\\/2026\\\/02\\\/Cabezal.png\",\"contentUrl\":\"https:\\\/\\\/elinformativotam.com\\\/wp-content\\\/uploads\\\/2026\\\/02\\\/Cabezal.png\",\"width\":960,\"height\":640,\"caption\":\"EL INFORMATIVO DE TAMAULIPAS\"},\"image\":{\"@id\":\"https:\\\/\\\/elinformativotam.com\\\/#\\\/schema\\\/logo\\\/image\\\/\"}},{\"@type\":\"Person\",\"@id\":\"https:\\\/\\\/elinformativotam.com\\\/#\\\/schema\\\/person\\\/78e08040eed0f6110f0c5f83b6153590\",\"name\":\"El Informativo Tam\",\"image\":{\"@type\":\"ImageObject\",\"inLanguage\":\"es\",\"@id\":\"https:\\\/\\\/secure.gravatar.com\\\/avatar\\\/f3b7ad3af540688955925ac610647be00b0cf41feea9c4978b73a707ee86bc53?s=96&d=mm&r=g\",\"url\":\"https:\\\/\\\/secure.gravatar.com\\\/avatar\\\/f3b7ad3af540688955925ac610647be00b0cf41feea9c4978b73a707ee86bc53?s=96&d=mm&r=g\",\"contentUrl\":\"https:\\\/\\\/secure.gravatar.com\\\/avatar\\\/f3b7ad3af540688955925ac610647be00b0cf41feea9c4978b73a707ee86bc53?s=96&d=mm&r=g\",\"caption\":\"El Informativo Tam\"}}]}<\/script>\n<!-- \/ Yoast SEO plugin. -->","yoast_head_json":{"title":"PREPARAN QUE TEMA DE CONCILIACI\u00d3N SEA EN L\u00cdNEA - EL INFORMATIVO DE TAMAULIPAS","description":"En Tamaulipas se prepara para que conflictos laborales sean digitales, se\u00f1al\u00f3 Olga Sosa Ruiz, secretar\u00eda de Trabajo en Tamaulipas, para esto se preparan","robots":{"index":"index","follow":"follow","max-snippet":"max-snippet:-1","max-image-preview":"max-image-preview:large","max-video-preview":"max-video-preview:-1"},"canonical":"https:\/\/elinformativotam.com\/index.php\/2024\/01\/25\/preparan-que-tema-de-conciliacion-sea-en-linea\/","og_locale":"es_MX","og_type":"article","og_title":"PREPARAN QUE TEMA DE CONCILIACI\u00d3N SEA EN L\u00cdNEA - EL INFORMATIVO DE TAMAULIPAS","og_description":"En Tamaulipas se prepara para que conflictos laborales sean digitales, se\u00f1al\u00f3 Olga Sosa Ruiz, secretar\u00eda de Trabajo en Tamaulipas, para esto se preparan","og_url":"https:\/\/elinformativotam.com\/index.php\/2024\/01\/25\/preparan-que-tema-de-conciliacion-sea-en-linea\/","og_site_name":"EL INFORMATIVO DE TAMAULIPAS","article_published_time":"2024-01-25T15:44:28+00:00","og_image":[{"width":1600,"height":1204,"url":"https:\/\/elinformativotam.com\/wp-content\/uploads\/2023\/05\/Olga-3.jpg","type":"image\/jpeg"}],"author":"El Informativo Tam","twitter_card":"summary_large_image","twitter_misc":{"Escrito por":"El Informativo Tam","Tiempo de lectura":"1 minuto"},"schema":{"@context":"https:\/\/schema.org","@graph":[{"@type":"Article","@id":"https:\/\/elinformativotam.com\/index.php\/2024\/01\/25\/preparan-que-tema-de-conciliacion-sea-en-linea\/#article","isPartOf":{"@id":"https:\/\/elinformativotam.com\/index.php\/2024\/01\/25\/preparan-que-tema-de-conciliacion-sea-en-linea\/"},"author":{"name":"El Informativo Tam","@id":"https:\/\/elinformativotam.com\/#\/schema\/person\/78e08040eed0f6110f0c5f83b6153590"},"headline":"PREPARAN QUE TEMA DE CONCILIACI\u00d3N SEA EN L\u00cdNEA","datePublished":"2024-01-25T15:44:28+00:00","mainEntityOfPage":{"@id":"https:\/\/elinformativotam.com\/index.php\/2024\/01\/25\/preparan-que-tema-de-conciliacion-sea-en-linea\/"},"wordCount":149,"commentCount":0,"publisher":{"@id":"https:\/\/elinformativotam.com\/#organization"},"image":{"@id":"https:\/\/elinformativotam.com\/index.php\/2024\/01\/25\/preparan-que-tema-de-conciliacion-sea-en-linea\/#primaryimage"},"thumbnailUrl":"https:\/\/elinformativotam.com\/wp-content\/uploads\/2023\/05\/Olga-3.jpg","articleSection":["Altamira"],"inLanguage":"es","potentialAction":[{"@type":"CommentAction","name":"Comment","target":["https:\/\/elinformativotam.com\/index.php\/2024\/01\/25\/preparan-que-tema-de-conciliacion-sea-en-linea\/#respond"]}]},{"@type":"WebPage","@id":"https:\/\/elinformativotam.com\/index.php\/2024\/01\/25\/preparan-que-tema-de-conciliacion-sea-en-linea\/","url":"https:\/\/elinformativotam.com\/index.php\/2024\/01\/25\/preparan-que-tema-de-conciliacion-sea-en-linea\/","name":"PREPARAN QUE TEMA DE CONCILIACI\u00d3N SEA EN L\u00cdNEA - EL INFORMATIVO DE TAMAULIPAS","isPartOf":{"@id":"https:\/\/elinformativotam.com\/#website"},"primaryImageOfPage":{"@id":"https:\/\/elinformativotam.com\/index.php\/2024\/01\/25\/preparan-que-tema-de-conciliacion-sea-en-linea\/#primaryimage"},"image":{"@id":"https:\/\/elinformativotam.com\/index.php\/2024\/01\/25\/preparan-que-tema-de-conciliacion-sea-en-linea\/#primaryimage"},"thumbnailUrl":"https:\/\/elinformativotam.com\/wp-content\/uploads\/2023\/05\/Olga-3.jpg","datePublished":"2024-01-25T15:44:28+00:00","description":"En Tamaulipas se prepara para que conflictos laborales sean digitales, se\u00f1al\u00f3 Olga Sosa Ruiz, secretar\u00eda de Trabajo en Tamaulipas, para esto se preparan","inLanguage":"es","potentialAction":[{"@type":"ReadAction","target":["https:\/\/elinformativotam.com\/index.php\/2024\/01\/25\/preparan-que-tema-de-conciliacion-sea-en-linea\/"]}]},{"@type":"ImageObject","inLanguage":"es","@id":"https:\/\/elinformativotam.com\/index.php\/2024\/01\/25\/preparan-que-tema-de-conciliacion-sea-en-linea\/#primaryimage","url":"https:\/\/elinformativotam.com\/wp-content\/uploads\/2023\/05\/Olga-3.jpg","contentUrl":"https:\/\/elinformativotam.com\/wp-content\/uploads\/2023\/05\/Olga-3.jpg","width":1600,"height":1204},{"@type":"WebSite","@id":"https:\/\/elinformativotam.com\/#website","url":"https:\/\/elinformativotam.com\/","name":"EL INFORMATIVO DE TAMAULIPAS","description":"Desde la Zona Metropolitana Para Todo M\u00e9xico","publisher":{"@id":"https:\/\/elinformativotam.com\/#organization"},"potentialAction":[{"@type":"SearchAction","target":{"@type":"EntryPoint","urlTemplate":"https:\/\/elinformativotam.com\/?s={search_term_string}"},"query-input":{"@type":"PropertyValueSpecification","valueRequired":true,"valueName":"search_term_string"}}],"inLanguage":"es"},{"@type":"Organization","@id":"https:\/\/elinformativotam.com\/#organization","name":"EL INFORMATIVO DE TAMAULIPAS","url":"https:\/\/elinformativotam.com\/","logo":{"@type":"ImageObject","inLanguage":"es","@id":"https:\/\/elinformativotam.com\/#\/schema\/logo\/image\/","url":"https:\/\/elinformativotam.com\/wp-content\/uploads\/2026\/02\/Cabezal.png","contentUrl":"https:\/\/elinformativotam.com\/wp-content\/uploads\/2026\/02\/Cabezal.png","width":960,"height":640,"caption":"EL INFORMATIVO DE TAMAULIPAS"},"image":{"@id":"https:\/\/elinformativotam.com\/#\/schema\/logo\/image\/"}},{"@type":"Person","@id":"https:\/\/elinformativotam.com\/#\/schema\/person\/78e08040eed0f6110f0c5f83b6153590","name":"El Informativo Tam","image":{"@type":"ImageObject","inLanguage":"es","@id":"https:\/\/secure.gravatar.com\/avatar\/f3b7ad3af540688955925ac610647be00b0cf41feea9c4978b73a707ee86bc53?s=96&d=mm&r=g","url":"https:\/\/secure.gravatar.com\/avatar\/f3b7ad3af540688955925ac610647be00b0cf41feea9c4978b73a707ee86bc53?s=96&d=mm&r=g","contentUrl":"https:\/\/secure.gravatar.com\/avatar\/f3b7ad3af540688955925ac610647be00b0cf41feea9c4978b73a707ee86bc53?s=96&d=mm&r=g","caption":"El Informativo Tam"}}]}},"_links":{"self":[{"href":"https:\/\/elinformativotam.com\/index.php\/wp-json\/wp\/v2\/posts\/48645","targetHints":{"allow":["GET"]}}],"collection":[{"href":"https:\/\/elinformativotam.com\/index.php\/wp-json\/wp\/v2\/posts"}],"about":[{"href":"https:\/\/elinformativotam.com\/index.php\/wp-json\/wp\/v2\/types\/post"}],"author":[{"embeddable":true,"href":"https:\/\/elinformativotam.com\/index.php\/wp-json\/wp\/v2\/users\/1"}],"replies":[{"embeddable":true,"href":"https:\/\/elinformativotam.com\/index.php\/wp-json\/wp\/v2\/comments?post=48645"}],"version-history":[{"count":1,"href":"https:\/\/elinformativotam.com\/index.php\/wp-json\/wp\/v2\/posts\/48645\/revisions"}],"predecessor-version":[{"id":48646,"href":"https:\/\/elinformativotam.com\/index.php\/wp-json\/wp\/v2\/posts\/48645\/revisions\/48646"}],"wp:featuredmedia":[{"embeddable":true,"href":"https:\/\/elinformativotam.com\/index.php\/wp-json\/wp\/v2\/media\/42623"}],"wp:attachment":[{"href":"https:\/\/elinformativotam.com\/index.php\/wp-json\/wp\/v2\/media?parent=48645"}],"wp:term":[{"taxonomy":"category","embeddable":true,"href":"https:\/\/elinformativotam.com\/index.php\/wp-json\/wp\/v2\/categories?post=48645"},{"taxonomy":"post_tag","embeddable":true,"href":"https:\/\/elinformativotam.com\/index.php\/wp-json\/wp\/v2\/tags?post=48645"}],"curies":[{"name":"wp","href":"https:\/\/api.w.org\/{rel}","templated":true}]}}