{"id":48639,"date":"2024-01-25T09:31:39","date_gmt":"2024-01-25T15:31:39","guid":{"rendered":"https:\/\/elinformativotam.com\/?p=48639"},"modified":"2024-01-25T09:31:39","modified_gmt":"2024-01-25T15:31:39","slug":"pan-denunciara-a-autoridades-de-salud-por-violencia-politica-en-razon-de-genero","status":"publish","type":"post","link":"https:\/\/elinformativotam.com\/index.php\/2024\/01\/25\/pan-denunciara-a-autoridades-de-salud-por-violencia-politica-en-razon-de-genero\/","title":{"rendered":"PAN DENUNCIAR\u00c1 A AUTORIDADES DE SALUD POR VIOLENCIA POL\u00cdTICA EN RAZ\u00d3N DE G\u00c9NERO."},"content":{"rendered":"<p>Cd. Madero, Tamaulipas.- El presidente del Comit\u00e9 Directivo Municipal del PAN en Madero, Francisco Casta\u00f1eda Cruz, se\u00f1al\u00f3 que el instituto pol\u00edtico\u00a0 denunciar\u00e1 ante el IETAM la violencia pol\u00edtica de g\u00e9nero que sufri\u00f3 la aspirante Ana Marcela Garc\u00eda.<\/p>\n<p>&nbsp;<\/p>\n<p>Mencion\u00f3 que se va proceder en contra de quien resulte responsable, debido a que la despidieron como\u00a0 encargada del \u00e1rea de recursos humanos del hospital civil de Madero tras registrarse.<\/p>\n<p>&nbsp;<\/p>\n<p>El presidente del PAN maderense respald\u00f3 a la aspirante a una diputaci\u00f3n, quien fue notificada de su baja el pasado lunes.<\/p>\n<p>&nbsp;<\/p>\n<p>Cabe resaltar que se busc\u00f3 conocer los argumentos del despido por parte del director del Hospital, Salvador Mojarro, pero fue impedido el acceso a los medios de comunicaci\u00f3n por parte de una persona que portaba gafete de la secretar\u00eda de salud de Tamaulipas.<\/p>\n","protected":false},"excerpt":{"rendered":"<p>Cd. Madero, Tamaulipas.- El presidente del Comit\u00e9 Directivo Municipal del PAN en Madero, Francisco Casta\u00f1eda Cruz, se\u00f1al\u00f3 que el instituto&hellip;<\/p>\n","protected":false},"author":1,"featured_media":48636,"comment_status":"open","ping_status":"open","sticky":false,"template":"","format":"standard","meta":{"footnotes":""},"categories":[4],"tags":[],"class_list":["post-48639","post","type-post","status-publish","format-standard","has-post-thumbnail","hentry","category-madero"],"yoast_head":"<!-- This site is optimized with the Yoast SEO plugin v27.5 - https:\/\/yoast.com\/product\/yoast-seo-wordpress\/ -->\n<title>PAN DENUNCIAR\u00c1 A AUTORIDADES DE SALUD POR VIOLENCIA POL\u00cdTICA EN RAZ\u00d3N DE G\u00c9NERO. - EL INFORMATIVO DE TAMAULIPAS<\/title>\n<meta name=\"description\" content=\"Cd. Madero, Tamaulipas.- El presidente del Comit\u00e9 Directivo Municipal del PAN en Madero, Francisco Casta\u00f1eda Cruz, se\u00f1al\u00f3 que el instituto pol\u00edtico\u00a0\" \/>\n<meta name=\"robots\" content=\"index, follow, max-snippet:-1, max-image-preview:large, max-video-preview:-1\" \/>\n<link rel=\"canonical\" href=\"https:\/\/elinformativotam.com\/index.php\/2024\/01\/25\/pan-denunciara-a-autoridades-de-salud-por-violencia-politica-en-razon-de-genero\/\" \/>\n<meta property=\"og:locale\" content=\"es_MX\" \/>\n<meta property=\"og:type\" content=\"article\" \/>\n<meta property=\"og:title\" content=\"PAN DENUNCIAR\u00c1 A AUTORIDADES DE SALUD POR VIOLENCIA POL\u00cdTICA EN RAZ\u00d3N DE G\u00c9NERO. - EL INFORMATIVO DE TAMAULIPAS\" \/>\n<meta property=\"og:description\" content=\"Cd. Madero, Tamaulipas.- El presidente del Comit\u00e9 Directivo Municipal del PAN en Madero, Francisco Casta\u00f1eda Cruz, se\u00f1al\u00f3 que el instituto pol\u00edtico\u00a0\" \/>\n<meta property=\"og:url\" content=\"https:\/\/elinformativotam.com\/index.php\/2024\/01\/25\/pan-denunciara-a-autoridades-de-salud-por-violencia-politica-en-razon-de-genero\/\" \/>\n<meta property=\"og:site_name\" content=\"EL INFORMATIVO DE TAMAULIPAS\" \/>\n<meta property=\"article:published_time\" content=\"2024-01-25T15:31:39+00:00\" \/>\n<meta property=\"og:image\" content=\"https:\/\/elinformativotam.com\/wp-content\/uploads\/2024\/01\/Francisco-Castaneda.jpg\" \/>\n\t<meta property=\"og:image:width\" content=\"1067\" \/>\n\t<meta property=\"og:image:height\" content=\"1148\" \/>\n\t<meta property=\"og:image:type\" content=\"image\/jpeg\" \/>\n<meta name=\"author\" content=\"El Informativo Tam\" \/>\n<meta name=\"twitter:card\" content=\"summary_large_image\" \/>\n<meta name=\"twitter:label1\" content=\"Escrito por\" \/>\n\t<meta name=\"twitter:data1\" content=\"El Informativo Tam\" \/>\n\t<meta name=\"twitter:label2\" content=\"Tiempo de lectura\" \/>\n\t<meta name=\"twitter:data2\" content=\"1 minuto\" \/>\n<script type=\"application\/ld+json\" class=\"yoast-schema-graph\">{\"@context\":\"https:\\\/\\\/schema.org\",\"@graph\":[{\"@type\":\"Article\",\"@id\":\"https:\\\/\\\/elinformativotam.com\\\/index.php\\\/2024\\\/01\\\/25\\\/pan-denunciara-a-autoridades-de-salud-por-violencia-politica-en-razon-de-genero\\\/#article\",\"isPartOf\":{\"@id\":\"https:\\\/\\\/elinformativotam.com\\\/index.php\\\/2024\\\/01\\\/25\\\/pan-denunciara-a-autoridades-de-salud-por-violencia-politica-en-razon-de-genero\\\/\"},\"author\":{\"name\":\"El Informativo Tam\",\"@id\":\"https:\\\/\\\/elinformativotam.com\\\/#\\\/schema\\\/person\\\/78e08040eed0f6110f0c5f83b6153590\"},\"headline\":\"PAN DENUNCIAR\u00c1 A AUTORIDADES DE SALUD POR VIOLENCIA POL\u00cdTICA EN RAZ\u00d3N DE G\u00c9NERO.\",\"datePublished\":\"2024-01-25T15:31:39+00:00\",\"mainEntityOfPage\":{\"@id\":\"https:\\\/\\\/elinformativotam.com\\\/index.php\\\/2024\\\/01\\\/25\\\/pan-denunciara-a-autoridades-de-salud-por-violencia-politica-en-razon-de-genero\\\/\"},\"wordCount\":160,\"commentCount\":0,\"publisher\":{\"@id\":\"https:\\\/\\\/elinformativotam.com\\\/#organization\"},\"image\":{\"@id\":\"https:\\\/\\\/elinformativotam.com\\\/index.php\\\/2024\\\/01\\\/25\\\/pan-denunciara-a-autoridades-de-salud-por-violencia-politica-en-razon-de-genero\\\/#primaryimage\"},\"thumbnailUrl\":\"https:\\\/\\\/elinformativotam.com\\\/wp-content\\\/uploads\\\/2024\\\/01\\\/Francisco-Castaneda.jpg\",\"articleSection\":[\"Cd Madero\"],\"inLanguage\":\"es\",\"potentialAction\":[{\"@type\":\"CommentAction\",\"name\":\"Comment\",\"target\":[\"https:\\\/\\\/elinformativotam.com\\\/index.php\\\/2024\\\/01\\\/25\\\/pan-denunciara-a-autoridades-de-salud-por-violencia-politica-en-razon-de-genero\\\/#respond\"]}]},{\"@type\":\"WebPage\",\"@id\":\"https:\\\/\\\/elinformativotam.com\\\/index.php\\\/2024\\\/01\\\/25\\\/pan-denunciara-a-autoridades-de-salud-por-violencia-politica-en-razon-de-genero\\\/\",\"url\":\"https:\\\/\\\/elinformativotam.com\\\/index.php\\\/2024\\\/01\\\/25\\\/pan-denunciara-a-autoridades-de-salud-por-violencia-politica-en-razon-de-genero\\\/\",\"name\":\"PAN DENUNCIAR\u00c1 A AUTORIDADES DE SALUD POR VIOLENCIA POL\u00cdTICA EN RAZ\u00d3N DE G\u00c9NERO. - EL INFORMATIVO DE TAMAULIPAS\",\"isPartOf\":{\"@id\":\"https:\\\/\\\/elinformativotam.com\\\/#website\"},\"primaryImageOfPage\":{\"@id\":\"https:\\\/\\\/elinformativotam.com\\\/index.php\\\/2024\\\/01\\\/25\\\/pan-denunciara-a-autoridades-de-salud-por-violencia-politica-en-razon-de-genero\\\/#primaryimage\"},\"image\":{\"@id\":\"https:\\\/\\\/elinformativotam.com\\\/index.php\\\/2024\\\/01\\\/25\\\/pan-denunciara-a-autoridades-de-salud-por-violencia-politica-en-razon-de-genero\\\/#primaryimage\"},\"thumbnailUrl\":\"https:\\\/\\\/elinformativotam.com\\\/wp-content\\\/uploads\\\/2024\\\/01\\\/Francisco-Castaneda.jpg\",\"datePublished\":\"2024-01-25T15:31:39+00:00\",\"description\":\"Cd. Madero, Tamaulipas.- El presidente del Comit\u00e9 Directivo Municipal del PAN en Madero, Francisco Casta\u00f1eda Cruz, se\u00f1al\u00f3 que el instituto pol\u00edtico\u00a0\",\"inLanguage\":\"es\",\"potentialAction\":[{\"@type\":\"ReadAction\",\"target\":[\"https:\\\/\\\/elinformativotam.com\\\/index.php\\\/2024\\\/01\\\/25\\\/pan-denunciara-a-autoridades-de-salud-por-violencia-politica-en-razon-de-genero\\\/\"]}]},{\"@type\":\"ImageObject\",\"inLanguage\":\"es\",\"@id\":\"https:\\\/\\\/elinformativotam.com\\\/index.php\\\/2024\\\/01\\\/25\\\/pan-denunciara-a-autoridades-de-salud-por-violencia-politica-en-razon-de-genero\\\/#primaryimage\",\"url\":\"https:\\\/\\\/elinformativotam.com\\\/wp-content\\\/uploads\\\/2024\\\/01\\\/Francisco-Castaneda.jpg\",\"contentUrl\":\"https:\\\/\\\/elinformativotam.com\\\/wp-content\\\/uploads\\\/2024\\\/01\\\/Francisco-Castaneda.jpg\",\"width\":1067,\"height\":1148},{\"@type\":\"WebSite\",\"@id\":\"https:\\\/\\\/elinformativotam.com\\\/#website\",\"url\":\"https:\\\/\\\/elinformativotam.com\\\/\",\"name\":\"EL INFORMATIVO DE TAMAULIPAS\",\"description\":\"Desde la Zona Metropolitana Para Todo M\u00e9xico\",\"publisher\":{\"@id\":\"https:\\\/\\\/elinformativotam.com\\\/#organization\"},\"potentialAction\":[{\"@type\":\"SearchAction\",\"target\":{\"@type\":\"EntryPoint\",\"urlTemplate\":\"https:\\\/\\\/elinformativotam.com\\\/?s={search_term_string}\"},\"query-input\":{\"@type\":\"PropertyValueSpecification\",\"valueRequired\":true,\"valueName\":\"search_term_string\"}}],\"inLanguage\":\"es\"},{\"@type\":\"Organization\",\"@id\":\"https:\\\/\\\/elinformativotam.com\\\/#organization\",\"name\":\"EL INFORMATIVO DE TAMAULIPAS\",\"url\":\"https:\\\/\\\/elinformativotam.com\\\/\",\"logo\":{\"@type\":\"ImageObject\",\"inLanguage\":\"es\",\"@id\":\"https:\\\/\\\/elinformativotam.com\\\/#\\\/schema\\\/logo\\\/image\\\/\",\"url\":\"https:\\\/\\\/elinformativotam.com\\\/wp-content\\\/uploads\\\/2026\\\/02\\\/Cabezal.png\",\"contentUrl\":\"https:\\\/\\\/elinformativotam.com\\\/wp-content\\\/uploads\\\/2026\\\/02\\\/Cabezal.png\",\"width\":960,\"height\":640,\"caption\":\"EL INFORMATIVO DE TAMAULIPAS\"},\"image\":{\"@id\":\"https:\\\/\\\/elinformativotam.com\\\/#\\\/schema\\\/logo\\\/image\\\/\"}},{\"@type\":\"Person\",\"@id\":\"https:\\\/\\\/elinformativotam.com\\\/#\\\/schema\\\/person\\\/78e08040eed0f6110f0c5f83b6153590\",\"name\":\"El Informativo Tam\",\"image\":{\"@type\":\"ImageObject\",\"inLanguage\":\"es\",\"@id\":\"https:\\\/\\\/secure.gravatar.com\\\/avatar\\\/f3b7ad3af540688955925ac610647be00b0cf41feea9c4978b73a707ee86bc53?s=96&d=mm&r=g\",\"url\":\"https:\\\/\\\/secure.gravatar.com\\\/avatar\\\/f3b7ad3af540688955925ac610647be00b0cf41feea9c4978b73a707ee86bc53?s=96&d=mm&r=g\",\"contentUrl\":\"https:\\\/\\\/secure.gravatar.com\\\/avatar\\\/f3b7ad3af540688955925ac610647be00b0cf41feea9c4978b73a707ee86bc53?s=96&d=mm&r=g\",\"caption\":\"El Informativo Tam\"}}]}<\/script>\n<!-- \/ Yoast SEO plugin. -->","yoast_head_json":{"title":"PAN DENUNCIAR\u00c1 A AUTORIDADES DE SALUD POR VIOLENCIA POL\u00cdTICA EN RAZ\u00d3N DE G\u00c9NERO. - EL INFORMATIVO DE TAMAULIPAS","description":"Cd. Madero, Tamaulipas.- El presidente del Comit\u00e9 Directivo Municipal del PAN en Madero, Francisco Casta\u00f1eda Cruz, se\u00f1al\u00f3 que el instituto pol\u00edtico\u00a0","robots":{"index":"index","follow":"follow","max-snippet":"max-snippet:-1","max-image-preview":"max-image-preview:large","max-video-preview":"max-video-preview:-1"},"canonical":"https:\/\/elinformativotam.com\/index.php\/2024\/01\/25\/pan-denunciara-a-autoridades-de-salud-por-violencia-politica-en-razon-de-genero\/","og_locale":"es_MX","og_type":"article","og_title":"PAN DENUNCIAR\u00c1 A AUTORIDADES DE SALUD POR VIOLENCIA POL\u00cdTICA EN RAZ\u00d3N DE G\u00c9NERO. - EL INFORMATIVO DE TAMAULIPAS","og_description":"Cd. Madero, Tamaulipas.- El presidente del Comit\u00e9 Directivo Municipal del PAN en Madero, Francisco Casta\u00f1eda Cruz, se\u00f1al\u00f3 que el instituto pol\u00edtico\u00a0","og_url":"https:\/\/elinformativotam.com\/index.php\/2024\/01\/25\/pan-denunciara-a-autoridades-de-salud-por-violencia-politica-en-razon-de-genero\/","og_site_name":"EL INFORMATIVO DE TAMAULIPAS","article_published_time":"2024-01-25T15:31:39+00:00","og_image":[{"width":1067,"height":1148,"url":"https:\/\/elinformativotam.com\/wp-content\/uploads\/2024\/01\/Francisco-Castaneda.jpg","type":"image\/jpeg"}],"author":"El Informativo Tam","twitter_card":"summary_large_image","twitter_misc":{"Escrito por":"El Informativo Tam","Tiempo de lectura":"1 minuto"},"schema":{"@context":"https:\/\/schema.org","@graph":[{"@type":"Article","@id":"https:\/\/elinformativotam.com\/index.php\/2024\/01\/25\/pan-denunciara-a-autoridades-de-salud-por-violencia-politica-en-razon-de-genero\/#article","isPartOf":{"@id":"https:\/\/elinformativotam.com\/index.php\/2024\/01\/25\/pan-denunciara-a-autoridades-de-salud-por-violencia-politica-en-razon-de-genero\/"},"author":{"name":"El Informativo Tam","@id":"https:\/\/elinformativotam.com\/#\/schema\/person\/78e08040eed0f6110f0c5f83b6153590"},"headline":"PAN DENUNCIAR\u00c1 A AUTORIDADES DE SALUD POR VIOLENCIA POL\u00cdTICA EN RAZ\u00d3N DE G\u00c9NERO.","datePublished":"2024-01-25T15:31:39+00:00","mainEntityOfPage":{"@id":"https:\/\/elinformativotam.com\/index.php\/2024\/01\/25\/pan-denunciara-a-autoridades-de-salud-por-violencia-politica-en-razon-de-genero\/"},"wordCount":160,"commentCount":0,"publisher":{"@id":"https:\/\/elinformativotam.com\/#organization"},"image":{"@id":"https:\/\/elinformativotam.com\/index.php\/2024\/01\/25\/pan-denunciara-a-autoridades-de-salud-por-violencia-politica-en-razon-de-genero\/#primaryimage"},"thumbnailUrl":"https:\/\/elinformativotam.com\/wp-content\/uploads\/2024\/01\/Francisco-Castaneda.jpg","articleSection":["Cd Madero"],"inLanguage":"es","potentialAction":[{"@type":"CommentAction","name":"Comment","target":["https:\/\/elinformativotam.com\/index.php\/2024\/01\/25\/pan-denunciara-a-autoridades-de-salud-por-violencia-politica-en-razon-de-genero\/#respond"]}]},{"@type":"WebPage","@id":"https:\/\/elinformativotam.com\/index.php\/2024\/01\/25\/pan-denunciara-a-autoridades-de-salud-por-violencia-politica-en-razon-de-genero\/","url":"https:\/\/elinformativotam.com\/index.php\/2024\/01\/25\/pan-denunciara-a-autoridades-de-salud-por-violencia-politica-en-razon-de-genero\/","name":"PAN DENUNCIAR\u00c1 A AUTORIDADES DE SALUD POR VIOLENCIA POL\u00cdTICA EN RAZ\u00d3N DE G\u00c9NERO. - EL INFORMATIVO DE TAMAULIPAS","isPartOf":{"@id":"https:\/\/elinformativotam.com\/#website"},"primaryImageOfPage":{"@id":"https:\/\/elinformativotam.com\/index.php\/2024\/01\/25\/pan-denunciara-a-autoridades-de-salud-por-violencia-politica-en-razon-de-genero\/#primaryimage"},"image":{"@id":"https:\/\/elinformativotam.com\/index.php\/2024\/01\/25\/pan-denunciara-a-autoridades-de-salud-por-violencia-politica-en-razon-de-genero\/#primaryimage"},"thumbnailUrl":"https:\/\/elinformativotam.com\/wp-content\/uploads\/2024\/01\/Francisco-Castaneda.jpg","datePublished":"2024-01-25T15:31:39+00:00","description":"Cd. Madero, Tamaulipas.- El presidente del Comit\u00e9 Directivo Municipal del PAN en Madero, Francisco Casta\u00f1eda Cruz, se\u00f1al\u00f3 que el instituto pol\u00edtico\u00a0","inLanguage":"es","potentialAction":[{"@type":"ReadAction","target":["https:\/\/elinformativotam.com\/index.php\/2024\/01\/25\/pan-denunciara-a-autoridades-de-salud-por-violencia-politica-en-razon-de-genero\/"]}]},{"@type":"ImageObject","inLanguage":"es","@id":"https:\/\/elinformativotam.com\/index.php\/2024\/01\/25\/pan-denunciara-a-autoridades-de-salud-por-violencia-politica-en-razon-de-genero\/#primaryimage","url":"https:\/\/elinformativotam.com\/wp-content\/uploads\/2024\/01\/Francisco-Castaneda.jpg","contentUrl":"https:\/\/elinformativotam.com\/wp-content\/uploads\/2024\/01\/Francisco-Castaneda.jpg","width":1067,"height":1148},{"@type":"WebSite","@id":"https:\/\/elinformativotam.com\/#website","url":"https:\/\/elinformativotam.com\/","name":"EL INFORMATIVO DE TAMAULIPAS","description":"Desde la Zona Metropolitana Para Todo M\u00e9xico","publisher":{"@id":"https:\/\/elinformativotam.com\/#organization"},"potentialAction":[{"@type":"SearchAction","target":{"@type":"EntryPoint","urlTemplate":"https:\/\/elinformativotam.com\/?s={search_term_string}"},"query-input":{"@type":"PropertyValueSpecification","valueRequired":true,"valueName":"search_term_string"}}],"inLanguage":"es"},{"@type":"Organization","@id":"https:\/\/elinformativotam.com\/#organization","name":"EL INFORMATIVO DE TAMAULIPAS","url":"https:\/\/elinformativotam.com\/","logo":{"@type":"ImageObject","inLanguage":"es","@id":"https:\/\/elinformativotam.com\/#\/schema\/logo\/image\/","url":"https:\/\/elinformativotam.com\/wp-content\/uploads\/2026\/02\/Cabezal.png","contentUrl":"https:\/\/elinformativotam.com\/wp-content\/uploads\/2026\/02\/Cabezal.png","width":960,"height":640,"caption":"EL INFORMATIVO DE TAMAULIPAS"},"image":{"@id":"https:\/\/elinformativotam.com\/#\/schema\/logo\/image\/"}},{"@type":"Person","@id":"https:\/\/elinformativotam.com\/#\/schema\/person\/78e08040eed0f6110f0c5f83b6153590","name":"El Informativo Tam","image":{"@type":"ImageObject","inLanguage":"es","@id":"https:\/\/secure.gravatar.com\/avatar\/f3b7ad3af540688955925ac610647be00b0cf41feea9c4978b73a707ee86bc53?s=96&d=mm&r=g","url":"https:\/\/secure.gravatar.com\/avatar\/f3b7ad3af540688955925ac610647be00b0cf41feea9c4978b73a707ee86bc53?s=96&d=mm&r=g","contentUrl":"https:\/\/secure.gravatar.com\/avatar\/f3b7ad3af540688955925ac610647be00b0cf41feea9c4978b73a707ee86bc53?s=96&d=mm&r=g","caption":"El Informativo Tam"}}]}},"_links":{"self":[{"href":"https:\/\/elinformativotam.com\/index.php\/wp-json\/wp\/v2\/posts\/48639","targetHints":{"allow":["GET"]}}],"collection":[{"href":"https:\/\/elinformativotam.com\/index.php\/wp-json\/wp\/v2\/posts"}],"about":[{"href":"https:\/\/elinformativotam.com\/index.php\/wp-json\/wp\/v2\/types\/post"}],"author":[{"embeddable":true,"href":"https:\/\/elinformativotam.com\/index.php\/wp-json\/wp\/v2\/users\/1"}],"replies":[{"embeddable":true,"href":"https:\/\/elinformativotam.com\/index.php\/wp-json\/wp\/v2\/comments?post=48639"}],"version-history":[{"count":1,"href":"https:\/\/elinformativotam.com\/index.php\/wp-json\/wp\/v2\/posts\/48639\/revisions"}],"predecessor-version":[{"id":48640,"href":"https:\/\/elinformativotam.com\/index.php\/wp-json\/wp\/v2\/posts\/48639\/revisions\/48640"}],"wp:featuredmedia":[{"embeddable":true,"href":"https:\/\/elinformativotam.com\/index.php\/wp-json\/wp\/v2\/media\/48636"}],"wp:attachment":[{"href":"https:\/\/elinformativotam.com\/index.php\/wp-json\/wp\/v2\/media?parent=48639"}],"wp:term":[{"taxonomy":"category","embeddable":true,"href":"https:\/\/elinformativotam.com\/index.php\/wp-json\/wp\/v2\/categories?post=48639"},{"taxonomy":"post_tag","embeddable":true,"href":"https:\/\/elinformativotam.com\/index.php\/wp-json\/wp\/v2\/tags?post=48639"}],"curies":[{"name":"wp","href":"https:\/\/api.w.org\/{rel}","templated":true}]}}