{"id":48634,"date":"2024-01-25T09:30:07","date_gmt":"2024-01-25T15:30:07","guid":{"rendered":"https:\/\/elinformativotam.com\/?p=48634"},"modified":"2024-01-25T09:30:07","modified_gmt":"2024-01-25T15:30:07","slug":"dan-de-baja-a-trabajadora-del-hospital-civil-de-madero-tras-registrarse-como-aspirante-a-una-candidatura","status":"publish","type":"post","link":"https:\/\/elinformativotam.com\/index.php\/2024\/01\/25\/dan-de-baja-a-trabajadora-del-hospital-civil-de-madero-tras-registrarse-como-aspirante-a-una-candidatura\/","title":{"rendered":"DAN DE BAJA A TRABAJADORA DEL HOSPITAL CIVIL DE MADERO TRAS REGISTRARSE COMO ASPIRANTE A UNA CANDIDATURA."},"content":{"rendered":"<p>Cd. Madero, Tamaulipas.- Tras 5 a\u00f1os de desempe\u00f1arse como jefa de recursos humanos en el Hospital Civil de Madero, el pasado lunes fue notificada Ana Marcela Garc\u00eda Padilla sobre su baja, tras registrarse como precandidata del PAN a una diputaci\u00f3n local.<\/p>\n<p>&nbsp;<\/p>\n<p>La ahora ex empleada gubernamental, se\u00f1al\u00f3 que el pasado s\u00e1bado acudi\u00f3 a realizar su registro como aspirante a una candidatura, a invitaci\u00f3n del PAN, partido en el cual milita desde hace varios a\u00f1os.<\/p>\n<p>&nbsp;<\/p>\n<p>Mencion\u00f3 que tras esto, recibi\u00f3 varias llamadas para solicitarle se presentara en la oficina del director el lunes, momento en el que le notificaron que era relevada de su cargo y se le entregaba nombramiento a otra persona.<\/p>\n<p>&nbsp;<\/p>\n<p>Detall\u00f3 que en una de las llamadas le argumentaron que el secretario de salud estaba molesto por el hecho que ella se registrara por un partido diferente al que est\u00e1 en el gobierno.<\/p>\n<p>&nbsp;<\/p>\n<p>Mencion\u00f3 que debido a ello, se interpondr\u00e1n las denuncias ante las instancias correspondientes, pues se considera este despido como un acto de violencia pol\u00edtica en raz\u00f3n de g\u00e9nero.<\/p>\n<p>&nbsp;<\/p>\n<p>A\u00f1adi\u00f3 la afectada que en el caso de ella, no existen quejas de su desempe\u00f1o, por lo que no hay justificaci\u00f3n para su despido, raz\u00f3n por la cual es que \u00fanicamente desea que se aclaren las cosas, pues se est\u00e1 afectando no solo a ella, sino a su familia, poniendo en entredicho su integridad moral.<\/p>\n","protected":false},"excerpt":{"rendered":"<p>Cd. Madero, Tamaulipas.- Tras 5 a\u00f1os de desempe\u00f1arse como jefa de recursos humanos en el Hospital Civil de Madero, el&hellip;<\/p>\n","protected":false},"author":1,"featured_media":48637,"comment_status":"open","ping_status":"open","sticky":false,"template":"","format":"standard","meta":{"footnotes":""},"categories":[4],"tags":[],"class_list":["post-48634","post","type-post","status-publish","format-standard","has-post-thumbnail","hentry","category-madero"],"yoast_head":"<!-- This site is optimized with the Yoast SEO plugin v27.5 - https:\/\/yoast.com\/product\/yoast-seo-wordpress\/ -->\n<title>DAN DE BAJA A TRABAJADORA DEL HOSPITAL CIVIL DE MADERO TRAS REGISTRARSE COMO ASPIRANTE A UNA CANDIDATURA. - EL INFORMATIVO DE TAMAULIPAS<\/title>\n<meta name=\"description\" content=\"Cd. Madero, Tamaulipas.- Tras 5 a\u00f1os de desempe\u00f1arse como jefa de recursos humanos en el Hospital Civil de Madero, el pasado lunes fue notificada Ana\" \/>\n<meta name=\"robots\" content=\"index, follow, max-snippet:-1, max-image-preview:large, max-video-preview:-1\" \/>\n<link rel=\"canonical\" href=\"https:\/\/elinformativotam.com\/index.php\/2024\/01\/25\/dan-de-baja-a-trabajadora-del-hospital-civil-de-madero-tras-registrarse-como-aspirante-a-una-candidatura\/\" \/>\n<meta property=\"og:locale\" content=\"es_MX\" \/>\n<meta property=\"og:type\" content=\"article\" \/>\n<meta property=\"og:title\" content=\"DAN DE BAJA A TRABAJADORA DEL HOSPITAL CIVIL DE MADERO TRAS REGISTRARSE COMO ASPIRANTE A UNA CANDIDATURA. - EL INFORMATIVO DE TAMAULIPAS\" \/>\n<meta property=\"og:description\" content=\"Cd. Madero, Tamaulipas.- Tras 5 a\u00f1os de desempe\u00f1arse como jefa de recursos humanos en el Hospital Civil de Madero, el pasado lunes fue notificada Ana\" \/>\n<meta property=\"og:url\" content=\"https:\/\/elinformativotam.com\/index.php\/2024\/01\/25\/dan-de-baja-a-trabajadora-del-hospital-civil-de-madero-tras-registrarse-como-aspirante-a-una-candidatura\/\" \/>\n<meta property=\"og:site_name\" content=\"EL INFORMATIVO DE TAMAULIPAS\" \/>\n<meta property=\"article:published_time\" content=\"2024-01-25T15:30:07+00:00\" \/>\n<meta property=\"og:image\" content=\"https:\/\/elinformativotam.com\/wp-content\/uploads\/2024\/01\/Baja-Hospital.jpg\" \/>\n\t<meta property=\"og:image:width\" content=\"1280\" \/>\n\t<meta property=\"og:image:height\" content=\"960\" \/>\n\t<meta property=\"og:image:type\" content=\"image\/jpeg\" \/>\n<meta name=\"author\" content=\"El Informativo Tam\" \/>\n<meta name=\"twitter:card\" content=\"summary_large_image\" \/>\n<meta name=\"twitter:label1\" content=\"Escrito por\" \/>\n\t<meta name=\"twitter:data1\" content=\"El Informativo Tam\" \/>\n\t<meta name=\"twitter:label2\" content=\"Tiempo de lectura\" \/>\n\t<meta name=\"twitter:data2\" content=\"2 minutos\" \/>\n<script type=\"application\/ld+json\" class=\"yoast-schema-graph\">{\"@context\":\"https:\\\/\\\/schema.org\",\"@graph\":[{\"@type\":\"Article\",\"@id\":\"https:\\\/\\\/elinformativotam.com\\\/index.php\\\/2024\\\/01\\\/25\\\/dan-de-baja-a-trabajadora-del-hospital-civil-de-madero-tras-registrarse-como-aspirante-a-una-candidatura\\\/#article\",\"isPartOf\":{\"@id\":\"https:\\\/\\\/elinformativotam.com\\\/index.php\\\/2024\\\/01\\\/25\\\/dan-de-baja-a-trabajadora-del-hospital-civil-de-madero-tras-registrarse-como-aspirante-a-una-candidatura\\\/\"},\"author\":{\"name\":\"El Informativo Tam\",\"@id\":\"https:\\\/\\\/elinformativotam.com\\\/#\\\/schema\\\/person\\\/78e08040eed0f6110f0c5f83b6153590\"},\"headline\":\"DAN DE BAJA A TRABAJADORA DEL HOSPITAL CIVIL DE MADERO TRAS REGISTRARSE COMO ASPIRANTE A UNA CANDIDATURA.\",\"datePublished\":\"2024-01-25T15:30:07+00:00\",\"mainEntityOfPage\":{\"@id\":\"https:\\\/\\\/elinformativotam.com\\\/index.php\\\/2024\\\/01\\\/25\\\/dan-de-baja-a-trabajadora-del-hospital-civil-de-madero-tras-registrarse-como-aspirante-a-una-candidatura\\\/\"},\"wordCount\":266,\"commentCount\":0,\"publisher\":{\"@id\":\"https:\\\/\\\/elinformativotam.com\\\/#organization\"},\"image\":{\"@id\":\"https:\\\/\\\/elinformativotam.com\\\/index.php\\\/2024\\\/01\\\/25\\\/dan-de-baja-a-trabajadora-del-hospital-civil-de-madero-tras-registrarse-como-aspirante-a-una-candidatura\\\/#primaryimage\"},\"thumbnailUrl\":\"https:\\\/\\\/elinformativotam.com\\\/wp-content\\\/uploads\\\/2024\\\/01\\\/Baja-Hospital.jpg\",\"articleSection\":[\"Cd Madero\"],\"inLanguage\":\"es\",\"potentialAction\":[{\"@type\":\"CommentAction\",\"name\":\"Comment\",\"target\":[\"https:\\\/\\\/elinformativotam.com\\\/index.php\\\/2024\\\/01\\\/25\\\/dan-de-baja-a-trabajadora-del-hospital-civil-de-madero-tras-registrarse-como-aspirante-a-una-candidatura\\\/#respond\"]}]},{\"@type\":\"WebPage\",\"@id\":\"https:\\\/\\\/elinformativotam.com\\\/index.php\\\/2024\\\/01\\\/25\\\/dan-de-baja-a-trabajadora-del-hospital-civil-de-madero-tras-registrarse-como-aspirante-a-una-candidatura\\\/\",\"url\":\"https:\\\/\\\/elinformativotam.com\\\/index.php\\\/2024\\\/01\\\/25\\\/dan-de-baja-a-trabajadora-del-hospital-civil-de-madero-tras-registrarse-como-aspirante-a-una-candidatura\\\/\",\"name\":\"DAN DE BAJA A TRABAJADORA DEL HOSPITAL CIVIL DE MADERO TRAS REGISTRARSE COMO ASPIRANTE A UNA CANDIDATURA. - EL INFORMATIVO DE TAMAULIPAS\",\"isPartOf\":{\"@id\":\"https:\\\/\\\/elinformativotam.com\\\/#website\"},\"primaryImageOfPage\":{\"@id\":\"https:\\\/\\\/elinformativotam.com\\\/index.php\\\/2024\\\/01\\\/25\\\/dan-de-baja-a-trabajadora-del-hospital-civil-de-madero-tras-registrarse-como-aspirante-a-una-candidatura\\\/#primaryimage\"},\"image\":{\"@id\":\"https:\\\/\\\/elinformativotam.com\\\/index.php\\\/2024\\\/01\\\/25\\\/dan-de-baja-a-trabajadora-del-hospital-civil-de-madero-tras-registrarse-como-aspirante-a-una-candidatura\\\/#primaryimage\"},\"thumbnailUrl\":\"https:\\\/\\\/elinformativotam.com\\\/wp-content\\\/uploads\\\/2024\\\/01\\\/Baja-Hospital.jpg\",\"datePublished\":\"2024-01-25T15:30:07+00:00\",\"description\":\"Cd. Madero, Tamaulipas.- Tras 5 a\u00f1os de desempe\u00f1arse como jefa de recursos humanos en el Hospital Civil de Madero, el pasado lunes fue notificada Ana\",\"inLanguage\":\"es\",\"potentialAction\":[{\"@type\":\"ReadAction\",\"target\":[\"https:\\\/\\\/elinformativotam.com\\\/index.php\\\/2024\\\/01\\\/25\\\/dan-de-baja-a-trabajadora-del-hospital-civil-de-madero-tras-registrarse-como-aspirante-a-una-candidatura\\\/\"]}]},{\"@type\":\"ImageObject\",\"inLanguage\":\"es\",\"@id\":\"https:\\\/\\\/elinformativotam.com\\\/index.php\\\/2024\\\/01\\\/25\\\/dan-de-baja-a-trabajadora-del-hospital-civil-de-madero-tras-registrarse-como-aspirante-a-una-candidatura\\\/#primaryimage\",\"url\":\"https:\\\/\\\/elinformativotam.com\\\/wp-content\\\/uploads\\\/2024\\\/01\\\/Baja-Hospital.jpg\",\"contentUrl\":\"https:\\\/\\\/elinformativotam.com\\\/wp-content\\\/uploads\\\/2024\\\/01\\\/Baja-Hospital.jpg\",\"width\":1280,\"height\":960},{\"@type\":\"WebSite\",\"@id\":\"https:\\\/\\\/elinformativotam.com\\\/#website\",\"url\":\"https:\\\/\\\/elinformativotam.com\\\/\",\"name\":\"EL INFORMATIVO DE TAMAULIPAS\",\"description\":\"Desde la Zona Metropolitana Para Todo M\u00e9xico\",\"publisher\":{\"@id\":\"https:\\\/\\\/elinformativotam.com\\\/#organization\"},\"potentialAction\":[{\"@type\":\"SearchAction\",\"target\":{\"@type\":\"EntryPoint\",\"urlTemplate\":\"https:\\\/\\\/elinformativotam.com\\\/?s={search_term_string}\"},\"query-input\":{\"@type\":\"PropertyValueSpecification\",\"valueRequired\":true,\"valueName\":\"search_term_string\"}}],\"inLanguage\":\"es\"},{\"@type\":\"Organization\",\"@id\":\"https:\\\/\\\/elinformativotam.com\\\/#organization\",\"name\":\"EL INFORMATIVO DE TAMAULIPAS\",\"url\":\"https:\\\/\\\/elinformativotam.com\\\/\",\"logo\":{\"@type\":\"ImageObject\",\"inLanguage\":\"es\",\"@id\":\"https:\\\/\\\/elinformativotam.com\\\/#\\\/schema\\\/logo\\\/image\\\/\",\"url\":\"https:\\\/\\\/elinformativotam.com\\\/wp-content\\\/uploads\\\/2026\\\/02\\\/Cabezal.png\",\"contentUrl\":\"https:\\\/\\\/elinformativotam.com\\\/wp-content\\\/uploads\\\/2026\\\/02\\\/Cabezal.png\",\"width\":960,\"height\":640,\"caption\":\"EL INFORMATIVO DE TAMAULIPAS\"},\"image\":{\"@id\":\"https:\\\/\\\/elinformativotam.com\\\/#\\\/schema\\\/logo\\\/image\\\/\"}},{\"@type\":\"Person\",\"@id\":\"https:\\\/\\\/elinformativotam.com\\\/#\\\/schema\\\/person\\\/78e08040eed0f6110f0c5f83b6153590\",\"name\":\"El Informativo Tam\",\"image\":{\"@type\":\"ImageObject\",\"inLanguage\":\"es\",\"@id\":\"https:\\\/\\\/secure.gravatar.com\\\/avatar\\\/f3b7ad3af540688955925ac610647be00b0cf41feea9c4978b73a707ee86bc53?s=96&d=mm&r=g\",\"url\":\"https:\\\/\\\/secure.gravatar.com\\\/avatar\\\/f3b7ad3af540688955925ac610647be00b0cf41feea9c4978b73a707ee86bc53?s=96&d=mm&r=g\",\"contentUrl\":\"https:\\\/\\\/secure.gravatar.com\\\/avatar\\\/f3b7ad3af540688955925ac610647be00b0cf41feea9c4978b73a707ee86bc53?s=96&d=mm&r=g\",\"caption\":\"El Informativo Tam\"}}]}<\/script>\n<!-- \/ Yoast SEO plugin. -->","yoast_head_json":{"title":"DAN DE BAJA A TRABAJADORA DEL HOSPITAL CIVIL DE MADERO TRAS REGISTRARSE COMO ASPIRANTE A UNA CANDIDATURA. - EL INFORMATIVO DE TAMAULIPAS","description":"Cd. Madero, Tamaulipas.- Tras 5 a\u00f1os de desempe\u00f1arse como jefa de recursos humanos en el Hospital Civil de Madero, el pasado lunes fue notificada Ana","robots":{"index":"index","follow":"follow","max-snippet":"max-snippet:-1","max-image-preview":"max-image-preview:large","max-video-preview":"max-video-preview:-1"},"canonical":"https:\/\/elinformativotam.com\/index.php\/2024\/01\/25\/dan-de-baja-a-trabajadora-del-hospital-civil-de-madero-tras-registrarse-como-aspirante-a-una-candidatura\/","og_locale":"es_MX","og_type":"article","og_title":"DAN DE BAJA A TRABAJADORA DEL HOSPITAL CIVIL DE MADERO TRAS REGISTRARSE COMO ASPIRANTE A UNA CANDIDATURA. - EL INFORMATIVO DE TAMAULIPAS","og_description":"Cd. Madero, Tamaulipas.- Tras 5 a\u00f1os de desempe\u00f1arse como jefa de recursos humanos en el Hospital Civil de Madero, el pasado lunes fue notificada Ana","og_url":"https:\/\/elinformativotam.com\/index.php\/2024\/01\/25\/dan-de-baja-a-trabajadora-del-hospital-civil-de-madero-tras-registrarse-como-aspirante-a-una-candidatura\/","og_site_name":"EL INFORMATIVO DE TAMAULIPAS","article_published_time":"2024-01-25T15:30:07+00:00","og_image":[{"width":1280,"height":960,"url":"https:\/\/elinformativotam.com\/wp-content\/uploads\/2024\/01\/Baja-Hospital.jpg","type":"image\/jpeg"}],"author":"El Informativo Tam","twitter_card":"summary_large_image","twitter_misc":{"Escrito por":"El Informativo Tam","Tiempo de lectura":"2 minutos"},"schema":{"@context":"https:\/\/schema.org","@graph":[{"@type":"Article","@id":"https:\/\/elinformativotam.com\/index.php\/2024\/01\/25\/dan-de-baja-a-trabajadora-del-hospital-civil-de-madero-tras-registrarse-como-aspirante-a-una-candidatura\/#article","isPartOf":{"@id":"https:\/\/elinformativotam.com\/index.php\/2024\/01\/25\/dan-de-baja-a-trabajadora-del-hospital-civil-de-madero-tras-registrarse-como-aspirante-a-una-candidatura\/"},"author":{"name":"El Informativo Tam","@id":"https:\/\/elinformativotam.com\/#\/schema\/person\/78e08040eed0f6110f0c5f83b6153590"},"headline":"DAN DE BAJA A TRABAJADORA DEL HOSPITAL CIVIL DE MADERO TRAS REGISTRARSE COMO ASPIRANTE A UNA CANDIDATURA.","datePublished":"2024-01-25T15:30:07+00:00","mainEntityOfPage":{"@id":"https:\/\/elinformativotam.com\/index.php\/2024\/01\/25\/dan-de-baja-a-trabajadora-del-hospital-civil-de-madero-tras-registrarse-como-aspirante-a-una-candidatura\/"},"wordCount":266,"commentCount":0,"publisher":{"@id":"https:\/\/elinformativotam.com\/#organization"},"image":{"@id":"https:\/\/elinformativotam.com\/index.php\/2024\/01\/25\/dan-de-baja-a-trabajadora-del-hospital-civil-de-madero-tras-registrarse-como-aspirante-a-una-candidatura\/#primaryimage"},"thumbnailUrl":"https:\/\/elinformativotam.com\/wp-content\/uploads\/2024\/01\/Baja-Hospital.jpg","articleSection":["Cd Madero"],"inLanguage":"es","potentialAction":[{"@type":"CommentAction","name":"Comment","target":["https:\/\/elinformativotam.com\/index.php\/2024\/01\/25\/dan-de-baja-a-trabajadora-del-hospital-civil-de-madero-tras-registrarse-como-aspirante-a-una-candidatura\/#respond"]}]},{"@type":"WebPage","@id":"https:\/\/elinformativotam.com\/index.php\/2024\/01\/25\/dan-de-baja-a-trabajadora-del-hospital-civil-de-madero-tras-registrarse-como-aspirante-a-una-candidatura\/","url":"https:\/\/elinformativotam.com\/index.php\/2024\/01\/25\/dan-de-baja-a-trabajadora-del-hospital-civil-de-madero-tras-registrarse-como-aspirante-a-una-candidatura\/","name":"DAN DE BAJA A TRABAJADORA DEL HOSPITAL CIVIL DE MADERO TRAS REGISTRARSE COMO ASPIRANTE A UNA CANDIDATURA. - EL INFORMATIVO DE TAMAULIPAS","isPartOf":{"@id":"https:\/\/elinformativotam.com\/#website"},"primaryImageOfPage":{"@id":"https:\/\/elinformativotam.com\/index.php\/2024\/01\/25\/dan-de-baja-a-trabajadora-del-hospital-civil-de-madero-tras-registrarse-como-aspirante-a-una-candidatura\/#primaryimage"},"image":{"@id":"https:\/\/elinformativotam.com\/index.php\/2024\/01\/25\/dan-de-baja-a-trabajadora-del-hospital-civil-de-madero-tras-registrarse-como-aspirante-a-una-candidatura\/#primaryimage"},"thumbnailUrl":"https:\/\/elinformativotam.com\/wp-content\/uploads\/2024\/01\/Baja-Hospital.jpg","datePublished":"2024-01-25T15:30:07+00:00","description":"Cd. Madero, Tamaulipas.- Tras 5 a\u00f1os de desempe\u00f1arse como jefa de recursos humanos en el Hospital Civil de Madero, el pasado lunes fue notificada Ana","inLanguage":"es","potentialAction":[{"@type":"ReadAction","target":["https:\/\/elinformativotam.com\/index.php\/2024\/01\/25\/dan-de-baja-a-trabajadora-del-hospital-civil-de-madero-tras-registrarse-como-aspirante-a-una-candidatura\/"]}]},{"@type":"ImageObject","inLanguage":"es","@id":"https:\/\/elinformativotam.com\/index.php\/2024\/01\/25\/dan-de-baja-a-trabajadora-del-hospital-civil-de-madero-tras-registrarse-como-aspirante-a-una-candidatura\/#primaryimage","url":"https:\/\/elinformativotam.com\/wp-content\/uploads\/2024\/01\/Baja-Hospital.jpg","contentUrl":"https:\/\/elinformativotam.com\/wp-content\/uploads\/2024\/01\/Baja-Hospital.jpg","width":1280,"height":960},{"@type":"WebSite","@id":"https:\/\/elinformativotam.com\/#website","url":"https:\/\/elinformativotam.com\/","name":"EL INFORMATIVO DE TAMAULIPAS","description":"Desde la Zona Metropolitana Para Todo M\u00e9xico","publisher":{"@id":"https:\/\/elinformativotam.com\/#organization"},"potentialAction":[{"@type":"SearchAction","target":{"@type":"EntryPoint","urlTemplate":"https:\/\/elinformativotam.com\/?s={search_term_string}"},"query-input":{"@type":"PropertyValueSpecification","valueRequired":true,"valueName":"search_term_string"}}],"inLanguage":"es"},{"@type":"Organization","@id":"https:\/\/elinformativotam.com\/#organization","name":"EL INFORMATIVO DE TAMAULIPAS","url":"https:\/\/elinformativotam.com\/","logo":{"@type":"ImageObject","inLanguage":"es","@id":"https:\/\/elinformativotam.com\/#\/schema\/logo\/image\/","url":"https:\/\/elinformativotam.com\/wp-content\/uploads\/2026\/02\/Cabezal.png","contentUrl":"https:\/\/elinformativotam.com\/wp-content\/uploads\/2026\/02\/Cabezal.png","width":960,"height":640,"caption":"EL INFORMATIVO DE TAMAULIPAS"},"image":{"@id":"https:\/\/elinformativotam.com\/#\/schema\/logo\/image\/"}},{"@type":"Person","@id":"https:\/\/elinformativotam.com\/#\/schema\/person\/78e08040eed0f6110f0c5f83b6153590","name":"El Informativo Tam","image":{"@type":"ImageObject","inLanguage":"es","@id":"https:\/\/secure.gravatar.com\/avatar\/f3b7ad3af540688955925ac610647be00b0cf41feea9c4978b73a707ee86bc53?s=96&d=mm&r=g","url":"https:\/\/secure.gravatar.com\/avatar\/f3b7ad3af540688955925ac610647be00b0cf41feea9c4978b73a707ee86bc53?s=96&d=mm&r=g","contentUrl":"https:\/\/secure.gravatar.com\/avatar\/f3b7ad3af540688955925ac610647be00b0cf41feea9c4978b73a707ee86bc53?s=96&d=mm&r=g","caption":"El Informativo Tam"}}]}},"_links":{"self":[{"href":"https:\/\/elinformativotam.com\/index.php\/wp-json\/wp\/v2\/posts\/48634","targetHints":{"allow":["GET"]}}],"collection":[{"href":"https:\/\/elinformativotam.com\/index.php\/wp-json\/wp\/v2\/posts"}],"about":[{"href":"https:\/\/elinformativotam.com\/index.php\/wp-json\/wp\/v2\/types\/post"}],"author":[{"embeddable":true,"href":"https:\/\/elinformativotam.com\/index.php\/wp-json\/wp\/v2\/users\/1"}],"replies":[{"embeddable":true,"href":"https:\/\/elinformativotam.com\/index.php\/wp-json\/wp\/v2\/comments?post=48634"}],"version-history":[{"count":1,"href":"https:\/\/elinformativotam.com\/index.php\/wp-json\/wp\/v2\/posts\/48634\/revisions"}],"predecessor-version":[{"id":48638,"href":"https:\/\/elinformativotam.com\/index.php\/wp-json\/wp\/v2\/posts\/48634\/revisions\/48638"}],"wp:featuredmedia":[{"embeddable":true,"href":"https:\/\/elinformativotam.com\/index.php\/wp-json\/wp\/v2\/media\/48637"}],"wp:attachment":[{"href":"https:\/\/elinformativotam.com\/index.php\/wp-json\/wp\/v2\/media?parent=48634"}],"wp:term":[{"taxonomy":"category","embeddable":true,"href":"https:\/\/elinformativotam.com\/index.php\/wp-json\/wp\/v2\/categories?post=48634"},{"taxonomy":"post_tag","embeddable":true,"href":"https:\/\/elinformativotam.com\/index.php\/wp-json\/wp\/v2\/tags?post=48634"}],"curies":[{"name":"wp","href":"https:\/\/api.w.org\/{rel}","templated":true}]}}