{"id":48628,"date":"2024-01-25T09:21:53","date_gmt":"2024-01-25T15:21:53","guid":{"rendered":"https:\/\/elinformativotam.com\/?p=48628"},"modified":"2024-01-25T09:21:53","modified_gmt":"2024-01-25T15:21:53","slug":"geno-es-mas-priista-que-de-otros-partidos-politicos","status":"publish","type":"post","link":"https:\/\/elinformativotam.com\/index.php\/2024\/01\/25\/geno-es-mas-priista-que-de-otros-partidos-politicos\/","title":{"rendered":"GE\u00d1O ES M\u00c1S PRI\u00cdSTA QUE DE OTROS PARTIDOS POL\u00cdTICOS"},"content":{"rendered":"<h2 style=\"text-align: center;\"><em><span style=\"font-family: times new roman, times;\">*Muchos Militantes Ven Al Ex Mandatario A\u00fan En El PRI<\/span><\/em><\/h2>\n<p>&nbsp;<\/p>\n<p>&nbsp;<\/p>\n<p>El Presidente del CDM del PRI, Arturo N\u00fa\u00f1ez Ru\u00edz, se\u00f1al\u00f3 que muchos militantes del tricolor tienen en mente al ex Gobernador Eugenio Hern\u00e1ndez Flores como un\u00a0 pri\u00edsta que hizo mucho por la entidad, y otros m\u00e1s no lo visualizan que pueda ser candidato en la contienda electoral abanderando otras siglas partidistas.<\/p>\n<p>&nbsp;<\/p>\n<p>Al emitir su opini\u00f3n en torno al fuerte rumor, que podr\u00eda ser oficial en los primeros d\u00edas de Febrero, de que el ex mandatario Tamaulipeco podr\u00eda ser candidato a la Senadur\u00eda por el Partido Verde, en f\u00f3rmula con la ex alcaldesa de Reynosa, Maki Ortiz, el representante del PRI en esta ciudad dijo a manera particular que no observa a Hern\u00e1ndez haciendo campa\u00f1a en las calles con los partidos de &#8220;izquierda&#8221;.<\/p>\n<p>&nbsp;<\/p>\n<p>Revel\u00f3, que Hern\u00e1ndez Flores sin duda hubiera sido un excelente abanderado bajo las siglas del partido pol\u00edtico que lo llev\u00f3 a ganar la Gubernatura en el 2005.<\/p>\n<p>&nbsp;<\/p>\n<p>&#8220;Finalmente es v\u00e1lido que el ex Gobernador aspire a un cargo p\u00fablico, todos los que andamos en pol\u00edtica aspiramos de alguna manera a participar en un elecci\u00f3n&#8221;.<\/p>\n<p>&nbsp;<\/p>\n<p>N\u00fa\u00f1ez, record\u00f3 que ex gobernadores como Manuel Cavazos Lerma ya fue senador por el PRI del 2012 al 2018; y antes dos veces diputado federal.<\/p>\n<p>&nbsp;<\/p>\n<p>&#8220;Finalmente hemos tenido ex Gobernadores participando en pol\u00edtica de nueva cuenta&#8221;, destac\u00f3<\/p>\n<p>&nbsp;<\/p>\n<p>El representante del pri\u00edsmo en la ciudad apunt\u00f3 que ser\u00e1 respetuoso del camino que tomen ex pri\u00edstas en la pr\u00f3xima elecci\u00f3n concurrente.<\/p>\n<p>&nbsp;<\/p>\n<p>&#8220;C\u00f3mo que all\u00e1(posible candidato a senador por el PVEM) no lo veo, como que Eugenio no es de los que chaquetea, aunque repito para m\u00ed es un tema respetable, s\u00ed al final se decide&#8221;, recalc\u00f3<\/p>\n","protected":false},"excerpt":{"rendered":"<p>*Muchos Militantes Ven Al Ex Mandatario A\u00fan En El PRI &nbsp; &nbsp; El Presidente del CDM del PRI, Arturo N\u00fa\u00f1ez&hellip;<\/p>\n","protected":false},"author":1,"featured_media":48629,"comment_status":"open","ping_status":"open","sticky":false,"template":"","format":"standard","meta":{"footnotes":""},"categories":[3],"tags":[],"class_list":["post-48628","post","type-post","status-publish","format-standard","has-post-thumbnail","hentry","category-tampico"],"yoast_head":"<!-- This site is optimized with the Yoast SEO plugin v27.5 - https:\/\/yoast.com\/product\/yoast-seo-wordpress\/ -->\n<title>GE\u00d1O ES M\u00c1S PRI\u00cdSTA QUE DE OTROS PARTIDOS POL\u00cdTICOS - EL INFORMATIVO DE TAMAULIPAS<\/title>\n<meta name=\"description\" content=\"*Muchos Militantes Ven Al Ex Mandatario A\u00fan En El PRI &nbsp; &nbsp; El Presidente del CDM del PRI, Arturo N\u00fa\u00f1ez Ru\u00edz, se\u00f1al\u00f3 que muchos militantes del\" \/>\n<meta name=\"robots\" content=\"index, follow, max-snippet:-1, max-image-preview:large, max-video-preview:-1\" \/>\n<link rel=\"canonical\" href=\"https:\/\/elinformativotam.com\/index.php\/2024\/01\/25\/geno-es-mas-priista-que-de-otros-partidos-politicos\/\" \/>\n<meta property=\"og:locale\" content=\"es_MX\" \/>\n<meta property=\"og:type\" content=\"article\" \/>\n<meta property=\"og:title\" content=\"GE\u00d1O ES M\u00c1S PRI\u00cdSTA QUE DE OTROS PARTIDOS POL\u00cdTICOS - EL INFORMATIVO DE TAMAULIPAS\" \/>\n<meta property=\"og:description\" content=\"*Muchos Militantes Ven Al Ex Mandatario A\u00fan En El PRI &nbsp; &nbsp; El Presidente del CDM del PRI, Arturo N\u00fa\u00f1ez Ru\u00edz, se\u00f1al\u00f3 que muchos militantes del\" \/>\n<meta property=\"og:url\" content=\"https:\/\/elinformativotam.com\/index.php\/2024\/01\/25\/geno-es-mas-priista-que-de-otros-partidos-politicos\/\" \/>\n<meta property=\"og:site_name\" content=\"EL INFORMATIVO DE TAMAULIPAS\" \/>\n<meta property=\"article:published_time\" content=\"2024-01-25T15:21:53+00:00\" \/>\n<meta property=\"og:image\" content=\"https:\/\/elinformativotam.com\/wp-content\/uploads\/2024\/01\/Geno.jpg\" \/>\n\t<meta property=\"og:image:width\" content=\"309\" \/>\n\t<meta property=\"og:image:height\" content=\"163\" \/>\n\t<meta property=\"og:image:type\" content=\"image\/jpeg\" \/>\n<meta name=\"author\" content=\"El Informativo Tam\" \/>\n<meta name=\"twitter:card\" content=\"summary_large_image\" \/>\n<meta name=\"twitter:label1\" content=\"Escrito por\" \/>\n\t<meta name=\"twitter:data1\" content=\"El Informativo Tam\" \/>\n\t<meta name=\"twitter:label2\" content=\"Tiempo de lectura\" \/>\n\t<meta name=\"twitter:data2\" content=\"2 minutos\" \/>\n<script type=\"application\/ld+json\" class=\"yoast-schema-graph\">{\"@context\":\"https:\\\/\\\/schema.org\",\"@graph\":[{\"@type\":\"Article\",\"@id\":\"https:\\\/\\\/elinformativotam.com\\\/index.php\\\/2024\\\/01\\\/25\\\/geno-es-mas-priista-que-de-otros-partidos-politicos\\\/#article\",\"isPartOf\":{\"@id\":\"https:\\\/\\\/elinformativotam.com\\\/index.php\\\/2024\\\/01\\\/25\\\/geno-es-mas-priista-que-de-otros-partidos-politicos\\\/\"},\"author\":{\"name\":\"El Informativo Tam\",\"@id\":\"https:\\\/\\\/elinformativotam.com\\\/#\\\/schema\\\/person\\\/78e08040eed0f6110f0c5f83b6153590\"},\"headline\":\"GE\u00d1O ES M\u00c1S PRI\u00cdSTA QUE DE OTROS PARTIDOS POL\u00cdTICOS\",\"datePublished\":\"2024-01-25T15:21:53+00:00\",\"mainEntityOfPage\":{\"@id\":\"https:\\\/\\\/elinformativotam.com\\\/index.php\\\/2024\\\/01\\\/25\\\/geno-es-mas-priista-que-de-otros-partidos-politicos\\\/\"},\"wordCount\":328,\"commentCount\":0,\"publisher\":{\"@id\":\"https:\\\/\\\/elinformativotam.com\\\/#organization\"},\"image\":{\"@id\":\"https:\\\/\\\/elinformativotam.com\\\/index.php\\\/2024\\\/01\\\/25\\\/geno-es-mas-priista-que-de-otros-partidos-politicos\\\/#primaryimage\"},\"thumbnailUrl\":\"https:\\\/\\\/elinformativotam.com\\\/wp-content\\\/uploads\\\/2024\\\/01\\\/Geno.jpg\",\"articleSection\":[\"Tampico\"],\"inLanguage\":\"es\",\"potentialAction\":[{\"@type\":\"CommentAction\",\"name\":\"Comment\",\"target\":[\"https:\\\/\\\/elinformativotam.com\\\/index.php\\\/2024\\\/01\\\/25\\\/geno-es-mas-priista-que-de-otros-partidos-politicos\\\/#respond\"]}]},{\"@type\":\"WebPage\",\"@id\":\"https:\\\/\\\/elinformativotam.com\\\/index.php\\\/2024\\\/01\\\/25\\\/geno-es-mas-priista-que-de-otros-partidos-politicos\\\/\",\"url\":\"https:\\\/\\\/elinformativotam.com\\\/index.php\\\/2024\\\/01\\\/25\\\/geno-es-mas-priista-que-de-otros-partidos-politicos\\\/\",\"name\":\"GE\u00d1O ES M\u00c1S PRI\u00cdSTA QUE DE OTROS PARTIDOS POL\u00cdTICOS - EL INFORMATIVO DE TAMAULIPAS\",\"isPartOf\":{\"@id\":\"https:\\\/\\\/elinformativotam.com\\\/#website\"},\"primaryImageOfPage\":{\"@id\":\"https:\\\/\\\/elinformativotam.com\\\/index.php\\\/2024\\\/01\\\/25\\\/geno-es-mas-priista-que-de-otros-partidos-politicos\\\/#primaryimage\"},\"image\":{\"@id\":\"https:\\\/\\\/elinformativotam.com\\\/index.php\\\/2024\\\/01\\\/25\\\/geno-es-mas-priista-que-de-otros-partidos-politicos\\\/#primaryimage\"},\"thumbnailUrl\":\"https:\\\/\\\/elinformativotam.com\\\/wp-content\\\/uploads\\\/2024\\\/01\\\/Geno.jpg\",\"datePublished\":\"2024-01-25T15:21:53+00:00\",\"description\":\"*Muchos Militantes Ven Al Ex Mandatario A\u00fan En El PRI &nbsp; &nbsp; El Presidente del CDM del PRI, Arturo N\u00fa\u00f1ez Ru\u00edz, se\u00f1al\u00f3 que muchos militantes del\",\"inLanguage\":\"es\",\"potentialAction\":[{\"@type\":\"ReadAction\",\"target\":[\"https:\\\/\\\/elinformativotam.com\\\/index.php\\\/2024\\\/01\\\/25\\\/geno-es-mas-priista-que-de-otros-partidos-politicos\\\/\"]}]},{\"@type\":\"ImageObject\",\"inLanguage\":\"es\",\"@id\":\"https:\\\/\\\/elinformativotam.com\\\/index.php\\\/2024\\\/01\\\/25\\\/geno-es-mas-priista-que-de-otros-partidos-politicos\\\/#primaryimage\",\"url\":\"https:\\\/\\\/elinformativotam.com\\\/wp-content\\\/uploads\\\/2024\\\/01\\\/Geno.jpg\",\"contentUrl\":\"https:\\\/\\\/elinformativotam.com\\\/wp-content\\\/uploads\\\/2024\\\/01\\\/Geno.jpg\",\"width\":309,\"height\":163},{\"@type\":\"WebSite\",\"@id\":\"https:\\\/\\\/elinformativotam.com\\\/#website\",\"url\":\"https:\\\/\\\/elinformativotam.com\\\/\",\"name\":\"EL INFORMATIVO DE TAMAULIPAS\",\"description\":\"Desde la Zona Metropolitana Para Todo M\u00e9xico\",\"publisher\":{\"@id\":\"https:\\\/\\\/elinformativotam.com\\\/#organization\"},\"potentialAction\":[{\"@type\":\"SearchAction\",\"target\":{\"@type\":\"EntryPoint\",\"urlTemplate\":\"https:\\\/\\\/elinformativotam.com\\\/?s={search_term_string}\"},\"query-input\":{\"@type\":\"PropertyValueSpecification\",\"valueRequired\":true,\"valueName\":\"search_term_string\"}}],\"inLanguage\":\"es\"},{\"@type\":\"Organization\",\"@id\":\"https:\\\/\\\/elinformativotam.com\\\/#organization\",\"name\":\"EL INFORMATIVO DE TAMAULIPAS\",\"url\":\"https:\\\/\\\/elinformativotam.com\\\/\",\"logo\":{\"@type\":\"ImageObject\",\"inLanguage\":\"es\",\"@id\":\"https:\\\/\\\/elinformativotam.com\\\/#\\\/schema\\\/logo\\\/image\\\/\",\"url\":\"https:\\\/\\\/elinformativotam.com\\\/wp-content\\\/uploads\\\/2026\\\/02\\\/Cabezal.png\",\"contentUrl\":\"https:\\\/\\\/elinformativotam.com\\\/wp-content\\\/uploads\\\/2026\\\/02\\\/Cabezal.png\",\"width\":960,\"height\":640,\"caption\":\"EL INFORMATIVO DE TAMAULIPAS\"},\"image\":{\"@id\":\"https:\\\/\\\/elinformativotam.com\\\/#\\\/schema\\\/logo\\\/image\\\/\"}},{\"@type\":\"Person\",\"@id\":\"https:\\\/\\\/elinformativotam.com\\\/#\\\/schema\\\/person\\\/78e08040eed0f6110f0c5f83b6153590\",\"name\":\"El Informativo Tam\",\"image\":{\"@type\":\"ImageObject\",\"inLanguage\":\"es\",\"@id\":\"https:\\\/\\\/secure.gravatar.com\\\/avatar\\\/f3b7ad3af540688955925ac610647be00b0cf41feea9c4978b73a707ee86bc53?s=96&d=mm&r=g\",\"url\":\"https:\\\/\\\/secure.gravatar.com\\\/avatar\\\/f3b7ad3af540688955925ac610647be00b0cf41feea9c4978b73a707ee86bc53?s=96&d=mm&r=g\",\"contentUrl\":\"https:\\\/\\\/secure.gravatar.com\\\/avatar\\\/f3b7ad3af540688955925ac610647be00b0cf41feea9c4978b73a707ee86bc53?s=96&d=mm&r=g\",\"caption\":\"El Informativo Tam\"}}]}<\/script>\n<!-- \/ Yoast SEO plugin. -->","yoast_head_json":{"title":"GE\u00d1O ES M\u00c1S PRI\u00cdSTA QUE DE OTROS PARTIDOS POL\u00cdTICOS - EL INFORMATIVO DE TAMAULIPAS","description":"*Muchos Militantes Ven Al Ex Mandatario A\u00fan En El PRI &nbsp; &nbsp; El Presidente del CDM del PRI, Arturo N\u00fa\u00f1ez Ru\u00edz, se\u00f1al\u00f3 que muchos militantes del","robots":{"index":"index","follow":"follow","max-snippet":"max-snippet:-1","max-image-preview":"max-image-preview:large","max-video-preview":"max-video-preview:-1"},"canonical":"https:\/\/elinformativotam.com\/index.php\/2024\/01\/25\/geno-es-mas-priista-que-de-otros-partidos-politicos\/","og_locale":"es_MX","og_type":"article","og_title":"GE\u00d1O ES M\u00c1S PRI\u00cdSTA QUE DE OTROS PARTIDOS POL\u00cdTICOS - EL INFORMATIVO DE TAMAULIPAS","og_description":"*Muchos Militantes Ven Al Ex Mandatario A\u00fan En El PRI &nbsp; &nbsp; El Presidente del CDM del PRI, Arturo N\u00fa\u00f1ez Ru\u00edz, se\u00f1al\u00f3 que muchos militantes del","og_url":"https:\/\/elinformativotam.com\/index.php\/2024\/01\/25\/geno-es-mas-priista-que-de-otros-partidos-politicos\/","og_site_name":"EL INFORMATIVO DE TAMAULIPAS","article_published_time":"2024-01-25T15:21:53+00:00","og_image":[{"width":309,"height":163,"url":"https:\/\/elinformativotam.com\/wp-content\/uploads\/2024\/01\/Geno.jpg","type":"image\/jpeg"}],"author":"El Informativo Tam","twitter_card":"summary_large_image","twitter_misc":{"Escrito por":"El Informativo Tam","Tiempo de lectura":"2 minutos"},"schema":{"@context":"https:\/\/schema.org","@graph":[{"@type":"Article","@id":"https:\/\/elinformativotam.com\/index.php\/2024\/01\/25\/geno-es-mas-priista-que-de-otros-partidos-politicos\/#article","isPartOf":{"@id":"https:\/\/elinformativotam.com\/index.php\/2024\/01\/25\/geno-es-mas-priista-que-de-otros-partidos-politicos\/"},"author":{"name":"El Informativo Tam","@id":"https:\/\/elinformativotam.com\/#\/schema\/person\/78e08040eed0f6110f0c5f83b6153590"},"headline":"GE\u00d1O ES M\u00c1S PRI\u00cdSTA QUE DE OTROS PARTIDOS POL\u00cdTICOS","datePublished":"2024-01-25T15:21:53+00:00","mainEntityOfPage":{"@id":"https:\/\/elinformativotam.com\/index.php\/2024\/01\/25\/geno-es-mas-priista-que-de-otros-partidos-politicos\/"},"wordCount":328,"commentCount":0,"publisher":{"@id":"https:\/\/elinformativotam.com\/#organization"},"image":{"@id":"https:\/\/elinformativotam.com\/index.php\/2024\/01\/25\/geno-es-mas-priista-que-de-otros-partidos-politicos\/#primaryimage"},"thumbnailUrl":"https:\/\/elinformativotam.com\/wp-content\/uploads\/2024\/01\/Geno.jpg","articleSection":["Tampico"],"inLanguage":"es","potentialAction":[{"@type":"CommentAction","name":"Comment","target":["https:\/\/elinformativotam.com\/index.php\/2024\/01\/25\/geno-es-mas-priista-que-de-otros-partidos-politicos\/#respond"]}]},{"@type":"WebPage","@id":"https:\/\/elinformativotam.com\/index.php\/2024\/01\/25\/geno-es-mas-priista-que-de-otros-partidos-politicos\/","url":"https:\/\/elinformativotam.com\/index.php\/2024\/01\/25\/geno-es-mas-priista-que-de-otros-partidos-politicos\/","name":"GE\u00d1O ES M\u00c1S PRI\u00cdSTA QUE DE OTROS PARTIDOS POL\u00cdTICOS - EL INFORMATIVO DE TAMAULIPAS","isPartOf":{"@id":"https:\/\/elinformativotam.com\/#website"},"primaryImageOfPage":{"@id":"https:\/\/elinformativotam.com\/index.php\/2024\/01\/25\/geno-es-mas-priista-que-de-otros-partidos-politicos\/#primaryimage"},"image":{"@id":"https:\/\/elinformativotam.com\/index.php\/2024\/01\/25\/geno-es-mas-priista-que-de-otros-partidos-politicos\/#primaryimage"},"thumbnailUrl":"https:\/\/elinformativotam.com\/wp-content\/uploads\/2024\/01\/Geno.jpg","datePublished":"2024-01-25T15:21:53+00:00","description":"*Muchos Militantes Ven Al Ex Mandatario A\u00fan En El PRI &nbsp; &nbsp; El Presidente del CDM del PRI, Arturo N\u00fa\u00f1ez Ru\u00edz, se\u00f1al\u00f3 que muchos militantes del","inLanguage":"es","potentialAction":[{"@type":"ReadAction","target":["https:\/\/elinformativotam.com\/index.php\/2024\/01\/25\/geno-es-mas-priista-que-de-otros-partidos-politicos\/"]}]},{"@type":"ImageObject","inLanguage":"es","@id":"https:\/\/elinformativotam.com\/index.php\/2024\/01\/25\/geno-es-mas-priista-que-de-otros-partidos-politicos\/#primaryimage","url":"https:\/\/elinformativotam.com\/wp-content\/uploads\/2024\/01\/Geno.jpg","contentUrl":"https:\/\/elinformativotam.com\/wp-content\/uploads\/2024\/01\/Geno.jpg","width":309,"height":163},{"@type":"WebSite","@id":"https:\/\/elinformativotam.com\/#website","url":"https:\/\/elinformativotam.com\/","name":"EL INFORMATIVO DE TAMAULIPAS","description":"Desde la Zona Metropolitana Para Todo M\u00e9xico","publisher":{"@id":"https:\/\/elinformativotam.com\/#organization"},"potentialAction":[{"@type":"SearchAction","target":{"@type":"EntryPoint","urlTemplate":"https:\/\/elinformativotam.com\/?s={search_term_string}"},"query-input":{"@type":"PropertyValueSpecification","valueRequired":true,"valueName":"search_term_string"}}],"inLanguage":"es"},{"@type":"Organization","@id":"https:\/\/elinformativotam.com\/#organization","name":"EL INFORMATIVO DE TAMAULIPAS","url":"https:\/\/elinformativotam.com\/","logo":{"@type":"ImageObject","inLanguage":"es","@id":"https:\/\/elinformativotam.com\/#\/schema\/logo\/image\/","url":"https:\/\/elinformativotam.com\/wp-content\/uploads\/2026\/02\/Cabezal.png","contentUrl":"https:\/\/elinformativotam.com\/wp-content\/uploads\/2026\/02\/Cabezal.png","width":960,"height":640,"caption":"EL INFORMATIVO DE TAMAULIPAS"},"image":{"@id":"https:\/\/elinformativotam.com\/#\/schema\/logo\/image\/"}},{"@type":"Person","@id":"https:\/\/elinformativotam.com\/#\/schema\/person\/78e08040eed0f6110f0c5f83b6153590","name":"El Informativo Tam","image":{"@type":"ImageObject","inLanguage":"es","@id":"https:\/\/secure.gravatar.com\/avatar\/f3b7ad3af540688955925ac610647be00b0cf41feea9c4978b73a707ee86bc53?s=96&d=mm&r=g","url":"https:\/\/secure.gravatar.com\/avatar\/f3b7ad3af540688955925ac610647be00b0cf41feea9c4978b73a707ee86bc53?s=96&d=mm&r=g","contentUrl":"https:\/\/secure.gravatar.com\/avatar\/f3b7ad3af540688955925ac610647be00b0cf41feea9c4978b73a707ee86bc53?s=96&d=mm&r=g","caption":"El Informativo Tam"}}]}},"_links":{"self":[{"href":"https:\/\/elinformativotam.com\/index.php\/wp-json\/wp\/v2\/posts\/48628","targetHints":{"allow":["GET"]}}],"collection":[{"href":"https:\/\/elinformativotam.com\/index.php\/wp-json\/wp\/v2\/posts"}],"about":[{"href":"https:\/\/elinformativotam.com\/index.php\/wp-json\/wp\/v2\/types\/post"}],"author":[{"embeddable":true,"href":"https:\/\/elinformativotam.com\/index.php\/wp-json\/wp\/v2\/users\/1"}],"replies":[{"embeddable":true,"href":"https:\/\/elinformativotam.com\/index.php\/wp-json\/wp\/v2\/comments?post=48628"}],"version-history":[{"count":1,"href":"https:\/\/elinformativotam.com\/index.php\/wp-json\/wp\/v2\/posts\/48628\/revisions"}],"predecessor-version":[{"id":48630,"href":"https:\/\/elinformativotam.com\/index.php\/wp-json\/wp\/v2\/posts\/48628\/revisions\/48630"}],"wp:featuredmedia":[{"embeddable":true,"href":"https:\/\/elinformativotam.com\/index.php\/wp-json\/wp\/v2\/media\/48629"}],"wp:attachment":[{"href":"https:\/\/elinformativotam.com\/index.php\/wp-json\/wp\/v2\/media?parent=48628"}],"wp:term":[{"taxonomy":"category","embeddable":true,"href":"https:\/\/elinformativotam.com\/index.php\/wp-json\/wp\/v2\/categories?post=48628"},{"taxonomy":"post_tag","embeddable":true,"href":"https:\/\/elinformativotam.com\/index.php\/wp-json\/wp\/v2\/tags?post=48628"}],"curies":[{"name":"wp","href":"https:\/\/api.w.org\/{rel}","templated":true}]}}